{"id":66339,"date":"2023-02-22T12:56:05","date_gmt":"2023-02-22T18:56:05","guid":{"rendered":"https:\/\/www.grieta.org.mx\/?p=66339"},"modified":"2023-02-22T12:56:05","modified_gmt":"2023-02-22T18:56:05","slug":"siento-mucha-rabia-e-impotenciai-si-fuera-por-ellos-ya-darian-carpetazo-denuncian-omisiones-de-fiscalia-a-3-anos-de-desaparicion-de-jorge-kiau-en-la-discoteca-emporio-de-cancun-quintana-roo","status":"publish","type":"post","link":"https:\/\/www.grieta.org.mx\/index.php\/2023\/02\/22\/siento-mucha-rabia-e-impotenciai-si-fuera-por-ellos-ya-darian-carpetazo-denuncian-omisiones-de-fiscalia-a-3-anos-de-desaparicion-de-jorge-kiau-en-la-discoteca-emporio-de-cancun-quintana-roo\/","title":{"rendered":"&#8220;Siento mucha rabia e impotenciaI&#8230; si fuera por ellos, ya dar\u00edan carpetazo&#8221;: Denuncian omisiones de Fiscal\u00eda, a 3 a\u00f1os de desaparici\u00f3n de Jorge Kiau en la discoteca Emporio de Canc\u00fan (Quintana Roo)"},"content":{"rendered":"<p>Noticaribe<\/p>\n<p>CANC\u00daN, MX.- Hace tres a\u00f1os, sujetos armados sacaron a la fuerza al joven Jorge Armando Kiau Rodr\u00edguez de la discoteca Emporio, ubicada en la plaza Infinity, sin que hasta la fecha se sepa de \u00e9l. La Fiscal\u00eda General del Estado cate\u00f3 dos domicilio en Bonfil, donde se presume que fue llevado, pero no efectu\u00f3 labores de b\u00fasqueda, ni siquiera analizaron una mancha de sangre hallada en uno de estos lugares.<\/p>\n<p>Lo anterior fue denunciado por la madre de este joven, Luisa Rodr\u00edguez Canto, quien hoy encabez\u00f3 una manifestaci\u00f3n afuera de la Fiscal\u00eda General del Estado, acompa\u00f1ada de otras madres de personas desaparecidas, quienes revelaron que han abandonado las mesas de trabajo formadas por el Gobierno del Estado para atender sus casos, por ser una \u201cp\u00e9rdida de tiempo\u201d.<\/p>\n<p>Sumado a ello, tambi\u00e9n se separar\u00e1n de la agrupaci\u00f3n \u201cVerdad, Memoria y Justicia\u201d, para iniciar una propia.<\/p>\n<p>Fue hace dos a\u00f1os que la Fiscal\u00eda General del Estado hall\u00f3 una mancha de sangre en uno de los domicilios que cate\u00f3 en Bonfil, pero incre\u00edblemente todav\u00eda no tienen los an\u00e1lisis qu\u00edmicos de la misma, pues por mucho tiempo no la hab\u00edan solicitado, pero luego, por obligaci\u00f3n de la v\u00edctima, la enviaron a laboratorio, en donde ha permanecido en espera.<\/p>\n<p>De los dos cateos realizados en Bonfil, en domicilios que se sospecha fue donde este joven fue llevado, uno es en una propiedad de grandes dimensiones, con caballerizas y \u00e1reas de vegetaci\u00f3n, en donde pudiera existir una fosa. Pese a ello, la Fiscal\u00eda no efectu\u00f3 ninguna b\u00fasqueda del terreno, y ahora se ignora si estas propiedades siguen aseguradas.<\/p>\n<p>No es el \u00fanico caso. En el caso de la menor Fernanda Cayetana, fueron hallados fluidos biol\u00f3gicos y posible sangre en el domicilio del ya detenido \u201ctaquero\u201d, quien se cree que se llev\u00f3 a la menor. Aunque fueron recolectados hace casi seis meses, hasta ahora tampoco hay estudios de estas muestras.<\/p>\n<p>Daisy Blanco, madre de Fernanda Cayetano, sufre la impotencia de saber que quien presuntamente se llev\u00f3 a su hija est\u00e1 detenido, pero supuestamente no quiere hablar, por lo que todav\u00eda ignora su paradero. De acuerdo a ella, este hombre ya habl\u00f3, pero la Fiscal\u00eda no quiere decirle a ella lo que dijo.<\/p>\n<p>Tambi\u00e9n presente en esta manifestaci\u00f3n estaba Mar\u00eda Dolores Patr\u00f3n Pat, madre de Francisca Mariner Flores Patr\u00f3n, desaparecida desde hace dos a\u00f1os y siete meses, quien lamenta que pese a que ellos investigaron y lograron obtener los elementos para detener a su presunto victimario, quien est\u00e1 vinculado a proceso, la Fiscal\u00eda no avanza en las investigaciones y corren el riesgo de que no puedan lograr su condena.<\/p>\n<p>En su caso, pesa la grav\u00edsima omisi\u00f3n de la Fiscal\u00eda General del Estado, quien no solicit\u00f3 los datos del celular de la v\u00edctima, ni de su presunto victimario, durante dos a\u00f1os que duraron en la empresa de telefon\u00eda. Hoy ya desaparecieron y cualquier posible indico que pudieron brindar se perdi\u00f3 para siempre.<\/p>\n<p>Fabiola Cort\u00e9s Miranda, abogada de estas mujeres, coment\u00f3 que le solicitar\u00e1n al juez que obligue a la Fiscal\u00eda a que efect\u00fae los actos de investigaci\u00f3n que les han pedido y que no ha querido hacer.<\/p>\n<p>Luisa Rodr\u00edguez Canto, madre de Jorge Kiau asegur\u00f3 que las mesas de trabajo creadas luego de sus anteriores manifestaciones, por la falta de resultados, solo han servido para que los funcionarios puedan \u201czafarse\u201d, ya que en cada reuni\u00f3n solo dicen que est\u00e1n trabajando, sin que vean resultados reales.<\/p>\n<p>\u201cSiento mucha rabia e impotencia. La gobernadora se comprometi\u00f3 a revisar nuestros casos m\u00e1s de cerca, pero hasta ahora nada\u201d, afirm\u00f3.<\/p>\n<p>A su parecer, en este caso hay ministeriales involucrados y la Fiscal\u00eda en lugar de investigar, los ha protegido.<\/p>\n<p>\u201cSi fuera por ellos, ya dar\u00edan carpetazo, pero no pueden, porque estamos detr\u00e1s de ellos\u201d, asegur\u00f3.<\/p>\n<p>Daisy Blanco, madre de Fernanda Cayetano, se\u00f1al\u00f3 que ya lleva siete meses sin su hija, y aunque desde el a\u00f1o pasado la Fiscal\u00eda asegur\u00f3 que traer\u00edan a declarar a la pareja del \u201ctaquero\u201d, no lo han hecho y todo indica que no lo har\u00e1n.<\/p>\n<p>\u201cYo he dado con su paradero y personalmente ir\u00e9 por ella, sin las autoridades, porque ya vi que no hacen ni har\u00e1n nada\u201d, amenaz\u00f3 esta mujer.<\/p>\n<p>La madre de Francisca Mariner afirm\u00f3 que la Fiscal\u00eda est\u00e1 \u201cde brazos cruzados\u201d pues no han hecho las diligencias de protocolo, ni siquiera cuando ellas les trajeron al presunto responsable.<\/p>\n<p>\u201cCuando denunci\u00e9, me dijeron que mi hija se fue con otro hombre y que esperara tres meses\u201d, critic\u00f3. \u201cSus acciones de b\u00fasqueda son solo paseos en el monte. Las mesas son solo para hablar con otras madres buscadoras, pero no hay planes de trabajo. Es p\u00e9rdida de tiempo\u201d.<\/p>\n<p>\u00d3scar Montes de Oca, el fiscal general del Estado, ha dicho que han invertido millones en tecnolog\u00edas de b\u00fasqueda, pero jam\u00e1s las han visto, asegur\u00f3.<\/p>\n<p>La abogada Fabiola Cort\u00e9s coment\u00f3 que tambi\u00e9n llevan el caso de Antonio Padilla, joven desaparecido en 2017 en la discoteca Kiss. En este caso, las irregularidades son peores, porque no aseguraron ni catearon este local y tampoco revisaron las c\u00e1maras de video del sitio, que ya no existen. Entrevistaron a testigos y al personal de la discoteca, pero no usaron nada de lo que declararon para efectuar acciones de investigaci\u00f3n.<\/p>\n<p>Hay c\u00e1maras del C4 en las cercan\u00edas de esta discoteca, pero aunque consiguieron las grabaciones, a m\u00e1s de cinco a\u00f1os del hecho, todav\u00eda no las analizan. (Agencia SIM)<\/p>\n<p><a href=\"https:\/\/noticaribe.com.mx\/2023\/02\/22\/siento-mucha-rabia-e-impotencia-si-fuera-por-ellos-ya-darian-carpetazo-denuncian-omisiones-de-fiscalia-a-3-anos-de-desaparicion-de-jorge-kiau-en-la-discoteca-emporio-de-cancun\/\" rel=\"noopener\" target=\"_blank\">https:\/\/noticaribe.com.mx\/2023\/02\/22\/siento-mucha-rabia-e-impotencia-si-fuera-por-ellos-ya-darian-carpetazo-denuncian-omisiones-de-fiscalia-a-3-anos-de-desaparicion-de-jorge-kiau-en-la-discoteca-emporio-de-cancun\/<\/a><\/p>\n","protected":false},"excerpt":{"rendered":"<p>Noticaribe CANC\u00daN, MX.- Hace tres a\u00f1os, sujetos armados sacaron a la fuerza al joven Jorge Armando Kiau Rodr\u00edguez de la discoteca Emporio, ubicada en la plaza Infinity, sin que hasta &hellip; <a href=\"https:\/\/www.grieta.org.mx\/index.php\/2023\/02\/22\/siento-mucha-rabia-e-impotenciai-si-fuera-por-ellos-ya-darian-carpetazo-denuncian-omisiones-de-fiscalia-a-3-anos-de-desaparicion-de-jorge-kiau-en-la-discoteca-emporio-de-cancun-quintana-roo\/\" class=\"more-link\">Leer m\u00e1s<\/a><\/p>\n","protected":false},"author":2,"featured_media":66340,"comment_status":"closed","ping_status":"closed","sticky":false,"template":"","format":"standard","meta":{"ngg_post_thumbnail":0,"_jetpack_newsletter_access":"","_jetpack_dont_email_post_to_subs":false,"_jetpack_newsletter_tier_id":0,"_jetpack_memberships_contains_paywalled_content":false,"_jetpack_memberships_contains_paid_content":false,"footnotes":""},"categories":[80,87,2808,2,28,83],"tags":[1828,3018,4143,121,4142],"class_list":["post-66339","post","type-post","status-publish","format-standard","has-post-thumbnail","hentry","category-cintillo","category-desaparecidos","category-desaparecidos-en-quintana-roo","category-noticias-nacionales","category-quintana-roo","category-temas-nacionales","tag-busqueda-de-desaparecidos","tag-colectivos-de-busqueda-de-desaparecidos","tag-complicidad-autoridades","tag-desaparecidos","tag-negligencia-autoridades","entry"],"jetpack_featured_media_url":"https:\/\/www.grieta.org.mx\/wp-content\/uploads\/2023\/02\/RabiaEImpotencia-e1677091578606.jpg","jetpack_sharing_enabled":true,"jetpack_shortlink":"https:\/\/wp.me\/p7ZJR4-hfZ","jetpack_likes_enabled":false,"jetpack-related-posts":[{"id":69534,"url":"https:\/\/www.grieta.org.mx\/index.php\/2024\/08\/30\/marchan-por-desaparecidos-en-cancun-y-chetumal-quintana-roo\/","url_meta":{"origin":66339,"position":0},"title":"Marchan por desaparecidos en Canc\u00fan y Chetumal (Quintana Roo)","author":"grieta","date":"30 agosto, 2024","format":false,"excerpt":"Noticaribe CANC\u00daN, MX.- Madres y otros familiares de personas desaparecidos marcharon hoy en Canc\u00fan y en Chetumal para conmemorar el D\u00eda de la B\u00fasqueda de Personas. En Canc\u00fan, dos colectivos, el \u201d Verdad y Justicia\u201d, as\u00ed como las \u201cMadres Buscadoras\u201d marcharon por separado rumbo al Palacio Municipal. Integrantes de \u201cVerdad,\u2026","rel":"","context":"En &quot;CINTILLO&quot;","block_context":{"text":"CINTILLO","link":"https:\/\/www.grieta.org.mx\/index.php\/category\/cintillo\/"},"img":{"alt_text":"","src":"https:\/\/i0.wp.com\/www.grieta.org.mx\/wp-content\/uploads\/2024\/08\/Marchan-e1725139943721.jpg?resize=350%2C200&ssl=1","width":350,"height":200,"srcset":"https:\/\/i0.wp.com\/www.grieta.org.mx\/wp-content\/uploads\/2024\/08\/Marchan-e1725139943721.jpg?resize=350%2C200&ssl=1 1x, https:\/\/i0.wp.com\/www.grieta.org.mx\/wp-content\/uploads\/2024\/08\/Marchan-e1725139943721.jpg?resize=525%2C300&ssl=1 1.5x, https:\/\/i0.wp.com\/www.grieta.org.mx\/wp-content\/uploads\/2024\/08\/Marchan-e1725139943721.jpg?resize=700%2C400&ssl=1 2x"},"classes":[]},{"id":65576,"url":"https:\/\/www.grieta.org.mx\/index.php\/2022\/10\/20\/marchan-activistas-contra-nulos-resultados-de-la-fiscalia-en-casos-de-desaparecidos-quintana-roo\/","url_meta":{"origin":66339,"position":1},"title":"Marchan activistas contra nulos resultados de la Fiscal\u00eda en casos de desaparecidos (Quintana Roo)","author":"grieta","date":"20 octubre, 2022","format":false,"excerpt":"Juan Morales \/ Grupo Pir\u00e1mide Canc\u00fan, Quintana Roo.- Miembros del colectivo Verdad, Memoria y Justicia marcharon en Canc\u00fan contra los nulos resultados de la Fiscal\u00eda General del Estado (FGE) en los reportes de personas desaparecidas, los cuales aumentaron durante septiembre con dos casos m\u00e1s. Los manifestantes arrancaron su protesta desde\u2026","rel":"","context":"En &quot;CINTILLO&quot;","block_context":{"text":"CINTILLO","link":"https:\/\/www.grieta.org.mx\/index.php\/category\/cintillo\/"},"img":{"alt_text":"","src":"https:\/\/i0.wp.com\/www.grieta.org.mx\/wp-content\/uploads\/2022\/10\/DesaparecidosQroo-e1666432285627.jpg?resize=350%2C200&ssl=1","width":350,"height":200,"srcset":"https:\/\/i0.wp.com\/www.grieta.org.mx\/wp-content\/uploads\/2022\/10\/DesaparecidosQroo-e1666432285627.jpg?resize=350%2C200&ssl=1 1x, https:\/\/i0.wp.com\/www.grieta.org.mx\/wp-content\/uploads\/2022\/10\/DesaparecidosQroo-e1666432285627.jpg?resize=525%2C300&ssl=1 1.5x, https:\/\/i0.wp.com\/www.grieta.org.mx\/wp-content\/uploads\/2022\/10\/DesaparecidosQroo-e1666432285627.jpg?resize=700%2C400&ssl=1 2x"},"classes":[]},{"id":61401,"url":"https:\/\/www.grieta.org.mx\/index.php\/2021\/08\/26\/cancun-quintana-roo-de-paraiso-turistico-a-infierno-registra-27-desaparecidos-en-agosto\/","url_meta":{"origin":66339,"position":2},"title":"Canc\u00fan, Quintana Roo, de para\u00edso tur\u00edstico a infierno: Registra 27 desaparecidos en agosto","author":"grieta","date":"26 agosto, 2021","format":false,"excerpt":"Carlos Hern\u00e1ndez \/ PorEsto! Durante los primeros 25 d\u00edas de agosto, la Fiscal\u00eda General del Estado de Quintana Roo (FGE) report\u00f3 la desaparici\u00f3n de 55 personas; 21 fueron localizadas, del resto se desconoce su paradero. Los municipios con mayor incidencia durante este mes son: Benito Ju\u00e1rez (Canc\u00fan) (27), Solidaridad (12),\u2026","rel":"","context":"En &quot;CINTILLO&quot;","block_context":{"text":"CINTILLO","link":"https:\/\/www.grieta.org.mx\/index.php\/category\/cintillo\/"},"img":{"alt_text":"","src":"https:\/\/i0.wp.com\/www.grieta.org.mx\/wp-content\/uploads\/2021\/08\/CancunInfierno-e1630361530280.png?resize=350%2C200&ssl=1","width":350,"height":200,"srcset":"https:\/\/i0.wp.com\/www.grieta.org.mx\/wp-content\/uploads\/2021\/08\/CancunInfierno-e1630361530280.png?resize=350%2C200&ssl=1 1x, https:\/\/i0.wp.com\/www.grieta.org.mx\/wp-content\/uploads\/2021\/08\/CancunInfierno-e1630361530280.png?resize=525%2C300&ssl=1 1.5x, https:\/\/i0.wp.com\/www.grieta.org.mx\/wp-content\/uploads\/2021\/08\/CancunInfierno-e1630361530280.png?resize=700%2C400&ssl=1 2x"},"classes":[]},{"id":68905,"url":"https:\/\/www.grieta.org.mx\/index.php\/2024\/05\/10\/cancun-madres-buscadoras-bloquean-la-av-xcaret-para-reclamar-por-desaparecidos-quintana-roo\/","url_meta":{"origin":66339,"position":3},"title":"Canc\u00fan: Madres buscadoras bloquean la av. Xcaret para reclamar por desaparecidos (Quintana Roo)","author":"grieta","date":"10 mayo, 2024","format":false,"excerpt":"Eduardo del Valle \/ Novedades Quintana Roo Un bloqueo de un carril de la avenida Xcaret de Canc\u00fan se hizo ayer, por Madres Buscadoras de Quintana Roo como un reclamo m\u00e1s a las autoridades por la falta de resultados en la b\u00fasqueda de desaparecidos. El carril de la Xcaret, con\u2026","rel":"","context":"En &quot;CINTILLO&quot;","block_context":{"text":"CINTILLO","link":"https:\/\/www.grieta.org.mx\/index.php\/category\/cintillo\/"},"img":{"alt_text":"","src":"https:\/\/i0.wp.com\/www.grieta.org.mx\/wp-content\/uploads\/2024\/05\/Desaparecidos-e1715553297915.jpg?resize=350%2C200&ssl=1","width":350,"height":200,"srcset":"https:\/\/i0.wp.com\/www.grieta.org.mx\/wp-content\/uploads\/2024\/05\/Desaparecidos-e1715553297915.jpg?resize=350%2C200&ssl=1 1x, https:\/\/i0.wp.com\/www.grieta.org.mx\/wp-content\/uploads\/2024\/05\/Desaparecidos-e1715553297915.jpg?resize=525%2C300&ssl=1 1.5x, https:\/\/i0.wp.com\/www.grieta.org.mx\/wp-content\/uploads\/2024\/05\/Desaparecidos-e1715553297915.jpg?resize=700%2C400&ssl=1 2x"},"classes":[]},{"id":69769,"url":"https:\/\/www.grieta.org.mx\/index.php\/2024\/09\/18\/colectivos-de-busqueda-en-quintana-roo-denuncian-el-hallazgo-de-un-crematorio-clandestino-cerca-de-cancun\/","url_meta":{"origin":66339,"position":4},"title":"Colectivos de b\u00fasqueda en Quintana Roo denuncian el hallazgo de un crematorio clandestino cerca de Canc\u00fan","author":"grieta","date":"18 septiembre, 2024","format":false,"excerpt":"Almudena Barrag\u00e1n \/ El Pa\u00eds Familiares de desaparecidos en el Estado de Quintana Roo revelaron el hallazgo de un crematorio clandestino a las afueras de Canc\u00fan, el destino tur\u00edstico m\u00e1s importante de M\u00e9xico. Cerca de la carretera M\u00e9rida - Canc\u00fan, escondido en mitad de la selva, integrantes del Colectivo Verdad,\u2026","rel":"","context":"En &quot;CINTILLO&quot;","block_context":{"text":"CINTILLO","link":"https:\/\/www.grieta.org.mx\/index.php\/category\/cintillo\/"},"img":{"alt_text":"","src":"https:\/\/i0.wp.com\/www.grieta.org.mx\/wp-content\/uploads\/2024\/09\/Crematorio-e1727137836127.jpg?resize=350%2C200&ssl=1","width":350,"height":200,"srcset":"https:\/\/i0.wp.com\/www.grieta.org.mx\/wp-content\/uploads\/2024\/09\/Crematorio-e1727137836127.jpg?resize=350%2C200&ssl=1 1x, https:\/\/i0.wp.com\/www.grieta.org.mx\/wp-content\/uploads\/2024\/09\/Crematorio-e1727137836127.jpg?resize=525%2C300&ssl=1 1.5x, https:\/\/i0.wp.com\/www.grieta.org.mx\/wp-content\/uploads\/2024\/09\/Crematorio-e1727137836127.jpg?resize=700%2C400&ssl=1 2x"},"classes":[]},{"id":67045,"url":"https:\/\/www.grieta.org.mx\/index.php\/2023\/06\/22\/francisca-vive-la-lucha-sigue-marchan-madres-en-cancun-por-mujer-desaparecida-hace-tres-anos-quintana-roo\/","url_meta":{"origin":66339,"position":5},"title":"&#8220;Francisca vive, la lucha sigue&#8221;: Marchan madres en Canc\u00fan por mujer desaparecida hace tres a\u00f1os (Quintana Roo)","author":"grieta","date":"22 junio, 2023","format":false,"excerpt":"Noticaribe CANC\u00daN, MX.- Integrantes del colectivo Madres Buscadoras de Quintana Roo marcharon la tarde de hoy jueves desde Palacio Municipal hasta la Fiscal\u00eda General del Estado, para exigir la b\u00fasqueda de Mariner Flores Patr\u00f3n, quien hoy cumple tres a\u00f1os desaparecida. Poco antes de las 5:30 de esta tarde, los familiares\u2026","rel":"","context":"En &quot;CINTILLO&quot;","block_context":{"text":"CINTILLO","link":"https:\/\/www.grieta.org.mx\/index.php\/category\/cintillo\/"},"img":{"alt_text":"","src":"https:\/\/i0.wp.com\/www.grieta.org.mx\/wp-content\/uploads\/2023\/06\/Cancun-e1687490360317.jpg?resize=350%2C200&ssl=1","width":350,"height":200,"srcset":"https:\/\/i0.wp.com\/www.grieta.org.mx\/wp-content\/uploads\/2023\/06\/Cancun-e1687490360317.jpg?resize=350%2C200&ssl=1 1x, https:\/\/i0.wp.com\/www.grieta.org.mx\/wp-content\/uploads\/2023\/06\/Cancun-e1687490360317.jpg?resize=525%2C300&ssl=1 1.5x, https:\/\/i0.wp.com\/www.grieta.org.mx\/wp-content\/uploads\/2023\/06\/Cancun-e1687490360317.jpg?resize=700%2C400&ssl=1 2x"},"classes":[]}],"_links":{"self":[{"href":"https:\/\/www.grieta.org.mx\/index.php\/wp-json\/wp\/v2\/posts\/66339","targetHints":{"allow":["GET"]}}],"collection":[{"href":"https:\/\/www.grieta.org.mx\/index.php\/wp-json\/wp\/v2\/posts"}],"about":[{"href":"https:\/\/www.grieta.org.mx\/index.php\/wp-json\/wp\/v2\/types\/post"}],"author":[{"embeddable":true,"href":"https:\/\/www.grieta.org.mx\/index.php\/wp-json\/wp\/v2\/users\/2"}],"replies":[{"embeddable":true,"href":"https:\/\/www.grieta.org.mx\/index.php\/wp-json\/wp\/v2\/comments?post=66339"}],"version-history":[{"count":1,"href":"https:\/\/www.grieta.org.mx\/index.php\/wp-json\/wp\/v2\/posts\/66339\/revisions"}],"predecessor-version":[{"id":66341,"href":"https:\/\/www.grieta.org.mx\/index.php\/wp-json\/wp\/v2\/posts\/66339\/revisions\/66341"}],"wp:featuredmedia":[{"embeddable":true,"href":"https:\/\/www.grieta.org.mx\/index.php\/wp-json\/wp\/v2\/media\/66340"}],"wp:attachment":[{"href":"https:\/\/www.grieta.org.mx\/index.php\/wp-json\/wp\/v2\/media?parent=66339"}],"wp:term":[{"taxonomy":"category","embeddable":true,"href":"https:\/\/www.grieta.org.mx\/index.php\/wp-json\/wp\/v2\/categories?post=66339"},{"taxonomy":"post_tag","embeddable":true,"href":"https:\/\/www.grieta.org.mx\/index.php\/wp-json\/wp\/v2\/tags?post=66339"}],"curies":[{"name":"wp","href":"https:\/\/api.w.org\/{rel}","templated":true}]}}