{"id":66324,"date":"2021-08-20T14:36:33","date_gmt":"2021-08-20T19:36:33","guid":{"rendered":"https:\/\/www.grieta.org.mx\/?p=66324"},"modified":"2023-02-20T15:30:58","modified_gmt":"2023-02-20T21:30:58","slug":"la-esperanza-de-sitilpech-freno-a-devastacion-por-industria-porcicola-yucatan","status":"publish","type":"post","link":"https:\/\/www.grieta.org.mx\/index.php\/2021\/08\/20\/la-esperanza-de-sitilpech-freno-a-devastacion-por-industria-porcicola-yucatan\/","title":{"rendered":"La Esperanza de Sitilpech, freno a devastaci\u00f3n por industria porc\u00edcola (Yucat\u00e1n)"},"content":{"rendered":"<p>Aldo Santiago \/ Avispa Midia<\/p>\n<p>En portada: Habitantes de Sitilpech se manifiestan contra la empresa Keken y la mega granja de cerdos contigua a su comunidad. Foto de Kanan Derechos Humanos<\/p>\n<p>En las tierras de la pen\u00ednsula de Yucat\u00e1n, donde se encuentra la mayor reserva de agua subterr\u00e1nea del pa\u00eds, comunidades ind\u00edgenas mayas libran m\u00faltiples batallas contra la instalaci\u00f3n, operaci\u00f3n y expansi\u00f3n de mega granjas de cerdos, las cuales proliferan con anuencia de las autoridades pese a las afectaciones al ambiente y la salud de los pobladores de la regi\u00f3n.<\/p>\n<p>Es el caso de las comunidades de Hom\u00fan, Celest\u00fan y Chapab, por mencionar solo algunas, las cuales, mediante distintas estrategias, tanto legales como de movilizaci\u00f3n social, han recogido el reclamo de la poblaci\u00f3n local que exige un alto a la expansi\u00f3n de la industria porc\u00edcola en el sureste mexicano.<\/p>\n<p>En este contexto, la comunidad de Sitilpech, ubicada en el municipio de Izamal, se ha unido al esfuerzo de l@s habitantes locales para demandar el cierre de operaciones de mega granjas instaladas sin la aprobaci\u00f3n de las poblaciones locales.<\/p>\n<p>\u201cYucat\u00e1n ha sido invadido por esas granjas, ya se volvi\u00f3 un problema ambiental grand\u00edsimo\u201d, asevera Ricardo, integrante del colectivo La Esperanza de Sitilpech, quien en entrevista con este reportaje asevera que es debido a las graves afectaciones al medioambiente y a la salud de l@s habitantes lo que les motiv\u00f3 a unirse al reclamo de otros pueblos de la regi\u00f3n para poner un alto a dicha industria.<\/p>\n<p>Seg\u00fan datos del informe La carne que est\u00e1 consumiendo al Planeta, \u00bfQu\u00e9 hay detr\u00e1s de la industria porc\u00edcola en la Pen\u00ednsula de Yucat\u00e1n?, en los tres estados que componen la regi\u00f3n operan un aproximado de 257 granjas porc\u00edcolas. De ellas, 222 se encuentran en Yucat\u00e1n y solo 22 cuentan con un Manifiesto de Impacto Ambiental.<br \/>\nUbicacion de las granjas porc\u00edcolas en la pen\u00ednsula de yucat\u00e1n. Elaborado por Greenpeace<\/p>\n<p>\u201cMe siento indignada porque no respetaron los derechos de cada persona que vive ac\u00e1 en el pueblo. Est\u00e1n contaminando el agua, cosa que est\u00e1 muy mal porque el agua es lo esencial que debemos tener\u201d, refiere Berenice, tambi\u00e9n integrante de La Esperanza de Sitilpech.<\/p>\n<p>Dicha organizaci\u00f3n, con el acompa\u00f1amiento del colectivo Kanan Derechos Humanos, present\u00f3 una demanda de amparo para revocar los permisos de operaci\u00f3n de la mega granja Kancabch\u00e9n II, propiedad de la empresa Kek\u00e9n, la cual est\u00e1 ubicada a menos de un kil\u00f3metro de la comunidad de Sitilpech.  <\/p>\n<p>De acuerdo al colectivo Kanan, dicha mega granja cr\u00eda m\u00e1s de 40 mil cerdos y se encuentra actualmente en un proceso de ampliaci\u00f3n de sus instalaciones, con lo cual tambi\u00e9n se prev\u00e9 un incremento en la contaminaci\u00f3n y abuso del agua por parte de dicha industria.<\/p>\n<p>Para poner en perspectiva, el consumo de agua por dicha industria requiere enormes cantidades. Seg\u00fan datos de Aquae Fundaci\u00f3n, para producir 1 kilogramo de carne de cerdo se utilizan cerca de 6 mil litros de agua. \u201cLos cerdos se ba\u00f1an con agua limpia. Mas de 5,000 litros para ba\u00f1ar los cerdos (\u2026) y nosotros a veces ac\u00e1 no hay suficiente agua potable\u201d, comenta Berenice, indignada por la situaci\u00f3n de escasez de agua para l@s pobladores mientras se despilfarra en la industria porc\u00edcola.<\/p>\n<p>\u201cResulta urgente recalcar que actualmente la granja est\u00e1 realizando una ampliaci\u00f3n a sus instalaciones, buscando aumentar su capacidad de producci\u00f3n, lo cual hace sin contar con permisos ni una consulta a la comunidad que se ver\u00eda afectada. Dicha ampliaci\u00f3n aumenta los actuales factores que ya deterioran el medio ambiente, agua, tierra, territorio y autodeterminaci\u00f3n de la comunidad maya de Sitilpech\u201d, denunci\u00f3 el colectivo de derechos humanos mediante comunicado difundido en julio pasado.<\/p>\n<p>Contaminaci\u00f3n<\/p>\n<p>En entrevista con integrantes de La Esperanza de Sitilpech, son reiteradas las acusaciones de contaminaci\u00f3n producto de la operaci\u00f3n de la industria porc\u00edcola. Incluso mencionan que a finales de abril pasado realizaron pruebas de laboratorio en pozos de agua ubicados cerca de cenotes, en donde se encontraron niveles elevados de coliformes fecales en el agua.          <\/p>\n<p>\u201cLas pruebas se hicieron en zonas aleda\u00f1as a la granja. Las coliformes fecales son un tipo de bacterias que causan infecciones gastrointestinales (\u2026)hay una norma mexicana que regula la cantidad de coliformes y minerales que se pueden encontrar en el agua. Y pues superaban la cantidad que establece la norma oficial mexicana\u201d, refiere Janet Medina, abogada del colectivo Kanan.<\/p>\n<p>Acorde a la investigaci\u00f3n El manejo del agua a trav\u00e9s del tiempo en la pen\u00ednsula de Yucat\u00e1n, con datos del Registro P\u00fablico de Derechos de Agua de la Comisi\u00f3n Nacional del Agua (Conagua), a finales de 2013, en los estados de la pen\u00ednsula de Yucat\u00e1n se generaban 374 descargas pecuarias con un total de 9 millones de metros c\u00fabicos anuales, de los cuales 77% correspond\u00eda a Yucat\u00e1n, 17% a Campeche y 6% a Quintana Roo. En Yucat\u00e1n, seg\u00fan los reportes obtenidos por el Consejo Nacional de Poblaci\u00f3n desde 2010, la zona porc\u00edcola presentaba una contaminaci\u00f3n por desechos pecuarios seis veces mayor que la originada por la poblaci\u00f3n humana asentada en ese lugar.<\/p>\n<p>\u201cNosotros en realidad nos ha afectado bastante, sobre todo la parte ganadera, la parte apicultura, hay gente que est\u00e1 pegado al terreno de esta gente, de esa granja, que pr\u00e1cticamente que todo lo que sueltan, el agua podrida lo va contaminando el agua para los ganados, para las abejas\u201d, denuncia C\u00e9sar, otro de los pobladores organizados.<\/p>\n<p>L@s habitantes de Sitilpech refieren que es una practica com\u00fan el extraer agua del subsuelo para cubrir todas sus necesidades. \u201cSi la granja est\u00e1 tirando todo el excremento, la orina y el agua al subsuelo, en cuestiones de d\u00eda ya est\u00e1 en el manto fre\u00e1tico que es puro cenotes (\u2026) Todo Yucat\u00e1n se conecta con puros cenotes del subsuelo y si no defendemos el agua, nosotros adultos, a los ni\u00f1os, \u00bfqu\u00e9 explicaci\u00f3n les daremos del futuro de ellos?\u201d, reclama \u00d3scar.<\/p>\n<p>La preocupaci\u00f3n de l@s habitantes de Sitilpech tambi\u00e9n se debe a la falta de acceso a servicios de salud, pues denuncian que solo existe una instalaci\u00f3n, la cual no cuenta ni con medicamentos ni m\u00e9dicos. \u201cHay un incremento de moscos, porque el agua se almacena en el subsuelo y en la tierra y se est\u00e1n criando los moscos, es un criadero de moscos. \u00daltimamente han padecido enfermedades algunos ni\u00f1os, de lo que transmite el mosco: la chikungunya, el dengue. Cuando nos da aqu\u00ed un dengue, tenemos que pagar de nuestra bolsa los medicamentos y el doctor. Y esta empresa, tranquila, haciendo dinero a costillas del pueblo, da\u00f1ando al pueblo. Pues no, esa es la indignaci\u00f3n del pueblo, est\u00e1 molesto por eso\u201d, reclama Roberto.<\/p>\n<p>Demandas y corrupci\u00f3n<\/p>\n<p>La demanda principal de La Esperanza de Sitilpech es por el reconocimiento y respeto de su libre determinaci\u00f3n. Como lo explica \u00d3scar, \u201cel pueblo quiere que definitivamente cierren y adi\u00f3s. Para que nos dejen vivir en paz. Porque nosotros tenemos derechos a un suelo limpio, al aire limpio en nuestra comunidad, al agua. Son nuestros derechos como pueblo ind\u00edgena y fueron pisoteados, fueron no consultados, una falta de respeto\u201d.<\/p>\n<p>En ese contexto, el pasado 6 de julio, el Juzgado Primero de Distrito con sede en M\u00e9rida, Yucat\u00e1n, admiti\u00f3 la demanda de amparo presentada por l@s habitantes de Sitilpech. Dicha demanda est\u00e1 dirigida contra de la Secretar\u00eda de Desarrollo Sustentable (SDS), el Organismo de Cuenca de la Pen\u00ednsula de Yucat\u00e1n y el Ayuntamiento de Izamal por el incumplimiento de sus obligaciones de fiscalizar, inspeccionar, vigilar y sancionar a la granja porc\u00edcola denominada Kancabchen II.<\/p>\n<p>\u201cJ\u00f3venes, personas adultas mayores y 60 ni\u00f1os y ni\u00f1as firmaron la demanda, todas con la preocupaci\u00f3n por c\u00f3mo se afecta la comunidad y por el futuro que nos depara si sigue operando y m\u00e1s a\u00fan si se incrementa en el doble o triple el n\u00famero de cerdos criados\u201d, contextualiza un comunicado del colectivo Kanan difundido el pasado 10 de agosto.<\/p>\n<p>De acuerdo a la abogada Medina, \u201cesta granja se instaur\u00f3 dentro del territorio de una comunidad principalmente maya hablante y pues se activa en ese instante la obligaci\u00f3n de que sean consultadas, que se les pregunte, se les informe a las personas qu\u00e9 actividad se va a realizar. Esto no se realizo as\u00ed. Es una omisi\u00f3n grave porque se incumple con la Constituci\u00f3n y con un tratado internacional, firmado y ratificado por M\u00e9xico\u201d, menciona en referencia al Convenio 169 de la OIT.                   <\/p>\n<p>Pese a la puesta en marcha de la estrategia legal, el colectivo Kanan se\u00f1ala que los esfuerzos de la poblaci\u00f3n local se ven amenazados por las autoridades judiciales. \u201cAl ver la movilizaci\u00f3n legal del pueblo maya de Sitilpech, la granja porc\u00edcola Kancabch\u00e9n Il ha presentado una queja para bloquear la admisi\u00f3n de nuestra demanda, cargada de argumentos evasivos, confusos y tergiversados que lo \u00fanico que buscan es que no se lleven a cabo las investigaciones pertinentes, que no se conceda protecci\u00f3n legal al derecho al medio ambiente y que no se sancione el actuar irregular de la empresa porc\u00edcola por contaminar y sobre todo por no haber consultado al pueblo\u201d, enfatiza mediante comunicado difundido en agosto.<\/p>\n<p>Acorde al colectivo Kanan, el recurso de queja interpuesto por la mega granja porc\u00edcola es parte de una estrategia com\u00fanmente utilizada por dicha industria contra la defensa de los derechos de comunidades ind\u00edgenas. Y para ejemplificarlo enuncian el caso del pueblo maya de Chapab.<\/p>\n<p>En dicha localidad maya tambi\u00e9n se present\u00f3 una demanda de amparo promovida por sus habitantes a trav\u00e9s del colectivo Kanan Luum Chapab. Pese a que, derivado de la demanda se hab\u00eda concedido la suspensi\u00f3n definitiva de la granja por las irregularidades identificadas, la granja tambi\u00e9n promovi\u00f3 una queja contra el recurso legal que detuvo su clausura.<\/p>\n<p>\u201cDicha queja fue analizada por el Tribunal Colegiado en materias Penal y Administrativa, teniendo como magistrado ponente a Jorge Enrique Eden Wynter Garc\u00eda, resolviendo de manera absurda y contraria a los derechos de los pueblos ind\u00edgenas, olvidando los criterios m\u00e1s recientes y protectores de los derechos humanos y sin importar que el medio ambiente de ni\u00f1os y ni\u00f1as sea lo que est\u00e1 en riesgo, situaci\u00f3n que hace sospechar que pueda tener intereses ocultos\u201d, denuncia el colectivo Kanan.<\/p>\n<p>Para la abogada Medina, la granja est\u00e1 intentando hacer parecer que no tiene la obligaci\u00f3n de consultar a la poblaci\u00f3n ind\u00edgena. \u201cPero lo cierto es que ya hay pronunciamientos en ese sentido de la Suprema Corte de Justicia de la Naci\u00f3n, donde establecen esta obligatoriedad de consultar a los pueblos ind\u00edgenas. Entonces, no es opcional, sino obligatorio y si no hay una consulta no queda mas que declarar la inconstitucionalidad de los permisos que otorgaron las diversas autoridades a esta granja\u201d.<\/p>\n<p>\u201cSeguiremos pendiente de lo que resolver\u00e1 el (Tribunal) colegiado torno al recurso de queja porque nos preocupa mucho que termine resolviendo como hizo en Chapab, olvidando los criterios mas recientes sobre protecci\u00f3n al medio ambiente y derechos de los pueblos ind\u00edgenas. No encontramos sentido en lo que hizo el colegial y nos preocupa que se pueda repetir lo mismo\u201d, enfatiza la abogada.<\/p>\n<p>Por su parte, en Sitilpech, l@s habitantes reconocen que la empresa ha querido acercarse a dialogar. \u201cPero nosotros como pueblo no queremos nada de di\u00e1logo, lo que queremos es que se vayan. Estamos tocando intereses de empresas grand\u00edsimas, pero nosotros no vamos a echarnos para atr\u00e1s, hasta conseguir el objetivo de que se vayan vamos a dejar de luchar. No importa cu\u00e1nto dinero tengan\u201d, reclaman l@s integrantes de La Esperanza de Sitilpech.<\/p>\n<p>Mantener la lucha<\/p>\n<p>La organizaci\u00f3n en Sitilpech tambi\u00e9n ha realizado paros, marchas, protestas y bloqueos en su af\u00e1n de llamar la atenci\u00f3n de la poblaci\u00f3n de los alrededores para unirse al reclamo de clausurar la mega granja, pues reconocen la corrupci\u00f3n de las autoridades y su desinter\u00e9s en actuar conforme a la ley.<\/p>\n<p>\u201cA la empresa grande de Kek\u00e9n. Tengo una pregunta muy importante, \u00bfPor qu\u00e9 no pusieron sus granjas, o sus empresas o sus negocios, donde ellos viven? \u00bfPor qu\u00e9 tuvieron que venir invadir nuestro pueblo, nuestra tierra, nuestra agua, aire, por qu\u00e9 tuvieron que venir ac\u00e1? Invadir, contaminar, pasar por encima de los derechos de las personas\u201d, reclama Berenice.<\/p>\n<p>Y un\u00e1nimemente, el reclamo de l@s integrantes del colectivo es que la granja no siga funcionando: \u201cQue se vayan, es lo \u00fanico que queremos, es lo que la gente quiere\u201d.<\/p>\n<p>Con informaci\u00f3n de Vanessa Garc\u00eda Navarro<\/p>\n<p>*Los nombres de l@s entrevistad@s fueron cambiados por motivos de seguridad<\/p>\n<p><a href=\"https:\/\/avispa.org\/la-esperanza-de-sitilpech-freno-a-devastacion-por-industria-porcicola\/\" rel=\"noopener\" target=\"_blank\">https:\/\/avispa.org\/la-esperanza-de-sitilpech-freno-a-devastacion-por-industria-porcicola\/<\/a><\/p>\n","protected":false},"excerpt":{"rendered":"<p>Aldo Santiago \/ Avispa Midia En portada: Habitantes de Sitilpech se manifiestan contra la empresa Keken y la mega granja de cerdos contigua a su comunidad. Foto de Kanan Derechos &hellip; <a href=\"https:\/\/www.grieta.org.mx\/index.php\/2021\/08\/20\/la-esperanza-de-sitilpech-freno-a-devastacion-por-industria-porcicola-yucatan\/\" class=\"more-link\">Leer m\u00e1s<\/a><\/p>\n","protected":false},"author":2,"featured_media":66325,"comment_status":"closed","ping_status":"closed","sticky":false,"template":"","format":"standard","meta":{"ngg_post_thumbnail":0,"_jetpack_newsletter_access":"","_jetpack_dont_email_post_to_subs":false,"_jetpack_newsletter_tier_id":0,"_jetpack_memberships_contains_paywalled_content":false,"_jetpack_memberships_contains_paid_content":false,"footnotes":""},"categories":[60,42,80,2943,984,1,954,1023,3,2,36],"tags":[281,91,2177,1022,3785,4093],"class_list":["post-66324","post","type-post","status-publish","format-standard","has-post-thumbnail","hentry","category-16-pueblo-maya","category-agroindustria","category-cintillo","category-destruccion-y-contaminacion-ambiental-en-yucatan","category-esp-yucatan","category-espejos-de-la-resistencia","category-espejos-estados","category-lucha-contra-granja-porcicola","category-megaproyectos","category-noticias-nacionales","category-yucatan","tag-agroindustria","tag-contaminacion-ambiental","tag-contaminacion-de-acuiferos","tag-granja-porcicola","tag-megagranja","tag-sitilpech","entry"],"jetpack_featured_media_url":"https:\/\/www.grieta.org.mx\/wp-content\/uploads\/2023\/02\/Sitilpech2-scaled-e1676928047264.jpg","jetpack_sharing_enabled":true,"jetpack_shortlink":"https:\/\/wp.me\/p7ZJR4-hfK","jetpack_likes_enabled":false,"jetpack-related-posts":[{"id":64282,"url":"https:\/\/www.grieta.org.mx\/index.php\/2022\/05\/17\/habitantes-de-sitilpech-exigen-cerrar-granjas-porcicolas-en-yucatan-afuera-del-poder-judicial\/","url_meta":{"origin":66324,"position":0},"title":"Habitantes de Sitilpech exigen cerrar granjas porc\u00edcolas en Yucat\u00e1n afuera del Poder Judicial","author":"grieta","date":"17 mayo, 2022","format":false,"excerpt":"Ruben Dar\u00edo Hau \/ Por Esto! Habitantes de Sitilpech, comisar\u00eda de Izamal, se manifiestan frente a la sede del Poder Judicial de la Federal, en M\u00e9rida, para insistir en que el Juez Primero de Distrito conceda la suspensi\u00f3n definitiva de la granja porc\u00edcola, Kancabch\u00e9n II, aparcera de Kek\u00e9n. El pasado\u2026","rel":"","context":"En &quot;16. Pueblo Maya&quot;","block_context":{"text":"16. Pueblo Maya","link":"https:\/\/www.grieta.org.mx\/index.php\/category\/espejos-de-la-resistencia\/16-pueblo-maya\/"},"img":{"alt_text":"","src":"https:\/\/i0.wp.com\/www.grieta.org.mx\/wp-content\/uploads\/2022\/05\/Sitilpech-e1653577169242.png?resize=350%2C200&ssl=1","width":350,"height":200,"srcset":"https:\/\/i0.wp.com\/www.grieta.org.mx\/wp-content\/uploads\/2022\/05\/Sitilpech-e1653577169242.png?resize=350%2C200&ssl=1 1x, https:\/\/i0.wp.com\/www.grieta.org.mx\/wp-content\/uploads\/2022\/05\/Sitilpech-e1653577169242.png?resize=525%2C300&ssl=1 1.5x, https:\/\/i0.wp.com\/www.grieta.org.mx\/wp-content\/uploads\/2022\/05\/Sitilpech-e1653577169242.png?resize=700%2C400&ssl=1 2x"},"classes":[]},{"id":66379,"url":"https:\/\/www.grieta.org.mx\/index.php\/2023\/03\/03\/yucatan-antimotines-para-custodiar-alimento-para-cerdos-de-keken-pueblo-maya-de-sitilpech-denuncia-nuevamente-represion-policiaca-por-protesta-contra-mega-granjas-porcicolas\/","url_meta":{"origin":66324,"position":1},"title":"Yucat\u00e1n | Antimotines para custodiar alimento para cerdos de Kek\u00e9n: Pueblo maya de Sitilpech denuncia nuevamente represi\u00f3n policiaca por protesta contra mega granjas porc\u00edcolas","author":"grieta","date":"3 marzo, 2023","format":false,"excerpt":"Noticaribe M\u00c9RIDA, MX.- Una vez m\u00e1s, las y los habitantes de Sitilpech denuncian y exhiben represi\u00f3n policiaca ante el bloqueo que mantienen en una de las granjas porc\u00edcolas en sus tierras. Las personas que mantienen un bloqueo a las afueras de la granja denunciaron que elementos de la Secretar\u00eda de\u2026","rel":"","context":"En &quot;Agroindustria&quot;","block_context":{"text":"Agroindustria","link":"https:\/\/www.grieta.org.mx\/index.php\/category\/megaproyectos\/agroindustria\/"},"img":{"alt_text":"","src":"https:\/\/i0.wp.com\/www.grieta.org.mx\/wp-content\/uploads\/2023\/03\/Antimotines-e1677881381914.jpg?resize=350%2C200&ssl=1","width":350,"height":200,"srcset":"https:\/\/i0.wp.com\/www.grieta.org.mx\/wp-content\/uploads\/2023\/03\/Antimotines-e1677881381914.jpg?resize=350%2C200&ssl=1 1x, https:\/\/i0.wp.com\/www.grieta.org.mx\/wp-content\/uploads\/2023\/03\/Antimotines-e1677881381914.jpg?resize=525%2C300&ssl=1 1.5x, https:\/\/i0.wp.com\/www.grieta.org.mx\/wp-content\/uploads\/2023\/03\/Antimotines-e1677881381914.jpg?resize=700%2C400&ssl=1 2x"},"classes":[]},{"id":66327,"url":"https:\/\/www.grieta.org.mx\/index.php\/2023\/02\/20\/bloqueo-contra-granja-de-cerdos-en-sitilpech-es-legitimo-juez-ordena-alto-a-violencia-contra-manifestantes-yucatan\/","url_meta":{"origin":66324,"position":2},"title":"Bloqueo contra granja de cerdos en Sitilpech es leg\u00edtimo; juez ordena alto a violencia contra manifestantes (Yucat\u00e1n)","author":"grieta","date":"20 febrero, 2023","format":false,"excerpt":"Aldo Santiago \/ Avispa Midia En portada: Manifestaci\u00f3n de habitantes de Sitilpech por la contaminaci\u00f3n de su territorio debido a la operaci\u00f3n de una mega granja de cerdos. La madrugada del pasado s\u00e1bado (18), elementos de la polic\u00eda estatal y municipal, de Yucat\u00e1n e Izamal, respectivamente, ejecutaron un operativo contra\u2026","rel":"","context":"En &quot;16. Pueblo Maya&quot;","block_context":{"text":"16. Pueblo Maya","link":"https:\/\/www.grieta.org.mx\/index.php\/category\/espejos-de-la-resistencia\/16-pueblo-maya\/"},"img":{"alt_text":"","src":"https:\/\/i0.wp.com\/www.grieta.org.mx\/wp-content\/uploads\/2023\/02\/Sitilpech3-scaled-e1676929018729.jpg?resize=350%2C200&ssl=1","width":350,"height":200,"srcset":"https:\/\/i0.wp.com\/www.grieta.org.mx\/wp-content\/uploads\/2023\/02\/Sitilpech3-scaled-e1676929018729.jpg?resize=350%2C200&ssl=1 1x, https:\/\/i0.wp.com\/www.grieta.org.mx\/wp-content\/uploads\/2023\/02\/Sitilpech3-scaled-e1676929018729.jpg?resize=525%2C300&ssl=1 1.5x, https:\/\/i0.wp.com\/www.grieta.org.mx\/wp-content\/uploads\/2023\/02\/Sitilpech3-scaled-e1676929018729.jpg?resize=700%2C400&ssl=1 2x"},"classes":[]},{"id":66524,"url":"https:\/\/www.grieta.org.mx\/index.php\/2023\/03\/16\/con-mascaras-de-cochinos-sitilpech-protesto-en-aeropuerto-de-cancun\/","url_meta":{"origin":66324,"position":3},"title":"Con m\u00e1scaras de cochinos, Sitilpech protest\u00f3 en aeropuerto de Canc\u00fan","author":"grieta","date":"16 marzo, 2023","format":false,"excerpt":"Haz Ruido Se intensifican las manifestaciones en contra de la empresa Kek\u00e9n y sus f\u00e1bricas de cerdos que contaminan en la Pen\u00ednsula de Yucat\u00e1n. Canc\u00fan, Quintana Roo, 16 de marzo de 2023.- Pobladores y familiares de Sitilpech que ahora residen en Quintana Roo protestaron en el Aeropuerto Internacional de Canc\u00fan\u2026","rel":"","context":"En &quot;Agresiones y amenazas a defensor@s de derechos humanos y activistas en Yucat\u00e1n&quot;","block_context":{"text":"Agresiones y amenazas a defensor@s de derechos humanos y activistas en Yucat\u00e1n","link":"https:\/\/www.grieta.org.mx\/index.php\/category\/noticias-nacionales\/yucatan\/ataques-a-defensors-de-derechos-humanos-en-yucatan\/"},"img":{"alt_text":"","src":"https:\/\/i0.wp.com\/www.grieta.org.mx\/wp-content\/uploads\/2023\/03\/SitilpechCancun-e1679026683778.jpg?resize=350%2C200&ssl=1","width":350,"height":200,"srcset":"https:\/\/i0.wp.com\/www.grieta.org.mx\/wp-content\/uploads\/2023\/03\/SitilpechCancun-e1679026683778.jpg?resize=350%2C200&ssl=1 1x, https:\/\/i0.wp.com\/www.grieta.org.mx\/wp-content\/uploads\/2023\/03\/SitilpechCancun-e1679026683778.jpg?resize=525%2C300&ssl=1 1.5x, https:\/\/i0.wp.com\/www.grieta.org.mx\/wp-content\/uploads\/2023\/03\/SitilpechCancun-e1679026683778.jpg?resize=700%2C400&ssl=1 2x"},"classes":[]},{"id":66274,"url":"https:\/\/www.grieta.org.mx\/index.php\/2023\/02\/18\/crece-tension-en-sitilpech-por-fuerte-presencia-policiaca-yucatan\/","url_meta":{"origin":66324,"position":4},"title":"Crece tensi\u00f3n en Sitilpech por fuerte presencia policiaca  (Yucat\u00e1n)","author":"grieta","date":"18 febrero, 2023","format":false,"excerpt":"Haz Ruido La Esperanza de Sitilpech denunci\u00f3 que los polic\u00edas que escoltaron a un cami\u00f3n de cerdos agredieron a los manifestantes esta madrugada Izamal, Yucat\u00e1n, 18 de febrero de 2023.- Pobladoras y pobladores mayas que integran La Esperanza de Sitilpech denunciaron que esta madrugada llegaron decenas de polic\u00edas municipales y\u2026","rel":"","context":"En &quot;Agroindustria&quot;","block_context":{"text":"Agroindustria","link":"https:\/\/www.grieta.org.mx\/index.php\/category\/megaproyectos\/agroindustria\/"},"img":{"alt_text":"","src":"https:\/\/i0.wp.com\/www.grieta.org.mx\/wp-content\/uploads\/2023\/02\/SitilpechBloq-e1676766338980.jpg?resize=350%2C200&ssl=1","width":350,"height":200,"srcset":"https:\/\/i0.wp.com\/www.grieta.org.mx\/wp-content\/uploads\/2023\/02\/SitilpechBloq-e1676766338980.jpg?resize=350%2C200&ssl=1 1x, https:\/\/i0.wp.com\/www.grieta.org.mx\/wp-content\/uploads\/2023\/02\/SitilpechBloq-e1676766338980.jpg?resize=525%2C300&ssl=1 1.5x, https:\/\/i0.wp.com\/www.grieta.org.mx\/wp-content\/uploads\/2023\/02\/SitilpechBloq-e1676766338980.jpg?resize=700%2C400&ssl=1 2x"},"classes":[]},{"id":60702,"url":"https:\/\/www.grieta.org.mx\/index.php\/2021\/07\/19\/demandan-a-otra-megagranja-de-cerdos-contamina-a-sitilpech-yucatan\/","url_meta":{"origin":66324,"position":5},"title":"Demandan a otra megagranja de cerdos: Contamina a Sitilpech  (Yucat\u00e1n)","author":"grieta","date":"19 julio, 2021","format":false,"excerpt":"Claudia Arriaga \/ Haz Ruido La granja porc\u00edcola \u201cKancabchen II\u201d opera desde hace dos a\u00f1os y al estar casi a 700 metros de distancia de la comisar\u00eda, la poblaci\u00f3n percibe malos olores y le preocupa la contaminaci\u00f3n de los pozos y cenotes de donde obtienen agua. M\u00e9rida, Yucat\u00e1n, 16 de\u2026","rel":"","context":"En &quot;Agroindustria&quot;","block_context":{"text":"Agroindustria","link":"https:\/\/www.grieta.org.mx\/index.php\/category\/megaproyectos\/agroindustria\/"},"img":{"alt_text":"","src":"","width":0,"height":0},"classes":[]}],"_links":{"self":[{"href":"https:\/\/www.grieta.org.mx\/index.php\/wp-json\/wp\/v2\/posts\/66324","targetHints":{"allow":["GET"]}}],"collection":[{"href":"https:\/\/www.grieta.org.mx\/index.php\/wp-json\/wp\/v2\/posts"}],"about":[{"href":"https:\/\/www.grieta.org.mx\/index.php\/wp-json\/wp\/v2\/types\/post"}],"author":[{"embeddable":true,"href":"https:\/\/www.grieta.org.mx\/index.php\/wp-json\/wp\/v2\/users\/2"}],"replies":[{"embeddable":true,"href":"https:\/\/www.grieta.org.mx\/index.php\/wp-json\/wp\/v2\/comments?post=66324"}],"version-history":[{"count":1,"href":"https:\/\/www.grieta.org.mx\/index.php\/wp-json\/wp\/v2\/posts\/66324\/revisions"}],"predecessor-version":[{"id":66326,"href":"https:\/\/www.grieta.org.mx\/index.php\/wp-json\/wp\/v2\/posts\/66324\/revisions\/66326"}],"wp:featuredmedia":[{"embeddable":true,"href":"https:\/\/www.grieta.org.mx\/index.php\/wp-json\/wp\/v2\/media\/66325"}],"wp:attachment":[{"href":"https:\/\/www.grieta.org.mx\/index.php\/wp-json\/wp\/v2\/media?parent=66324"}],"wp:term":[{"taxonomy":"category","embeddable":true,"href":"https:\/\/www.grieta.org.mx\/index.php\/wp-json\/wp\/v2\/categories?post=66324"},{"taxonomy":"post_tag","embeddable":true,"href":"https:\/\/www.grieta.org.mx\/index.php\/wp-json\/wp\/v2\/tags?post=66324"}],"curies":[{"name":"wp","href":"https:\/\/api.w.org\/{rel}","templated":true}]}}