{"id":66274,"date":"2023-02-18T18:32:07","date_gmt":"2023-02-19T00:32:07","guid":{"rendered":"https:\/\/www.grieta.org.mx\/?p=66274"},"modified":"2023-02-18T18:32:07","modified_gmt":"2023-02-19T00:32:07","slug":"crece-tension-en-sitilpech-por-fuerte-presencia-policiaca-yucatan","status":"publish","type":"post","link":"https:\/\/www.grieta.org.mx\/index.php\/2023\/02\/18\/crece-tension-en-sitilpech-por-fuerte-presencia-policiaca-yucatan\/","title":{"rendered":"Crece tensi\u00f3n en Sitilpech por fuerte presencia policiaca  (Yucat\u00e1n)"},"content":{"rendered":"<p>Haz Ruido<\/p>\n<blockquote><p>La Esperanza de Sitilpech denunci\u00f3 que los polic\u00edas que escoltaron a un cami\u00f3n de cerdos agredieron a los manifestantes esta madrugada<\/p><\/blockquote>\n<p>Izamal, Yucat\u00e1n, 18 de febrero de 2023.- Pobladoras y pobladores mayas que integran La Esperanza de Sitilpech denunciaron que esta madrugada llegaron decenas de polic\u00edas municipales y estales para custodiar a un cami\u00f3n lleno de cerdos, y al ingresar a la granja agredieron a quienes estaban protestando ah\u00ed.<\/p>\n<p>Se\u00f1alaron que aproximadamente 60 agentes antimotines arribaron a esta comisar\u00eda de Izamal alrededor de las 3 de la madrugada, quienes golpearon a personas que estaban en el campamento instalado para bloquear la f\u00e1brica de cerdos<\/p>\n<p>Aseguraron que los polic\u00edas se robaron cosas de la gente que se manifestaba en el lugar, como sillas y mesas, adem\u00e1s de que les quitaron sus celulares para evitar que grabaran.<\/p>\n<p>Las y los pobladores de la Esperanza de Sitilpech lamentaron estas agresiones,  tomando en cuenta que en la mayor\u00eda de las personas que estaba en el campamento eran ni\u00f1as y mujeres.<\/p>\n<p>Por lo pronto, la tensi\u00f3n crece que en esa comisar\u00eda, pues siguen llegando m\u00e1s agente de la Secretar\u00eda de Seguridad P\u00fablica (SSP) y de la Polic\u00eda de Izamal para bloquear los accesos del pueblo.<\/p>\n<p>Como hemos informado, mujeres y hombres de la comunidad maya de Sitilpech est\u00e1n protestando afuera de la megagranja Kancabch\u00e9n II, la cual amenaza con contaminar su agua y el medioambiente. Como parte de sus acciones, no permiten la entrada de m\u00e1s camiones con cerdos.<\/p>\n<p><a href=\"https:\/\/www.hazruido.mx\/reportes\/crece-tension-en-sitilpech-por-fuerte-presencia-policiaca\/\" rel=\"noopener\" target=\"_blank\">https:\/\/www.hazruido.mx\/reportes\/crece-tension-en-sitilpech-por-fuerte-presencia-policiaca\/<\/a><\/p>\n","protected":false},"excerpt":{"rendered":"<p>Haz Ruido La Esperanza de Sitilpech denunci\u00f3 que los polic\u00edas que escoltaron a un cami\u00f3n de cerdos agredieron a los manifestantes esta madrugada Izamal, Yucat\u00e1n, 18 de febrero de 2023.- &hellip; <a href=\"https:\/\/www.grieta.org.mx\/index.php\/2023\/02\/18\/crece-tension-en-sitilpech-por-fuerte-presencia-policiaca-yucatan\/\" class=\"more-link\">Leer m\u00e1s<\/a><\/p>\n","protected":false},"author":2,"featured_media":66275,"comment_status":"closed","ping_status":"closed","sticky":false,"template":"","format":"standard","meta":{"ngg_post_thumbnail":0,"_jetpack_newsletter_access":"","_jetpack_dont_email_post_to_subs":false,"_jetpack_newsletter_tier_id":0,"_jetpack_memberships_contains_paywalled_content":false,"_jetpack_memberships_contains_paid_content":false,"footnotes":""},"categories":[42,80,2943,1020,1023,3,922,952,2,36],"tags":[354,91,2177,1022,3785,4093],"class_list":["post-66274","post","type-post","status-publish","format-standard","has-post-thumbnail","hentry","category-agroindustria","category-cintillo","category-destruccion-y-contaminacion-ambiental-en-yucatan","category-granja-porcicola","category-lucha-contra-granja-porcicola","category-megaproyectos","category-megaproyectos-estados","category-mp-yucatan","category-noticias-nacionales","category-yucatan","tag-bloqueo","tag-contaminacion-ambiental","tag-contaminacion-de-acuiferos","tag-granja-porcicola","tag-megagranja","tag-sitilpech","entry"],"jetpack_featured_media_url":"https:\/\/www.grieta.org.mx\/wp-content\/uploads\/2023\/02\/SitilpechBloq-e1676766338980.jpg","jetpack_sharing_enabled":true,"jetpack_shortlink":"https:\/\/wp.me\/p7ZJR4-heW","jetpack_likes_enabled":false,"jetpack-related-posts":[{"id":66202,"url":"https:\/\/www.grieta.org.mx\/index.php\/2023\/02\/10\/pueblo-de-sitilpech-impide-entrada-de-camion-de-cerdos-yucatan\/","url_meta":{"origin":66274,"position":0},"title":"Pueblo de Sitilpech impide entrada de cami\u00f3n de cerdos (Yucat\u00e1n)","author":"grieta","date":"10 febrero, 2023","format":false,"excerpt":"Redacci\u00f3n \/ Haz Ruido Habitantes de esta comunidad maya protestan pac\u00edficamente para no permitir el ingreso de los animales a la megagranja que contamina el agua y el medioambiente. M\u00e9rida, Yucat\u00e1n, 10 de febrero de 2023.-\u00a0Mujeres y hombres de la comunidad maya de Sitilpech impiden el paso de un cami\u00f3n\u2026","rel":"","context":"En &quot;Agroindustria&quot;","block_context":{"text":"Agroindustria","link":"https:\/\/www.grieta.org.mx\/index.php\/category\/megaproyectos\/agroindustria\/"},"img":{"alt_text":"","src":"https:\/\/i0.wp.com\/www.grieta.org.mx\/wp-content\/uploads\/2023\/02\/Sitilpech-e1676062373879.jpg?resize=350%2C200&ssl=1","width":350,"height":200,"srcset":"https:\/\/i0.wp.com\/www.grieta.org.mx\/wp-content\/uploads\/2023\/02\/Sitilpech-e1676062373879.jpg?resize=350%2C200&ssl=1 1x, https:\/\/i0.wp.com\/www.grieta.org.mx\/wp-content\/uploads\/2023\/02\/Sitilpech-e1676062373879.jpg?resize=525%2C300&ssl=1 1.5x, https:\/\/i0.wp.com\/www.grieta.org.mx\/wp-content\/uploads\/2023\/02\/Sitilpech-e1676062373879.jpg?resize=700%2C400&ssl=1 2x"},"classes":[]},{"id":64282,"url":"https:\/\/www.grieta.org.mx\/index.php\/2022\/05\/17\/habitantes-de-sitilpech-exigen-cerrar-granjas-porcicolas-en-yucatan-afuera-del-poder-judicial\/","url_meta":{"origin":66274,"position":1},"title":"Habitantes de Sitilpech exigen cerrar granjas porc\u00edcolas en Yucat\u00e1n afuera del Poder Judicial","author":"grieta","date":"17 mayo, 2022","format":false,"excerpt":"Ruben Dar\u00edo Hau \/ Por Esto! Habitantes de Sitilpech, comisar\u00eda de Izamal, se manifiestan frente a la sede del Poder Judicial de la Federal, en M\u00e9rida, para insistir en que el Juez Primero de Distrito conceda la suspensi\u00f3n definitiva de la granja porc\u00edcola, Kancabch\u00e9n II, aparcera de Kek\u00e9n. El pasado\u2026","rel":"","context":"En &quot;16. Pueblo Maya&quot;","block_context":{"text":"16. Pueblo Maya","link":"https:\/\/www.grieta.org.mx\/index.php\/category\/espejos-de-la-resistencia\/16-pueblo-maya\/"},"img":{"alt_text":"","src":"https:\/\/i0.wp.com\/www.grieta.org.mx\/wp-content\/uploads\/2022\/05\/Sitilpech-e1653577169242.png?resize=350%2C200&ssl=1","width":350,"height":200,"srcset":"https:\/\/i0.wp.com\/www.grieta.org.mx\/wp-content\/uploads\/2022\/05\/Sitilpech-e1653577169242.png?resize=350%2C200&ssl=1 1x, https:\/\/i0.wp.com\/www.grieta.org.mx\/wp-content\/uploads\/2022\/05\/Sitilpech-e1653577169242.png?resize=525%2C300&ssl=1 1.5x, https:\/\/i0.wp.com\/www.grieta.org.mx\/wp-content\/uploads\/2022\/05\/Sitilpech-e1653577169242.png?resize=700%2C400&ssl=1 2x"},"classes":[]},{"id":66524,"url":"https:\/\/www.grieta.org.mx\/index.php\/2023\/03\/16\/con-mascaras-de-cochinos-sitilpech-protesto-en-aeropuerto-de-cancun\/","url_meta":{"origin":66274,"position":2},"title":"Con m\u00e1scaras de cochinos, Sitilpech protest\u00f3 en aeropuerto de Canc\u00fan","author":"grieta","date":"16 marzo, 2023","format":false,"excerpt":"Haz Ruido Se intensifican las manifestaciones en contra de la empresa Kek\u00e9n y sus f\u00e1bricas de cerdos que contaminan en la Pen\u00ednsula de Yucat\u00e1n. Canc\u00fan, Quintana Roo, 16 de marzo de 2023.- Pobladores y familiares de Sitilpech que ahora residen en Quintana Roo protestaron en el Aeropuerto Internacional de Canc\u00fan\u2026","rel":"","context":"En &quot;Agresiones y amenazas a defensor@s de derechos humanos y activistas en Yucat\u00e1n&quot;","block_context":{"text":"Agresiones y amenazas a defensor@s de derechos humanos y activistas en Yucat\u00e1n","link":"https:\/\/www.grieta.org.mx\/index.php\/category\/noticias-nacionales\/yucatan\/ataques-a-defensors-de-derechos-humanos-en-yucatan\/"},"img":{"alt_text":"","src":"https:\/\/i0.wp.com\/www.grieta.org.mx\/wp-content\/uploads\/2023\/03\/SitilpechCancun-e1679026683778.jpg?resize=350%2C200&ssl=1","width":350,"height":200,"srcset":"https:\/\/i0.wp.com\/www.grieta.org.mx\/wp-content\/uploads\/2023\/03\/SitilpechCancun-e1679026683778.jpg?resize=350%2C200&ssl=1 1x, https:\/\/i0.wp.com\/www.grieta.org.mx\/wp-content\/uploads\/2023\/03\/SitilpechCancun-e1679026683778.jpg?resize=525%2C300&ssl=1 1.5x, https:\/\/i0.wp.com\/www.grieta.org.mx\/wp-content\/uploads\/2023\/03\/SitilpechCancun-e1679026683778.jpg?resize=700%2C400&ssl=1 2x"},"classes":[]},{"id":66327,"url":"https:\/\/www.grieta.org.mx\/index.php\/2023\/02\/20\/bloqueo-contra-granja-de-cerdos-en-sitilpech-es-legitimo-juez-ordena-alto-a-violencia-contra-manifestantes-yucatan\/","url_meta":{"origin":66274,"position":3},"title":"Bloqueo contra granja de cerdos en Sitilpech es leg\u00edtimo; juez ordena alto a violencia contra manifestantes (Yucat\u00e1n)","author":"grieta","date":"20 febrero, 2023","format":false,"excerpt":"Aldo Santiago \/ Avispa Midia En portada: Manifestaci\u00f3n de habitantes de Sitilpech por la contaminaci\u00f3n de su territorio debido a la operaci\u00f3n de una mega granja de cerdos. La madrugada del pasado s\u00e1bado (18), elementos de la polic\u00eda estatal y municipal, de Yucat\u00e1n e Izamal, respectivamente, ejecutaron un operativo contra\u2026","rel":"","context":"En &quot;16. Pueblo Maya&quot;","block_context":{"text":"16. Pueblo Maya","link":"https:\/\/www.grieta.org.mx\/index.php\/category\/espejos-de-la-resistencia\/16-pueblo-maya\/"},"img":{"alt_text":"","src":"https:\/\/i0.wp.com\/www.grieta.org.mx\/wp-content\/uploads\/2023\/02\/Sitilpech3-scaled-e1676929018729.jpg?resize=350%2C200&ssl=1","width":350,"height":200,"srcset":"https:\/\/i0.wp.com\/www.grieta.org.mx\/wp-content\/uploads\/2023\/02\/Sitilpech3-scaled-e1676929018729.jpg?resize=350%2C200&ssl=1 1x, https:\/\/i0.wp.com\/www.grieta.org.mx\/wp-content\/uploads\/2023\/02\/Sitilpech3-scaled-e1676929018729.jpg?resize=525%2C300&ssl=1 1.5x, https:\/\/i0.wp.com\/www.grieta.org.mx\/wp-content\/uploads\/2023\/02\/Sitilpech3-scaled-e1676929018729.jpg?resize=700%2C400&ssl=1 2x"},"classes":[]},{"id":66379,"url":"https:\/\/www.grieta.org.mx\/index.php\/2023\/03\/03\/yucatan-antimotines-para-custodiar-alimento-para-cerdos-de-keken-pueblo-maya-de-sitilpech-denuncia-nuevamente-represion-policiaca-por-protesta-contra-mega-granjas-porcicolas\/","url_meta":{"origin":66274,"position":4},"title":"Yucat\u00e1n | Antimotines para custodiar alimento para cerdos de Kek\u00e9n: Pueblo maya de Sitilpech denuncia nuevamente represi\u00f3n policiaca por protesta contra mega granjas porc\u00edcolas","author":"grieta","date":"3 marzo, 2023","format":false,"excerpt":"Noticaribe M\u00c9RIDA, MX.- Una vez m\u00e1s, las y los habitantes de Sitilpech denuncian y exhiben represi\u00f3n policiaca ante el bloqueo que mantienen en una de las granjas porc\u00edcolas en sus tierras. Las personas que mantienen un bloqueo a las afueras de la granja denunciaron que elementos de la Secretar\u00eda de\u2026","rel":"","context":"En &quot;Agroindustria&quot;","block_context":{"text":"Agroindustria","link":"https:\/\/www.grieta.org.mx\/index.php\/category\/megaproyectos\/agroindustria\/"},"img":{"alt_text":"","src":"https:\/\/i0.wp.com\/www.grieta.org.mx\/wp-content\/uploads\/2023\/03\/Antimotines-e1677881381914.jpg?resize=350%2C200&ssl=1","width":350,"height":200,"srcset":"https:\/\/i0.wp.com\/www.grieta.org.mx\/wp-content\/uploads\/2023\/03\/Antimotines-e1677881381914.jpg?resize=350%2C200&ssl=1 1x, https:\/\/i0.wp.com\/www.grieta.org.mx\/wp-content\/uploads\/2023\/03\/Antimotines-e1677881381914.jpg?resize=525%2C300&ssl=1 1.5x, https:\/\/i0.wp.com\/www.grieta.org.mx\/wp-content\/uploads\/2023\/03\/Antimotines-e1677881381914.jpg?resize=700%2C400&ssl=1 2x"},"classes":[]},{"id":66264,"url":"https:\/\/www.grieta.org.mx\/index.php\/2023\/02\/14\/seguira-bloqueo-de-megagranja-y-niegan-secuestro-de-trabajadores-yucatan\/","url_meta":{"origin":66274,"position":5},"title":"Seguir\u00e1 bloqueo de megagranja y niegan \u201csecuestro\u201d de trabajadores (Yucat\u00e1n)","author":"grieta","date":"14 febrero, 2023","format":false,"excerpt":"Redacci\u00f3n Haz Ruido Advirtieron que no permitir\u00e1n que los camiones de la empresa Kek\u00e9n que est\u00e1n al interior de las instalaciones de la granja salgan, a menos que lo hagan con todo y cerdos. Izamal, Yucat\u00e1n, 14 de febrero de 2023.-\u00a0El colectivo La Esperanza de Sitilpech inform\u00f3 que continuar\u00e1 bloqueando\u2026","rel":"","context":"En &quot;16. Pueblo Maya&quot;","block_context":{"text":"16. Pueblo Maya","link":"https:\/\/www.grieta.org.mx\/index.php\/category\/espejos-de-la-resistencia\/16-pueblo-maya\/"},"img":{"alt_text":"","src":"https:\/\/i0.wp.com\/www.grieta.org.mx\/wp-content\/uploads\/2023\/02\/SitilpechBloqueo-e1676449697450.jpg?resize=350%2C200&ssl=1","width":350,"height":200,"srcset":"https:\/\/i0.wp.com\/www.grieta.org.mx\/wp-content\/uploads\/2023\/02\/SitilpechBloqueo-e1676449697450.jpg?resize=350%2C200&ssl=1 1x, https:\/\/i0.wp.com\/www.grieta.org.mx\/wp-content\/uploads\/2023\/02\/SitilpechBloqueo-e1676449697450.jpg?resize=525%2C300&ssl=1 1.5x, https:\/\/i0.wp.com\/www.grieta.org.mx\/wp-content\/uploads\/2023\/02\/SitilpechBloqueo-e1676449697450.jpg?resize=700%2C400&ssl=1 2x"},"classes":[]}],"_links":{"self":[{"href":"https:\/\/www.grieta.org.mx\/index.php\/wp-json\/wp\/v2\/posts\/66274","targetHints":{"allow":["GET"]}}],"collection":[{"href":"https:\/\/www.grieta.org.mx\/index.php\/wp-json\/wp\/v2\/posts"}],"about":[{"href":"https:\/\/www.grieta.org.mx\/index.php\/wp-json\/wp\/v2\/types\/post"}],"author":[{"embeddable":true,"href":"https:\/\/www.grieta.org.mx\/index.php\/wp-json\/wp\/v2\/users\/2"}],"replies":[{"embeddable":true,"href":"https:\/\/www.grieta.org.mx\/index.php\/wp-json\/wp\/v2\/comments?post=66274"}],"version-history":[{"count":1,"href":"https:\/\/www.grieta.org.mx\/index.php\/wp-json\/wp\/v2\/posts\/66274\/revisions"}],"predecessor-version":[{"id":66276,"href":"https:\/\/www.grieta.org.mx\/index.php\/wp-json\/wp\/v2\/posts\/66274\/revisions\/66276"}],"wp:featuredmedia":[{"embeddable":true,"href":"https:\/\/www.grieta.org.mx\/index.php\/wp-json\/wp\/v2\/media\/66275"}],"wp:attachment":[{"href":"https:\/\/www.grieta.org.mx\/index.php\/wp-json\/wp\/v2\/media?parent=66274"}],"wp:term":[{"taxonomy":"category","embeddable":true,"href":"https:\/\/www.grieta.org.mx\/index.php\/wp-json\/wp\/v2\/categories?post=66274"},{"taxonomy":"post_tag","embeddable":true,"href":"https:\/\/www.grieta.org.mx\/index.php\/wp-json\/wp\/v2\/tags?post=66274"}],"curies":[{"name":"wp","href":"https:\/\/api.w.org\/{rel}","templated":true}]}}