{"id":66259,"date":"2023-01-27T12:27:12","date_gmt":"2023-01-27T18:27:12","guid":{"rendered":"https:\/\/www.grieta.org.mx\/?p=66259"},"modified":"2023-02-14T12:51:49","modified_gmt":"2023-02-14T18:51:49","slug":"indigenas-viviran-impacto-negativo-por-tren-maya","status":"publish","type":"post","link":"https:\/\/www.grieta.org.mx\/index.php\/2023\/01\/27\/indigenas-viviran-impacto-negativo-por-tren-maya\/","title":{"rendered":"Ind\u00edgenas vivir\u00e1n impacto negativo por Tren Maya"},"content":{"rendered":"<p>Cristopher Cabello, enviado \/ El Universal<\/p>\n<blockquote><p>La irrupci\u00f3n del gran turismo llevar\u00e1 a comunidades econom\u00edas ilegales, discriminaci\u00f3n, especulaci\u00f3n inmobiliaria y mercantilizaci\u00f3n de la cultura maya, advierten antrop\u00f3logos.<\/p><\/blockquote>\n<p>Mientras avanza su construcci\u00f3n, el Tren Maya trae consigo una serie de cambios a las comunidades del sureste mexicano, que han comenzado a ver que su estilo de vida, sus costumbres, tradiciones y formas de trabajo se modifican no necesarimente para bien.<\/p>\n<p>El ejemplo m\u00e1s reciente de esto sucedi\u00f3 en Chich\u00e9n Itz\u00e1 hace cuatro semanas, cuando vendedores de artesan\u00edas y gu\u00edas tur\u00edsticos bloquearon los accesos a la zona arqueol\u00f3gica porque se oponen a que los reubiquen en un Centro de Atenci\u00f3n a Visitantes (CATVI), espacio destinado para comercios y servicios y que forman parte del Programa de Mejoramiento de Zonas Arqueol\u00f3gicas (Promeza), que se deriva de las obras de infraestructura del Tren Maya.<\/p>\n<p>Los CATVIs se encontrar\u00e1n cerca de las zonas arqueol\u00f3gicas y fungir\u00e1n como polos de desarrollo para las comunidades, es decir, ser\u00e1n puntos de comercio y venta de servicios para beneficiar la econom\u00eda local, entre otras de sus funciones, de acuerdo a informaci\u00f3n difundida por el Instituto Nacional de Antropolog\u00eda e Historia (INAH).<\/p>\n<p>Hay contemplados CATVIs en Palenque, Chich\u00e9n Itz\u00e1, Ek&#8217;Balam, Uxmal, Cob\u00e1, El Tigre, Calakmul, Jaina y Edzn\u00e1, los cuales se ubicar\u00e1n a un par de kil\u00f3metros de las zonas arqueol\u00f3gicas. Para la inversi\u00f3n \u2014presupuesto que se incluye dentro del Promeza\u2014, se destinar\u00e1n 4 mil 906 millones de pesos.<\/p>\n<p>El director general del INAH, Diego Prieto, expres\u00f3 en conferencia de prensa el 12 de enero que \u201cla recuperaci\u00f3n de la memoria de las culturas mayas ancestrales no puede desligarse de las culturas vivas, de lo que hoy piensan y sienten\u201d, sin embargo, estos discursos parecen ser superados por la realidad.<\/p>\n<p>De acuerdo con dos especialistas consultados por EL UNIVERSAL, el desarrollo del Tren Maya traer\u00e1 como consecuencia una serie de cambios negativos para las comunidades, que tendr\u00e1n que adaptarse a las nuevas formas de vida que llegar\u00e1n a ra\u00edz del turismo, la especulaci\u00f3n inmobiliaria y el uso de la cultura maya como pretexto para el desarrollo econ\u00f3mico.<\/p>\n<p>Desigualdad<\/p>\n<p>Para Giovanna Gasparello, doctora en Ciencias Antropol\u00f3gicas por la Universidad Aut\u00f3noma Metropolitana y quien ha publicado estudios sobre las comunidades y leyes ind\u00edgenas, el paso del Tren Maya por Chich\u00e9n Itz\u00e1 vendr\u00e1 a hacer m\u00e1s evidentes las desigualdades sociales, las cuales han estado presentes en la vida de los nativos desde hace muchas d\u00e9cadas.<\/p>\n<p>La especialista explica que la problem\u00e1tica en este sitio hist\u00f3rico es sistem\u00e1tica, ya que escal\u00f3 desde abajo y se hace visible con el simple hecho de visitar la zona. La disputa se puede entender tambi\u00e9n, explica Gasparello, al conocer qui\u00e9nes son los que son los vendedores de artesan\u00edas \u2014los nativos\u2014 y qui\u00e9nes son los que reciben ganancias por el uso de la Zona Arqueol\u00f3gica \u2014el gobierno estatal, iniciativa privada y el INAH.<\/p>\n<p>\u201cLa situaci\u00f3n en Chich\u00e9n Itz\u00e1 es emblem\u00e1tica para entender los contextos que cambiar\u00e1n por la llegada del Tren Maya debido a que ah\u00ed la marginaci\u00f3n es evidente; se da una cadena de negocios particular en la que la cultura es el principal motor econ\u00f3mico y en la que todos quieren ganar algo\u201d, indica Gasparello.<\/p>\n<p>La tambi\u00e9n etn\u00f3loga ve una situaci\u00f3n que podr\u00eda replicarse en las dem\u00e1s zonas arqueol\u00f3gicas que ser\u00e1n intervenidas por el Tren Maya, que es la inclusi\u00f3n de las comunidades a las cadenas m\u00e1s bajas del mercado.<\/p>\n<p>\u201cEl proyecto plantea que los vendedores de Chich\u00e9n Itz\u00e1 tengan sus peque\u00f1os locales en una zona especial para ello, cerca de las zonas arqueol\u00f3gicas, entonces tendr\u00e1s a la se\u00f1ora nativa que vender\u00e1 quesadillas con su puesto, claro que puede parecer muy llamativo, pero tambi\u00e9n tendr\u00e1s la comida del hotel de lujo al lado, ah\u00ed radican las desigualdades\u201d, agrega.<\/p>\n<p>Otro punto que resalta es el beneficio para la inversi\u00f3n extranjera, la cual se ver\u00e1 beneficiada por mano de obra barata, es decir, por los nativos.<\/p>\n<p>\u201cEl Tren Maya es un proyecto que favorecer\u00e1 a la industria tur\u00edstica, la gran inversi\u00f3n ser\u00e1 extranjera en los polos de desarrollo que tiene planteado el gobierno; entonces hay una contradicci\u00f3n, porque, por un lado, quieren reacomodar a los ambulantes en una zona espec\u00edfica, pero ellos competir\u00e1n con empresas internacionales, no hay inclusi\u00f3n en ese juego\u201d, detalla.<\/p>\n<p>La antrop\u00f3loga agrega que una proyecci\u00f3n latente es la incorporaci\u00f3n de los habitantes a las econom\u00eda baja. \u201cEs posible que se les incluya en la cadena econ\u00f3mica baja, es decir, de limpiadores, meseros, porque para ellos eso es m\u00e1s de lo que han percibido\u201d, explica.<\/p>\n<p>Econom\u00edas ilegales<\/p>\n<p>Otro de los cambios que proyectan los especialistas es la llegada del crimen organizado a los polos de desarrollo y a las zonas arqueol\u00f3gicas, fen\u00f3meno que ya se ha visto en otros sitios donde se fomentaron proyectos tur\u00edsticos en otras administraciones.<\/p>\n<p>Para Bolfy Cottom, doctor en Historia por la Escuela Nacional de Antropolog\u00eda e Historia y experto en legislaci\u00f3n del patrimonio cultural, la problem\u00e1tica en Chich\u00e9n Itz\u00e1 comenz\u00f3 desde 1980. Asegur\u00f3 que aunque los gobiernos han tratado de detener el uso indebido de la zona arqueol\u00f3gica, hay intereses econ\u00f3micos locales que se oponen a los cambios.<\/p>\n<p>\u201cChich\u00e9n Itz\u00e1 deja ver otras complejidades que existen en el pa\u00eds y que se replican en otras zonas tur\u00edsticas, como tr\u00e1fico de drogas, prostituci\u00f3n y dem\u00e1s\u201d.<\/p>\n<p><img loading=\"lazy\" decoding=\"async\" data-attachment-id=\"66260\" data-permalink=\"https:\/\/www.grieta.org.mx\/index.php\/2023\/01\/27\/indigenas-viviran-impacto-negativo-por-tren-maya\/chichenguardianacional\/\" data-orig-file=\"https:\/\/www.grieta.org.mx\/wp-content\/uploads\/2023\/02\/ChichenGuardiaNacional-e1676400061893.jpg\" data-orig-size=\"800,447\" data-comments-opened=\"0\" data-image-meta=\"{&quot;aperture&quot;:&quot;0&quot;,&quot;credit&quot;:&quot;&quot;,&quot;camera&quot;:&quot;&quot;,&quot;caption&quot;:&quot;&quot;,&quot;created_timestamp&quot;:&quot;0&quot;,&quot;copyright&quot;:&quot;&quot;,&quot;focal_length&quot;:&quot;0&quot;,&quot;iso&quot;:&quot;0&quot;,&quot;shutter_speed&quot;:&quot;0&quot;,&quot;title&quot;:&quot;&quot;,&quot;orientation&quot;:&quot;1&quot;}\" data-image-title=\"ChichenGuardiaNacional\" data-image-description=\"\" data-image-caption=\"\" data-medium-file=\"https:\/\/www.grieta.org.mx\/wp-content\/uploads\/2023\/02\/ChichenGuardiaNacional-e1676400061893-300x168.jpg\" data-large-file=\"https:\/\/www.grieta.org.mx\/wp-content\/uploads\/2023\/02\/ChichenGuardiaNacional-1024x572.jpg\" src=\"http:\/\/www.grieta.org.mx\/wp-content\/uploads\/2023\/02\/ChichenGuardiaNacional-e1676400061893.jpg\" alt=\"\" width=\"800\" height=\"447\" class=\"alignnone size-full wp-image-66260\" srcset=\"https:\/\/www.grieta.org.mx\/wp-content\/uploads\/2023\/02\/ChichenGuardiaNacional-e1676400061893.jpg 800w, https:\/\/www.grieta.org.mx\/wp-content\/uploads\/2023\/02\/ChichenGuardiaNacional-e1676400061893-300x168.jpg 300w, https:\/\/www.grieta.org.mx\/wp-content\/uploads\/2023\/02\/ChichenGuardiaNacional-e1676400061893-768x429.jpg 768w\" sizes=\"auto, (max-width: 800px) 100vw, 800px\" \/><br \/>\nLa Guardia Nacional cuida la Zona Arqueol\u00f3gica de Chich\u00e9n Itz\u00e1 luego de los recientes bloqueos por parte de artesanos, gu\u00edas y ejidatarios.Foto: Especial\u00a0<\/p>\n<p>Para el historiador, el proyecto de Tren Maya no contempl\u00f3 estas problem\u00e1ticas sociales, las cuales podr\u00edan replicarse en los polos de desarrollo a construir debido a que no se cuenta con un plan para contrarrestar la llegada de econom\u00edas ilegales.<\/p>\n<p>\u201cLa mayor\u00eda de los proyectos como este, que vienen del gobierno, son centralistas, representan s\u00f3lo una visi\u00f3n del gobierno; sin duda alguna habr\u00e1 impactos en la forma de vida en las comunidades, la tierra se ver\u00e1 ahora como una mercanc\u00eda y se reconocer\u00e1 la propiedad privada, eso disparar\u00e1 una serie de factores que hemos visto en lugares como Morelos o Canc\u00fan\u201d, a\u00f1ade.<\/p>\n<p>\u201cCon la llegada del turismo, se ver\u00e1 un incremento en el uso de sustancias il\u00edcitas tanto por turistas como por nativos, eso lo vimos en la Riviera Maya y en Canc\u00fan, tambi\u00e9n aumentar\u00e1 la prostituci\u00f3n y la trata de personas\u201d, finaliza Gasparello.<\/p>\n<p><a href=\"https:\/\/www.eluniversal.com.mx\/cultura\/indigenas-viviran-impacto-negativo-por-tren-maya\" rel=\"noopener\" target=\"_blank\">https:\/\/www.eluniversal.com.mx\/cultura\/indigenas-viviran-impacto-negativo-por-tren-maya<\/a><\/p>\n","protected":false},"excerpt":{"rendered":"<p>Cristopher Cabello, enviado \/ El Universal La irrupci\u00f3n del gran turismo llevar\u00e1 a comunidades econom\u00edas ilegales, discriminaci\u00f3n, especulaci\u00f3n inmobiliaria y mercantilizaci\u00f3n de la cultura maya, advierten antrop\u00f3logos. Mientras avanza su &hellip; <a href=\"https:\/\/www.grieta.org.mx\/index.php\/2023\/01\/27\/indigenas-viviran-impacto-negativo-por-tren-maya\/\" class=\"more-link\">Leer m\u00e1s<\/a><\/p>\n","protected":false},"author":2,"featured_media":66261,"comment_status":"closed","ping_status":"closed","sticky":false,"template":"","format":"standard","meta":{"ngg_post_thumbnail":0,"_jetpack_newsletter_access":"","_jetpack_dont_email_post_to_subs":false,"_jetpack_newsletter_tier_id":0,"_jetpack_memberships_contains_paywalled_content":false,"_jetpack_memberships_contains_paid_content":false,"footnotes":""},"categories":[11,80,3,922,926,944,952,2,28,2026,2044,36],"tags":[2520,1717,2271,4130,4140,1878],"class_list":["post-66259","post","type-post","status-publish","format-standard","has-post-thumbnail","hentry","category-campeche","category-cintillo","category-megaproyectos","category-megaproyectos-estados","category-mp-campeche","category-mp-quintana-roo","category-mp-yucatan","category-noticias-nacionales","category-quintana-roo","category-tren-maya","category-tren-maya-analisis","category-yucatan","tag-crimen-organizado","tag-discriminacion-contra-indigenas","tag-especulacion-inmobiliaria","tag-impactos-sociales-por-tren-maya","tag-mercantilizacion-de-la-cultura","tag-tren-maya","entry"],"jetpack_featured_media_url":"https:\/\/www.grieta.org.mx\/wp-content\/uploads\/2023\/02\/CatviPalenque-e1676400119521.jpg","jetpack_sharing_enabled":true,"jetpack_shortlink":"https:\/\/wp.me\/p7ZJR4-heH","jetpack_likes_enabled":false,"jetpack-related-posts":[{"id":35945,"url":"https:\/\/www.grieta.org.mx\/index.php\/2019\/07\/05\/expansion-de-megaproyectos-en-la-peninsula-de-yucatan-video\/","url_meta":{"origin":66259,"position":0},"title":"Expansi\u00f3n de Megaproyectos en la Pen\u00ednsula de Yucat\u00e1n (Video)","author":"grieta","date":"5 julio, 2019","format":false,"excerpt":"https:\/\/youtu.be\/qLBARIAaBsI","rel":"","context":"En &quot;Campeche&quot;","block_context":{"text":"Campeche","link":"https:\/\/www.grieta.org.mx\/index.php\/category\/noticias-nacionales\/campeche\/"},"img":{"alt_text":"","src":"https:\/\/i0.wp.com\/img.youtube.com\/vi\/qLBARIAaBsI\/0.jpg?resize=350%2C200","width":350,"height":200},"classes":[]},{"id":47874,"url":"https:\/\/www.grieta.org.mx\/index.php\/2020\/04\/13\/las-vias-torcidas-del-tren-maya-video\/","url_meta":{"origin":66259,"position":1},"title":"Las v\u00edas torcidas del tren maya (Video)","author":"grieta","date":"13 abril, 2020","format":false,"excerpt":"https:\/\/www.youtube.com\/watch?v=k8FRX9eT0YY","rel":"","context":"En &quot;16. Pueblo Maya&quot;","block_context":{"text":"16. Pueblo Maya","link":"https:\/\/www.grieta.org.mx\/index.php\/category\/espejos-de-la-resistencia\/16-pueblo-maya\/"},"img":{"alt_text":"","src":"https:\/\/i0.wp.com\/www.grieta.org.mx\/wp-content\/uploads\/2020\/04\/ViasTorcidasTrenMaya.png?resize=350%2C200&ssl=1","width":350,"height":200,"srcset":"https:\/\/i0.wp.com\/www.grieta.org.mx\/wp-content\/uploads\/2020\/04\/ViasTorcidasTrenMaya.png?resize=350%2C200&ssl=1 1x, https:\/\/i0.wp.com\/www.grieta.org.mx\/wp-content\/uploads\/2020\/04\/ViasTorcidasTrenMaya.png?resize=525%2C300&ssl=1 1.5x, https:\/\/i0.wp.com\/www.grieta.org.mx\/wp-content\/uploads\/2020\/04\/ViasTorcidasTrenMaya.png?resize=700%2C400&ssl=1 2x"},"classes":[]},{"id":35613,"url":"https:\/\/www.grieta.org.mx\/index.php\/2019\/06\/27\/impactos-sociales-y-territoriales-del-proyecto-tren-maya-video\/","url_meta":{"origin":66259,"position":2},"title":"Impactos sociales y territoriales del proyecto tren maya (Video)","author":"grieta","date":"27 junio, 2019","format":false,"excerpt":"https:\/\/youtu.be\/FPH4ZTKgMPc","rel":"","context":"En &quot;CINTILLO&quot;","block_context":{"text":"CINTILLO","link":"https:\/\/www.grieta.org.mx\/index.php\/category\/cintillo\/"},"img":{"alt_text":"","src":"https:\/\/i0.wp.com\/www.grieta.org.mx\/wp-content\/uploads\/2018\/03\/14524434_1106112876131411_958039263622046936_o.jpg?resize=350%2C200&ssl=1","width":350,"height":200,"srcset":"https:\/\/i0.wp.com\/www.grieta.org.mx\/wp-content\/uploads\/2018\/03\/14524434_1106112876131411_958039263622046936_o.jpg?resize=350%2C200&ssl=1 1x, https:\/\/i0.wp.com\/www.grieta.org.mx\/wp-content\/uploads\/2018\/03\/14524434_1106112876131411_958039263622046936_o.jpg?resize=525%2C300&ssl=1 1.5x, https:\/\/i0.wp.com\/www.grieta.org.mx\/wp-content\/uploads\/2018\/03\/14524434_1106112876131411_958039263622046936_o.jpg?resize=700%2C400&ssl=1 2x"},"classes":[]},{"id":50050,"url":"https:\/\/www.grieta.org.mx\/index.php\/2020\/05\/31\/los-derechos-indigenas-son-pisoteados-con-impunidad-presidencial-y-sin-recato-dicen-mayas-a-amlo\/","url_meta":{"origin":66259,"position":3},"title":"Los derechos ind\u00edgenas \u201cson pisoteados con impunidad presidencial y sin recato\u201d, dicen mayas a AMLO","author":"grieta","date":"31 mayo, 2020","format":false,"excerpt":"Redacci\u00f3n \/ Sin Embargo \u201cSr. L\u00f3pez, viene usted a Yucat\u00e1n, la tierra donde los malos gobiernos (de los tres niveles) se ponen sin decencia ni recato al servicio de megaproyectos de alma podrida, sembrando discordia y conflictos sociales en nuestras comunidades. Llega usted, Sr. L\u00f3pez, al Yucat\u00e1n donde la ilegalidad,\u2026","rel":"","context":"En &quot;16. Pueblo Maya&quot;","block_context":{"text":"16. Pueblo Maya","link":"https:\/\/www.grieta.org.mx\/index.php\/category\/espejos-de-la-resistencia\/16-pueblo-maya\/"},"img":{"alt_text":"","src":"https:\/\/i0.wp.com\/www.grieta.org.mx\/wp-content\/uploads\/2020\/05\/amloco-tirano-rex-e1590968383995.jpg?resize=350%2C200&ssl=1","width":350,"height":200,"srcset":"https:\/\/i0.wp.com\/www.grieta.org.mx\/wp-content\/uploads\/2020\/05\/amloco-tirano-rex-e1590968383995.jpg?resize=350%2C200&ssl=1 1x, https:\/\/i0.wp.com\/www.grieta.org.mx\/wp-content\/uploads\/2020\/05\/amloco-tirano-rex-e1590968383995.jpg?resize=525%2C300&ssl=1 1.5x, https:\/\/i0.wp.com\/www.grieta.org.mx\/wp-content\/uploads\/2020\/05\/amloco-tirano-rex-e1590968383995.jpg?resize=700%2C400&ssl=1 2x"},"classes":[]},{"id":52929,"url":"https:\/\/www.grieta.org.mx\/index.php\/2020\/08\/30\/acusan-a-amlo-de-ignorar-la-resistencia-de-los-indigenas-al-tren-maya\/","url_meta":{"origin":66259,"position":4},"title":"Acusan a AMLO de ignorar la resistencia de los ind\u00edgenas al Tren Maya","author":"grieta","date":"30 agosto, 2020","format":false,"excerpt":"Alejandro Castro \/ Sipse Los dichos de presidente contra las organizaciones civiles asumen que los mayas no \u201cpiensan por s\u00ed mismos\u201d: activistas. Los se\u00f1alamientos del presidente Andr\u00e9s Manuel L\u00f3pez Obrador en torno a una presunta conspiraci\u00f3n desde el extranjero para frenar las obras del Tren Maya; buscan invisibilizar la resistencia\u2026","rel":"","context":"En &quot;Campeche&quot;","block_context":{"text":"Campeche","link":"https:\/\/www.grieta.org.mx\/index.php\/category\/noticias-nacionales\/campeche\/"},"img":{"alt_text":"","src":"https:\/\/i0.wp.com\/www.grieta.org.mx\/wp-content\/uploads\/2020\/08\/1598829514196-e1598933649113.jpeg?resize=350%2C200&ssl=1","width":350,"height":200,"srcset":"https:\/\/i0.wp.com\/www.grieta.org.mx\/wp-content\/uploads\/2020\/08\/1598829514196-e1598933649113.jpeg?resize=350%2C200&ssl=1 1x, https:\/\/i0.wp.com\/www.grieta.org.mx\/wp-content\/uploads\/2020\/08\/1598829514196-e1598933649113.jpeg?resize=525%2C300&ssl=1 1.5x, https:\/\/i0.wp.com\/www.grieta.org.mx\/wp-content\/uploads\/2020\/08\/1598829514196-e1598933649113.jpeg?resize=700%2C400&ssl=1 2x"},"classes":[]},{"id":52154,"url":"https:\/\/www.grieta.org.mx\/index.php\/2020\/07\/02\/acusan-al-tren-maya-de-atentar-contra-el-tejido-comunitario\/","url_meta":{"origin":66259,"position":5},"title":"Acusan al Tren Maya de atentar contra el tejido comunitario","author":"grieta","date":"2 julio, 2020","format":false,"excerpt":"Pablo Puerto \/ Yucat\u00e1n a la Mano El Consejo Civil Mexicano para la Silvicultura Sostenible (CCMSS) acus\u00f3 al proyecto del Tren Maya de romper el tejido comunitario en la Pen\u00ednsula de Yucat\u00e1n, situaci\u00f3n que complica las opciones de reproducir su cultura para confirmar una poblaci\u00f3n urbanizada. A trav\u00e9s de un\u2026","rel":"","context":"En &quot;Campeche&quot;","block_context":{"text":"Campeche","link":"https:\/\/www.grieta.org.mx\/index.php\/category\/noticias-nacionales\/campeche\/"},"img":{"alt_text":"","src":"https:\/\/i0.wp.com\/www.grieta.org.mx\/wp-content\/uploads\/2020\/07\/AcusanAlTren-e1596122559447.png?resize=350%2C200&ssl=1","width":350,"height":200,"srcset":"https:\/\/i0.wp.com\/www.grieta.org.mx\/wp-content\/uploads\/2020\/07\/AcusanAlTren-e1596122559447.png?resize=350%2C200&ssl=1 1x, https:\/\/i0.wp.com\/www.grieta.org.mx\/wp-content\/uploads\/2020\/07\/AcusanAlTren-e1596122559447.png?resize=525%2C300&ssl=1 1.5x, https:\/\/i0.wp.com\/www.grieta.org.mx\/wp-content\/uploads\/2020\/07\/AcusanAlTren-e1596122559447.png?resize=700%2C400&ssl=1 2x"},"classes":[]}],"_links":{"self":[{"href":"https:\/\/www.grieta.org.mx\/index.php\/wp-json\/wp\/v2\/posts\/66259","targetHints":{"allow":["GET"]}}],"collection":[{"href":"https:\/\/www.grieta.org.mx\/index.php\/wp-json\/wp\/v2\/posts"}],"about":[{"href":"https:\/\/www.grieta.org.mx\/index.php\/wp-json\/wp\/v2\/types\/post"}],"author":[{"embeddable":true,"href":"https:\/\/www.grieta.org.mx\/index.php\/wp-json\/wp\/v2\/users\/2"}],"replies":[{"embeddable":true,"href":"https:\/\/www.grieta.org.mx\/index.php\/wp-json\/wp\/v2\/comments?post=66259"}],"version-history":[{"count":1,"href":"https:\/\/www.grieta.org.mx\/index.php\/wp-json\/wp\/v2\/posts\/66259\/revisions"}],"predecessor-version":[{"id":66262,"href":"https:\/\/www.grieta.org.mx\/index.php\/wp-json\/wp\/v2\/posts\/66259\/revisions\/66262"}],"wp:featuredmedia":[{"embeddable":true,"href":"https:\/\/www.grieta.org.mx\/index.php\/wp-json\/wp\/v2\/media\/66261"}],"wp:attachment":[{"href":"https:\/\/www.grieta.org.mx\/index.php\/wp-json\/wp\/v2\/media?parent=66259"}],"wp:term":[{"taxonomy":"category","embeddable":true,"href":"https:\/\/www.grieta.org.mx\/index.php\/wp-json\/wp\/v2\/categories?post=66259"},{"taxonomy":"post_tag","embeddable":true,"href":"https:\/\/www.grieta.org.mx\/index.php\/wp-json\/wp\/v2\/tags?post=66259"}],"curies":[{"name":"wp","href":"https:\/\/api.w.org\/{rel}","templated":true}]}}