{"id":66255,"date":"2022-12-10T11:53:10","date_gmt":"2022-12-10T17:53:10","guid":{"rendered":"https:\/\/www.grieta.org.mx\/?p=66255"},"modified":"2023-02-14T12:14:34","modified_gmt":"2023-02-14T18:14:34","slug":"el-tren-maya-y-su-impacto-ambiental-una-locomotora-de-destruccion-2","status":"publish","type":"post","link":"https:\/\/www.grieta.org.mx\/index.php\/2022\/12\/10\/el-tren-maya-y-su-impacto-ambiental-una-locomotora-de-destruccion-2\/","title":{"rendered":"El Tren Maya y su impacto ambiental, una locomotora de destrucci\u00f3n"},"content":{"rendered":"<p>Mariela Le\u00f3n \/ Cambio 16<\/p>\n<p>Una de las obras prometidas por Andr\u00e9s Manuel L\u00f3pez Obrador en su campa\u00f1a electoral est\u00e1 en marcha con algunos contratiempos, retrasos y muchas cr\u00edticas. El Tren Maya, una monumental obra ferroviaria que busca unir al sur y el sureste del espacioso territorio de M\u00e9xico, a trav\u00e9s de una v\u00eda de unos 1.500 kil\u00f3metros que atravesar\u00e1 cinco estados y 78 municipios.<\/p>\n<p>El proyecto del Tren Maya de 9.800 millones de d\u00f3lares, tiene como objetivo construir una v\u00eda f\u00e9rrea que conectar\u00e1 los estados del sureste mexicano de Chiapas, Tabasco, Campeche, Yucat\u00e1n y Quintana Roo. En total acogen a 11,1 millones de habitantes.<\/p>\n<p>La ambiciosa obra contribuir\u00e1 a \u201cmejorar la calidad de vida de las personas, cuidar el ambiente y detonar el desarrollo sustentable\u201d, dice el gobierno su p\u00e1gina web. A lo que L\u00f3pez Obrador a\u00f1ade que proporcionar\u00e1 un modo de transporte masivo, ambientalmente amigable para locales y turistas por igual. Adem\u00e1s de impulsar la econom\u00eda, la cultura y el empleo en la regi\u00f3n subdesarrollada.<\/p>\n<p>Pero los cr\u00edticos argumentan que el megaproyecto se apresur\u00f3 y se ignoraron las preocupaciones ambientales. El trabajo de abrir los caminos supone la deforestaci\u00f3n de grandes extensiones, afectando los suelos, las aguas, la flora y la fauna. Y la vida de los pobladores.<\/p>\n<p>El apuro y la presi\u00f3n que el gobierno ha impuesto para adelantar la inmensa infraestructura y concluirla en 2023, cuando estiman entre en operaciones, les ha hecho saltar permisos ambientales. Incluso, visualizar los h\u00e1bitats que se afectar\u00e1n y la voz de alerta de los lugare\u00f1os, conocedores de esos espacios y de expertos ambientales.<\/p>\n<p>Estas situaciones han llevado a organizaciones a introducir demandas en los tribunales. Algunas han prosperado y otras se mantienen aletargadas, lo que podr\u00edan retrasar a\u00fan m\u00e1s la v\u00eda f\u00e9rrea.<\/p>\n<p>Entretelones del Tren Maya de M\u00e9xico<\/p>\n<p><img loading=\"lazy\" decoding=\"async\" data-attachment-id=\"66257\" data-permalink=\"https:\/\/www.grieta.org.mx\/index.php\/2022\/12\/10\/el-tren-maya-y-su-impacto-ambiental-una-locomotora-de-destruccion-2\/supervisiontren\/\" data-orig-file=\"https:\/\/www.grieta.org.mx\/wp-content\/uploads\/2023\/02\/SupervisionTren-e1676398158729.jpg\" data-orig-size=\"800,446\" data-comments-opened=\"0\" data-image-meta=\"{&quot;aperture&quot;:&quot;0&quot;,&quot;credit&quot;:&quot;&quot;,&quot;camera&quot;:&quot;&quot;,&quot;caption&quot;:&quot;&quot;,&quot;created_timestamp&quot;:&quot;0&quot;,&quot;copyright&quot;:&quot;&quot;,&quot;focal_length&quot;:&quot;0&quot;,&quot;iso&quot;:&quot;0&quot;,&quot;shutter_speed&quot;:&quot;0&quot;,&quot;title&quot;:&quot;&quot;,&quot;orientation&quot;:&quot;1&quot;}\" data-image-title=\"SupervisionTren\" data-image-description=\"\" data-image-caption=\"\" data-medium-file=\"https:\/\/www.grieta.org.mx\/wp-content\/uploads\/2023\/02\/SupervisionTren-e1676398158729-300x167.jpg\" data-large-file=\"https:\/\/www.grieta.org.mx\/wp-content\/uploads\/2023\/02\/SupervisionTren-1024x570.jpg\" src=\"http:\/\/www.grieta.org.mx\/wp-content\/uploads\/2023\/02\/SupervisionTren-e1676398158729.jpg\" alt=\"\" width=\"800\" height=\"446\" class=\"alignnone size-full wp-image-66257\" srcset=\"https:\/\/www.grieta.org.mx\/wp-content\/uploads\/2023\/02\/SupervisionTren-e1676398158729.jpg 800w, https:\/\/www.grieta.org.mx\/wp-content\/uploads\/2023\/02\/SupervisionTren-e1676398158729-300x167.jpg 300w, https:\/\/www.grieta.org.mx\/wp-content\/uploads\/2023\/02\/SupervisionTren-e1676398158729-768x428.jpg 768w\" sizes=\"auto, (max-width: 800px) 100vw, 800px\" \/><br \/>\nSupervisi\u00f3n del tramo 1 en la localidad de Palenque\/ @TabascoJavier<\/p>\n<p>Un juez en M\u00e9xico asest\u00f3 un golpe al proyecto del Tren Maya, que pretende unir sitios arqueol\u00f3gicos con balnearios mexicanos. El juez orden\u00f3 que se prorrogue la suspensi\u00f3n de las obras de construcci\u00f3n de un tramo de la l\u00ednea del tren hasta que se determine su impacto ambiental.<\/p>\n<p>El fallo es una victoria para un grupo de buzos de cuevas que temen que las obras amenacen las cavernas subterr\u00e1neas, rese\u00f1\u00f3 BBC.<\/p>\n<p>Este \u00faltimo dictamen podr\u00eda detener el trabajo de construcci\u00f3n por meses o incluso a\u00f1os a menos que una apelaci\u00f3n de la autoridad detr\u00e1s del proyecto tenga \u00e9xito. La batalla legal actual se centra en un tramo particular del ferrocarril, conocido como Secci\u00f3n 5, que une los puntos tur\u00edsticos de Canc\u00fan y Tulum.<\/p>\n<p>La controversia surgi\u00f3 luego de que se cambiara la ruta para atravesar un \u00e1rea de selva rica en antiguas cuevas subterr\u00e1neas. Ambientalistas y espele\u00f3logos advirtieron que la maquinaria pesada utilizada para construir la v\u00eda da\u00f1ar\u00eda irremediablemente el singular sistema de cuevas.<\/p>\n<p>Llevaron su caso a los tribunales y un juez concedi\u00f3 una suspensi\u00f3n temporal en abril. Pero luego, el mismo juez declar\u00f3 la suspensi\u00f3n \u00abdefinitiva\u00bb, ordenando que no se realicen obras en este tramo. Hasta que no solo se realicen los estudios de impacto ambiental sino que tambi\u00e9n se aprueben de acuerdo con las leyes mexicanas.<\/p>\n<p>El abogado dijo que actuaba para \u00abevitar da\u00f1os inminentes e irreparables al medio ambiente\u00bb. Mientras tanto, voceros oficiales insisten en las bondades del Tren Maya, pues se plantea un nuevo modelo de desarrollo territorial con la movilidad sustentable al centro.<\/p>\n<p>Esto significa, el impulso de Comunidades Sustentables. Mecanismo gestionar\u00e1 el crecimiento urbano y comercial bajo est\u00e1ndares de densificaci\u00f3n que favorezcan comunidades compactas, conectadas y limpias.<\/p>\n<p>Reconfiguraci\u00f3n del territorio<\/p>\n<p>El Tren Maya de M\u00e9xico trasladar\u00e1 a miles de turistas, a nacionales de diversas localidades. Y llevar\u00e1 carga de soja transg\u00e9nica, aceite de palma y carne de cerdo, grandes actividades agropecuarias en la regi\u00f3n.<\/p>\n<p>El Tramo 1, de los siete que componen el proyecto, tambi\u00e9n presenta problemas. Este tramo partir\u00e1 del municipio de Palenque (Chiapas), seguir\u00e1 a Boca del Cerro y El Triunfo, en el vecino Tabasco. Para arribar a Esc\u00e1rcega, en Campeche, a lo largo de 227 kil\u00f3metros. La ruta tendr\u00e1 paradas en Candelaria (Campeche) y Tenosique (Tabasco).<\/p>\n<p>Para Sergio Prieto, acad\u00e9mico del Colegio de la Frontera Sur, el ferrocarril busca la reconfiguraci\u00f3n del territorio. Con pugnas entre lo p\u00fablico, lo colectivo y lo privado, basada en la llegada de poblaci\u00f3n extrarregional. Y una nueva idea de desarrollo socioecon\u00f3mico, cimentada en el turismo y la creaci\u00f3n de empleos. \u201cSe promueve la idea de que no es una obra extractivista (de recursos naturales), que no da\u00f1a el ambiente. Pero no es solo un tren ni es maya. Es un gran proyecto regional que incorpora otras iniciativas\u201d, dijo Prieto a Efe Verde.<\/p>\n<p>El Tren Maya implica efectos ambientales, culturales, econ\u00f3micos, sociales y territoriales. El Tramo 1 alberga dos zonas de alto impacto ecol\u00f3gico, por la presencia de selva y r\u00edos en Chiapas y Tabasco. Las consecuencias ecol\u00f3gicas han suscitado protestas de organizaciones ambientales en todo el pa\u00eds. Y han contado con el apoyo de cantantes y figuras del espect\u00e1culo, generando un enfrentamiento con L\u00f3pez Obrador.<\/p>\n<p>\u201cEl gobierno dec\u00eda que solo era la rehabilitaci\u00f3n (de la v\u00eda) y se puede constatar que no es as\u00ed. Hay una diferencia enorme, porque el impacto es mucho m\u00e1s fuerte. Hay que excavar de nuevo, remover tierra, flora y est\u00e1n los efectos sobre la fauna\u201d, se\u00f1al\u00f3 Elisa Cruz. Acad\u00e9mica de la p\u00fablica Universidad Aut\u00f3noma de Chiapas.<\/p>\n<p>Varios tramos cuestionados<\/p>\n<p>Un estudio elaborado por investigadores de Ecosur, concluy\u00f3 en que el Tren Maya de M\u00e9xico exacerbar\u00e1 la fragmentaci\u00f3n y el deterioro de la calidad del h\u00e1bitat en un per\u00edodo de solo 10 a\u00f1os.<\/p>\n<p>El reporte citado indica que el tren \u201ctendr\u00e1 una repercusi\u00f3n ambiental mayor que la causada por la red de carreteras de la regi\u00f3n\u201d. Con un efecto \u201cnegativo\u201d, \u201cdirecto\u201d, de \u201cmagnitud alta\u201d y cuya superficie afectada \u201cde forma irreversible\u201d representa 15 % de las 25.000 hect\u00e1reas perdidas por la construcci\u00f3n de carreteras en dos siglos.<\/p>\n<p>La p\u00e9rdida de h\u00e1bitats, provocada por la operaci\u00f3n del ferrocarril, puede incrementar significativamente durante la primera d\u00e9cada de funcionamiento.Por el hipot\u00e9tico fomento a la agricultura y ganader\u00eda debido a la baja de costos de transporte.<\/p>\n<p>Para el recorrido de unos 600 kil\u00f3metros entre Palenque e Izamal (Yucat\u00e1n), Fonatur solicit\u00f3 a la autoridad ambiental el permiso para talar m\u00e1s de 800 hect\u00e1reas. En total, el Tren Maya demanda 1.681 hect\u00e1reas, que implican el corte de 30.0000 \u00e1rboles, seg\u00fan el estudio original de impacto ambiental.<\/p>\n<p>El gobierno mexicano insiste en que no da\u00f1a el ambiente y, por lo contrario, trabaja en su mejoramiento. Fonatur argumenta que el programa Sembrando Vida, que paga cada mes unos 250 d\u00f3lares a sus beneficiarios por sembrar \u00e1rboles frutales y maderables. Ya cubre 19.707 hect\u00e1reas en Palenque y La Libertad, un municipio vecino. A lo largo del Tren Maya, ese plan se extiende por 142.852 hect\u00e1reas.<\/p>\n<p>La gran traves\u00eda del tren se top\u00f3 con un nuevo obst\u00e1culo en el tramo 7. La historia es larga, pero a mediados de la d\u00e9cada de los noventa, las comunidades que se encuentran dentro y alrededor de la Reserva de la Biosfera Calakmul, en el estado de Campeche, sufrieron una intensa sequ\u00eda. Las autoridades federales y estatales no atendieron el problema.<\/p>\n<p>Desconocimiento a pueblos originarios<\/p>\n<p>La gente realiz\u00f3 una peregrinaci\u00f3n que se transform\u00f3 en una protesta. Ah\u00ed se dio la g\u00e9nesis de lo que hoy es el Consejo Regional Ind\u00edgena Popular de Xpujil (CRIPX).Organizaci\u00f3n que desde entonces impulsa, entre otras cosas, la agroecolog\u00eda, la cosecha de agua de lluvia y la formaci\u00f3n de defensores comunitarios del territorio, rese\u00f1\u00f3 Mongabay Latam.<\/p>\n<p>Desde 2019, las comunidades que forman parte del CRIPX han sumado una nueva \u00e1rea de acci\u00f3n: utilizar todos los recursos legales nacionales e internacionales para impedir la construcci\u00f3n del Tren Maya de M\u00e9xico en el tramo 7. Que va desde Bacalar, en Quintana Roo, hasta Esc\u00e1rcega, en Campeche. Hasta ahora, su objetivo lo han conseguido.<\/p>\n<p>De todos los amparos que los tribunales han otorgado a las organizaciones y particulares que han buscado detener las obras del Tren Maya, el que a\u00fan sigue vigente. Y que ordena la suspensi\u00f3n de las obras en la zona de Xpujil es el otorgado al CRIPX en 2020.<\/p>\n<p>La organizaci\u00f3n comunitaria, que tiene presencia en Campeche y Yucat\u00e1n, recurri\u00f3 a ese recurso legal para denunciar que la consulta sobre el Tren Maya, realizada en diciembre de 2019, en Xpujil, municipio de Calakmul, no cumpli\u00f3 con los est\u00e1ndares internacionales.<\/p>\n<p>Romel Gonz\u00e1lez D\u00edaz, uno de los fundadores del CRIPX, explic\u00f3 por qu\u00e9 la organizaci\u00f3n se opone al megaproyecto. Y las presiones que han enfrentado algunos de sus integrantes para que cesen sus acciones legales en contra del Tren Maya. Dijo que se enteraron del Tren Maya por los medios, que a ellos no los convocaron.<\/p>\n<p>Luego, cont\u00f3, nos dimos cuenta que estaban violentando nuestros derechos y no estaban cumpliendo con lo que marcan los est\u00e1ndares internacionales. Como el Convenio 169 de la Organizaci\u00f3n Internacional del Trabajo o lo que dice la Declaraci\u00f3n de las Naciones Unidas sobre Pueblos Ind\u00edgenas.<\/p>\n<p><a href=\"https:\/\/www.cambio16.com\/el-tren-maya-gran-obra-ferroviaria-de-mexico-criticada-por-ambientalistas\/\" rel=\"noopener\" target=\"_blank\">https:\/\/www.cambio16.com\/el-tren-maya-gran-obra-ferroviaria-de-mexico-criticada-por-ambientalistas\/<\/a><\/p>\n","protected":false},"excerpt":{"rendered":"<p>Mariela Le\u00f3n \/ Cambio 16 Una de las obras prometidas por Andr\u00e9s Manuel L\u00f3pez Obrador en su campa\u00f1a electoral est\u00e1 en marcha con algunos contratiempos, retrasos y muchas cr\u00edticas. El &hellip; <a href=\"https:\/\/www.grieta.org.mx\/index.php\/2022\/12\/10\/el-tren-maya-y-su-impacto-ambiental-una-locomotora-de-destruccion-2\/\" class=\"more-link\">Leer m\u00e1s<\/a><\/p>\n","protected":false},"author":2,"featured_media":66256,"comment_status":"closed","ping_status":"closed","sticky":false,"template":"","format":"standard","meta":{"ngg_post_thumbnail":0,"_jetpack_newsletter_access":"","_jetpack_dont_email_post_to_subs":false,"_jetpack_newsletter_tier_id":0,"_jetpack_memberships_contains_paywalled_content":false,"_jetpack_memberships_contains_paid_content":false,"footnotes":""},"categories":[11,80,2749,2943,2258,3,922,926,944,952,2,28,1877,1875,1876,2026,36],"tags":[2562,2633,1878],"class_list":["post-66255","post","type-post","status-publish","format-standard","has-post-thumbnail","hentry","category-campeche","category-cintillo","category-destruccion-y-contaminacion-ambiental-en-quintana-roo","category-destruccion-y-contaminacion-ambiental-en-yucatan","category-ecocidio-en-campeche","category-megaproyectos","category-megaproyectos-estados","category-mp-campeche","category-mp-quintana-roo","category-mp-yucatan","category-noticias-nacionales","category-quintana-roo","category-resistencia-al-tren-maya-en-la-peninsula-de-yucatan-campeche","category-resistencia-al-tren-maya-en-la-peninsula-de-yucatan","category-resistencia-al-tren-maya-en-la-peninsula-de-yucatan-quintana-roo","category-tren-maya","category-yucatan","tag-destruccion-ambiental","tag-destruccion-del-patrimonio-historico","tag-tren-maya","entry"],"jetpack_featured_media_url":"https:\/\/www.grieta.org.mx\/wp-content\/uploads\/2023\/02\/Ecocidio-e1676397967791.jpg","jetpack_sharing_enabled":true,"jetpack_shortlink":"https:\/\/wp.me\/p7ZJR4-heD","jetpack_likes_enabled":false,"jetpack-related-posts":[{"id":68844,"url":"https:\/\/www.grieta.org.mx\/index.php\/2024\/04\/29\/ambientalistas-clausuran-las-oficinas-de-semarnat-tras-calificarla-de-ecocida-quintana-roo\/","url_meta":{"origin":66255,"position":0},"title":"Ambientalistas &#8220;clausuran&#8221; las oficinas de Semarnat tras calificarla de ecocida (Quintana Roo)","author":"grieta","date":"29 abril, 2024","format":false,"excerpt":"Leslie Gordillo \/ NOTICARIBE PENINSULAR CANC\u00daN.- Un grupo de ambientalistas, representante de diferentes organismos y asociaciones civiles, se manifestaron en la zona hotelera de Canc\u00fan y clausuraron de manera simb\u00f3lica las oficinas de la Secretar\u00eda de Medio Ambiente y Recursos Naturales (Semarnat). La denuncia es que la Semarnat ha sido\u2026","rel":"","context":"En &quot;Campeche&quot;","block_context":{"text":"Campeche","link":"https:\/\/www.grieta.org.mx\/index.php\/category\/noticias-nacionales\/campeche\/"},"img":{"alt_text":"","src":"https:\/\/i0.wp.com\/www.grieta.org.mx\/wp-content\/uploads\/2024\/04\/ambientalitas-e1715552774254.jpg?resize=350%2C200&ssl=1","width":350,"height":200,"srcset":"https:\/\/i0.wp.com\/www.grieta.org.mx\/wp-content\/uploads\/2024\/04\/ambientalitas-e1715552774254.jpg?resize=350%2C200&ssl=1 1x, https:\/\/i0.wp.com\/www.grieta.org.mx\/wp-content\/uploads\/2024\/04\/ambientalitas-e1715552774254.jpg?resize=525%2C300&ssl=1 1.5x, https:\/\/i0.wp.com\/www.grieta.org.mx\/wp-content\/uploads\/2024\/04\/ambientalitas-e1715552774254.jpg?resize=700%2C400&ssl=1 2x"},"classes":[]},{"id":47874,"url":"https:\/\/www.grieta.org.mx\/index.php\/2020\/04\/13\/las-vias-torcidas-del-tren-maya-video\/","url_meta":{"origin":66255,"position":1},"title":"Las v\u00edas torcidas del tren maya (Video)","author":"grieta","date":"13 abril, 2020","format":false,"excerpt":"https:\/\/www.youtube.com\/watch?v=k8FRX9eT0YY","rel":"","context":"En &quot;16. Pueblo Maya&quot;","block_context":{"text":"16. Pueblo Maya","link":"https:\/\/www.grieta.org.mx\/index.php\/category\/espejos-de-la-resistencia\/16-pueblo-maya\/"},"img":{"alt_text":"","src":"https:\/\/i0.wp.com\/www.grieta.org.mx\/wp-content\/uploads\/2020\/04\/ViasTorcidasTrenMaya.png?resize=350%2C200&ssl=1","width":350,"height":200,"srcset":"https:\/\/i0.wp.com\/www.grieta.org.mx\/wp-content\/uploads\/2020\/04\/ViasTorcidasTrenMaya.png?resize=350%2C200&ssl=1 1x, https:\/\/i0.wp.com\/www.grieta.org.mx\/wp-content\/uploads\/2020\/04\/ViasTorcidasTrenMaya.png?resize=525%2C300&ssl=1 1.5x, https:\/\/i0.wp.com\/www.grieta.org.mx\/wp-content\/uploads\/2020\/04\/ViasTorcidasTrenMaya.png?resize=700%2C400&ssl=1 2x"},"classes":[]},{"id":35945,"url":"https:\/\/www.grieta.org.mx\/index.php\/2019\/07\/05\/expansion-de-megaproyectos-en-la-peninsula-de-yucatan-video\/","url_meta":{"origin":66255,"position":2},"title":"Expansi\u00f3n de Megaproyectos en la Pen\u00ednsula de Yucat\u00e1n (Video)","author":"grieta","date":"5 julio, 2019","format":false,"excerpt":"https:\/\/youtu.be\/qLBARIAaBsI","rel":"","context":"En &quot;Campeche&quot;","block_context":{"text":"Campeche","link":"https:\/\/www.grieta.org.mx\/index.php\/category\/noticias-nacionales\/campeche\/"},"img":{"alt_text":"","src":"https:\/\/i0.wp.com\/img.youtube.com\/vi\/qLBARIAaBsI\/0.jpg?resize=350%2C200","width":350,"height":200},"classes":[]},{"id":65964,"url":"https:\/\/www.grieta.org.mx\/index.php\/2022\/12\/15\/tren-maya-duplica-tendencia-de-deforestacion-en-el-sureste-mexicano\/","url_meta":{"origin":66255,"position":3},"title":"Tren Maya duplica tendencia de deforestaci\u00f3n en el sureste mexicano","author":"grieta","date":"15 diciembre, 2022","format":false,"excerpt":"Jes\u00fas V\u00e1zquez \/ Foto: Cuartoscuro \/ El Economista Canc\u00fan, QR. Con la construcci\u00f3n y entrada de operaci\u00f3n del Tren Maya, la tendencia de deforestaci\u00f3n neta en la regi\u00f3n de influencia del proyecto aumentar\u00e1 de 9,786 hect\u00e1reas por a\u00f1o (ha\/a\u00f1o) a 12,189.2 ha\/a\u00f1o entre el 2018 y el 2030, lo que\u2026","rel":"","context":"En &quot;Campeche&quot;","block_context":{"text":"Campeche","link":"https:\/\/www.grieta.org.mx\/index.php\/category\/noticias-nacionales\/campeche\/"},"img":{"alt_text":"","src":"https:\/\/i0.wp.com\/www.grieta.org.mx\/wp-content\/uploads\/2022\/12\/Deforestacion-e1671797549818.jpg?resize=350%2C200&ssl=1","width":350,"height":200,"srcset":"https:\/\/i0.wp.com\/www.grieta.org.mx\/wp-content\/uploads\/2022\/12\/Deforestacion-e1671797549818.jpg?resize=350%2C200&ssl=1 1x, https:\/\/i0.wp.com\/www.grieta.org.mx\/wp-content\/uploads\/2022\/12\/Deforestacion-e1671797549818.jpg?resize=525%2C300&ssl=1 1.5x, https:\/\/i0.wp.com\/www.grieta.org.mx\/wp-content\/uploads\/2022\/12\/Deforestacion-e1671797549818.jpg?resize=700%2C400&ssl=1 2x"},"classes":[]},{"id":66739,"url":"https:\/\/www.grieta.org.mx\/index.php\/2023\/03\/20\/denunciado-un-buque-cubano-por-danar-el-arrecife-mexicano-con-material-para-el-tren-maya-quintana-roo\/","url_meta":{"origin":66255,"position":4},"title":"Denunciado un buque cubano por da\u00f1ar el arrecife mexicano con material para el Tren Maya (Quintana Roo)","author":"grieta","date":"20 marzo, 2023","format":false,"excerpt":"El Pa\u00eds El buzo y ambientalista Alberto Friscione emprendi\u00f3 una expedici\u00f3n para bucear cerca del buque Melody. El barco transporta una carga de 20.000 toneladas de porfirita (un tipo de roca) procedentes de Cuba y que servir\u00e1n de balasto para el Tren Maya. De acuerdo con los hallazgos de Friscione,\u2026","rel":"","context":"En &quot;CINTILLO&quot;","block_context":{"text":"CINTILLO","link":"https:\/\/www.grieta.org.mx\/index.php\/category\/cintillo\/"},"img":{"alt_text":"","src":"https:\/\/i0.wp.com\/www.grieta.org.mx\/wp-content\/uploads\/2023\/04\/PuertoMorelos-scaled-e1680386565174.jpg?resize=350%2C200&ssl=1","width":350,"height":200,"srcset":"https:\/\/i0.wp.com\/www.grieta.org.mx\/wp-content\/uploads\/2023\/04\/PuertoMorelos-scaled-e1680386565174.jpg?resize=350%2C200&ssl=1 1x, https:\/\/i0.wp.com\/www.grieta.org.mx\/wp-content\/uploads\/2023\/04\/PuertoMorelos-scaled-e1680386565174.jpg?resize=525%2C300&ssl=1 1.5x, https:\/\/i0.wp.com\/www.grieta.org.mx\/wp-content\/uploads\/2023\/04\/PuertoMorelos-scaled-e1680386565174.jpg?resize=700%2C400&ssl=1 2x"},"classes":[]},{"id":66094,"url":"https:\/\/www.grieta.org.mx\/index.php\/2023\/01\/18\/tribunal-otorga-nueva-suspension-contra-las-obras-del-tramo-5-del-tren-maya\/","url_meta":{"origin":66255,"position":5},"title":"Tribunal otorga nueva suspensi\u00f3n contra las obras del Tramo 5 del Tren Maya","author":"grieta","date":"18 enero, 2023","format":false,"excerpt":"Octavio Mart\u00ednez \/ Revista Proceso Un Tribunal Colegiado otorg\u00f3 una suspensi\u00f3n provisional de amparo contra las obras del Tramo 5 del Tren Maya, con lo que deber\u00e1n detenerse los trabajos de desmonte en la ruta de Canc\u00fan a Tulum. CIUDAD DE M\u00c9XICO (apro).\u2013 Una suspensi\u00f3n provisional de amparo fue otorgada\u2026","rel":"","context":"En &quot;Campeche&quot;","block_context":{"text":"Campeche","link":"https:\/\/www.grieta.org.mx\/index.php\/category\/noticias-nacionales\/campeche\/"},"img":{"alt_text":"","src":"https:\/\/i0.wp.com\/www.grieta.org.mx\/wp-content\/uploads\/2023\/01\/TrenMayaAmparo-e1674338538762.jpg?resize=350%2C200&ssl=1","width":350,"height":200,"srcset":"https:\/\/i0.wp.com\/www.grieta.org.mx\/wp-content\/uploads\/2023\/01\/TrenMayaAmparo-e1674338538762.jpg?resize=350%2C200&ssl=1 1x, https:\/\/i0.wp.com\/www.grieta.org.mx\/wp-content\/uploads\/2023\/01\/TrenMayaAmparo-e1674338538762.jpg?resize=525%2C300&ssl=1 1.5x, https:\/\/i0.wp.com\/www.grieta.org.mx\/wp-content\/uploads\/2023\/01\/TrenMayaAmparo-e1674338538762.jpg?resize=700%2C400&ssl=1 2x"},"classes":[]}],"_links":{"self":[{"href":"https:\/\/www.grieta.org.mx\/index.php\/wp-json\/wp\/v2\/posts\/66255","targetHints":{"allow":["GET"]}}],"collection":[{"href":"https:\/\/www.grieta.org.mx\/index.php\/wp-json\/wp\/v2\/posts"}],"about":[{"href":"https:\/\/www.grieta.org.mx\/index.php\/wp-json\/wp\/v2\/types\/post"}],"author":[{"embeddable":true,"href":"https:\/\/www.grieta.org.mx\/index.php\/wp-json\/wp\/v2\/users\/2"}],"replies":[{"embeddable":true,"href":"https:\/\/www.grieta.org.mx\/index.php\/wp-json\/wp\/v2\/comments?post=66255"}],"version-history":[{"count":1,"href":"https:\/\/www.grieta.org.mx\/index.php\/wp-json\/wp\/v2\/posts\/66255\/revisions"}],"predecessor-version":[{"id":66258,"href":"https:\/\/www.grieta.org.mx\/index.php\/wp-json\/wp\/v2\/posts\/66255\/revisions\/66258"}],"wp:featuredmedia":[{"embeddable":true,"href":"https:\/\/www.grieta.org.mx\/index.php\/wp-json\/wp\/v2\/media\/66256"}],"wp:attachment":[{"href":"https:\/\/www.grieta.org.mx\/index.php\/wp-json\/wp\/v2\/media?parent=66255"}],"wp:term":[{"taxonomy":"category","embeddable":true,"href":"https:\/\/www.grieta.org.mx\/index.php\/wp-json\/wp\/v2\/categories?post=66255"},{"taxonomy":"post_tag","embeddable":true,"href":"https:\/\/www.grieta.org.mx\/index.php\/wp-json\/wp\/v2\/tags?post=66255"}],"curies":[{"name":"wp","href":"https:\/\/api.w.org\/{rel}","templated":true}]}}