{"id":66238,"date":"2023-02-03T11:42:22","date_gmt":"2023-02-03T17:42:22","guid":{"rendered":"https:\/\/www.grieta.org.mx\/?p=66238"},"modified":"2023-02-12T12:21:59","modified_gmt":"2023-02-12T18:21:59","slug":"denuncias-colectivos-feministas-retraso-en-carpetas-de-investigacion-del-cjm-jalisco","status":"publish","type":"post","link":"https:\/\/www.grieta.org.mx\/index.php\/2023\/02\/03\/denuncias-colectivos-feministas-retraso-en-carpetas-de-investigacion-del-cjm-jalisco\/","title":{"rendered":"Denuncias colectivos feministas retraso en carpetas de investigaci\u00f3n del CJM (Jalisco)"},"content":{"rendered":"<p>Imagen: Tomada de la Red<\/p>\n<p>Carolina G\u00f3mez Agui\u00f1aga \/ Tribuna de Bah\u00eda<\/p>\n<p>Colectivos feministas exigen que sean sancionados los funcionarios de la Fiscal\u00eda de Jalisco que no den seguimiento a las denuncias por violencia y se\u00f1alan atraso en la integraci\u00f3n de las carpetas de investigaci\u00f3n del Centro de Justica para Mujeres en Puerto Vallarta. Esto luego del brutal feminicidio de Erika Noemi Ch\u00e1vez, asesinada el domingo y cuya denuncia fue olvidada desde 2021.<\/p>\n<p>La presidente del Colectivo Mujeres de Puerto Vallarta, Emma Noriega, coment\u00f3 que en las mesas de alerta de g\u00e9nero se ha solicitado que en los casos donde no haya un real seguimiento a las denuncias interpuestas, se quiten a los servidores p\u00fablicos encargados, para que haya una real investigaci\u00f3n y sigan los protocolos.<\/p>\n<p>&#8220;En el caso de la fiscal\u00eda, hemos reiterado que se les debe dar sensibilizaci\u00f3n con perspectiva de genero, porque las v\u00edctimas ya no acuden a darle seguimiento porque en muchas ocasiones no les queda claro el proceso y las revictimizan. Cuando el Centro de Justicia de Mujeres depend\u00eda de fiscal\u00eda, los MP (Ministerio P\u00fablico) les dec\u00edan que por andar en la fiesta y cosas as\u00ed y los CJM se hicieron para evitar eso y para que quienes estuvieran adentro, tuvieron formaci\u00f3n en derechos humanos y perspectiva de genero&#8221;, dijo la activista.<\/p>\n<p>Por su parte, Adriana Fern\u00e1ndez Amaro, de la Red de Mujeres del distrito 05 de Jalisco, cuestion\u00f3 el que exista un retraso en las carpetas de investigaci\u00f3n de al menos cinco meses, situaci\u00f3n de la cual esta enterada la Secretar\u00eda de Salud Sustantiva del Estado.<\/p>\n<p>&#8220;La gente que trabajando en Fiscal\u00eda o juzgados deber\u00edan incluir una perspectiva de derechos humanos y genero. Aqu\u00ed est\u00e1n los resultados, el feminicidio de \u00c9rika Noemi. Desde que cambio el CJM a redes de justicia no est\u00e1 funcionando como tal (&#8230;) que las carpetas que no se est\u00e1n actuando, que les finquen responsabilidades, sean hombre o mujeres, sino hacen bien su trabajo porque para eso fuiste contratado por el estado&#8221;.<\/p>\n<p>Fern\u00e1ndez Amaro tambi\u00e9n se\u00f1al\u00f3 que las medidas de protecci\u00f3n no est\u00e1n funcionando.<\/p>\n<p>&#8220;S\u00ed hay medidas de protecci\u00f3n, pero es un instrumento que no est\u00e1 sirviendo: la Polic\u00eda Municipal no va a ver constantemente a todas las mujeres, no se dan abasto, es necesario tener otro instrumento. La polic\u00eda no acude en dos segundos contigo, deber\u00eda haber botones de p\u00e1nico&#8221;. finaliz\u00f3.<\/p>\n<p><a href=\"https:\/\/tribunadelabahia.com.mx\/colectivos-retraso-carpetas-cjm-62335\">https:\/\/tribunadelabahia.com.mx\/colectivos-retraso-carpetas-cjm-62335<\/a><\/p>\n","protected":false},"excerpt":{"rendered":"<p>Imagen: Tomada de la Red Carolina G\u00f3mez Agui\u00f1aga \/ Tribuna de Bah\u00eda Colectivos feministas exigen que sean sancionados los funcionarios de la Fiscal\u00eda de Jalisco que no den seguimiento a &hellip; <a href=\"https:\/\/www.grieta.org.mx\/index.php\/2023\/02\/03\/denuncias-colectivos-feministas-retraso-en-carpetas-de-investigacion-del-cjm-jalisco\/\" class=\"more-link\">Leer m\u00e1s<\/a><\/p>\n","protected":false},"author":2,"featured_media":66239,"comment_status":"closed","ping_status":"closed","sticky":false,"template":"","format":"standard","meta":{"ngg_post_thumbnail":0,"_jetpack_newsletter_access":"","_jetpack_dont_email_post_to_subs":false,"_jetpack_newsletter_tier_id":0,"_jetpack_memberships_contains_paywalled_content":false,"_jetpack_memberships_contains_paid_content":false,"footnotes":""},"categories":[80,84,2107,20,2,83],"tags":[3042,2999,81,3660,1428],"class_list":["post-66238","post","type-post","status-publish","format-standard","has-post-thumbnail","hentry","category-cintillo","category-feminicidios","category-feminicidios-en-jalisco","category-jalisco","category-noticias-nacionales","category-temas-nacionales","tag-colectivos-feministas","tag-feminicidio-violencia-contra-las-mujeres","tag-feminicidios","tag-fiscalia","tag-protestas-contra-el-feminicidio","entry"],"jetpack_featured_media_url":"https:\/\/www.grieta.org.mx\/wp-content\/uploads\/2023\/02\/images.jpg","jetpack_sharing_enabled":true,"jetpack_shortlink":"https:\/\/wp.me\/p7ZJR4-hem","jetpack_likes_enabled":false,"jetpack-related-posts":[{"id":65804,"url":"https:\/\/www.grieta.org.mx\/index.php\/2022\/11\/26\/estado-feminicida-denuncian-colectivos-feministas-vallarta-entre-los-municipios-con-mas-feminicidios-del-pais-jalisco\/","url_meta":{"origin":66238,"position":0},"title":"\u201cEstado feminicida\u201d denuncian colectivos feministas, Vallarta entre los municipios con mas feminicidios del pa\u00eds (Jalisco)","author":"grieta","date":"26 noviembre, 2022","format":false,"excerpt":"Imagen: Tribuna de la Bah\u00eda Carolina G\u00f3mez Agui\u00f1aga \/ Tribuna de la Bah\u00eda Como \u201cEstado feminicida\u201d calificaron los colectivos feministas de Puerto Vallarta a Jalisco durante la marcha que realizaron del Parque de las Mujeres a Los Arcos del Malec\u00f3n en el D\u00eda Internacional de la Eliminaci\u00f3n de la Violencia\u2026","rel":"","context":"En &quot;CINTILLO&quot;","block_context":{"text":"CINTILLO","link":"https:\/\/www.grieta.org.mx\/index.php\/category\/cintillo\/"},"img":{"alt_text":"","src":"https:\/\/i0.wp.com\/www.grieta.org.mx\/wp-content\/uploads\/2022\/11\/marcha-feminista-25-noviembre-2-cover.jpg?resize=350%2C200&ssl=1","width":350,"height":200,"srcset":"https:\/\/i0.wp.com\/www.grieta.org.mx\/wp-content\/uploads\/2022\/11\/marcha-feminista-25-noviembre-2-cover.jpg?resize=350%2C200&ssl=1 1x, https:\/\/i0.wp.com\/www.grieta.org.mx\/wp-content\/uploads\/2022\/11\/marcha-feminista-25-noviembre-2-cover.jpg?resize=525%2C300&ssl=1 1.5x, https:\/\/i0.wp.com\/www.grieta.org.mx\/wp-content\/uploads\/2022\/11\/marcha-feminista-25-noviembre-2-cover.jpg?resize=700%2C400&ssl=1 2x"},"classes":[]},{"id":38837,"url":"https:\/\/www.grieta.org.mx\/index.php\/2019\/09\/02\/feministas-de-vallarta-exigiran-a-enrique-alfaro-acciones-contra-feminicidios-jalisco\/","url_meta":{"origin":66238,"position":1},"title":"Feministas de Vallarta exigir\u00e1n a Enrique Alfaro acciones contra feminicidios (Jalisco)","author":"grieta","date":"2 septiembre, 2019","format":false,"excerpt":"Foto: Vallarta Opina Jos\u00e9 Luis Burgos \/ Vallarta Opina El colectivo de activistas mujeres \u201cVallarta Fem\u201d ha anunciado su intenci\u00f3n de enviar un pliego petitorio al Gobierno de Jalisco para que tome cartas en la crisis de feminicidios y trata de mujeres que existe en Puerto Vallarta. Esto, luego de\u2026","rel":"","context":"En &quot;CINTILLO&quot;","block_context":{"text":"CINTILLO","link":"https:\/\/www.grieta.org.mx\/index.php\/category\/cintillo\/"},"img":{"alt_text":"","src":"https:\/\/i0.wp.com\/www.grieta.org.mx\/wp-content\/uploads\/2019\/09\/Manifestaci%C3%B3n-feminista-en-Puerto-Vallarta-1.jpeg?resize=350%2C200&ssl=1","width":350,"height":200,"srcset":"https:\/\/i0.wp.com\/www.grieta.org.mx\/wp-content\/uploads\/2019\/09\/Manifestaci%C3%B3n-feminista-en-Puerto-Vallarta-1.jpeg?resize=350%2C200&ssl=1 1x, https:\/\/i0.wp.com\/www.grieta.org.mx\/wp-content\/uploads\/2019\/09\/Manifestaci%C3%B3n-feminista-en-Puerto-Vallarta-1.jpeg?resize=525%2C300&ssl=1 1.5x, https:\/\/i0.wp.com\/www.grieta.org.mx\/wp-content\/uploads\/2019\/09\/Manifestaci%C3%B3n-feminista-en-Puerto-Vallarta-1.jpeg?resize=700%2C400&ssl=1 2x"},"classes":[]},{"id":63952,"url":"https:\/\/www.grieta.org.mx\/index.php\/2022\/04\/06\/colectivos-reclaman-por-retiro-de-memorial-a-victimas-de-feminicidio-jalisco\/","url_meta":{"origin":66238,"position":2},"title":"Colectivos reclaman por retiro de memorial a v\u00edctimas de feminicidio (Jalisco)","author":"grieta","date":"6 abril, 2022","format":false,"excerpt":"Foto: Tribuna de la Bah\u00eda Berta Beltr\u00e1n \/ Tribuna de la Bah\u00eda Este mi\u00e9rcoles, diferentes colectivos de mujeres de\u00a0Puerto Vallarta, se\u00f1alaron que el Ayuntamiento municipal,\u00a0quit\u00f3 la cruz rosa que estaba colocada en el parque\u00a0de las Mujeres desde el 2018 y que forma parte de un memorial de las v\u00edctimas de\u2026","rel":"","context":"En &quot;CINTILLO&quot;","block_context":{"text":"CINTILLO","link":"https:\/\/www.grieta.org.mx\/index.php\/category\/cintillo\/"},"img":{"alt_text":"","src":"https:\/\/i0.wp.com\/www.grieta.org.mx\/wp-content\/uploads\/2022\/04\/violencia-contra-las-mujeres-2-cover.jpg?resize=350%2C200&ssl=1","width":350,"height":200,"srcset":"https:\/\/i0.wp.com\/www.grieta.org.mx\/wp-content\/uploads\/2022\/04\/violencia-contra-las-mujeres-2-cover.jpg?resize=350%2C200&ssl=1 1x, https:\/\/i0.wp.com\/www.grieta.org.mx\/wp-content\/uploads\/2022\/04\/violencia-contra-las-mujeres-2-cover.jpg?resize=525%2C300&ssl=1 1.5x, https:\/\/i0.wp.com\/www.grieta.org.mx\/wp-content\/uploads\/2022\/04\/violencia-contra-las-mujeres-2-cover.jpg?resize=700%2C400&ssl=1 2x"},"classes":[]},{"id":64061,"url":"https:\/\/www.grieta.org.mx\/index.php\/2022\/04\/23\/estamos-en-lucha-estamos-aca-colectivos-feministas-de-la-mercadita-resistencia-exigen-proteccion-jaisco\/","url_meta":{"origin":66238,"position":3},"title":"&#8220;Estamos en lucha, estamos ac\u00e1&#8221;: Colectivos Feministas de la Mercadita Resistencia exigen protecci\u00f3n (Jalisco)","author":"grieta","date":"23 abril, 2022","format":false,"excerpt":"Foto: Janeth Gonz\u00e1lez - El Occidental Janeth Gonz\u00e1lez \/El Occidental De nueva cuenta, al grito de \"estamos en lucha, estamos ac\u00e1\" un grupo de mujeres se manifiestan y cierran la avenida Vallarta, en Guadalajara, a la altura del Parque Rojo, para que la ciudadan\u00eda se entere de lo que sucede,\u2026","rel":"","context":"En &quot;CINTILLO&quot;","block_context":{"text":"CINTILLO","link":"https:\/\/www.grieta.org.mx\/index.php\/category\/cintillo\/"},"img":{"alt_text":"","src":"https:\/\/i0.wp.com\/www.grieta.org.mx\/wp-content\/uploads\/2022\/04\/manifestacio%CC%81n-debanhi.jpg?resize=350%2C200&ssl=1","width":350,"height":200,"srcset":"https:\/\/i0.wp.com\/www.grieta.org.mx\/wp-content\/uploads\/2022\/04\/manifestacio%CC%81n-debanhi.jpg?resize=350%2C200&ssl=1 1x, https:\/\/i0.wp.com\/www.grieta.org.mx\/wp-content\/uploads\/2022\/04\/manifestacio%CC%81n-debanhi.jpg?resize=525%2C300&ssl=1 1.5x, https:\/\/i0.wp.com\/www.grieta.org.mx\/wp-content\/uploads\/2022\/04\/manifestacio%CC%81n-debanhi.jpg?resize=700%2C400&ssl=1 2x"},"classes":[]},{"id":63695,"url":"https:\/\/www.grieta.org.mx\/index.php\/2022\/03\/08\/marchan-mujeres-de-vallarta-para-exigir-respeto-y-seguridad-jalisco\/","url_meta":{"origin":66238,"position":4},"title":"Marchan mujeres de Vallarta para exigir respeto y seguridad (Jalisco)","author":"grieta","date":"8 marzo, 2022","format":false,"excerpt":"Foto: Tribuna de la Bah\u00eda Brenda Beltr\u00e1n \/ Tribuna de la Bah\u00eda Cientos de mujeres, pertenecientes a colectivos de\u00a0Puerto Vallarta, estudiantes, madres de familias y m\u00e1s, salieron a\u00a0marchar este 8 de marzo\u00a0de forma pac\u00edfica, exigiendo a las autoridades que sean escuchadas ante la violencia que se vive en la ciudad.\u2026","rel":"","context":"En &quot;CINTILLO&quot;","block_context":{"text":"CINTILLO","link":"https:\/\/www.grieta.org.mx\/index.php\/category\/cintillo\/"},"img":{"alt_text":"","src":"https:\/\/i0.wp.com\/www.grieta.org.mx\/wp-content\/uploads\/2022\/03\/marcha-8m-cover.jpg?resize=350%2C200&ssl=1","width":350,"height":200,"srcset":"https:\/\/i0.wp.com\/www.grieta.org.mx\/wp-content\/uploads\/2022\/03\/marcha-8m-cover.jpg?resize=350%2C200&ssl=1 1x, https:\/\/i0.wp.com\/www.grieta.org.mx\/wp-content\/uploads\/2022\/03\/marcha-8m-cover.jpg?resize=525%2C300&ssl=1 1.5x, https:\/\/i0.wp.com\/www.grieta.org.mx\/wp-content\/uploads\/2022\/03\/marcha-8m-cover.jpg?resize=700%2C400&ssl=1 2x"},"classes":[]},{"id":62790,"url":"https:\/\/www.grieta.org.mx\/index.php\/2021\/11\/25\/marchan-mujeres-para-exigir-alto-a-la-violencia-en-vallarta-jalisco\/","url_meta":{"origin":66238,"position":5},"title":"Marchan mujeres para exigir alto a la violencia en Vallarta (Jalisco)","author":"grieta","date":"25 noviembre, 2021","format":false,"excerpt":"Foto: Tribuna de la Bah\u00eda Brenda Beltr\u00e1n \/ Tribuna de la Bah\u00eda Este jueves, colectivos de mujeres, hombres y ciudadanos en general, marcharon para exigir un alto a la violencia contra las mujeres de\u00a0Puerto Vallarta, saliendo del parque de\u00a0Las Mujeres hasta llegar a Los Arcos del Malec\u00f3n. Como ya se\u2026","rel":"","context":"En &quot;CINTILLO&quot;","block_context":{"text":"CINTILLO","link":"https:\/\/www.grieta.org.mx\/index.php\/category\/cintillo\/"},"img":{"alt_text":"","src":"https:\/\/i0.wp.com\/www.grieta.org.mx\/wp-content\/uploads\/2021\/11\/marcha-contra-violencia-vallarta-2-cover.jpg?resize=350%2C200&ssl=1","width":350,"height":200,"srcset":"https:\/\/i0.wp.com\/www.grieta.org.mx\/wp-content\/uploads\/2021\/11\/marcha-contra-violencia-vallarta-2-cover.jpg?resize=350%2C200&ssl=1 1x, https:\/\/i0.wp.com\/www.grieta.org.mx\/wp-content\/uploads\/2021\/11\/marcha-contra-violencia-vallarta-2-cover.jpg?resize=525%2C300&ssl=1 1.5x, https:\/\/i0.wp.com\/www.grieta.org.mx\/wp-content\/uploads\/2021\/11\/marcha-contra-violencia-vallarta-2-cover.jpg?resize=700%2C400&ssl=1 2x"},"classes":[]}],"_links":{"self":[{"href":"https:\/\/www.grieta.org.mx\/index.php\/wp-json\/wp\/v2\/posts\/66238","targetHints":{"allow":["GET"]}}],"collection":[{"href":"https:\/\/www.grieta.org.mx\/index.php\/wp-json\/wp\/v2\/posts"}],"about":[{"href":"https:\/\/www.grieta.org.mx\/index.php\/wp-json\/wp\/v2\/types\/post"}],"author":[{"embeddable":true,"href":"https:\/\/www.grieta.org.mx\/index.php\/wp-json\/wp\/v2\/users\/2"}],"replies":[{"embeddable":true,"href":"https:\/\/www.grieta.org.mx\/index.php\/wp-json\/wp\/v2\/comments?post=66238"}],"version-history":[{"count":1,"href":"https:\/\/www.grieta.org.mx\/index.php\/wp-json\/wp\/v2\/posts\/66238\/revisions"}],"predecessor-version":[{"id":66240,"href":"https:\/\/www.grieta.org.mx\/index.php\/wp-json\/wp\/v2\/posts\/66238\/revisions\/66240"}],"wp:featuredmedia":[{"embeddable":true,"href":"https:\/\/www.grieta.org.mx\/index.php\/wp-json\/wp\/v2\/media\/66239"}],"wp:attachment":[{"href":"https:\/\/www.grieta.org.mx\/index.php\/wp-json\/wp\/v2\/media?parent=66238"}],"wp:term":[{"taxonomy":"category","embeddable":true,"href":"https:\/\/www.grieta.org.mx\/index.php\/wp-json\/wp\/v2\/categories?post=66238"},{"taxonomy":"post_tag","embeddable":true,"href":"https:\/\/www.grieta.org.mx\/index.php\/wp-json\/wp\/v2\/tags?post=66238"}],"curies":[{"name":"wp","href":"https:\/\/api.w.org\/{rel}","templated":true}]}}