{"id":66207,"date":"2023-02-07T12:37:47","date_gmt":"2023-02-07T18:37:47","guid":{"rendered":"https:\/\/www.grieta.org.mx\/?p=66207"},"modified":"2023-02-11T12:46:29","modified_gmt":"2023-02-11T18:46:29","slug":"estamos-navegando-contra-corriente-mas-de-20-mil-apicultores-de-la-peninsula-de-yucatan-enfrentan-deforestacion-contaminacion-por-plaguicidas-granjas-porcicolas-robo-de-colmenas-y-ahora-poca","status":"publish","type":"post","link":"https:\/\/www.grieta.org.mx\/index.php\/2023\/02\/07\/estamos-navegando-contra-corriente-mas-de-20-mil-apicultores-de-la-peninsula-de-yucatan-enfrentan-deforestacion-contaminacion-por-plaguicidas-granjas-porcicolas-robo-de-colmenas-y-ahora-poca\/","title":{"rendered":"&#8220;Estamos navegando contra corriente&#8221;: M\u00e1s de 20 mil apicultores de la Pen\u00ednsula de Yucat\u00e1n enfrentan deforestaci\u00f3n, contaminaci\u00f3n por plaguicidas, granjas porc\u00edcolas, robo de colmenas y ahora, poca paga por su miel"},"content":{"rendered":"<p>Itzel Chan \/ Noticariobe<\/p>\n<p>M\u00c9RIDA, MX.- En Yucat\u00e1n, Campeche y Quintana Roo hay cerca de 20 mil apicultores, de acuerdo con la Coordinaci\u00f3n Nacional de la Alianza Ap\u00edcola en M\u00e9xico, quienes hoy en d\u00eda enfrentan los retos que traen consigo la deforestaci\u00f3n, contaminaci\u00f3n por plaguicidas, el establecimiento de granjas porc\u00edcolas, el robo de colmenas y ahora, que hay precios muy bajos por su producto.<\/p>\n<p>Las y los apicultores de los tres estados de la Pen\u00ednsula de Yucat\u00e1n se han unido ante todas las situaciones que tienen que enfrentar, pues cada vez el panorama en el que desenvuelven su actividad no es alentador.<\/p>\n<p>Arturo Carrillo, coordinador nacional de la Alianza Nacional Ap\u00edcola, expuso que de manera reciente, han sido perjudicados por la poca paga de su producto, ya que por ejemplo, los Centros de Acopio que son los que se encargan de distribuir la miel a todo M\u00e9xico y a pa\u00edses de Europa, les pagan entre 34 y 35 pesos el kilo, cuando anteriormente se les llegaba a pagar hasta m\u00e1s de 60 pesos el kilogramo.<\/p>\n<p>\u201cEstamos navegando contra corriente, enfrentamos deforestaci\u00f3n y tambi\u00e9n nos perjudica mucho la fumigaci\u00f3n por plaguicidas. Otro tema es que la miel se cotiza en d\u00f3lares, no en pesos, como para que nos paguen entre 34 y 35 pesos, no es justo. La mayor\u00eda de los Centros de Acopio son un monopolio\u201d, indic\u00f3 Fernando Rojas Lagunes, representante de la cooperativa \u2018Kaabi Jool\u2019.<\/p>\n<p>Los apicultores denunciaron que actualmente no hay reuniones en los que existan los gobiernos de los estados de la Pen\u00ednsula como moderadores entre acopiadores y productores, lo cual los deja en desventaja.<\/p>\n<p>Los costos de producci\u00f3n de la miel, describen que es de 30 pesos por kilogramo, entonces no le ven mucho sentido ganar s\u00f3lo cuatro o cinco pesos.<\/p>\n<p>Arturo Carrillo explic\u00f3 que el sector ap\u00edcola est\u00e1 en un grado de vulnerabilidad, ya que lo que sucede en la Pen\u00ednsula de Yucat\u00e1n corresponde a una l\u00f3gica nacional e internacional.<\/p>\n<p>Incluso, coment\u00f3 que apicultores de otros pa\u00edses como Argentina, Brasil, Uruguay, Chile y Cuba atraviesan por lo mismo, debido a que la din\u00e1mica de inflaci\u00f3n y desaceleraci\u00f3n econ\u00f3mica ha afectado estos sectores.<\/p>\n<p>Describi\u00f3 que cada a\u00f1o en M\u00e9xico se producen cerca de 60 mil toneladas de miel, de las cuales el 40% se produce en la Pen\u00ednsula de Yucat\u00e1n.<\/p>\n<p>\u201cSomos la regi\u00f3n m\u00e1s ap\u00edcola del mundo en producci\u00f3n y calidad y es la que mejor se paga en Europa, hasta un 30% m\u00e1s que la que se produce en Argentina y un 20% m\u00e1s que la generada en Brasil\u201d, a\u00f1adi\u00f3.<\/p>\n<p>Nelly Ortiz V\u00e1zquez, directora de Abeja Planet, tambi\u00e9n detall\u00f3 que el establecimiento de granjas porc\u00edcolas y las fumigaciones que ganaderos realizan v\u00eda a\u00e9rea perjudica a la flora, por lo tanto, las abejas cada vez se quedan sin m\u00e1s espacio para habitar.<\/p>\n<p>Apicultores de la zona oriente de Yucat\u00e1n, denuncian tambi\u00e9n el robo de colmenas, hecho que se da cada a\u00f1o y aunque interponen demandas ante la Fiscal\u00eda General del Estado (FGE) estas no proceden. (Noticaribe)<\/p>\n<p><a href=\"https:\/\/noticaribe.com.mx\/2023\/02\/07\/estamos-navegando-contra-corriente-mas-de-20-mil-apicultores-de-la-peninsula-de-yucatan-enfrentan-deforestacion-contaminacion-por-plaguicidas-granjas-porcicolas-robo-de-colmenas-y-ahora-poca\/\" rel=\"noopener\" target=\"_blank\">https:\/\/noticaribe.com.mx\/2023\/02\/07\/estamos-navegando-contra-corriente-mas-de-20-mil-apicultores-de-la-peninsula-de-yucatan-enfrentan-deforestacion-contaminacion-por-plaguicidas-granjas-porcicolas-robo-de-colmenas-y-ahora-poca\/<\/a><\/p>\n","protected":false},"excerpt":{"rendered":"<p>Itzel Chan \/ Noticariobe M\u00c9RIDA, MX.- En Yucat\u00e1n, Campeche y Quintana Roo hay cerca de 20 mil apicultores, de acuerdo con la Coordinaci\u00f3n Nacional de la Alianza Ap\u00edcola en M\u00e9xico, &hellip; <a href=\"https:\/\/www.grieta.org.mx\/index.php\/2023\/02\/07\/estamos-navegando-contra-corriente-mas-de-20-mil-apicultores-de-la-peninsula-de-yucatan-enfrentan-deforestacion-contaminacion-por-plaguicidas-granjas-porcicolas-robo-de-colmenas-y-ahora-poca\/\" class=\"more-link\">Leer m\u00e1s<\/a><\/p>\n","protected":false},"author":2,"featured_media":66208,"comment_status":"closed","ping_status":"closed","sticky":false,"template":"","format":"standard","meta":{"ngg_post_thumbnail":0,"_jetpack_newsletter_access":"","_jetpack_dont_email_post_to_subs":false,"_jetpack_newsletter_tier_id":0,"_jetpack_memberships_contains_paywalled_content":false,"_jetpack_memberships_contains_paid_content":false,"footnotes":""},"categories":[42,11,80,2749,2943,2258,1020,3,922,926,944,952,2,28,36],"tags":[160,162,4138,3779,1022,4139],"class_list":["post-66207","post","type-post","status-publish","format-standard","has-post-thumbnail","hentry","category-agroindustria","category-campeche","category-cintillo","category-destruccion-y-contaminacion-ambiental-en-quintana-roo","category-destruccion-y-contaminacion-ambiental-en-yucatan","category-ecocidio-en-campeche","category-granja-porcicola","category-megaproyectos","category-megaproyectos-estados","category-mp-campeche","category-mp-quintana-roo","category-mp-yucatan","category-noticias-nacionales","category-quintana-roo","category-yucatan","tag-apicultores","tag-deforestacion","tag-fumigacion","tag-granja-avicola","tag-granja-porcicola","tag-plaguicidas","entry"],"jetpack_featured_media_url":"https:\/\/www.grieta.org.mx\/wp-content\/uploads\/2023\/02\/Apicultores.jpg","jetpack_sharing_enabled":true,"jetpack_shortlink":"https:\/\/wp.me\/p7ZJR4-hdR","jetpack_likes_enabled":false,"jetpack-related-posts":[{"id":68957,"url":"https:\/\/www.grieta.org.mx\/index.php\/2024\/05\/14\/en-cuatro-anos-se-han-perdido-285-mil-hectareas-de-selva-en-la-peninsula-campeche-quintana-roo-yucatan\/","url_meta":{"origin":66207,"position":0},"title":"En cuatro a\u00f1os, se han perdido 285 mil hect\u00e1reas de selva en la Pen\u00ednsula (Campeche, Quintana Roo, Yucat\u00e1n)","author":"grieta","date":"14 mayo, 2024","format":false,"excerpt":"Itzel Chan \/ Haz Ruido La zona tiene una tasa anual de p\u00e9rdida de 0.4% y es la m\u00e1s alta en las \u00faltimas d\u00e9cadas, incluso por encima de la media nacional que es de 0.1%. M\u00e9rida, Yucat\u00e1n, 14 de mayo de 2024.- Cada d\u00eda, entre Campeche, Quintana Roo y Yucat\u00e1n\u2026","rel":"","context":"En &quot;Agroindustria&quot;","block_context":{"text":"Agroindustria","link":"https:\/\/www.grieta.org.mx\/index.php\/category\/megaproyectos\/agroindustria\/"},"img":{"alt_text":"","src":"https:\/\/i0.wp.com\/www.grieta.org.mx\/wp-content\/uploads\/2024\/05\/Deforestacion-e1716423920624.jpg?resize=350%2C200&ssl=1","width":350,"height":200,"srcset":"https:\/\/i0.wp.com\/www.grieta.org.mx\/wp-content\/uploads\/2024\/05\/Deforestacion-e1716423920624.jpg?resize=350%2C200&ssl=1 1x, https:\/\/i0.wp.com\/www.grieta.org.mx\/wp-content\/uploads\/2024\/05\/Deforestacion-e1716423920624.jpg?resize=525%2C300&ssl=1 1.5x, https:\/\/i0.wp.com\/www.grieta.org.mx\/wp-content\/uploads\/2024\/05\/Deforestacion-e1716423920624.jpg?resize=700%2C400&ssl=1 2x"},"classes":[]},{"id":39859,"url":"https:\/\/www.grieta.org.mx\/index.php\/2019\/09\/29\/detengan-la-tala-de-la-selva-maya-piden-universitarios-de-san-francisco-california\/","url_meta":{"origin":66207,"position":1},"title":"Detengan la tala de la selva maya, piden universitarios de San Francisco, California","author":"grieta","date":"29 septiembre, 2019","format":false,"excerpt":"Mayapolitikon Estudiantes y profesores del City College de San Francisco, California, exhortaron al gobierno mexicano y a otros a detener la destrucci\u00f3n de los montes de Yucat\u00e1n con la instalaci\u00f3n de megaproyectos. \u201cEscribimos en apoyo a los activistas mayas quienes se oponen a la destrucci\u00f3n causada por el tren maya,\u2026","rel":"","context":"En &quot;Campeche&quot;","block_context":{"text":"Campeche","link":"https:\/\/www.grieta.org.mx\/index.php\/category\/noticias-nacionales\/campeche\/"},"img":{"alt_text":"","src":"https:\/\/i0.wp.com\/www.grieta.org.mx\/wp-content\/uploads\/2019\/10\/pedrousa-e1570060783615.jpg?resize=350%2C200&ssl=1","width":350,"height":200,"srcset":"https:\/\/i0.wp.com\/www.grieta.org.mx\/wp-content\/uploads\/2019\/10\/pedrousa-e1570060783615.jpg?resize=350%2C200&ssl=1 1x, https:\/\/i0.wp.com\/www.grieta.org.mx\/wp-content\/uploads\/2019\/10\/pedrousa-e1570060783615.jpg?resize=525%2C300&ssl=1 1.5x, https:\/\/i0.wp.com\/www.grieta.org.mx\/wp-content\/uploads\/2019\/10\/pedrousa-e1570060783615.jpg?resize=700%2C400&ssl=1 2x"},"classes":[]},{"id":55980,"url":"https:\/\/www.grieta.org.mx\/index.php\/2020\/12\/22\/deforestan-en-peninsula-1-6-millones-de-hectareas\/","url_meta":{"origin":66207,"position":2},"title":"Deforestan en Pen\u00ednsula 1.6 millones de hect\u00e1reas","author":"grieta","date":"22 diciembre, 2020","format":false,"excerpt":"\u00c9DGAR F\u00c9LIX \/ Luces del Siglo En 18 a\u00f1os la Pen\u00ednsula de Yucat\u00e1n perdi\u00f3 un mill\u00f3n 653 mil hect\u00e1reas forestales de selva por avance indiscriminado de la industria agr\u00edcola. CANC\u00daN, Q. ROO.- En 18 a\u00f1os la Pen\u00ednsula de Yucat\u00e1n perdi\u00f3 un mill\u00f3n 653 mil hect\u00e1reas forestales de selva por el\u2026","rel":"","context":"En &quot;Agroindustria&quot;","block_context":{"text":"Agroindustria","link":"https:\/\/www.grieta.org.mx\/index.php\/category\/megaproyectos\/agroindustria\/"},"img":{"alt_text":"","src":"https:\/\/i0.wp.com\/www.grieta.org.mx\/wp-content\/uploads\/2020\/12\/Peni%CC%81nsula-696x557-1.jpg?resize=350%2C200&ssl=1","width":350,"height":200,"srcset":"https:\/\/i0.wp.com\/www.grieta.org.mx\/wp-content\/uploads\/2020\/12\/Peni%CC%81nsula-696x557-1.jpg?resize=350%2C200&ssl=1 1x, https:\/\/i0.wp.com\/www.grieta.org.mx\/wp-content\/uploads\/2020\/12\/Peni%CC%81nsula-696x557-1.jpg?resize=525%2C300&ssl=1 1.5x"},"classes":[]},{"id":41783,"url":"https:\/\/www.grieta.org.mx\/index.php\/2019\/12\/02\/por-insuficiente-e-inefectiva-apicultores-de-yucatan-rechazan-politica-para-rescatar-sector-melifero\/","url_meta":{"origin":66207,"position":3},"title":"Por \u201cinsuficiente e inefectiva\u201d, apicultores de Yucat\u00e1n rechazan pol\u00edtica para rescatar sector mel\u00edfero","author":"grieta","date":"2 diciembre, 2019","format":false,"excerpt":"ROSA SANTANA\/ Proceso M\u00c9RIDA, Yuc. (apro).- Por considerarla \u201cinsuficiente e inefectiva\u201d, apicultores ind\u00edgenas de la pen\u00ednsula de Yucat\u00e1n expresaron su rechazo a la pol\u00edtica para el rescate del sector mel\u00edfero anunciada por el presidente Andr\u00e9s Manuel L\u00f3pez Obrador, en su m\u00e1s reciente visita a la regi\u00f3n. En conferencia de prensa,\u2026","rel":"","context":"En &quot;Campeche&quot;","block_context":{"text":"Campeche","link":"https:\/\/www.grieta.org.mx\/index.php\/category\/noticias-nacionales\/campeche\/"},"img":{"alt_text":"","src":"https:\/\/i0.wp.com\/www.grieta.org.mx\/wp-content\/uploads\/2018\/03\/14524434_1106112876131411_958039263622046936_o.jpg?resize=350%2C200&ssl=1","width":350,"height":200,"srcset":"https:\/\/i0.wp.com\/www.grieta.org.mx\/wp-content\/uploads\/2018\/03\/14524434_1106112876131411_958039263622046936_o.jpg?resize=350%2C200&ssl=1 1x, https:\/\/i0.wp.com\/www.grieta.org.mx\/wp-content\/uploads\/2018\/03\/14524434_1106112876131411_958039263622046936_o.jpg?resize=525%2C300&ssl=1 1.5x, https:\/\/i0.wp.com\/www.grieta.org.mx\/wp-content\/uploads\/2018\/03\/14524434_1106112876131411_958039263622046936_o.jpg?resize=700%2C400&ssl=1 2x"},"classes":[]},{"id":69002,"url":"https:\/\/www.grieta.org.mx\/index.php\/2024\/05\/25\/las-abejas-de-yucatan-muy-cerca-de-extinguirse-por-la-deforestacion-y-los-venenos-del-agronegocio\/","url_meta":{"origin":66207,"position":4},"title":"Las abejas de Yucat\u00e1n, muy cerca de extinguirse por la deforestaci\u00f3n y los venenos del agronegocio","author":"grieta","date":"25 mayo, 2024","format":false,"excerpt":"Texto Patricio Eleisegui Fotos: Robin Canul En los \u00faltimos dos a\u00f1os, las productoras mayas de la Pen\u00ednsula de Yucat\u00e1n perdieron al menos 5 mil apiarios por efecto de los agrot\u00f3xicos de la agricultura industrial. Ranchos y grandes terratenientes, con participaci\u00f3n preponderante de la comunidad menonita, intensificaron la destrucci\u00f3n del monte\u2026","rel":"","context":"En &quot;Agroindustria&quot;","block_context":{"text":"Agroindustria","link":"https:\/\/www.grieta.org.mx\/index.php\/category\/megaproyectos\/agroindustria\/"},"img":{"alt_text":"","src":"https:\/\/i0.wp.com\/www.grieta.org.mx\/wp-content\/uploads\/2024\/05\/Abejas-e1716732455855.jpg?resize=350%2C200&ssl=1","width":350,"height":200,"srcset":"https:\/\/i0.wp.com\/www.grieta.org.mx\/wp-content\/uploads\/2024\/05\/Abejas-e1716732455855.jpg?resize=350%2C200&ssl=1 1x, https:\/\/i0.wp.com\/www.grieta.org.mx\/wp-content\/uploads\/2024\/05\/Abejas-e1716732455855.jpg?resize=525%2C300&ssl=1 1.5x, https:\/\/i0.wp.com\/www.grieta.org.mx\/wp-content\/uploads\/2024\/05\/Abejas-e1716732455855.jpg?resize=700%2C400&ssl=1 2x"},"classes":[]},{"id":68844,"url":"https:\/\/www.grieta.org.mx\/index.php\/2024\/04\/29\/ambientalistas-clausuran-las-oficinas-de-semarnat-tras-calificarla-de-ecocida-quintana-roo\/","url_meta":{"origin":66207,"position":5},"title":"Ambientalistas &#8220;clausuran&#8221; las oficinas de Semarnat tras calificarla de ecocida (Quintana Roo)","author":"grieta","date":"29 abril, 2024","format":false,"excerpt":"Leslie Gordillo \/ NOTICARIBE PENINSULAR CANC\u00daN.- Un grupo de ambientalistas, representante de diferentes organismos y asociaciones civiles, se manifestaron en la zona hotelera de Canc\u00fan y clausuraron de manera simb\u00f3lica las oficinas de la Secretar\u00eda de Medio Ambiente y Recursos Naturales (Semarnat). La denuncia es que la Semarnat ha sido\u2026","rel":"","context":"En &quot;Campeche&quot;","block_context":{"text":"Campeche","link":"https:\/\/www.grieta.org.mx\/index.php\/category\/noticias-nacionales\/campeche\/"},"img":{"alt_text":"","src":"https:\/\/i0.wp.com\/www.grieta.org.mx\/wp-content\/uploads\/2024\/04\/ambientalitas-e1715552774254.jpg?resize=350%2C200&ssl=1","width":350,"height":200,"srcset":"https:\/\/i0.wp.com\/www.grieta.org.mx\/wp-content\/uploads\/2024\/04\/ambientalitas-e1715552774254.jpg?resize=350%2C200&ssl=1 1x, https:\/\/i0.wp.com\/www.grieta.org.mx\/wp-content\/uploads\/2024\/04\/ambientalitas-e1715552774254.jpg?resize=525%2C300&ssl=1 1.5x, https:\/\/i0.wp.com\/www.grieta.org.mx\/wp-content\/uploads\/2024\/04\/ambientalitas-e1715552774254.jpg?resize=700%2C400&ssl=1 2x"},"classes":[]}],"_links":{"self":[{"href":"https:\/\/www.grieta.org.mx\/index.php\/wp-json\/wp\/v2\/posts\/66207","targetHints":{"allow":["GET"]}}],"collection":[{"href":"https:\/\/www.grieta.org.mx\/index.php\/wp-json\/wp\/v2\/posts"}],"about":[{"href":"https:\/\/www.grieta.org.mx\/index.php\/wp-json\/wp\/v2\/types\/post"}],"author":[{"embeddable":true,"href":"https:\/\/www.grieta.org.mx\/index.php\/wp-json\/wp\/v2\/users\/2"}],"replies":[{"embeddable":true,"href":"https:\/\/www.grieta.org.mx\/index.php\/wp-json\/wp\/v2\/comments?post=66207"}],"version-history":[{"count":1,"href":"https:\/\/www.grieta.org.mx\/index.php\/wp-json\/wp\/v2\/posts\/66207\/revisions"}],"predecessor-version":[{"id":66209,"href":"https:\/\/www.grieta.org.mx\/index.php\/wp-json\/wp\/v2\/posts\/66207\/revisions\/66209"}],"wp:featuredmedia":[{"embeddable":true,"href":"https:\/\/www.grieta.org.mx\/index.php\/wp-json\/wp\/v2\/media\/66208"}],"wp:attachment":[{"href":"https:\/\/www.grieta.org.mx\/index.php\/wp-json\/wp\/v2\/media?parent=66207"}],"wp:term":[{"taxonomy":"category","embeddable":true,"href":"https:\/\/www.grieta.org.mx\/index.php\/wp-json\/wp\/v2\/categories?post=66207"},{"taxonomy":"post_tag","embeddable":true,"href":"https:\/\/www.grieta.org.mx\/index.php\/wp-json\/wp\/v2\/tags?post=66207"}],"curies":[{"name":"wp","href":"https:\/\/api.w.org\/{rel}","templated":true}]}}