{"id":66198,"date":"2023-02-09T10:32:34","date_gmt":"2023-02-09T16:32:34","guid":{"rendered":"https:\/\/www.grieta.org.mx\/?p=66198"},"modified":"2023-02-15T02:17:56","modified_gmt":"2023-02-15T08:17:56","slug":"lazaro-cardenas-habitantes-de-chiquila-protestan-en-contra-de-la-cfe-quintana-roo","status":"publish","type":"post","link":"https:\/\/www.grieta.org.mx\/index.php\/2023\/02\/09\/lazaro-cardenas-habitantes-de-chiquila-protestan-en-contra-de-la-cfe-quintana-roo\/","title":{"rendered":"L\u00e1zaro C\u00e1rdenas: Habitantes de Chiquil\u00e1 protestan en contra de la CFE (Quintana Roo)"},"content":{"rendered":"<p> Luis Enrique Cauich \/ Por Esto!<\/p>\n<p>Habitantes del puerto de Chiquil\u00e1\u00a0salieron a protestar esta ma\u00f1ana en contra de la Comisi\u00f3n Federal de Electricidad, que hace y deshace a su voluntad sin que ninguna autoridad intervenga para solucionar los problemas que causa con sus obras de introducci\u00f3n de la l\u00ednea submarina hacia la isla de Holbox.<\/p>\n<p>Las inconformidades han crecido por lo que los habitantes hicieron un llamado a la gobernadora para que intervenga y brinde una soluci\u00f3n antes de que se vean en la necesidad de llegar a acciones de presi\u00f3n y afectaciones a terceros.<\/p>\n<p>Desde hace d\u00edas la comisi\u00f3n causo el enojo de los pobladores al romper parte de la avenida principal del puerto que recientemente hab\u00eda sido modernizado dej\u00e1ndolo en mal estado.<\/p>\n<p>Adem\u00e1s, instalo una m\u00e1quina para regular la corriente en un parque ubicado a un costado de la iglesia poniendo en peligro a los transe\u00fantes.<\/p>\n<p>Anoche se quedaron sin luz por varias horas y alimentos perecederos y medicamentos que requieren refrigeraci\u00f3n se descomponen, ya que muchos d\u00edas que se corta la luz desde un punto de Kantunilk\u00edn hacia Chiquil\u00e1.<\/p>\n<p>Entre sus denuncias externan los habitantes que la CFE respete los horarios establecidos para la suspensi\u00f3n del servicio, puesto que a todas horas la energ\u00eda falla y en cualquier momento la empresa lo suspende para realizar sus trabajos.<\/p>\n<p>Los habitantes salieron a protestar ante tanto abandono y piden una soluci\u00f3n inmediata a sus peticiones que en su momento se han dado a conocer en redes sociales.<\/p>\n<p><a href=\"https:\/\/www.poresto.net\/quintana-roo\/2023\/2\/9\/lazaro-cardenas-habitantes-de-chiquila-protestan-en-contra-de-la-cfe-370685.html\" rel=\"noopener\" target=\"_blank\">https:\/\/www.poresto.net\/quintana-roo\/2023\/2\/9\/lazaro-cardenas-habitantes-de-chiquila-protestan-en-contra-de-la-cfe-370685.html<\/a><\/p>\n","protected":false},"excerpt":{"rendered":"<p>Luis Enrique Cauich \/ Por Esto! Habitantes del puerto de Chiquil\u00e1\u00a0salieron a protestar esta ma\u00f1ana en contra de la Comisi\u00f3n Federal de Electricidad, que hace y deshace a su voluntad &hellip; <a href=\"https:\/\/www.grieta.org.mx\/index.php\/2023\/02\/09\/lazaro-cardenas-habitantes-de-chiquila-protestan-en-contra-de-la-cfe-quintana-roo\/\" class=\"more-link\">Leer m\u00e1s<\/a><\/p>\n","protected":false},"author":2,"featured_media":66201,"comment_status":"closed","ping_status":"closed","sticky":false,"template":"","format":"standard","meta":{"ngg_post_thumbnail":0,"_jetpack_newsletter_access":"","_jetpack_dont_email_post_to_subs":false,"_jetpack_newsletter_tier_id":0,"_jetpack_memberships_contains_paywalled_content":false,"_jetpack_memberships_contains_paid_content":false,"footnotes":""},"categories":[80,2905,2,28],"tags":[2849,330],"class_list":["post-66198","post","type-post","status-publish","format-standard","has-post-thumbnail","hentry","category-cintillo","category-conflictos-con-la-cfe-en-quintana-roo","category-noticias-nacionales","category-quintana-roo","tag-conflictos-con-la-cfe","tag-holbox","entry"],"jetpack_featured_media_url":"https:\/\/www.grieta.org.mx\/wp-content\/uploads\/2023\/02\/Holbox-1-e1676051285295.jpg","jetpack_sharing_enabled":true,"jetpack_shortlink":"https:\/\/wp.me\/p7ZJR4-hdI","jetpack_likes_enabled":false,"jetpack-related-posts":[{"id":65651,"url":"https:\/\/www.grieta.org.mx\/index.php\/2022\/11\/02\/ejidatarios-continuan-por-segundo-dia-con-el-bloqueo-vial-en-kantunilkin-quintana-roo\/","url_meta":{"origin":66198,"position":0},"title":"Ejidatarios contin\u00faan por segundo d\u00eda con el bloqueo vial en Kantunilk\u00edn (Quintana Roo)","author":"grieta","date":"2 noviembre, 2022","format":false,"excerpt":"Luis Enrique Cauich \/ Por Esto! Los ciudadanos mantienen bloqueada la carretera al puerto de Chiquil\u00e1, se permiti\u00f3 el paso de las unidades a las diez de la ma\u00f1ana para desahogar el congestionamiento Por segundo d\u00eda, los ejidatarios de Kantunilkin mantienen bloqueada la carretera al puerto de Chiquil\u00e1, en exigencia\u2026","rel":"","context":"En &quot;CINTILLO&quot;","block_context":{"text":"CINTILLO","link":"https:\/\/www.grieta.org.mx\/index.php\/category\/cintillo\/"},"img":{"alt_text":"","src":"https:\/\/i0.wp.com\/www.grieta.org.mx\/wp-content\/uploads\/2022\/11\/Kantunilkin-e1667518119835.jpg?resize=350%2C200&ssl=1","width":350,"height":200,"srcset":"https:\/\/i0.wp.com\/www.grieta.org.mx\/wp-content\/uploads\/2022\/11\/Kantunilkin-e1667518119835.jpg?resize=350%2C200&ssl=1 1x, https:\/\/i0.wp.com\/www.grieta.org.mx\/wp-content\/uploads\/2022\/11\/Kantunilkin-e1667518119835.jpg?resize=525%2C300&ssl=1 1.5x, https:\/\/i0.wp.com\/www.grieta.org.mx\/wp-content\/uploads\/2022\/11\/Kantunilkin-e1667518119835.jpg?resize=700%2C400&ssl=1 2x"},"classes":[]},{"id":65427,"url":"https:\/\/www.grieta.org.mx\/index.php\/2022\/09\/29\/ejidatarios-de-kantunilkin-frenan-trabajo-de-la-cfe-exigen-indemnizaciones-por-predios-afectados-quintana-roo\/","url_meta":{"origin":66198,"position":1},"title":"Ejidatarios de Kantunilk\u00edn frenan trabajo de la CFE; exigen indemnizaciones por predios afectados (Quintana Roo)","author":"grieta","date":"29 septiembre, 2022","format":false,"excerpt":"Luis Enrique Cauich \/ Por Esto! Ejidatarios de Kantunilk\u00edn detuvieron los trabajos de sustituci\u00f3n de postes y tendido el\u00e9ctrico que forman parte del proyecto de l\u00ednea submarina que llegara hasta la isla de Holbox, en exigencia a la Comisi\u00f3n Federal de Electricidad a llegar a un acuerdo de indemnizaci\u00f3n por\u2026","rel":"","context":"En &quot;CINTILLO&quot;","block_context":{"text":"CINTILLO","link":"https:\/\/www.grieta.org.mx\/index.php\/category\/cintillo\/"},"img":{"alt_text":"","src":"https:\/\/i0.wp.com\/www.grieta.org.mx\/wp-content\/uploads\/2022\/10\/Kantunilkil-e1665182685284.jpg?resize=350%2C200&ssl=1","width":350,"height":200,"srcset":"https:\/\/i0.wp.com\/www.grieta.org.mx\/wp-content\/uploads\/2022\/10\/Kantunilkil-e1665182685284.jpg?resize=350%2C200&ssl=1 1x, https:\/\/i0.wp.com\/www.grieta.org.mx\/wp-content\/uploads\/2022\/10\/Kantunilkil-e1665182685284.jpg?resize=525%2C300&ssl=1 1.5x, https:\/\/i0.wp.com\/www.grieta.org.mx\/wp-content\/uploads\/2022\/10\/Kantunilkil-e1665182685284.jpg?resize=700%2C400&ssl=1 2x"},"classes":[]},{"id":72230,"url":"https:\/\/www.grieta.org.mx\/index.php\/2025\/08\/16\/bloquean-carretera-tras-apagones-constantes-quintana-roo\/","url_meta":{"origin":66198,"position":2},"title":"Bloquean carretera tras apagones constantes (Quintana Roo)","author":"grieta","date":"16 agosto, 2025","format":false,"excerpt":"Sol Quintana Roo Habitantes de Bacalar bloquean la v\u00eda corta en protesta por constantes apagones y mal servicio el\u00e9ctrico, por lo que exigen a la CFE soluciones inmediatas para garantizar suministro estable Bacalar.\u2014 Habitantes de la comunidad Divorciados mantienen bloqueada la carretera de la v\u00eda corta, como protesta ante los\u2026","rel":"","context":"En &quot;CINTILLO&quot;","block_context":{"text":"CINTILLO","link":"https:\/\/www.grieta.org.mx\/index.php\/category\/cintillo\/"},"img":{"alt_text":"","src":"https:\/\/i0.wp.com\/www.grieta.org.mx\/wp-content\/uploads\/2025\/08\/Bloquean-e1755898483617.jpg?resize=350%2C200&ssl=1","width":350,"height":200,"srcset":"https:\/\/i0.wp.com\/www.grieta.org.mx\/wp-content\/uploads\/2025\/08\/Bloquean-e1755898483617.jpg?resize=350%2C200&ssl=1 1x, https:\/\/i0.wp.com\/www.grieta.org.mx\/wp-content\/uploads\/2025\/08\/Bloquean-e1755898483617.jpg?resize=525%2C300&ssl=1 1.5x, https:\/\/i0.wp.com\/www.grieta.org.mx\/wp-content\/uploads\/2025\/08\/Bloquean-e1755898483617.jpg?resize=700%2C400&ssl=1 2x"},"classes":[]},{"id":57787,"url":"https:\/\/www.grieta.org.mx\/index.php\/2021\/03\/19\/denuncian-nula-actuacion-de-conanp-contra-el-ecocidio-de-manglares-en-holbox-video-quintana-roo\/","url_meta":{"origin":66198,"position":3},"title":"Denuncian nula actuaci\u00f3n de Conanp contra el ecocidio de manglares en Holbox : Video  (Quintana Roo)","author":"grieta","date":"19 marzo, 2021","format":false,"excerpt":"PorEsto! Hasta el momento la dependencia no ha hecho nada al respecto sobre la devastaci\u00f3n de manglares en Holbox, indicaron habitantes La devastaci\u00f3n de manglares en una de las zonas de conservaci\u00f3n de la isla choca de Holbox continua sin que hasta ahora las autoridades ambientales federales, entre ellas la\u2026","rel":"","context":"En &quot;\u00c1reas naturales protegidas&quot;","block_context":{"text":"\u00c1reas naturales protegidas","link":"https:\/\/www.grieta.org.mx\/index.php\/category\/megaproyectos\/areas-naturales-protegidas\/"},"img":{"alt_text":"","src":"https:\/\/i0.wp.com\/www.grieta.org.mx\/wp-content\/uploads\/2021\/03\/HolboxDeforest.png?resize=350%2C200&ssl=1","width":350,"height":200,"srcset":"https:\/\/i0.wp.com\/www.grieta.org.mx\/wp-content\/uploads\/2021\/03\/HolboxDeforest.png?resize=350%2C200&ssl=1 1x, https:\/\/i0.wp.com\/www.grieta.org.mx\/wp-content\/uploads\/2021\/03\/HolboxDeforest.png?resize=525%2C300&ssl=1 1.5x"},"classes":[]},{"id":65993,"url":"https:\/\/www.grieta.org.mx\/index.php\/2022\/12\/17\/habitantes-de-colonias-irregulares-protestan-de-nuevo-contra-cfe-en-cancun-quintana-roo\/","url_meta":{"origin":66198,"position":4},"title":"Habitantes de colonias irregulares protestan de nuevo contra CFE en Canc\u00fan (Quintana Roo)","author":"grieta","date":"17 diciembre, 2022","format":false,"excerpt":"Eduardo del Valle \/ Novedades Quintana Roo M\u00e1s de 30 personas de al menos una treintena de colonias irregulares de Canc\u00fan bloquearon la carretera Canc\u00fan-M\u00e9rida por varias horas, en protesta por la negativa de la Comisi\u00f3n Federal de Electricidad (CFE) de instalar medidores para que cuenten con el servicio de\u2026","rel":"","context":"En &quot;CINTILLO&quot;","block_context":{"text":"CINTILLO","link":"https:\/\/www.grieta.org.mx\/index.php\/category\/cintillo\/"},"img":{"alt_text":"","src":"https:\/\/i0.wp.com\/www.grieta.org.mx\/wp-content\/uploads\/2022\/12\/BloqueoCancun-e1672005474302.jpg?resize=350%2C200&ssl=1","width":350,"height":200,"srcset":"https:\/\/i0.wp.com\/www.grieta.org.mx\/wp-content\/uploads\/2022\/12\/BloqueoCancun-e1672005474302.jpg?resize=350%2C200&ssl=1 1x, https:\/\/i0.wp.com\/www.grieta.org.mx\/wp-content\/uploads\/2022\/12\/BloqueoCancun-e1672005474302.jpg?resize=525%2C300&ssl=1 1.5x, https:\/\/i0.wp.com\/www.grieta.org.mx\/wp-content\/uploads\/2022\/12\/BloqueoCancun-e1672005474302.jpg?resize=700%2C400&ssl=1 2x"},"classes":[]},{"id":39968,"url":"https:\/\/www.grieta.org.mx\/index.php\/2019\/09\/22\/la-cfe-le-apaga-la-luz-a-cuatro-comunidades-mayas-de-q-roo\/","url_meta":{"origin":66198,"position":5},"title":"La CFE le \u2018apaga la luz\u2019 a cuatro comunidades mayas de Q. Roo","author":"grieta","date":"22 septiembre, 2019","format":false,"excerpt":"Jes\u00fas Caamal\/SIPSE Habitantes de estas localidades aseguran que sufren apagones constantes sin justificaci\u00f3n. FELIPE CARRILLO PUERTO, Q. Roo.- La Comisi\u00f3n Federal de Electricidad (CFE) en Felipe Carrillo Puerto constantemente deja sin energ\u00eda el\u00e9ctrica a m\u00e1s de cuatro comunidades del sur - poniente generando descontento a los ciudadanos. Autoridades comunales de\u2026","rel":"","context":"En &quot;CINTILLO&quot;","block_context":{"text":"CINTILLO","link":"https:\/\/www.grieta.org.mx\/index.php\/category\/cintillo\/"},"img":{"alt_text":"","src":"https:\/\/i0.wp.com\/www.grieta.org.mx\/wp-content\/uploads\/2019\/10\/1568933679740.jpeg?resize=350%2C200&ssl=1","width":350,"height":200,"srcset":"https:\/\/i0.wp.com\/www.grieta.org.mx\/wp-content\/uploads\/2019\/10\/1568933679740.jpeg?resize=350%2C200&ssl=1 1x, https:\/\/i0.wp.com\/www.grieta.org.mx\/wp-content\/uploads\/2019\/10\/1568933679740.jpeg?resize=525%2C300&ssl=1 1.5x, https:\/\/i0.wp.com\/www.grieta.org.mx\/wp-content\/uploads\/2019\/10\/1568933679740.jpeg?resize=700%2C400&ssl=1 2x"},"classes":[]}],"_links":{"self":[{"href":"https:\/\/www.grieta.org.mx\/index.php\/wp-json\/wp\/v2\/posts\/66198","targetHints":{"allow":["GET"]}}],"collection":[{"href":"https:\/\/www.grieta.org.mx\/index.php\/wp-json\/wp\/v2\/posts"}],"about":[{"href":"https:\/\/www.grieta.org.mx\/index.php\/wp-json\/wp\/v2\/types\/post"}],"author":[{"embeddable":true,"href":"https:\/\/www.grieta.org.mx\/index.php\/wp-json\/wp\/v2\/users\/2"}],"replies":[{"embeddable":true,"href":"https:\/\/www.grieta.org.mx\/index.php\/wp-json\/wp\/v2\/comments?post=66198"}],"version-history":[{"count":1,"href":"https:\/\/www.grieta.org.mx\/index.php\/wp-json\/wp\/v2\/posts\/66198\/revisions"}],"predecessor-version":[{"id":66200,"href":"https:\/\/www.grieta.org.mx\/index.php\/wp-json\/wp\/v2\/posts\/66198\/revisions\/66200"}],"wp:featuredmedia":[{"embeddable":true,"href":"https:\/\/www.grieta.org.mx\/index.php\/wp-json\/wp\/v2\/media\/66201"}],"wp:attachment":[{"href":"https:\/\/www.grieta.org.mx\/index.php\/wp-json\/wp\/v2\/media?parent=66198"}],"wp:term":[{"taxonomy":"category","embeddable":true,"href":"https:\/\/www.grieta.org.mx\/index.php\/wp-json\/wp\/v2\/categories?post=66198"},{"taxonomy":"post_tag","embeddable":true,"href":"https:\/\/www.grieta.org.mx\/index.php\/wp-json\/wp\/v2\/tags?post=66198"}],"curies":[{"name":"wp","href":"https:\/\/api.w.org\/{rel}","templated":true}]}}