{"id":66164,"date":"2023-01-23T14:21:40","date_gmt":"2023-01-23T20:21:40","guid":{"rendered":"https:\/\/www.grieta.org.mx\/?p=66164"},"modified":"2023-01-29T14:27:00","modified_gmt":"2023-01-29T20:27:00","slug":"periodistas-de-puerto-vallarta-se-unen-para-exigir-condiciones-para-su-trabajo-jalisco","status":"publish","type":"post","link":"https:\/\/www.grieta.org.mx\/index.php\/2023\/01\/23\/periodistas-de-puerto-vallarta-se-unen-para-exigir-condiciones-para-su-trabajo-jalisco\/","title":{"rendered":"Periodistas de Puerto Vallarta se unen para exigir condiciones para su trabajo (Jalisco)"},"content":{"rendered":"<p>Imagen: Cuertoscuro<\/p>\n<p>Lauro Rodr\u00edguez \/ El Diario NTR<\/p>\n<p>Periodistas de Puerto Vallarta conformaron la Red Period\u00edstica de Puerto Vallarta con el fin de defender su profesi\u00f3n.<\/p>\n<p>A trav\u00e9s de un pronunciamiento difundido en redes sociales, detallaron que en el municipio costero hay presiones del sector p\u00fablico y privado, as\u00ed como agresiones constantes.<\/p>\n<p>\u201cLa falta de condiciones y garant\u00edas la vivimos en su m\u00e1xima expresi\u00f3n recientemente con la artera agresi\u00f3n de la que fue objeto nuestra colega periodista Susana Carre\u00f1o, quien el pasado 1 de julio de 2022 fue v\u00edctima de un atentado contra su vida tras ser acuchillada\u201d, describe el texto.<\/p>\n<p>El documento se\u00f1ala que adem\u00e1s de las agresiones f\u00edsicas, los periodistas vallartenses son presionados a trav\u00e9s de los jefes o due\u00f1os de medios de comunicaci\u00f3n para censurar tem\u00e1ticas que abordan en su trabajo period\u00edstico, lo que va en detrimento de la libertad de prensa del puerto.<\/p>\n<p>\u201cAlgunos periodistas de este municipio hemos sido v\u00edctimas de intentos de censura y amenazas v\u00eda nuestros jefes directos, o a trav\u00e9s de los due\u00f1os de los medios de comunicaci\u00f3n, o incluso directamente a quienes de manera independiente ejercemos nuestra profesi\u00f3n\u201d.<\/p>\n<p>Ante ese escenario exigen \u201crespeto y garant\u00edas para el ejercicio de nuestra labor, y reiteramos nuestro compromiso de seguir informando a la sociedad con apego a la verdad sin menoscabo de nuestra seguridad por la importancia que tiene para la sociedad una prensa libre\u201d.<\/p>\n<p><a href=\"https:\/\/www.ntrguadalajara.com\/post.php?id_nota=193108\">https:\/\/www.ntrguadalajara.com\/post.php?id_nota=193108<\/a><\/p>\n","protected":false},"excerpt":{"rendered":"<p>Imagen: Cuertoscuro Lauro Rodr\u00edguez \/ El Diario NTR Periodistas de Puerto Vallarta conformaron la Red Period\u00edstica de Puerto Vallarta con el fin de defender su profesi\u00f3n. A trav\u00e9s de un &hellip; <a href=\"https:\/\/www.grieta.org.mx\/index.php\/2023\/01\/23\/periodistas-de-puerto-vallarta-se-unen-para-exigir-condiciones-para-su-trabajo-jalisco\/\" class=\"more-link\">Leer m\u00e1s<\/a><\/p>\n","protected":false},"author":2,"featured_media":66165,"comment_status":"closed","ping_status":"closed","sticky":false,"template":"","format":"standard","meta":{"ngg_post_thumbnail":0,"_jetpack_newsletter_access":"","_jetpack_dont_email_post_to_subs":false,"_jetpack_newsletter_tier_id":0,"_jetpack_memberships_contains_paywalled_content":false,"_jetpack_memberships_contains_paid_content":false,"footnotes":""},"categories":[80,20,2,83,88,2108],"tags":[2474,2262,2263,4137,2331],"class_list":["post-66164","post","type-post","status-publish","format-standard","has-post-thumbnail","hentry","category-cintillo","category-jalisco","category-noticias-nacionales","category-temas-nacionales","category-violencia-contra-periodistas","category-violencia-contra-periodistas-en-jalisco","tag-acoso-contra-periodistas","tag-agresiones-contra-periodistas","tag-hostigamiento-contra-periodistas","tag-period","tag-violencia-conta-periodistas","entry"],"jetpack_featured_media_url":"https:\/\/www.grieta.org.mx\/wp-content\/uploads\/2023\/01\/2023-01-23_02-01-58___8668.jpg","jetpack_sharing_enabled":true,"jetpack_shortlink":"https:\/\/wp.me\/p7ZJR4-hda","jetpack_likes_enabled":false,"jetpack-related-posts":[{"id":63217,"url":"https:\/\/www.grieta.org.mx\/index.php\/2022\/01\/25\/exigen-periodistas-de-puerto-vallarta-un-cese-a-la-violencia-contra-el-gremio-jalisco\/","url_meta":{"origin":66164,"position":0},"title":"Exigen periodistas de Puerto Vallarta un cese a la violencia contra el gremio (Jalisco)","author":"grieta","date":"25 enero, 2022","format":false,"excerpt":"Foto: Zona Docs Periodistas de Puerto Vallarta, Jalisco, tambi\u00e9n se sumaron a la Movilizaci\u00f3n Nacional #PeriodismoEnRiesgo y desde el malec\u00f3n exigieron condiciones de seguridad para ejercer su trabajo, as\u00ed mismo exhortaron al gobierno para que ninguna del cr\u00edmenes cometidos contra periodistas quede impune. Leslie Zepeda\/ Zona Docs Tras el asesinato\u2026","rel":"","context":"En &quot;CINTILLO&quot;","block_context":{"text":"CINTILLO","link":"https:\/\/www.grieta.org.mx\/index.php\/category\/cintillo\/"},"img":{"alt_text":"","src":"https:\/\/i0.wp.com\/www.grieta.org.mx\/wp-content\/uploads\/2022\/01\/Unknown-20-2-768x512-1.jpeg?resize=350%2C200&ssl=1","width":350,"height":200,"srcset":"https:\/\/i0.wp.com\/www.grieta.org.mx\/wp-content\/uploads\/2022\/01\/Unknown-20-2-768x512-1.jpeg?resize=350%2C200&ssl=1 1x, https:\/\/i0.wp.com\/www.grieta.org.mx\/wp-content\/uploads\/2022\/01\/Unknown-20-2-768x512-1.jpeg?resize=525%2C300&ssl=1 1.5x, https:\/\/i0.wp.com\/www.grieta.org.mx\/wp-content\/uploads\/2022\/01\/Unknown-20-2-768x512-1.jpeg?resize=700%2C400&ssl=1 2x"},"classes":[]},{"id":64481,"url":"https:\/\/www.grieta.org.mx\/index.php\/2022\/07\/03\/marchan-porque-se-reconozca-que-el-ataque-en-contra-de-susana-carreno-fue-producto-de-su-labor-como-periodista-jalisco\/","url_meta":{"origin":66164,"position":1},"title":"Marchan porque se reconozca que el ataque en contra de Susana Carre\u00f1o fue producto de su labor como periodista (Jalisco)","author":"grieta","date":"3 julio, 2022","format":false,"excerpt":"Imagen: Zona Docs Decenas de personas, periodistas y sociedad civil salieron a marchar la tarde del s\u00e1bado en Puerto Vallarta, Jalisco hacia la Delegaci\u00f3n de la Fiscal\u00eda del estado en esta ciudad, para exigir que se investigue y esclarezca el ataque del que fue v\u00edctima la periodista Susana Carre\u00f1o, directora\u2026","rel":"","context":"En &quot;CINTILLO&quot;","block_context":{"text":"CINTILLO","link":"https:\/\/www.grieta.org.mx\/index.php\/category\/cintillo\/"},"img":{"alt_text":"","src":"https:\/\/i0.wp.com\/www.grieta.org.mx\/wp-content\/uploads\/2022\/07\/FDA1588E-14F1-4108-B101-608BAE2C4C83-696x1044-1.jpeg?resize=350%2C200&ssl=1","width":350,"height":200,"srcset":"https:\/\/i0.wp.com\/www.grieta.org.mx\/wp-content\/uploads\/2022\/07\/FDA1588E-14F1-4108-B101-608BAE2C4C83-696x1044-1.jpeg?resize=350%2C200&ssl=1 1x, https:\/\/i0.wp.com\/www.grieta.org.mx\/wp-content\/uploads\/2022\/07\/FDA1588E-14F1-4108-B101-608BAE2C4C83-696x1044-1.jpeg?resize=525%2C300&ssl=1 1.5x"},"classes":[]},{"id":64153,"url":"https:\/\/www.grieta.org.mx\/index.php\/2022\/05\/03\/periodistas-vallartenses-conmemoran-libertad-de-prensa-exigen-justicia-por-sus-companeros-muertos-jalisco\/","url_meta":{"origin":66164,"position":2},"title":"Periodistas vallartenses conmemoran Libertad de Prensa, exigen justicia por sus compa\u00f1eros asesinados (Jalisco)","author":"grieta","date":"3 mayo, 2022","format":false,"excerpt":"Foto: Tribuna de la bah\u00eda \u00a0 Los periodistas vallartenses conmemoraron este 3 de mayo el\u00a0Dia Mundial de la Libertad de Prensa\u00a0en un sencillo pero simb\u00f3lico acto realizado en la Plaza de Armas, entre el quiosco y el monumento a Ignacio L. Vallarta. Recordaron con pase de lista a los siete\u00a0comunicadores\u2026","rel":"","context":"En &quot;CINTILLO&quot;","block_context":{"text":"CINTILLO","link":"https:\/\/www.grieta.org.mx\/index.php\/category\/cintillo\/"},"img":{"alt_text":"","src":"https:\/\/i0.wp.com\/www.grieta.org.mx\/wp-content\/uploads\/2022\/05\/periodistas-vallartenses-conmemoran-libertad-de-prensa-2-cover.jpg?resize=350%2C200&ssl=1","width":350,"height":200,"srcset":"https:\/\/i0.wp.com\/www.grieta.org.mx\/wp-content\/uploads\/2022\/05\/periodistas-vallartenses-conmemoran-libertad-de-prensa-2-cover.jpg?resize=350%2C200&ssl=1 1x, https:\/\/i0.wp.com\/www.grieta.org.mx\/wp-content\/uploads\/2022\/05\/periodistas-vallartenses-conmemoran-libertad-de-prensa-2-cover.jpg?resize=525%2C300&ssl=1 1.5x, https:\/\/i0.wp.com\/www.grieta.org.mx\/wp-content\/uploads\/2022\/05\/periodistas-vallartenses-conmemoran-libertad-de-prensa-2-cover.jpg?resize=700%2C400&ssl=1 2x"},"classes":[]},{"id":68358,"url":"https:\/\/www.grieta.org.mx\/index.php\/2024\/01\/08\/jalisco-segundo-lugar-en-agresiones-a-periodistas-mujeres\/","url_meta":{"origin":66164,"position":3},"title":"Jalisco: segundo lugar en agresiones a periodistas mujeres","author":"grieta","date":"8 enero, 2024","format":false,"excerpt":"Imagen: Especial Le\u00f3n Forte \/ Perimetral El estado de Jalisco ocupa el segundo lugar dentro de las entidades con mayor cantidad de atentados contra mujeres periodistas en el \u00faltimo trimestre de 2023. De acuerdo\u00a0al registro del Programa de Libertad de Expresi\u00f3n y G\u00e9nero, de la organizaci\u00f3n Comunicaci\u00f3n e Informaci\u00f3n de\u2026","rel":"","context":"En &quot;CINTILLO&quot;","block_context":{"text":"CINTILLO","link":"https:\/\/www.grieta.org.mx\/index.php\/category\/cintillo\/"},"img":{"alt_text":"","src":"https:\/\/i0.wp.com\/www.grieta.org.mx\/wp-content\/uploads\/2024\/01\/foto-francisco-rodriguez-occi.webp?resize=350%2C200&ssl=1","width":350,"height":200,"srcset":"https:\/\/i0.wp.com\/www.grieta.org.mx\/wp-content\/uploads\/2024\/01\/foto-francisco-rodriguez-occi.webp?resize=350%2C200&ssl=1 1x, https:\/\/i0.wp.com\/www.grieta.org.mx\/wp-content\/uploads\/2024\/01\/foto-francisco-rodriguez-occi.webp?resize=525%2C300&ssl=1 1.5x, https:\/\/i0.wp.com\/www.grieta.org.mx\/wp-content\/uploads\/2024\/01\/foto-francisco-rodriguez-occi.webp?resize=700%2C400&ssl=1 2x, https:\/\/i0.wp.com\/www.grieta.org.mx\/wp-content\/uploads\/2024\/01\/foto-francisco-rodriguez-occi.webp?resize=1050%2C600&ssl=1 3x"},"classes":[]},{"id":65049,"url":"https:\/\/www.grieta.org.mx\/index.php\/2022\/08\/31\/en-jalisco-mecanismos-de-proteccion-a-periodistas-existen-solo-en-el-papel\/","url_meta":{"origin":66164,"position":4},"title":"En Jalisco mecanismos de protecci\u00f3n a periodistas existen s\u00f3lo en el papel","author":"grieta","date":"31 agosto, 2022","format":false,"excerpt":"Imagen Jorge Alberto Mendoza Redacci\u00f3n \/ El Diario En M\u00e9xico, la protecci\u00f3n de los defensores y periodistas \u00fanicamente est\u00e1 en el papel, las comisiones encargadas no son homog\u00e9neas ni cuentan con presupuesto o personal capacitado. En Jalisco, durante la administraci\u00f3n de Jorge Arist\u00f3teles Sandoval se cre\u00f3 un consejo, nombr\u00f3 a\u2026","rel":"","context":"En &quot;CINTILLO&quot;","block_context":{"text":"CINTILLO","link":"https:\/\/www.grieta.org.mx\/index.php\/category\/cintillo\/"},"img":{"alt_text":"","src":"https:\/\/i0.wp.com\/www.grieta.org.mx\/wp-content\/uploads\/2022\/09\/2022-08-31_05-08-23___4264.jpg?resize=350%2C200&ssl=1","width":350,"height":200,"srcset":"https:\/\/i0.wp.com\/www.grieta.org.mx\/wp-content\/uploads\/2022\/09\/2022-08-31_05-08-23___4264.jpg?resize=350%2C200&ssl=1 1x, https:\/\/i0.wp.com\/www.grieta.org.mx\/wp-content\/uploads\/2022\/09\/2022-08-31_05-08-23___4264.jpg?resize=525%2C300&ssl=1 1.5x, https:\/\/i0.wp.com\/www.grieta.org.mx\/wp-content\/uploads\/2022\/09\/2022-08-31_05-08-23___4264.jpg?resize=700%2C400&ssl=1 2x"},"classes":[]},{"id":62893,"url":"https:\/\/www.grieta.org.mx\/index.php\/2021\/12\/09\/cuestionarnoesatacar-periodistas-de-jalisco-exigen-un-alto-a-la-violencia-en-su-contra\/","url_meta":{"origin":66164,"position":5},"title":"#CuestionarNoEsAtacar: Periodistas de Jalisco exigen un alto a la violencia en su contra","author":"grieta","date":"9 diciembre, 2021","format":false,"excerpt":"Foto: Zona Docs Redacci\u00f3n \/ Zona Docs En solidaridad con la periodista, Roc\u00edo L\u00f3pez Fonseca,\u00a0una centena de periodistas, mediante la publicaci\u00f3n de un comunicado, solicitaron la intervenci\u00f3n de\u00a0Art\u00edculo 19, la Comisi\u00f3n Nacional de los Derechos Humanos (CNDH) y de la Relator\u00eda Especial para la Libertad de Expresi\u00f3n de la Comisi\u00f3n\u2026","rel":"","context":"En &quot;CINTILLO&quot;","block_context":{"text":"CINTILLO","link":"https:\/\/www.grieta.org.mx\/index.php\/category\/cintillo\/"},"img":{"alt_text":"","src":"https:\/\/i0.wp.com\/www.grieta.org.mx\/wp-content\/uploads\/2021\/12\/FGNAbKOVkAIp9aU-1068x801-1.jpeg?resize=350%2C200&ssl=1","width":350,"height":200,"srcset":"https:\/\/i0.wp.com\/www.grieta.org.mx\/wp-content\/uploads\/2021\/12\/FGNAbKOVkAIp9aU-1068x801-1.jpeg?resize=350%2C200&ssl=1 1x, https:\/\/i0.wp.com\/www.grieta.org.mx\/wp-content\/uploads\/2021\/12\/FGNAbKOVkAIp9aU-1068x801-1.jpeg?resize=525%2C300&ssl=1 1.5x, https:\/\/i0.wp.com\/www.grieta.org.mx\/wp-content\/uploads\/2021\/12\/FGNAbKOVkAIp9aU-1068x801-1.jpeg?resize=700%2C400&ssl=1 2x, https:\/\/i0.wp.com\/www.grieta.org.mx\/wp-content\/uploads\/2021\/12\/FGNAbKOVkAIp9aU-1068x801-1.jpeg?resize=1050%2C600&ssl=1 3x"},"classes":[]}],"_links":{"self":[{"href":"https:\/\/www.grieta.org.mx\/index.php\/wp-json\/wp\/v2\/posts\/66164","targetHints":{"allow":["GET"]}}],"collection":[{"href":"https:\/\/www.grieta.org.mx\/index.php\/wp-json\/wp\/v2\/posts"}],"about":[{"href":"https:\/\/www.grieta.org.mx\/index.php\/wp-json\/wp\/v2\/types\/post"}],"author":[{"embeddable":true,"href":"https:\/\/www.grieta.org.mx\/index.php\/wp-json\/wp\/v2\/users\/2"}],"replies":[{"embeddable":true,"href":"https:\/\/www.grieta.org.mx\/index.php\/wp-json\/wp\/v2\/comments?post=66164"}],"version-history":[{"count":1,"href":"https:\/\/www.grieta.org.mx\/index.php\/wp-json\/wp\/v2\/posts\/66164\/revisions"}],"predecessor-version":[{"id":66168,"href":"https:\/\/www.grieta.org.mx\/index.php\/wp-json\/wp\/v2\/posts\/66164\/revisions\/66168"}],"wp:featuredmedia":[{"embeddable":true,"href":"https:\/\/www.grieta.org.mx\/index.php\/wp-json\/wp\/v2\/media\/66165"}],"wp:attachment":[{"href":"https:\/\/www.grieta.org.mx\/index.php\/wp-json\/wp\/v2\/media?parent=66164"}],"wp:term":[{"taxonomy":"category","embeddable":true,"href":"https:\/\/www.grieta.org.mx\/index.php\/wp-json\/wp\/v2\/categories?post=66164"},{"taxonomy":"post_tag","embeddable":true,"href":"https:\/\/www.grieta.org.mx\/index.php\/wp-json\/wp\/v2\/tags?post=66164"}],"curies":[{"name":"wp","href":"https:\/\/api.w.org\/{rel}","templated":true}]}}