{"id":66144,"date":"2023-01-29T13:05:32","date_gmt":"2023-01-29T19:05:32","guid":{"rendered":"https:\/\/www.grieta.org.mx\/?p=66144"},"modified":"2023-01-29T13:07:01","modified_gmt":"2023-01-29T19:07:01","slug":"exigen-justicia-por-feminicidios-e-indagar-las-desaparaciones-oaxaca","status":"publish","type":"post","link":"https:\/\/www.grieta.org.mx\/index.php\/2023\/01\/29\/exigen-justicia-por-feminicidios-e-indagar-las-desaparaciones-oaxaca\/","title":{"rendered":"Exigen justicia por feminicidios e indagar las desapariciones (Oaxaca)"},"content":{"rendered":"<p>Imagen: Tomada de la red<\/p>\n<p>Lisbeth Mej\u00eda Reyes \/ El Imparcial<\/p>\n<p>Familiares, amigos y activistas v\u00edctimas de feminicidios, y desapariciones as\u00ed como de sobrevivientes de intento de feminicidios, protestaron \u00e9ste s\u00e1bado en la Ciudad de Oaxaca para exigir al gobierno del estado y a la fiscal\u00eda justicia para estos casos. Adem\u00e1s de la aparici\u00f3n con vida de la adolescente Andrea Itzel Mart\u00ednez Castellanos desaparecida el 17 de enero en Suchilquitongo Etla.<\/p>\n<p>El apoyo a la saxofonista Mar\u00eda Elena R\u00edos y la demanda de justicia por su caso reson\u00f3 en la protesta en el centro de la ciudad de Oaxaca. La manifestaci\u00f3n la necesidad de que el fiscal, Bernardo Rodr\u00edguez Alamilla, y el gobernador Salom\u00f3n Jara Cruz, act\u00faen para frenar las olas de desapariciones y feminicidios.<\/p>\n<p>Organizaciones sociales como Consorcio Oaxaca y el Grupo de Estudios sobre la Mujer Rosario Castellanos registraron que en \u00faltimo sexenio (el de Alejandro Murat) 718 mujeres ni\u00f1as y adolescentes fueron privadas de su vida y cerca de 2 mil est\u00e1n desaparecidas.<\/p>\n<p>Los nombres y las fotos de Natalie D\u00edaz Morales, Abigail Hay Urrutia, Aid\u00e9, Mariela Saldi y otras v\u00edctimas de feminicidios o muertes violentas fueron recordados en la manifestaci\u00f3n en la Alameda de Le\u00f3n.<\/p>\n<p>Con fotos, lonas, globos y al grito de &#8220;\u00a1Ni una m\u00e1s, ni una m\u00e1s, ni una asesinada m\u00e1s!, la protesta convocada por la colectiva Las Nietas de Lilith reuni\u00f3n varias familias que como parte de sui exigencia marcharon por el andador tur\u00edstico y el z\u00f3calo capitalino, llevando tambi\u00e9n su clamor a las puertas del Palacio de Gobierno.<\/p>\n<p>\u00a8Nadie se suicida en una comisar\u00eda&#8221;, externaron las activistas por el caso de Abigail Hay Urrutia, ocurrido en la regi\u00f3n del Istmo de Tehuantepec. La familia de Natalie D\u00edaz\u00a0 tambi\u00e9n se pronunci\u00f3 para que el gobernador y el reci\u00e9n nombrado fiscal castiguen a los responsables de su muerte y que la investigaci\u00f3n del caso\u00a0 sea con perspectiva de g\u00e9nero.<\/p>\n<p>&#8220;Exigimos se liberen \u00f3rdenes de aprehensi\u00f3n n contra de los responsables de la muerte de Natalie D\u00edaz Morales, que son Ricardo Antonio Ortega Gonz\u00e1lez y Jos\u00e9 Luis Mart\u00ednez Cruz&#8221;.<\/p>\n<p>A cuatro a\u00f1os del feminicidio de &#8220;Marielita&#8221;, la madre y las activistas pidieron solidaridad y que el caso no quede impune.<\/p>\n<p>A varios meses de la desaparici\u00f3n de desaparici\u00f3n del polic\u00eda Noel P\u00e9rez, su madre y abuela tambi\u00e9n exigieron a las autoridades\u00a0 su intervenci\u00f3n para localizarlo.<\/p>\n<p>Sobre el caso de Aid\u00e9, mujer que sufri\u00f3 un atentado en junio y muri\u00f3 en casi un mes despu\u00e9s de estar hospitalizada su sobrina denunci\u00f3 que la burocracia ha impedido exigir justicia para su familiar.<\/p>\n<p>Sin certeza que el cuerpo localizado sea de Andrea Itzel<\/p>\n<p>Luego de que este s\u00e1bado se localizaron\u00a0 los restos de una mujer en el paraje de Suchilquitongo, la madre de la adolescente Andrea Itzel se\u00f1al\u00f3 que a\u00fan no existe certeza de que corresponda a su hija.<\/p>\n<p>&#8220;Es cierto, han encontrado un cuerpo, m\u00e1s no significa que sea Andrea&#8221;, extern\u00f3 la madre, quien en compa\u00f1\u00eda de la poblaci\u00f3n y autoridades de Santiago Suchilquitongo ha amrchad para exigir que las autoridades estatales investiguen y aceleren la b\u00fasqueda de la menor.<\/p>\n<p>&#8220;No se puede perder\u00a0 una mujer sin dejar rastro, no puede ser que la tierra se la trague sin que nadie vea nada.\u00a0 No puede pasar otra vez&#8221;, exclam\u00f3 la madres obre este y los miles de personas desaparecidas en el estado.<\/p>\n<p>La madre apelo al gobernador del estado para que apoye a la familia a dar con el paradero de la menor.<\/p>\n<p>\u00a1Queremos a Andrea con vida. No pararemos hasta encontarla!<\/p>\n<p><a href=\"https:\/\/imparcialoaxaca.mx\/oaxaca\/739574\/exigen-justicia-por-feminicidios-e-indagar-las-desapariciones\/\">https:\/\/imparcialoaxaca.mx\/oaxaca\/739574\/exigen-justicia-por-feminicidios-e-indagar-las-desapariciones\/<\/a><\/p>\n","protected":false},"excerpt":{"rendered":"<p>Imagen: Tomada de la red Lisbeth Mej\u00eda Reyes \/ El Imparcial Familiares, amigos y activistas v\u00edctimas de feminicidios, y desapariciones as\u00ed como de sobrevivientes de intento de feminicidios, protestaron \u00e9ste &hellip; <a href=\"https:\/\/www.grieta.org.mx\/index.php\/2023\/01\/29\/exigen-justicia-por-feminicidios-e-indagar-las-desaparaciones-oaxaca\/\" class=\"more-link\">Leer m\u00e1s<\/a><\/p>\n","protected":false},"author":2,"featured_media":66149,"comment_status":"closed","ping_status":"closed","sticky":false,"template":"","format":"standard","meta":{"ngg_post_thumbnail":0,"_jetpack_newsletter_access":"","_jetpack_dont_email_post_to_subs":false,"_jetpack_newsletter_tier_id":0,"_jetpack_memberships_contains_paywalled_content":false,"_jetpack_memberships_contains_paid_content":false,"footnotes":""},"categories":[80,84,1325,2,25,83],"tags":[3042,631,3069,2999,81,3193,3148,3019,2193,1434],"class_list":["post-66144","post","type-post","status-publish","format-standard","has-post-thumbnail","hentry","category-cintillo","category-feminicidios","category-feminicidios-en-oaxaca-oaxaca","category-noticias-nacionales","category-oaxaca","category-temas-nacionales","tag-colectivos-feministas","tag-desaparecidas","tag-familiares-de-mujeres-victimas-de-feminicidio","tag-feminicidio-violencia-contra-las-mujeres","tag-feminicidios","tag-lucha-contra-el-feminicidio","tag-lucha-feminista","tag-movilizaciones-contra-feminicidios","tag-ninas-asesinadas","tag-ninas-desaparecidas","entry"],"jetpack_featured_media_url":"https:\/\/www.grieta.org.mx\/wp-content\/uploads\/2023\/01\/Feminicidios-Oaxaca-3.webp","jetpack_sharing_enabled":true,"jetpack_shortlink":"https:\/\/wp.me\/p7ZJR4-hcQ","jetpack_likes_enabled":false,"jetpack-related-posts":[{"id":65754,"url":"https:\/\/www.grieta.org.mx\/index.php\/2022\/11\/02\/con-ofrenda-piden-justicia-para-victimas-de-feminicidio-en-oaxaca\/","url_meta":{"origin":66144,"position":0},"title":"Con ofrenda piden justicia para v\u00edctimas de feminicidio en Oaxaca","author":"grieta","date":"2 noviembre, 2022","format":false,"excerpt":"Imagen: El Solo de Nayarit Redacci\u00f3n \/ El Sol de Nayarit Integrantes de la colectiva \"las nietas de Lilith Oaxaca\", instalaron un altar en memoria de las mujeres que fueron v\u00edctimas de feminicidio en Oaxaca. El altar est\u00e1 ubicado a un costado del atrio de Santo Domingo de Guzm\u00e1n, en\u2026","rel":"","context":"En &quot;CINTILLO&quot;","block_context":{"text":"CINTILLO","link":"https:\/\/www.grieta.org.mx\/index.php\/category\/cintillo\/"},"img":{"alt_text":"","src":"https:\/\/i0.wp.com\/www.grieta.org.mx\/wp-content\/uploads\/2022\/11\/87688_17_20221102213731_117captura_de_pantalla_2022-11-02_a_la_s__2.47.41_p.m.png?resize=350%2C200&ssl=1","width":350,"height":200,"srcset":"https:\/\/i0.wp.com\/www.grieta.org.mx\/wp-content\/uploads\/2022\/11\/87688_17_20221102213731_117captura_de_pantalla_2022-11-02_a_la_s__2.47.41_p.m.png?resize=350%2C200&ssl=1 1x, https:\/\/i0.wp.com\/www.grieta.org.mx\/wp-content\/uploads\/2022\/11\/87688_17_20221102213731_117captura_de_pantalla_2022-11-02_a_la_s__2.47.41_p.m.png?resize=525%2C300&ssl=1 1.5x"},"classes":[]},{"id":65823,"url":"https:\/\/www.grieta.org.mx\/index.php\/2022\/11\/26\/piden-justicia-por-cuatro-feminicidios-y-tres-desapariciones-en-oaxaca\/","url_meta":{"origin":66144,"position":1},"title":"Piden justicia por cuatro feminicidios y tres desapariciones en Oaxaca","author":"grieta","date":"26 noviembre, 2022","format":false,"excerpt":"Imagen: NVI Noticas Lesle Aguilar \/NVI Noticias HUAJUAPAN DE LE\u00d3N, Oaxaca. - Colectivos feministas pidieron a la Fiscal\u00eda de Oaxaca que se aclaren cuatro casos de feminicidios y tres desapariciones ocurridas en la Mixteca. La colectiva feminista Marea Verde Mixteca dio a conocer en el marco del D\u00eda Internacional para\u2026","rel":"","context":"En &quot;CINTILLO&quot;","block_context":{"text":"CINTILLO","link":"https:\/\/www.grieta.org.mx\/index.php\/category\/cintillo\/"},"img":{"alt_text":"","src":"https:\/\/i0.wp.com\/www.grieta.org.mx\/wp-content\/uploads\/2022\/11\/protesta-dia-naranja.webp?resize=350%2C200&ssl=1","width":350,"height":200,"srcset":"https:\/\/i0.wp.com\/www.grieta.org.mx\/wp-content\/uploads\/2022\/11\/protesta-dia-naranja.webp?resize=350%2C200&ssl=1 1x, https:\/\/i0.wp.com\/www.grieta.org.mx\/wp-content\/uploads\/2022\/11\/protesta-dia-naranja.webp?resize=525%2C300&ssl=1 1.5x, https:\/\/i0.wp.com\/www.grieta.org.mx\/wp-content\/uploads\/2022\/11\/protesta-dia-naranja.webp?resize=700%2C400&ssl=1 2x"},"classes":[]},{"id":60360,"url":"https:\/\/www.grieta.org.mx\/index.php\/2021\/07\/05\/con-marcha-del-hartazgo-mujeres-de-tuxtepec-exigen-justicia-ante-el-aumento-de-desapariciones-oaxaca\/","url_meta":{"origin":66144,"position":2},"title":"Con &#8220;marcha del hartazgo&#8221;, mujeres de Tuxtepec exigen justicia ante el aumento de desapariciones (Oaxaca)","author":"grieta","date":"5 julio, 2021","format":false,"excerpt":"Noticias \/ Karla Arrazola. Recuerdan a las mujeres que fueron v\u00edctimas de violencia. TUXTEPEC, Oaxaca.- A convocatoria del colectivo TuxFem en redes sociales, ayer se realiz\u00f3 una marcha para exigir justicia ante el incremento en el n\u00famero de mujeres desaparecidas y el feminicidio de Gisell, joven que fue encontrada sin\u2026","rel":"","context":"En &quot;CINTILLO&quot;","block_context":{"text":"CINTILLO","link":"https:\/\/www.grieta.org.mx\/index.php\/category\/cintillo\/"},"img":{"alt_text":"","src":"https:\/\/i0.wp.com\/www.grieta.org.mx\/wp-content\/uploads\/2021\/07\/Z.jpg?resize=350%2C200&ssl=1","width":350,"height":200,"srcset":"https:\/\/i0.wp.com\/www.grieta.org.mx\/wp-content\/uploads\/2021\/07\/Z.jpg?resize=350%2C200&ssl=1 1x, https:\/\/i0.wp.com\/www.grieta.org.mx\/wp-content\/uploads\/2021\/07\/Z.jpg?resize=525%2C300&ssl=1 1.5x, https:\/\/i0.wp.com\/www.grieta.org.mx\/wp-content\/uploads\/2021\/07\/Z.jpg?resize=700%2C400&ssl=1 2x, https:\/\/i0.wp.com\/www.grieta.org.mx\/wp-content\/uploads\/2021\/07\/Z.jpg?resize=1050%2C600&ssl=1 3x"},"classes":[]},{"id":64095,"url":"https:\/\/www.grieta.org.mx\/index.php\/2022\/04\/27\/exigen-con-marcha-un-alto-a-los-feminicidios-y-desapariciones-de-mujeres-colima\/","url_meta":{"origin":66144,"position":3},"title":"Exigen con marcha un alto a los feminicidios y desapariciones de mujeres (Colima)","author":"grieta","date":"27 abril, 2022","format":false,"excerpt":"Foto: El Comentario Redacci\u00f3n \/ El Comentario Un nutrido grupo de\u00a0mujeres vestidas de negro\u00a0march\u00f3 desde la\u00a0Piedra Lisa\u00a0hasta el\u00a0jard\u00edn Libertad, en el centro de la\u00a0capital colimense, para exigir un alto a los\u00a0feminicidios\u00a0en la entidad. Al grito de \u201c\u00a1Se\u00f1or, se\u00f1ora, no sea indiferente, se mata a las mujeres en la cara de\u2026","rel":"","context":"En &quot;CINTILLO&quot;","block_context":{"text":"CINTILLO","link":"https:\/\/www.grieta.org.mx\/index.php\/category\/cintillo\/"},"img":{"alt_text":"","src":"https:\/\/i0.wp.com\/www.grieta.org.mx\/wp-content\/uploads\/2022\/05\/d27ad9eb9d9b5b4b0c12fb37b3801617.jpg?resize=350%2C200&ssl=1","width":350,"height":200,"srcset":"https:\/\/i0.wp.com\/www.grieta.org.mx\/wp-content\/uploads\/2022\/05\/d27ad9eb9d9b5b4b0c12fb37b3801617.jpg?resize=350%2C200&ssl=1 1x, https:\/\/i0.wp.com\/www.grieta.org.mx\/wp-content\/uploads\/2022\/05\/d27ad9eb9d9b5b4b0c12fb37b3801617.jpg?resize=525%2C300&ssl=1 1.5x, https:\/\/i0.wp.com\/www.grieta.org.mx\/wp-content\/uploads\/2022\/05\/d27ad9eb9d9b5b4b0c12fb37b3801617.jpg?resize=700%2C400&ssl=1 2x"},"classes":[]},{"id":66408,"url":"https:\/\/www.grieta.org.mx\/index.php\/2023\/03\/01\/mujeres-en-la-mixteca-exigen-justicia-por-la-muerte-de-jenni-flor-oaxaca\/","url_meta":{"origin":66144,"position":4},"title":"Mujeres en la Mixteca exigen justicia por la muerte de Jenni Flor (Oaxaca)","author":"grieta","date":"1 marzo, 2023","format":false,"excerpt":"Imagen: Cortes\u00eda Leslie Aguilar \/\u00a0 NVI Noticias HUAJUAPAN DE LE\u00d3N, Oaxaca.- La colectiva feminista Marea Verde Mixteca pidi\u00f3 justicia por el feminismo de Jenni Flor, de 25 a\u00f1os de edad, quien fue asesinada la tarde del 27 de febrero en la comunidad de Santa Cruz Tacache de Mina por su\u2026","rel":"","context":"En &quot;CINTILLO&quot;","block_context":{"text":"CINTILLO","link":"https:\/\/www.grieta.org.mx\/index.php\/category\/cintillo\/"},"img":{"alt_text":"","src":"https:\/\/i0.wp.com\/www.grieta.org.mx\/wp-content\/uploads\/2023\/03\/protesta_por_jenni.webp?resize=350%2C200&ssl=1","width":350,"height":200,"srcset":"https:\/\/i0.wp.com\/www.grieta.org.mx\/wp-content\/uploads\/2023\/03\/protesta_por_jenni.webp?resize=350%2C200&ssl=1 1x, https:\/\/i0.wp.com\/www.grieta.org.mx\/wp-content\/uploads\/2023\/03\/protesta_por_jenni.webp?resize=525%2C300&ssl=1 1.5x, https:\/\/i0.wp.com\/www.grieta.org.mx\/wp-content\/uploads\/2023\/03\/protesta_por_jenni.webp?resize=700%2C400&ssl=1 2x"},"classes":[]},{"id":66246,"url":"https:\/\/www.grieta.org.mx\/index.php\/2023\/02\/06\/familiares-y-colectivos-marchan-en-oaxaca-exigen-justica-para-mariela-oaxaca\/","url_meta":{"origin":66144,"position":5},"title":"Familiares y Colectivos marchan en Oaxaca, exigen justica para Mariela","author":"grieta","date":"6 febrero, 2023","format":false,"excerpt":"Imagen: Mario Jim\u00e9nez Leyva Citlalli L\u00f3pez Vel\u00e1zquez \/ NVI Noticias No es posible que los imputados tengan m\u00e1s garant\u00edas, que las personas que cometen los delitos tengan m\u00e1s garant\u00edas y nosotras como v\u00edctimas indirectas desde hace cuatro a\u00f1os andamos mendigando la justicia, desde hace cuatro a\u00f1os andamos en este ir\u2026","rel":"","context":"En &quot;CINTILLO&quot;","block_context":{"text":"CINTILLO","link":"https:\/\/www.grieta.org.mx\/index.php\/category\/cintillo\/"},"img":{"alt_text":"","src":"https:\/\/i0.wp.com\/www.grieta.org.mx\/wp-content\/uploads\/2023\/02\/marcha_por_marielita.webp?resize=350%2C200&ssl=1","width":350,"height":200,"srcset":"https:\/\/i0.wp.com\/www.grieta.org.mx\/wp-content\/uploads\/2023\/02\/marcha_por_marielita.webp?resize=350%2C200&ssl=1 1x, https:\/\/i0.wp.com\/www.grieta.org.mx\/wp-content\/uploads\/2023\/02\/marcha_por_marielita.webp?resize=525%2C300&ssl=1 1.5x, https:\/\/i0.wp.com\/www.grieta.org.mx\/wp-content\/uploads\/2023\/02\/marcha_por_marielita.webp?resize=700%2C400&ssl=1 2x"},"classes":[]}],"_links":{"self":[{"href":"https:\/\/www.grieta.org.mx\/index.php\/wp-json\/wp\/v2\/posts\/66144","targetHints":{"allow":["GET"]}}],"collection":[{"href":"https:\/\/www.grieta.org.mx\/index.php\/wp-json\/wp\/v2\/posts"}],"about":[{"href":"https:\/\/www.grieta.org.mx\/index.php\/wp-json\/wp\/v2\/types\/post"}],"author":[{"embeddable":true,"href":"https:\/\/www.grieta.org.mx\/index.php\/wp-json\/wp\/v2\/users\/2"}],"replies":[{"embeddable":true,"href":"https:\/\/www.grieta.org.mx\/index.php\/wp-json\/wp\/v2\/comments?post=66144"}],"version-history":[{"count":1,"href":"https:\/\/www.grieta.org.mx\/index.php\/wp-json\/wp\/v2\/posts\/66144\/revisions"}],"predecessor-version":[{"id":66154,"href":"https:\/\/www.grieta.org.mx\/index.php\/wp-json\/wp\/v2\/posts\/66144\/revisions\/66154"}],"wp:featuredmedia":[{"embeddable":true,"href":"https:\/\/www.grieta.org.mx\/index.php\/wp-json\/wp\/v2\/media\/66149"}],"wp:attachment":[{"href":"https:\/\/www.grieta.org.mx\/index.php\/wp-json\/wp\/v2\/media?parent=66144"}],"wp:term":[{"taxonomy":"category","embeddable":true,"href":"https:\/\/www.grieta.org.mx\/index.php\/wp-json\/wp\/v2\/categories?post=66144"},{"taxonomy":"post_tag","embeddable":true,"href":"https:\/\/www.grieta.org.mx\/index.php\/wp-json\/wp\/v2\/tags?post=66144"}],"curies":[{"name":"wp","href":"https:\/\/api.w.org\/{rel}","templated":true}]}}