{"id":66111,"date":"2023-01-18T19:11:57","date_gmt":"2023-01-19T01:11:57","guid":{"rendered":"https:\/\/www.grieta.org.mx\/?p=66111"},"modified":"2023-01-22T19:21:32","modified_gmt":"2023-01-23T01:21:32","slug":"familiares-impulsan-iniciativa-para-resguardar-los-derechos-de-las-hijas-e-hijos-de-personas-desaparecidas-jalisco","status":"publish","type":"post","link":"https:\/\/www.grieta.org.mx\/index.php\/2023\/01\/18\/familiares-impulsan-iniciativa-para-resguardar-los-derechos-de-las-hijas-e-hijos-de-personas-desaparecidas-jalisco\/","title":{"rendered":"Familiares impulsan iniciativa para resguardar los derechos de las hijas e hijos de personas desaparecidas (Jalisco)"},"content":{"rendered":"<p>Imagen: Yulxil S\u00e1nchez \/ Zona Docs<\/p>\n<p><b>El colectivo \u201cLuz de Esperanza\u201d present\u00f3 una iniciativa de reforma a la Ley para la Declaraci\u00f3n Especial de Ausencia por Desaparici\u00f3n en Jalisco y del C\u00f3digo Civil de Jalisco; la propuesta fue recibida por Claudia Garc\u00eda Hern\u00e1ndez, diputada del partido pol\u00edtico Morena, desde noviembre de 2022.<\/b><\/p>\n<p><b>La ma\u00f1ana del 18 de enero, los familiares y la diputada presentaron la iniciativa en el Congreso de Jalisco, con la expectativa de obtener una respuesta del pleno del poder legislativo, y as\u00ed atender las necesidades de quienes tienen el cuidado de las hijas e hijos de quienes han sido desaparecidos en Jalisco.<\/b><\/p>\n<p>Aletse Torres Flores \/\u00a0 Zona Docs<\/p>\n<p>Las familias integrantes del colectivo \u201cLuz de Esperanza\u201d decidieron presentar una iniciativa que prioriza los derechos de la ni\u00f1ez que se ve afectada por la problem\u00e1tica de las desapariciones. Esta, fue recibida el 9 de noviembre de 2022, por\u00a0<b>Mar\u00eda del Carmen Z\u00fa\u00f1iga Cuevas,<\/b>\u00a0diputada del partido pol\u00edtico de Morena. Dos meses despu\u00e9s,<b>\u00a0las familias de la diputada la presentaron en el Congreso del Estado de Jalisco.\u00a0<\/b><\/p>\n<p>La iniciativa contempla la\u00a0<b>reforma al art\u00edculo 16 de la\u00a0<\/b><b>Ley para la Declaraci\u00f3n Especial de Ausencia por Desaparici\u00f3n en Jalisco<\/b>\u00a0y a los art\u00edculos<b>\u00a042 y 43 de la Ley del Registro Civil del Estado de Jalisco<\/b>; y as\u00ed\u00a0<b>terminar los obst\u00e1culos y lagunas jur\u00eddicas a los que se enfrentan las infancias.<\/b><\/p>\n<p>H\u00e9ctor Flores del colectivo\u00a0<em>Luz de Esperanza<\/em>\u00a0se\u00f1al\u00f3 que su prop\u00f3sito principal es<b>\u00a0la creaci\u00f3n de un mecanismo que tome en cuenta la reparaci\u00f3n a las v\u00edctimas directas o indirectas\u00a0<\/b>de la crisis de las desapariciones, con el fin de\u00a0<b>salvaguardar la integridad y tutela de la ni\u00f1ez que ha perdido a uno o ambos padres.\u00a0<\/b><\/p>\n<p>Por su parte, la diputada Claudia, explic\u00f3 que la iniciativa pretende\u00a0<b>acelerar el tiempo de espera para el tr\u00e1mite de reconocimiento como v\u00edctimas indirectas\u00a0<\/b>ante la Ley Federal de Declaraci\u00f3n Especial de Ausencia para Personas Desaparecidas<\/p>\n<p>En los casos donde las infancias no fueron registradas por sus padres, deben esperar de\u00a0<b>dos a tres a\u00f1os para iniciar este proceso,\u00a0<\/b>el cual implica un examen de ADN, la presentaci\u00f3n ante el registro civil y finalmente el reconocimiento como v\u00edctimas indirectas.<\/p>\n<p>La iniciativa propone\u00a0<b>un tiempo de espera m\u00e1ximo de seis meses,<\/b>\u00a0ya que el extendimiento del proceso ocasiona que los familiares no lo realicen o que las infancias se \u201cpierdan\u201d en el sistema.<\/p>\n<p>Siguiendo esta misma l\u00ednea, con la aprobaci\u00f3n de la reforma,<b>\u00a0las infancias con podr\u00edan ser registradas por una persona que no sea su progenitor.<\/b><\/p>\n<p>Solo deber\u00e1n presentar\u00a0<b>documentos que acrediten la desaparici\u00f3n de la madre y\/o el padre.\u00a0<\/b>Esto permitir\u00e1 generar un acta de nacimiento y, por tanto,<b>\u00a0asegurar el acceso a la personalidad jur\u00eddica y a sus derechos<\/b><\/p>\n<p>Liliana Meza, integrante del colectivo Luz de Esperanza explic\u00f3 que la iniciativa contempla la posibilidad de que\u00a0<b>las madres puedan registrar a los menores de edad sin la necesidad de presentar pruebas que acrediten la paternidad de la persona desaparecida, en el caso de los hombres.<\/b><\/p>\n<p>Finalmente, las familias esperan que la propuesta\u00a0<b>no se quede \u201ccongelada\u201d en el congreso,\u00a0<\/b>puesto que anteriores iniciativas que han presentado no han pasado de esa fase.<\/p>\n<h4><b>\u201cMis nietos merecen ser reconocidos con el nombre de su padre\u201d\u00a0<\/b><\/h4>\n<p>Imelda Jim\u00e9nez es madre\u00a0<b>C\u00e9sar Giovanni Calder\u00f3n Jim\u00e9nez,<\/b>\u00a0 joven que fue desaparecido la tarde del 2 de febrero de 2022 en la colonia Lomas de la Primavera, en Zapopan, Jalisco.<\/p>\n<p>Ha pasado casi un a\u00f1o desde la desaparici\u00f3n de su hijo y la respuesta de las autoridades ha sido la misma desde el comienzo:\u00a0<b>poca e ineficiente.<\/b>\u00a0La madre se\u00f1al\u00f3 que les ha proporcionado informaci\u00f3n, peque\u00f1as \u201cpistas\u201d del paradero de su hijo.<\/p>\n<p><b>\u201cLes llev\u00e9 la c\u00e1mara, les llev\u00e9 todo, sigue igual. Ya no he ido ni a la Fiscal\u00eda, ni a ning\u00fan lado porque no hacen nada. Esperan que yo lo haga todo\u201d\u00a0<\/b>declar\u00f3 Imelda.<\/p>\n<p>Es complicado que la madre investigue \u201cpor su cuenta\u201d, puesto que al no contar con el respaldo de las autoridades, sabe que no tiene ning\u00fan tipo de seguridad que la proteja y pone su vida en riesgo.<\/p>\n<p>Imelda, ha decidido no \u201cmeterse\u201d demasiado<\/p>\n<p><b>\u201cYo no me puedo estar metiendo. T\u00fa sabes y ellos\u00a0 saben que es muy complicado ahorita. Es dif\u00edcil entrar a un espacio donde mi vida corre riesgo\u201d.\u00a0<\/b><\/p>\n<p>C\u00e9sar Giovanni es padre de tres menores de edad, el m\u00e1s grande tiene casi tres a\u00f1os, el segundo cumple dos a\u00f1os en abril y su hija menor tiene apenas siete meses de edad. No obstante,\u00a0<b>ninguno de los infantes cuenta con el apellido de su padr<\/b>e, debido a que fue desaparecido antes de poder realizar el tr\u00e1mite.<\/p>\n<p>Imelda, puntualiz\u00f3 que al momento de querer registrar a sus nietos con el apellido de C\u00e9sar las autoridades\u00a0<b>se lo negaron,<\/b>\u00a0argumentando que los menores \u201cno ten\u00edan derecho\u201d al apellido de su padre porque se encuentra desaparecido.<\/p>\n<p>Por lo mismo,<b>\u00a0la madre espera que sea aprobada la iniciativa garantizar\u00e1 los<\/b>\u00a0<b>derechos que le corresponden a sus nietos\u00a0<\/b>y con suerte \u201cahora s\u00ed\u201d\u00a0 recibir la ayuda de las autoridades.<\/p>\n<p>Pero por el miedo y el contexto al que se enfrentaron, la pareja de C\u00e9sar decidi\u00f3 registrar a los menores de edad solo con sus apellidos, con el prop\u00f3sito de protegerlos y que las autoridades no se los \u201cquitaran\u201d.<\/p>\n<p>Imelda sabe que al no tener el apellido de su padre,<b>\u00a0el sistema no los reconoce como v\u00edctimas indirectas\u00a0<\/b>y, por ende, no tendr\u00edan derecho a los apoyos que se plantean en la iniciativa.<\/p>\n<p>Sin embargo, la abuela espera<b>\u00a0presentar su caso a las autoridades\u00a0<\/b>y, con ello, que valoren si es posible que reciban alg\u00fan apoyo econ\u00f3mico. En caso de que no, Imelda est\u00e1 decidida a brindarles lo que necesiten sus nietos.<\/p>\n<p><b>\u201cYo entiendo a la mam\u00e1, no quer\u00eda que se los quiten\u2026ahora solo queda apoyarles con pa\u00f1ales y leche, ya que pues son beb\u00e9s, eso necesitan\u201d\u00a0<\/b>comparti\u00f3 Imelda.<\/p>\n<p>Asimismo, espera poder cuidarlos cuando se lo permitan y surja la oportunidad. Para ella<b>, lo m\u00e1s importante es salvaguardar a sus nietos por su \u201camor\u201d desaparecido.\u00a0<\/b><\/p>\n<p>Finalmente, la \u00fanica exigencia de Imelda es que las autoridades busquen a su hijo y a su vez,\u00a0<b>le otorguen\u00a0 a sus nietos los derechos que merecen:\u00a0<\/b><\/p>\n<p><b>\u201cYo solo quiero que busquen a mi hijo, que me lo regresen. Tambi\u00e9n, hagan algo con la iniciativa, que nos escuchen y que nos entiendan. En mi caso son mis nietos, pero hay muchas personas igual que yo\u201d.\u00a0<\/b><\/p>\n<p><a href=\"https:\/\/www.zonadocs.mx\/2023\/01\/18\/familiares-de-jalisco-impulsan-iniciativa-para-resguardar-los-derechos-de-hijos-de-deseparecidos\/\">https:\/\/www.zonadocs.mx\/2023\/01\/18\/familiares-de-jalisco-impulsan-iniciativa-para-resguardar-los-derechos-de-hijos-de-deseparecidos\/<\/a><\/p>\n","protected":false},"excerpt":{"rendered":"<p>Imagen: Yulxil S\u00e1nchez \/ Zona Docs El colectivo \u201cLuz de Esperanza\u201d present\u00f3 una iniciativa de reforma a la Ley para la Declaraci\u00f3n Especial de Ausencia por Desaparici\u00f3n en Jalisco y &hellip; <a href=\"https:\/\/www.grieta.org.mx\/index.php\/2023\/01\/18\/familiares-impulsan-iniciativa-para-resguardar-los-derechos-de-las-hijas-e-hijos-de-personas-desaparecidas-jalisco\/\" class=\"more-link\">Leer m\u00e1s<\/a><\/p>\n","protected":false},"author":2,"featured_media":66112,"comment_status":"closed","ping_status":"closed","sticky":false,"template":"","format":"standard","meta":{"ngg_post_thumbnail":0,"_jetpack_newsletter_access":"","_jetpack_dont_email_post_to_subs":false,"_jetpack_newsletter_tier_id":0,"_jetpack_memberships_contains_paywalled_content":false,"_jetpack_memberships_contains_paid_content":false,"footnotes":""},"categories":[80,87,1032,20,1827,2303,2,83],"tags":[3018,121,1668,3776,3855],"class_list":["post-66111","post","type-post","status-publish","format-standard","has-post-thumbnail","hentry","category-cintillo","category-desaparecidos","category-desaparecidos-en-jalisco","category-jalisco","category-la-ninez-en-la-tormenta-capitalista","category-la-ninez-en-la-tormenta-en-jalisco","category-noticias-nacionales","category-temas-nacionales","tag-colectivos-de-busqueda-de-desaparecidos","tag-desaparecidos","tag-familiares-de-desaparecidos","tag-la-ninez-en-la-tormenta-capitalista","tag-violacion-de-derechos-de-la-infancia","entry"],"jetpack_featured_media_url":"https:\/\/www.grieta.org.mx\/wp-content\/uploads\/2023\/01\/photo1674091134-1068x712-1.jpeg","jetpack_sharing_enabled":true,"jetpack_shortlink":"https:\/\/wp.me\/p7ZJR4-hcj","jetpack_likes_enabled":false,"jetpack-related-posts":[{"id":61524,"url":"https:\/\/www.grieta.org.mx\/index.php\/2021\/09\/02\/ninez-y-adolescencia-desaparecida-en-jalisco-una-crisis-inadvertida\/","url_meta":{"origin":66111,"position":0},"title":"Ni\u00f1ez y adolescencia desaparecida en Jalisco: una crisis inadvertida","author":"grieta","date":"2 septiembre, 2021","format":false,"excerpt":"Ilustraci\u00f3n Ivanna Orozco Alertas que no se emiten, protocolos de b\u00fasqueda que no se aplican y acciones de campo que no suceden son algunas de las tantas dificultades que padecen las familias que buscan a las ni\u00f1as, ni\u00f1os y\/o adolescentes desaparecidos en Jalisco; entidad que en la \u00faltima d\u00e9cada concentra\u2026","rel":"","context":"En &quot;CINTILLO&quot;","block_context":{"text":"CINTILLO","link":"https:\/\/www.grieta.org.mx\/index.php\/category\/cintillo\/"},"img":{"alt_text":"","src":"https:\/\/i0.wp.com\/www.grieta.org.mx\/wp-content\/uploads\/2021\/09\/PORTADA-NINEZ-DESAPARECIDA.png?resize=350%2C200&ssl=1","width":350,"height":200,"srcset":"https:\/\/i0.wp.com\/www.grieta.org.mx\/wp-content\/uploads\/2021\/09\/PORTADA-NINEZ-DESAPARECIDA.png?resize=350%2C200&ssl=1 1x, https:\/\/i0.wp.com\/www.grieta.org.mx\/wp-content\/uploads\/2021\/09\/PORTADA-NINEZ-DESAPARECIDA.png?resize=525%2C300&ssl=1 1.5x, https:\/\/i0.wp.com\/www.grieta.org.mx\/wp-content\/uploads\/2021\/09\/PORTADA-NINEZ-DESAPARECIDA.png?resize=700%2C400&ssl=1 2x, https:\/\/i0.wp.com\/www.grieta.org.mx\/wp-content\/uploads\/2021\/09\/PORTADA-NINEZ-DESAPARECIDA.png?resize=1050%2C600&ssl=1 3x"},"classes":[]},{"id":66788,"url":"https:\/\/www.grieta.org.mx\/index.php\/2023\/04\/11\/guadalajara-el-municipio-con-mayor-riesgo-de-desaparicion-para-las-mujeres-en-el-pais-jalisco\/","url_meta":{"origin":66111,"position":1},"title":"Guadalajara, el municipio con mayor riesgo de desaparici\u00f3n para las mujeres en el pa\u00eds (Jalisco)","author":"grieta","date":"11 abril, 2023","format":false,"excerpt":"Imagen: Cuartoscuro Lauro Rodr\u00edguez \/ El Diario NTR A trav\u00e9s de un informe, el Instituto Mexicano de Derechos Humanos y Democracia (IMDHD) evidenci\u00f3 que Guadalajara es el municipio con mayor riesgo de desaparici\u00f3n para las mujeres en todo el pa\u00eds. El an\u00e1lisis se basa en los datos del Registro Nacional\u2026","rel":"","context":"En &quot;CINTILLO&quot;","block_context":{"text":"CINTILLO","link":"https:\/\/www.grieta.org.mx\/index.php\/category\/cintillo\/"},"img":{"alt_text":"","src":"https:\/\/i0.wp.com\/www.grieta.org.mx\/wp-content\/uploads\/2023\/04\/2023-04-11_02-04-06___6885.jpg?resize=350%2C200&ssl=1","width":350,"height":200,"srcset":"https:\/\/i0.wp.com\/www.grieta.org.mx\/wp-content\/uploads\/2023\/04\/2023-04-11_02-04-06___6885.jpg?resize=350%2C200&ssl=1 1x, https:\/\/i0.wp.com\/www.grieta.org.mx\/wp-content\/uploads\/2023\/04\/2023-04-11_02-04-06___6885.jpg?resize=525%2C300&ssl=1 1.5x, https:\/\/i0.wp.com\/www.grieta.org.mx\/wp-content\/uploads\/2023\/04\/2023-04-11_02-04-06___6885.jpg?resize=700%2C400&ssl=1 2x, https:\/\/i0.wp.com\/www.grieta.org.mx\/wp-content\/uploads\/2023\/04\/2023-04-11_02-04-06___6885.jpg?resize=1050%2C600&ssl=1 3x, https:\/\/i0.wp.com\/www.grieta.org.mx\/wp-content\/uploads\/2023\/04\/2023-04-11_02-04-06___6885.jpg?resize=1400%2C800&ssl=1 4x"},"classes":[]},{"id":44925,"url":"https:\/\/www.grieta.org.mx\/index.php\/2020\/02\/20\/en-jalisco-184-asesinatos-de-ninas-y-ninos-y-238-desaparecidos\/","url_meta":{"origin":66111,"position":2},"title":"En Jalisco 184 asesinatos de ni\u00f1as y ni\u00f1os; y 238 desaparecidos","author":"grieta","date":"20 febrero, 2020","format":false,"excerpt":"Foto: Referecial-EFE De 2010 a la fecha, fueron asesinados 184 ni\u00f1os menores de 14 a\u00f1os en Jalisco. De estos, 71 eran mujeres y 113 hombres. De los 184 menores, 59 eran beb\u00e9s menores de 4 a\u00f1os de edad Julio R\u00edos \/ UDGTV Guadalajara, Jalisco. Jalisco tambi\u00e9n es tierra hostil para\u2026","rel":"","context":"En &quot;CINTILLO&quot;","block_context":{"text":"CINTILLO","link":"https:\/\/www.grieta.org.mx\/index.php\/category\/cintillo\/"},"img":{"alt_text":"","src":"https:\/\/i0.wp.com\/www.grieta.org.mx\/wp-content\/uploads\/2020\/02\/Violencia-contra-menores-EFE-631x420.jpeg?resize=350%2C200&ssl=1","width":350,"height":200,"srcset":"https:\/\/i0.wp.com\/www.grieta.org.mx\/wp-content\/uploads\/2020\/02\/Violencia-contra-menores-EFE-631x420.jpeg?resize=350%2C200&ssl=1 1x, https:\/\/i0.wp.com\/www.grieta.org.mx\/wp-content\/uploads\/2020\/02\/Violencia-contra-menores-EFE-631x420.jpeg?resize=525%2C300&ssl=1 1.5x"},"classes":[]},{"id":48815,"url":"https:\/\/www.grieta.org.mx\/index.php\/2020\/05\/07\/exigen-implementar-nuevas-estrategias-para-la-busqueda-de-ninas-y-ninos-desaparecidos-en-jalisco\/","url_meta":{"origin":66111,"position":3},"title":"Exigen implementar nuevas estrategias para la b\u00fasqueda de ni\u00f1as y ni\u00f1os desaparecidos en Jalisco","author":"grieta","date":"7 mayo, 2020","format":false,"excerpt":"Foto: Zona Docs A trav\u00e9s de un comunicado, el\u00a0Centro de Justicia para la Paz y el Desarrollo A.C (CEPAD)\u00a0evidenci\u00f3 la necesidad de cambiar las estrategias de comunicaci\u00f3n, atenci\u00f3n, acci\u00f3n e implementaci\u00f3n del mecanismo de b\u00fasqueda inmediata de ni\u00f1as, ni\u00f1os y adolescente desaparecidos en el estado, Alerta Amber, en medio de\u2026","rel":"","context":"En &quot;CINTILLO&quot;","block_context":{"text":"CINTILLO","link":"https:\/\/www.grieta.org.mx\/index.php\/category\/cintillo\/"},"img":{"alt_text":"","src":"https:\/\/i0.wp.com\/www.grieta.org.mx\/wp-content\/uploads\/2020\/05\/photo5017250151328229506-1-1200x640.jpg?resize=350%2C200&ssl=1","width":350,"height":200,"srcset":"https:\/\/i0.wp.com\/www.grieta.org.mx\/wp-content\/uploads\/2020\/05\/photo5017250151328229506-1-1200x640.jpg?resize=350%2C200&ssl=1 1x, https:\/\/i0.wp.com\/www.grieta.org.mx\/wp-content\/uploads\/2020\/05\/photo5017250151328229506-1-1200x640.jpg?resize=525%2C300&ssl=1 1.5x, https:\/\/i0.wp.com\/www.grieta.org.mx\/wp-content\/uploads\/2020\/05\/photo5017250151328229506-1-1200x640.jpg?resize=700%2C400&ssl=1 2x, https:\/\/i0.wp.com\/www.grieta.org.mx\/wp-content\/uploads\/2020\/05\/photo5017250151328229506-1-1200x640.jpg?resize=1050%2C600&ssl=1 3x"},"classes":[]},{"id":59548,"url":"https:\/\/www.grieta.org.mx\/index.php\/2021\/05\/18\/advierten-fallas-y-omisiones-en-aplicacion-de-protocolo-alba-en-jalisco\/","url_meta":{"origin":66111,"position":4},"title":"Advierten fallas y omisiones en aplicaci\u00f3n de Protocolo Alba en Jalisco","author":"grieta","date":"18 mayo, 2021","format":false,"excerpt":"Foto: UDGTV F\u00e1tima Aguilar \/ UDGTV En Jalisco se incumple con\u00a0la aplicaci\u00f3n del Protocolo Alba para casos de ni\u00f1as, adolescentes y mujeres desaparecidas, pues solo entre un 3 y 6 % de ellas cuenta con una C\u00e9dula \u00danica de Identificaci\u00f3n, advierte la abogada y acad\u00e9mica del Centro Universitario por la\u2026","rel":"","context":"En &quot;CINTILLO&quot;","block_context":{"text":"CINTILLO","link":"https:\/\/www.grieta.org.mx\/index.php\/category\/cintillo\/"},"img":{"alt_text":"","src":"https:\/\/i0.wp.com\/www.grieta.org.mx\/wp-content\/uploads\/2021\/05\/Protocolo-Alba-ZonaDocs-630x420-1-e1621888397941.jpg?resize=350%2C200&ssl=1","width":350,"height":200,"srcset":"https:\/\/i0.wp.com\/www.grieta.org.mx\/wp-content\/uploads\/2021\/05\/Protocolo-Alba-ZonaDocs-630x420-1-e1621888397941.jpg?resize=350%2C200&ssl=1 1x, https:\/\/i0.wp.com\/www.grieta.org.mx\/wp-content\/uploads\/2021\/05\/Protocolo-Alba-ZonaDocs-630x420-1-e1621888397941.jpg?resize=525%2C300&ssl=1 1.5x"},"classes":[]},{"id":45310,"url":"https:\/\/www.grieta.org.mx\/index.php\/2020\/02\/20\/976-ninas-y-ninos-estan-actualmente-desaparecidos-en-jalisco\/","url_meta":{"origin":66111,"position":5},"title":"976 ni\u00f1as y ni\u00f1os est\u00e1n actualmente desaparecidos en Jalisco","author":"grieta","date":"20 febrero, 2020","format":false,"excerpt":"Foto: Zona Docs La conmoci\u00f3n nacional que gener\u00f3 la desaparici\u00f3n y posterior feminicidio de F\u00e1tima Cecilia, de 7 a\u00f1os, en la Ciudad de M\u00e9xico, deber\u00eda colocar el foco de atenci\u00f3n en el incremento de las desapariciones de ni\u00f1as y ni\u00f1as en el pa\u00eds; sin embargo, organizaciones como la\u00a0Red por los\u2026","rel":"","context":"En &quot;CINTILLO&quot;","block_context":{"text":"CINTILLO","link":"https:\/\/www.grieta.org.mx\/index.php\/category\/cintillo\/"},"img":{"alt_text":"","src":"https:\/\/i0.wp.com\/www.grieta.org.mx\/wp-content\/uploads\/2020\/02\/result-7-1050x640.jpg?resize=350%2C200&ssl=1","width":350,"height":200,"srcset":"https:\/\/i0.wp.com\/www.grieta.org.mx\/wp-content\/uploads\/2020\/02\/result-7-1050x640.jpg?resize=350%2C200&ssl=1 1x, https:\/\/i0.wp.com\/www.grieta.org.mx\/wp-content\/uploads\/2020\/02\/result-7-1050x640.jpg?resize=525%2C300&ssl=1 1.5x, https:\/\/i0.wp.com\/www.grieta.org.mx\/wp-content\/uploads\/2020\/02\/result-7-1050x640.jpg?resize=700%2C400&ssl=1 2x, https:\/\/i0.wp.com\/www.grieta.org.mx\/wp-content\/uploads\/2020\/02\/result-7-1050x640.jpg?resize=1050%2C600&ssl=1 3x"},"classes":[]}],"_links":{"self":[{"href":"https:\/\/www.grieta.org.mx\/index.php\/wp-json\/wp\/v2\/posts\/66111","targetHints":{"allow":["GET"]}}],"collection":[{"href":"https:\/\/www.grieta.org.mx\/index.php\/wp-json\/wp\/v2\/posts"}],"about":[{"href":"https:\/\/www.grieta.org.mx\/index.php\/wp-json\/wp\/v2\/types\/post"}],"author":[{"embeddable":true,"href":"https:\/\/www.grieta.org.mx\/index.php\/wp-json\/wp\/v2\/users\/2"}],"replies":[{"embeddable":true,"href":"https:\/\/www.grieta.org.mx\/index.php\/wp-json\/wp\/v2\/comments?post=66111"}],"version-history":[{"count":1,"href":"https:\/\/www.grieta.org.mx\/index.php\/wp-json\/wp\/v2\/posts\/66111\/revisions"}],"predecessor-version":[{"id":66113,"href":"https:\/\/www.grieta.org.mx\/index.php\/wp-json\/wp\/v2\/posts\/66111\/revisions\/66113"}],"wp:featuredmedia":[{"embeddable":true,"href":"https:\/\/www.grieta.org.mx\/index.php\/wp-json\/wp\/v2\/media\/66112"}],"wp:attachment":[{"href":"https:\/\/www.grieta.org.mx\/index.php\/wp-json\/wp\/v2\/media?parent=66111"}],"wp:term":[{"taxonomy":"category","embeddable":true,"href":"https:\/\/www.grieta.org.mx\/index.php\/wp-json\/wp\/v2\/categories?post=66111"},{"taxonomy":"post_tag","embeddable":true,"href":"https:\/\/www.grieta.org.mx\/index.php\/wp-json\/wp\/v2\/tags?post=66111"}],"curies":[{"name":"wp","href":"https:\/\/api.w.org\/{rel}","templated":true}]}}