{"id":66061,"date":"2023-01-09T15:14:30","date_gmt":"2023-01-09T21:14:30","guid":{"rendered":"https:\/\/www.grieta.org.mx\/?p=66061"},"modified":"2023-01-14T15:26:14","modified_gmt":"2023-01-14T21:26:14","slug":"acusan-al-alcalde-de-tekax-de-abuso-de-poder-por-cortarles-la-electricidad-a-tianguis-municipal-para-obligarlos-a-cerrar-yucatan","status":"publish","type":"post","link":"https:\/\/www.grieta.org.mx\/index.php\/2023\/01\/09\/acusan-al-alcalde-de-tekax-de-abuso-de-poder-por-cortarles-la-electricidad-a-tianguis-municipal-para-obligarlos-a-cerrar-yucatan\/","title":{"rendered":"Acusan al alcalde de Tekax de abuso de poder por cortarles la electricidad a tianguis municipal para obligarlos a cerrar (Yucat\u00e1n)"},"content":{"rendered":"<p>Itzel Chan \/ Noticaribe<\/p>\n<p>M\u00c9RIDA, MX.- Trabajadoras del tianguis con m\u00e1s de 35 a\u00f1os de antig\u00fcedad del municipio de Tekax, acudieron al Palacio de Gobierno de Yucat\u00e1n para denunciar al alcalde Diego \u00c1vila Romero de abuso de poder, ya que les ha interrumpido el servicio de energ\u00eda el\u00e9ctrica, entre otras irregularidades que les impiden laborar con normalidad, sin darles mayor explicaci\u00f3n.<\/p>\n<p>Con pancartas en mano en las que piden \u201cNo m\u00e1s violencia\u201d, \u201cNo al abuso de poder\u201d y \u201cQueremos justicia\u201d, trabajadores del tianguis municipal acusan al edil de malos tratos, pues en el espacio en el que han trabajado por m\u00e1s de tres d\u00e9cadas se les comienzan a cerrar las puertas sin mayor explicaci\u00f3n.<\/p>\n<p><img loading=\"lazy\" decoding=\"async\" data-attachment-id=\"66066\" data-permalink=\"https:\/\/www.grieta.org.mx\/index.php\/2023\/01\/09\/acusan-al-alcalde-de-tekax-de-abuso-de-poder-por-cortarles-la-electricidad-a-tianguis-municipal-para-obligarlos-a-cerrar-yucatan\/tianguis2\/\" data-orig-file=\"https:\/\/www.grieta.org.mx\/wp-content\/uploads\/2023\/01\/Tianguis2-e1673731527432.jpg\" data-orig-size=\"800,599\" data-comments-opened=\"0\" data-image-meta=\"{&quot;aperture&quot;:&quot;0&quot;,&quot;credit&quot;:&quot;&quot;,&quot;camera&quot;:&quot;&quot;,&quot;caption&quot;:&quot;&quot;,&quot;created_timestamp&quot;:&quot;0&quot;,&quot;copyright&quot;:&quot;&quot;,&quot;focal_length&quot;:&quot;0&quot;,&quot;iso&quot;:&quot;0&quot;,&quot;shutter_speed&quot;:&quot;0&quot;,&quot;title&quot;:&quot;&quot;,&quot;orientation&quot;:&quot;1&quot;}\" data-image-title=\"Tianguis2\" data-image-description=\"\" data-image-caption=\"\" data-medium-file=\"https:\/\/www.grieta.org.mx\/wp-content\/uploads\/2023\/01\/Tianguis2-e1673731527432-300x225.jpg\" data-large-file=\"https:\/\/www.grieta.org.mx\/wp-content\/uploads\/2023\/01\/Tianguis2-1024x766.jpg\" src=\"http:\/\/www.grieta.org.mx\/wp-content\/uploads\/2023\/01\/Tianguis2-e1673731527432.jpg\" alt=\"\" width=\"800\" height=\"599\" class=\"alignnone size-full wp-image-66066\" srcset=\"https:\/\/www.grieta.org.mx\/wp-content\/uploads\/2023\/01\/Tianguis2-e1673731527432.jpg 800w, https:\/\/www.grieta.org.mx\/wp-content\/uploads\/2023\/01\/Tianguis2-e1673731527432-300x225.jpg 300w, https:\/\/www.grieta.org.mx\/wp-content\/uploads\/2023\/01\/Tianguis2-e1673731527432-768x575.jpg 768w\" sizes=\"auto, (max-width: 800px) 100vw, 800px\" \/><\/p>\n<p>Milka Mar\u00eda Yam N\u00e1jera es una de las manifestantes y describi\u00f3 que hace como cuatro meses, llegaron trabajadores de la Comisi\u00f3n Federal de Electricidad (CFE) al tianguis y les cortaron el servicio de luz el\u00e9ctrica a pesar de que tienen sus pagos al d\u00eda.<\/p>\n<p>\u201cNos dijeron que por \u00f3rdenes del presidente municipal se ten\u00eda que cortar la luz y hoy trabajamos con velas nada m\u00e1s\u201d, coment\u00f3.<\/p>\n<p>Laboran desde las 8:00 de la ma\u00f1ana hasta las 8:00 de la noche y con el horario que actualmente hay, a partir de las 6:00 de la tarde ya no cuentan con luz solar.<\/p>\n<p>\u201cYa hemos pedido informaci\u00f3n sobre por qu\u00e9 nos quitaron la luz y el alcalde no nos da la cara, s\u00f3lo nos atienden personas que van a su nombre y nos tratan de forma agresiva\u201d, a\u00f1adi\u00f3.<\/p>\n<p>Denuncian que son cerca de 50 las personas perjudicadas, m\u00e1s las que son empleadas de cada local en el tianguis que ya lleva tiempo en el municipio y que se caracteriza por estar cerca del mercado.<\/p>\n<p>Irma Cauich tambi\u00e9n dijo que el 1 de enero de este a\u00f1o, sus locales fueron saqueados y hay quienes perdieron altas cantidades de dinero en mercanc\u00eda.<\/p>\n<p>\u201cEstamos seguras de que fue su gente porque ese d\u00eda hab\u00eda polic\u00edas en el lugar igual\u201d, a\u00f1adi\u00f3.<\/p>\n<p>Acudieron al Palacio de Gobierno para que su problem\u00e1tica salga a la luz y que el alcalde de Tekax reciba instrucciones para que les d\u00e9 una explicaci\u00f3n clara.<\/p>\n<p>\u201cIgual si nos van a reubicar, que nos digan en qu\u00e9 lugar y que nos den las condiciones que necesitamos, pero que nos traten as\u00ed nada m\u00e1s, no es justo\u201d, a\u00f1adi\u00f3.<\/p>\n<p>Las personas manifestantes, piden un di\u00e1logo con \u00c1vila Romero y as\u00ed puedan llegar a acuerdos de forma justa. (Noticaribe)<\/p>\n<p><a href=\"https:\/\/noticaribe.com.mx\/2023\/01\/09\/yucatan-acusan-al-alcalde-de-tekax-de-abuso-de-poder-por-cortarles-la-electricidad-a-tianguis-municipal-para-obligarlos-a-cerrar\/\" rel=\"noopener\" target=\"_blank\">https:\/\/noticaribe.com.mx\/2023\/01\/09\/yucatan-acusan-al-alcalde-de-tekax-de-abuso-de-poder-por-cortarles-la-electricidad-a-tianguis-municipal-para-obligarlos-a-cerrar\/<\/a><\/p>\n","protected":false},"excerpt":{"rendered":"<p>Itzel Chan \/ Noticaribe M\u00c9RIDA, MX.- Trabajadoras del tianguis con m\u00e1s de 35 a\u00f1os de antig\u00fcedad del municipio de Tekax, acudieron al Palacio de Gobierno de Yucat\u00e1n para denunciar al &hellip; <a href=\"https:\/\/www.grieta.org.mx\/index.php\/2023\/01\/09\/acusan-al-alcalde-de-tekax-de-abuso-de-poder-por-cortarles-la-electricidad-a-tianguis-municipal-para-obligarlos-a-cerrar-yucatan\/\" class=\"more-link\">Leer m\u00e1s<\/a><\/p>\n","protected":false},"author":2,"featured_media":66064,"comment_status":"closed","ping_status":"closed","sticky":false,"template":"","format":"standard","meta":{"ngg_post_thumbnail":0,"_jetpack_newsletter_access":"","_jetpack_dont_email_post_to_subs":false,"_jetpack_newsletter_tier_id":0,"_jetpack_memberships_contains_paywalled_content":false,"_jetpack_memberships_contains_paid_content":false,"footnotes":""},"categories":[2789,80,2,36],"tags":[2001,291,1718],"class_list":["post-66061","post","type-post","status-publish","format-standard","has-post-thumbnail","hentry","category-abuso-autoridades-en-yucatan","category-cintillo","category-noticias-nacionales","category-yucatan","tag-abuso-autoridad","tag-cfe","tag-desprecio-contra-indigenas","entry"],"jetpack_featured_media_url":"https:\/\/www.grieta.org.mx\/wp-content\/uploads\/2023\/01\/Tianguis-e1673731316303.jpg","jetpack_sharing_enabled":true,"jetpack_shortlink":"https:\/\/wp.me\/p7ZJR4-hbv","jetpack_likes_enabled":false,"jetpack-related-posts":[{"id":56720,"url":"https:\/\/www.grieta.org.mx\/index.php\/2021\/01\/27\/pese-a-denuncias-de-torturas-de-policias-de-yucatan-uno-se-toma-la-libertad-de-presumir-fotografias-de-ciudadano-semidesnudo\/","url_meta":{"origin":66061,"position":0},"title":"Pese a denuncias de torturas de polic\u00edas de Yucat\u00e1n, uno se toma la libertad de presumir fotograf\u00edas de ciudadano semidesnudo","author":"grieta","date":"27 enero, 2021","format":false,"excerpt":"Itzel Chan \/ Noticaribe M\u00c9RIDA, MX.- A pesar de que no es la primera vez que la Secretar\u00eda de Seguridad P\u00fablica (SSP) de Yucat\u00e1n es denunciada porque sus elementos torturan a ciudadanos, un polic\u00eda del municipio de Tekax se tom\u00f3 la libertad de exhibir en redes sociales a un hombre\u2026","rel":"","context":"En &quot;Abuso Autoridades en Yucat\u00e1n&quot;","block_context":{"text":"Abuso Autoridades en Yucat\u00e1n","link":"https:\/\/www.grieta.org.mx\/index.php\/category\/noticias-nacionales\/yucatan\/abuso-autoridades-en-yucatan\/"},"img":{"alt_text":"","src":"https:\/\/i0.wp.com\/www.grieta.org.mx\/wp-content\/uploads\/2021\/02\/TorturaPoliciaYucatan.png?resize=350%2C200&ssl=1","width":350,"height":200,"srcset":"https:\/\/i0.wp.com\/www.grieta.org.mx\/wp-content\/uploads\/2021\/02\/TorturaPoliciaYucatan.png?resize=350%2C200&ssl=1 1x, https:\/\/i0.wp.com\/www.grieta.org.mx\/wp-content\/uploads\/2021\/02\/TorturaPoliciaYucatan.png?resize=525%2C300&ssl=1 1.5x"},"classes":[]},{"id":53139,"url":"https:\/\/www.grieta.org.mx\/index.php\/2020\/09\/03\/denuncian-que-policias-de-yucatan-dan-golpizas-a-aquellos-que-caen-en-la-carcel\/","url_meta":{"origin":66061,"position":1},"title":"Denuncian que polic\u00edas de Yucat\u00e1n dan golpizas a aquellos que caen en la c\u00e1rcel","author":"grieta","date":"3 septiembre, 2020","format":false,"excerpt":"La Verdad Una vez m\u00e1s polic\u00edas de Yucat\u00e1n son acusados de abuso policial; en Hoct\u00fan, dan golpizas a aquellos que entran a la c\u00e1rcel. De acuerdo con vecinos del municipio de Hoct\u00fan, los polic\u00edas de esta comunidad de Yucat\u00e1n ejercen abuso de poder en contra de aquellas personas que caen\u2026","rel":"","context":"En &quot;Abuso Autoridades en Yucat\u00e1n&quot;","block_context":{"text":"Abuso Autoridades en Yucat\u00e1n","link":"https:\/\/www.grieta.org.mx\/index.php\/category\/noticias-nacionales\/yucatan\/abuso-autoridades-en-yucatan\/"},"img":{"alt_text":"","src":"https:\/\/i0.wp.com\/www.grieta.org.mx\/wp-content\/uploads\/2020\/09\/yucatan_policias_abuso_policial_1.jpg_793492074.jpg?resize=350%2C200&ssl=1","width":350,"height":200,"srcset":"https:\/\/i0.wp.com\/www.grieta.org.mx\/wp-content\/uploads\/2020\/09\/yucatan_policias_abuso_policial_1.jpg_793492074.jpg?resize=350%2C200&ssl=1 1x, https:\/\/i0.wp.com\/www.grieta.org.mx\/wp-content\/uploads\/2020\/09\/yucatan_policias_abuso_policial_1.jpg_793492074.jpg?resize=525%2C300&ssl=1 1.5x, https:\/\/i0.wp.com\/www.grieta.org.mx\/wp-content\/uploads\/2020\/09\/yucatan_policias_abuso_policial_1.jpg_793492074.jpg?resize=700%2C400&ssl=1 2x"},"classes":[]},{"id":16630,"url":"https:\/\/www.grieta.org.mx\/index.php\/2016\/07\/11\/un-grito-contra-la-impunidad-en-tekax-yucatan\/","url_meta":{"origin":66061,"position":2},"title":"Un grito contra la impunidad en Tekax (Yucat\u00e1n)","author":"grieta","date":"11 julio, 2016","format":false,"excerpt":"Tekax, Yucat\u00e1n.- Unas 400 personas salieron a las calles a protestar por la violencia que ejercen polic\u00edas municipales que forman parte de la Polic\u00eda Estatal Coordinada. Desde las 16:00 horas comenzaron a concentrarse en el campo deportivo de la colonia L\u00e1zaro, y de ah\u00ed partieron a la plaza principal de\u2026","rel":"","context":"En &quot;CINTILLO&quot;","block_context":{"text":"CINTILLO","link":"https:\/\/www.grieta.org.mx\/index.php\/category\/cintillo\/"},"img":{"alt_text":"","src":"https:\/\/i0.wp.com\/www.grieta.org.mx\/wp-content\/uploads\/2018\/03\/14524434_1106112876131411_958039263622046936_o.jpg?resize=350%2C200&ssl=1","width":350,"height":200,"srcset":"https:\/\/i0.wp.com\/www.grieta.org.mx\/wp-content\/uploads\/2018\/03\/14524434_1106112876131411_958039263622046936_o.jpg?resize=350%2C200&ssl=1 1x, https:\/\/i0.wp.com\/www.grieta.org.mx\/wp-content\/uploads\/2018\/03\/14524434_1106112876131411_958039263622046936_o.jpg?resize=525%2C300&ssl=1 1.5x, https:\/\/i0.wp.com\/www.grieta.org.mx\/wp-content\/uploads\/2018\/03\/14524434_1106112876131411_958039263622046936_o.jpg?resize=700%2C400&ssl=1 2x"},"classes":[]},{"id":16639,"url":"https:\/\/www.grieta.org.mx\/index.php\/2016\/07\/09\/investigan-a-policias-de-tekax-yucatan-que-torturaron-a-dos-sujetos\/","url_meta":{"origin":66061,"position":3},"title":"Investigan a polic\u00edas de Tekax (Yucat\u00e1n) que torturaron a dos sujetos","author":"grieta","date":"9 julio, 2016","format":false,"excerpt":"En redes sociales circula un v\u00eddeo en donde los municipales cometen actos violentos en contra de un sujeto, para que declare sobre robo de ganado (Herbeth Escalante) M\u00e9rida, Yucat\u00e1n, 09 de julio de 2016.- La Fiscal\u00eda General del Estado (FGE) inform\u00f3 que investiga hechos posiblemente delictuosos cometidos presuntamente por polic\u00edas\u2026","rel":"","context":"En &quot;CINTILLO&quot;","block_context":{"text":"CINTILLO","link":"https:\/\/www.grieta.org.mx\/index.php\/category\/cintillo\/"},"img":{"alt_text":"","src":"https:\/\/i0.wp.com\/www.grieta.org.mx\/wp-content\/uploads\/2018\/03\/14524434_1106112876131411_958039263622046936_o.jpg?resize=350%2C200&ssl=1","width":350,"height":200,"srcset":"https:\/\/i0.wp.com\/www.grieta.org.mx\/wp-content\/uploads\/2018\/03\/14524434_1106112876131411_958039263622046936_o.jpg?resize=350%2C200&ssl=1 1x, https:\/\/i0.wp.com\/www.grieta.org.mx\/wp-content\/uploads\/2018\/03\/14524434_1106112876131411_958039263622046936_o.jpg?resize=525%2C300&ssl=1 1.5x, https:\/\/i0.wp.com\/www.grieta.org.mx\/wp-content\/uploads\/2018\/03\/14524434_1106112876131411_958039263622046936_o.jpg?resize=700%2C400&ssl=1 2x"},"classes":[]},{"id":61366,"url":"https:\/\/www.grieta.org.mx\/index.php\/2021\/08\/29\/jovenes-se-manifiestan-contra-el-abuso-policiaco-en-el-centro-de-merida-yucatan\/","url_meta":{"origin":66061,"position":4},"title":"J\u00f3venes se manifiestan contra el abuso policiaco en el Centro de M\u00e9rida (Yucat\u00e1n)","author":"grieta","date":"29 agosto, 2021","format":false,"excerpt":"Jes\u00fas C\u00e1mara \/ PorEsto! Un grupo de j\u00f3venes pertenecientes a la agrupaci\u00f3n Sureste en Resistencia, realizaron una manifestaci\u00f3n de micr\u00f3fono en la Plaza Grande en el Centro de M\u00e9rida, para denunciar distintos casos de abuso policiaco por parte de la Polic\u00eda Estatal y Municipal de M\u00e9rida y otras localidades. Frente\u2026","rel":"","context":"En &quot;Abuso Autoridades en Yucat\u00e1n&quot;","block_context":{"text":"Abuso Autoridades en Yucat\u00e1n","link":"https:\/\/www.grieta.org.mx\/index.php\/category\/noticias-nacionales\/yucatan\/abuso-autoridades-en-yucatan\/"},"img":{"alt_text":"","src":"https:\/\/i0.wp.com\/www.grieta.org.mx\/wp-content\/uploads\/2021\/08\/ProtestaJovenes-e1630267522216.png?resize=350%2C200&ssl=1","width":350,"height":200,"srcset":"https:\/\/i0.wp.com\/www.grieta.org.mx\/wp-content\/uploads\/2021\/08\/ProtestaJovenes-e1630267522216.png?resize=350%2C200&ssl=1 1x, https:\/\/i0.wp.com\/www.grieta.org.mx\/wp-content\/uploads\/2021\/08\/ProtestaJovenes-e1630267522216.png?resize=525%2C300&ssl=1 1.5x, https:\/\/i0.wp.com\/www.grieta.org.mx\/wp-content\/uploads\/2021\/08\/ProtestaJovenes-e1630267522216.png?resize=700%2C400&ssl=1 2x"},"classes":[]},{"id":38689,"url":"https:\/\/www.grieta.org.mx\/index.php\/2019\/08\/30\/continua-conflicto-en-una-secundaria-yucatan\/","url_meta":{"origin":66061,"position":5},"title":"Contin\u00faa conflicto en una secundaria (Yucat\u00e1n)","author":"grieta","date":"30 agosto, 2019","format":false,"excerpt":"Maestros hacen guardia en la secundaria \u201cEmiliano Zapata\u201d de Tekax A.P.R.\/Diario de Yucat\u00e1n Maestros acusan a la Segey de no cumplir acuerdos TEKAX.\u2014 Luego de unos 15 d\u00edas de conflicto, sigue sin resolverse el problema en la secundaria \u201cEmiliano Zapata\u201d, pues los profesores inconformes no dan su brazo a torcer\u2026","rel":"","context":"En &quot;CINTILLO&quot;","block_context":{"text":"CINTILLO","link":"https:\/\/www.grieta.org.mx\/index.php\/category\/cintillo\/"},"img":{"alt_text":"","src":"https:\/\/i0.wp.com\/www.grieta.org.mx\/wp-content\/uploads\/2019\/09\/MaestrosTekax6-e1567475593776.jpg?resize=350%2C200&ssl=1","width":350,"height":200,"srcset":"https:\/\/i0.wp.com\/www.grieta.org.mx\/wp-content\/uploads\/2019\/09\/MaestrosTekax6-e1567475593776.jpg?resize=350%2C200&ssl=1 1x, https:\/\/i0.wp.com\/www.grieta.org.mx\/wp-content\/uploads\/2019\/09\/MaestrosTekax6-e1567475593776.jpg?resize=525%2C300&ssl=1 1.5x, https:\/\/i0.wp.com\/www.grieta.org.mx\/wp-content\/uploads\/2019\/09\/MaestrosTekax6-e1567475593776.jpg?resize=700%2C400&ssl=1 2x"},"classes":[]}],"_links":{"self":[{"href":"https:\/\/www.grieta.org.mx\/index.php\/wp-json\/wp\/v2\/posts\/66061","targetHints":{"allow":["GET"]}}],"collection":[{"href":"https:\/\/www.grieta.org.mx\/index.php\/wp-json\/wp\/v2\/posts"}],"about":[{"href":"https:\/\/www.grieta.org.mx\/index.php\/wp-json\/wp\/v2\/types\/post"}],"author":[{"embeddable":true,"href":"https:\/\/www.grieta.org.mx\/index.php\/wp-json\/wp\/v2\/users\/2"}],"replies":[{"embeddable":true,"href":"https:\/\/www.grieta.org.mx\/index.php\/wp-json\/wp\/v2\/comments?post=66061"}],"version-history":[{"count":1,"href":"https:\/\/www.grieta.org.mx\/index.php\/wp-json\/wp\/v2\/posts\/66061\/revisions"}],"predecessor-version":[{"id":66067,"href":"https:\/\/www.grieta.org.mx\/index.php\/wp-json\/wp\/v2\/posts\/66061\/revisions\/66067"}],"wp:featuredmedia":[{"embeddable":true,"href":"https:\/\/www.grieta.org.mx\/index.php\/wp-json\/wp\/v2\/media\/66064"}],"wp:attachment":[{"href":"https:\/\/www.grieta.org.mx\/index.php\/wp-json\/wp\/v2\/media?parent=66061"}],"wp:term":[{"taxonomy":"category","embeddable":true,"href":"https:\/\/www.grieta.org.mx\/index.php\/wp-json\/wp\/v2\/categories?post=66061"},{"taxonomy":"post_tag","embeddable":true,"href":"https:\/\/www.grieta.org.mx\/index.php\/wp-json\/wp\/v2\/tags?post=66061"}],"curies":[{"name":"wp","href":"https:\/\/api.w.org\/{rel}","templated":true}]}}