{"id":66037,"date":"2023-01-09T10:11:16","date_gmt":"2023-01-09T16:11:16","guid":{"rendered":"https:\/\/www.grieta.org.mx\/?p=66037"},"modified":"2023-01-14T10:17:13","modified_gmt":"2023-01-14T16:17:13","slug":"que-busquen-al-culpable-hasta-por-debajo-de-las-piedras-yucatan","status":"publish","type":"post","link":"https:\/\/www.grieta.org.mx\/index.php\/2023\/01\/09\/que-busquen-al-culpable-hasta-por-debajo-de-las-piedras-yucatan\/","title":{"rendered":"\u00a1Qu\u00e9 busquen al culpable hasta por debajo de las piedras! (Yucat\u00e1n)"},"content":{"rendered":"<p> Herbeth Escalante \/ Haz Ruido<\/p>\n<blockquote><p>Familiares y amigos marcharon en el sur de la ciudad para exigir justicia por el feminicidio de Yeimy Berenice.<\/p><\/blockquote>\n<p>M\u00e9rida, Yucat\u00e1n, 9 de enero de 2023.- Aproximadamente 100 personas, entre familiares y amigos de Yeimy Berenice Lavadores Canul, marcharon en el sur de M\u00e9rida para exigir justicia a las autoridades yucatecas y que detengan al responsable del feminicidio.<\/p>\n<p>\u201cPido que se busque al culpable hasta por debajo de las piedras\u201d, exclam\u00f3 la madre de la joven, Sulma Canul Canch\u00e9, quien en todo momento de la protesta carg\u00f3 una cartulina con fotograf\u00edas de su hija.<\/p>\n<p>Las y los manifestantes se reunieron en el estacionamiento del Deportivo Kukulc\u00e1n, muy cerca de la plaza comercial en donde la joven de 25 a\u00f1os de edad fue vista por \u00faltima vez, y caminaron hasta la vivienda familiar en la colonia Salvador Alvarado Sur.<\/p>\n<p>La madre de Yeimy Berenice declar\u00f3 que hasta el momento la Fiscal\u00eda de Yucat\u00e1n no le ha informado si alguna persona ha sido detenida por el feminicidio ni c\u00f3mo van las investigaciones, pero recalc\u00f3 que no permitir\u00e1 que su muerte quede impune.<\/p>\n<p>\u201cEl dolor que estoy pasando no se lo deseo a nadie y no me gustar\u00eda que otras madres pasen por lo mismo\u201d, sostuvo Canul Canch\u00e9.<\/p>\n<p>A la protesta se sumaron decenas de motociclistas, pero la mayor\u00eda de los manifestantes caminaron pac\u00edficamente por las calles del sur de la ciudad.<\/p>\n<p>El cuerpo de Yeimy Berenice fue localizado por agentes de la Secretar\u00eda de Seguridad P\u00fablica (SSP) el s\u00e1bado pasado en el fondo de un pozo ubicado en un predio de la colonia San Jos\u00e9 Tecoh. Se activ\u00f3 el protocolo de feminicidio y hasta el momento no ha sido detenida ninguna persona.<\/p>\n<p><a href=\"https:\/\/www.hazruido.mx\/reportes\/que-busquen-al-culpable-hasta-por-debajo-de-las-piedras\/\" rel=\"noopener\" target=\"_blank\">https:\/\/www.hazruido.mx\/reportes\/que-busquen-al-culpable-hasta-por-debajo-de-las-piedras\/<\/a><\/p>\n","protected":false},"excerpt":{"rendered":"<p>Herbeth Escalante \/ Haz Ruido Familiares y amigos marcharon en el sur de la ciudad para exigir justicia por el feminicidio de Yeimy Berenice. M\u00e9rida, Yucat\u00e1n, 9 de enero de &hellip; <a href=\"https:\/\/www.grieta.org.mx\/index.php\/2023\/01\/09\/que-busquen-al-culpable-hasta-por-debajo-de-las-piedras-yucatan\/\" class=\"more-link\">Leer m\u00e1s<\/a><\/p>\n","protected":false},"author":2,"featured_media":66038,"comment_status":"closed","ping_status":"closed","sticky":false,"template":"","format":"standard","meta":{"ngg_post_thumbnail":0,"_jetpack_newsletter_access":"","_jetpack_dont_email_post_to_subs":false,"_jetpack_newsletter_tier_id":0,"_jetpack_memberships_contains_paywalled_content":false,"_jetpack_memberships_contains_paid_content":false,"footnotes":""},"categories":[80,84,1106,2,83,2547,36],"tags":[81,3019],"class_list":["post-66037","post","type-post","status-publish","format-standard","has-post-thumbnail","hentry","category-cintillo","category-feminicidios","category-feminicidios-en-yucatan","category-noticias-nacionales","category-temas-nacionales","category-violencia-contra-las-mujeres-en-yucatan","category-yucatan","tag-feminicidios","tag-movilizaciones-contra-feminicidios","entry"],"jetpack_featured_media_url":"https:\/\/www.grieta.org.mx\/wp-content\/uploads\/2023\/01\/Feminicidio-e1673712870847.jpg","jetpack_sharing_enabled":true,"jetpack_shortlink":"https:\/\/wp.me\/p7ZJR4-hb7","jetpack_likes_enabled":false,"jetpack-related-posts":[{"id":69282,"url":"https:\/\/www.grieta.org.mx\/index.php\/2024\/06\/09\/exigen-justicia-para-violeta-nina-victima-de-feminicidio-yucatan\/","url_meta":{"origin":66037,"position":0},"title":"Exigen justicia para Violeta, ni\u00f1a v\u00edctima de feminicidio (Yucat\u00e1n)","author":"grieta","date":"9 junio, 2024","format":false,"excerpt":"Fotos e informaci\u00f3n de Lorenzo Hern\u00e1ndez \/ Haz Ruido Marcharon en Paseo de Montejo para que los responsables reciban la pena m\u00e1xima y se destituya a una jueza M\u00e9rida, Yucat\u00e1n, 9 de junio de 2024.- Familiares, activistas y feministas marcharon ayer en Paseo de Montejo para exigir justicia por Violeta,\u2026","rel":"","context":"En &quot;CINTILLO&quot;","block_context":{"text":"CINTILLO","link":"https:\/\/www.grieta.org.mx\/index.php\/category\/cintillo\/"},"img":{"alt_text":"","src":"https:\/\/i0.wp.com\/www.grieta.org.mx\/wp-content\/uploads\/2024\/07\/Feminicidio-e1720555313201.jpg?resize=350%2C200&ssl=1","width":350,"height":200,"srcset":"https:\/\/i0.wp.com\/www.grieta.org.mx\/wp-content\/uploads\/2024\/07\/Feminicidio-e1720555313201.jpg?resize=350%2C200&ssl=1 1x, https:\/\/i0.wp.com\/www.grieta.org.mx\/wp-content\/uploads\/2024\/07\/Feminicidio-e1720555313201.jpg?resize=525%2C300&ssl=1 1.5x, https:\/\/i0.wp.com\/www.grieta.org.mx\/wp-content\/uploads\/2024\/07\/Feminicidio-e1720555313201.jpg?resize=700%2C400&ssl=1 2x"},"classes":[]},{"id":25883,"url":"https:\/\/www.grieta.org.mx\/index.php\/2018\/08\/26\/marchan-en-contra-de-los-feminicidios-en-yucatan\/","url_meta":{"origin":66037,"position":1},"title":"Marchan en contra de los feminicidios en Yucat\u00e1n","author":"grieta","date":"26 agosto, 2018","format":false,"excerpt":"Por Rosa Santana\/Proceso M\u00c9RIDA, Yuc., (apro).- Ciudadanos indignados salieron en esta capital y en el municipio de Tahdzi\u00fa a exigir justicia por los recientes feminicidios y la escalada de agresiones f\u00edsicas y sexuales contra menores en la entidad. Tambi\u00e9n exigieron a las autoridades reformas legales para castigar con mayor rigor\u2026","rel":"","context":"En &quot;CINTILLO&quot;","block_context":{"text":"CINTILLO","link":"https:\/\/www.grieta.org.mx\/index.php\/category\/cintillo\/"},"img":{"alt_text":"","src":"https:\/\/i0.wp.com\/www.grieta.org.mx\/wp-content\/uploads\/2018\/08\/thumb.jpg?resize=350%2C200&ssl=1","width":350,"height":200,"srcset":"https:\/\/i0.wp.com\/www.grieta.org.mx\/wp-content\/uploads\/2018\/08\/thumb.jpg?resize=350%2C200&ssl=1 1x, https:\/\/i0.wp.com\/www.grieta.org.mx\/wp-content\/uploads\/2018\/08\/thumb.jpg?resize=525%2C300&ssl=1 1.5x, https:\/\/i0.wp.com\/www.grieta.org.mx\/wp-content\/uploads\/2018\/08\/thumb.jpg?resize=700%2C400&ssl=1 2x"},"classes":[]},{"id":54684,"url":"https:\/\/www.grieta.org.mx\/index.php\/2020\/11\/01\/colocan-altar-para-las-victimas-de-feminicidio-en-yucatan\/","url_meta":{"origin":66037,"position":2},"title":"Colocan altar para las v\u00edctimas de feminicidio en Yucat\u00e1n","author":"grieta","date":"1 noviembre, 2020","format":false,"excerpt":"Por Esto! Familiares de las v\u00edctimas de feminicidio en Yucat\u00e1n colocaron un altar para recordar a las mujeres asesinadas por razones de g\u00e9nero en Yucat\u00e1n en las instalaciones del Centro Cultural Olimpo en M\u00e9rida. A esta actividad tambi\u00e9n se sumaron colectivos feministas de la ciudad, quienes apoyaron a los familiares\u2026","rel":"","context":"En &quot;CINTILLO&quot;","block_context":{"text":"CINTILLO","link":"https:\/\/www.grieta.org.mx\/index.php\/category\/cintillo\/"},"img":{"alt_text":"","src":"https:\/\/i0.wp.com\/www.grieta.org.mx\/wp-content\/uploads\/2020\/11\/AltarFeminicidio.png?resize=350%2C200&ssl=1","width":350,"height":200,"srcset":"https:\/\/i0.wp.com\/www.grieta.org.mx\/wp-content\/uploads\/2020\/11\/AltarFeminicidio.png?resize=350%2C200&ssl=1 1x, https:\/\/i0.wp.com\/www.grieta.org.mx\/wp-content\/uploads\/2020\/11\/AltarFeminicidio.png?resize=525%2C300&ssl=1 1.5x"},"classes":[]},{"id":31407,"url":"https:\/\/www.grieta.org.mx\/index.php\/2019\/03\/27\/exigen-justicia-por-las-victimas-de-feminicidio-en-yucatan\/","url_meta":{"origin":66037,"position":3},"title":"Exigen justicia por las v\u00edctimas de feminicidio en Yucat\u00e1n","author":"grieta","date":"27 marzo, 2019","format":false,"excerpt":"Rosa Santana\/Proceso M\u00c9RIDA, Yuc. (apro).- En el segundo aniversario del asesinato de Ema Gabriela Molina Canto, decenas de yucatecos salieron a las calles este mi\u00e9rcoles para exigir justicia, y demandaron investigar los feminicidios ocurridos en la entidad. \u201cLe suplico que escuche a las v\u00edctimas; somos parte de su pueblo, no\u2026","rel":"","context":"En &quot;CINTILLO&quot;","block_context":{"text":"CINTILLO","link":"https:\/\/www.grieta.org.mx\/index.php\/category\/cintillo\/"},"img":{"alt_text":"","src":"https:\/\/i0.wp.com\/www.grieta.org.mx\/wp-content\/uploads\/2018\/03\/14524434_1106112876131411_958039263622046936_o.jpg?resize=350%2C200&ssl=1","width":350,"height":200,"srcset":"https:\/\/i0.wp.com\/www.grieta.org.mx\/wp-content\/uploads\/2018\/03\/14524434_1106112876131411_958039263622046936_o.jpg?resize=350%2C200&ssl=1 1x, https:\/\/i0.wp.com\/www.grieta.org.mx\/wp-content\/uploads\/2018\/03\/14524434_1106112876131411_958039263622046936_o.jpg?resize=525%2C300&ssl=1 1.5x, https:\/\/i0.wp.com\/www.grieta.org.mx\/wp-content\/uploads\/2018\/03\/14524434_1106112876131411_958039263622046936_o.jpg?resize=700%2C400&ssl=1 2x"},"classes":[]},{"id":58110,"url":"https:\/\/www.grieta.org.mx\/index.php\/2021\/04\/02\/en-merida-izan-bandera-feminista-y-queman-imagen-de-policia-yucatan\/","url_meta":{"origin":66037,"position":4},"title":"En M\u00e9rida, izan bandera feminista y queman imagen de polic\u00eda (Yucat\u00e1n)","author":"grieta","date":"2 abril, 2021","format":false,"excerpt":"Claudia Arriaga \/ Haz Ruido Protestaron en la Plaza Grande por los feminicidios de Quintana Roo y Yucat\u00e1n M\u00e9rida, Yucat\u00e1n, 2 de abril del 2021.- En Yucat\u00e1n, las mujeres tambi\u00e9n se sumaron a las protestas de todo el pa\u00eds para exigir justicia por las cuatro mujeres que el fin de\u2026","rel":"","context":"En &quot;CINTILLO&quot;","block_context":{"text":"CINTILLO","link":"https:\/\/www.grieta.org.mx\/index.php\/category\/cintillo\/"},"img":{"alt_text":"","src":"https:\/\/i0.wp.com\/www.grieta.org.mx\/wp-content\/uploads\/2021\/04\/ProtestaFeminicidio-e1617483995487.png?resize=350%2C200&ssl=1","width":350,"height":200,"srcset":"https:\/\/i0.wp.com\/www.grieta.org.mx\/wp-content\/uploads\/2021\/04\/ProtestaFeminicidio-e1617483995487.png?resize=350%2C200&ssl=1 1x, https:\/\/i0.wp.com\/www.grieta.org.mx\/wp-content\/uploads\/2021\/04\/ProtestaFeminicidio-e1617483995487.png?resize=525%2C300&ssl=1 1.5x, https:\/\/i0.wp.com\/www.grieta.org.mx\/wp-content\/uploads\/2021\/04\/ProtestaFeminicidio-e1617483995487.png?resize=700%2C400&ssl=1 2x"},"classes":[]},{"id":59419,"url":"https:\/\/www.grieta.org.mx\/index.php\/2021\/05\/15\/exigen-que-les-entreguen-el-cuerpo-de-maria-yucatan\/","url_meta":{"origin":66037,"position":5},"title":"Exigen que les entreguen el cuerpo de Mar\u00eda (Yucat\u00e1n)","author":"grieta","date":"15 mayo, 2021","format":false,"excerpt":"Claudia Arriaga \/ Haz Ruido Por cuarta ocasi\u00f3n, su familia y amigas protestaron para que se investigue el presunto feminicidio. M\u00e9rida, Yucat\u00e1n, 15 mayo del 2021.- Por cuarta ocasi\u00f3n, la familia de Mar\u00eda May se manifest\u00f3 para exigir justicia por el feminicidio del que fue v\u00edctima. Este s\u00e1bado, en la\u2026","rel":"","context":"En &quot;CINTILLO&quot;","block_context":{"text":"CINTILLO","link":"https:\/\/www.grieta.org.mx\/index.php\/category\/cintillo\/"},"img":{"alt_text":"","src":"https:\/\/i0.wp.com\/www.grieta.org.mx\/wp-content\/uploads\/2021\/05\/FeminicidioMaria-e1621293926551.png?resize=350%2C200&ssl=1","width":350,"height":200,"srcset":"https:\/\/i0.wp.com\/www.grieta.org.mx\/wp-content\/uploads\/2021\/05\/FeminicidioMaria-e1621293926551.png?resize=350%2C200&ssl=1 1x, https:\/\/i0.wp.com\/www.grieta.org.mx\/wp-content\/uploads\/2021\/05\/FeminicidioMaria-e1621293926551.png?resize=525%2C300&ssl=1 1.5x, https:\/\/i0.wp.com\/www.grieta.org.mx\/wp-content\/uploads\/2021\/05\/FeminicidioMaria-e1621293926551.png?resize=700%2C400&ssl=1 2x"},"classes":[]}],"_links":{"self":[{"href":"https:\/\/www.grieta.org.mx\/index.php\/wp-json\/wp\/v2\/posts\/66037","targetHints":{"allow":["GET"]}}],"collection":[{"href":"https:\/\/www.grieta.org.mx\/index.php\/wp-json\/wp\/v2\/posts"}],"about":[{"href":"https:\/\/www.grieta.org.mx\/index.php\/wp-json\/wp\/v2\/types\/post"}],"author":[{"embeddable":true,"href":"https:\/\/www.grieta.org.mx\/index.php\/wp-json\/wp\/v2\/users\/2"}],"replies":[{"embeddable":true,"href":"https:\/\/www.grieta.org.mx\/index.php\/wp-json\/wp\/v2\/comments?post=66037"}],"version-history":[{"count":1,"href":"https:\/\/www.grieta.org.mx\/index.php\/wp-json\/wp\/v2\/posts\/66037\/revisions"}],"predecessor-version":[{"id":66039,"href":"https:\/\/www.grieta.org.mx\/index.php\/wp-json\/wp\/v2\/posts\/66037\/revisions\/66039"}],"wp:featuredmedia":[{"embeddable":true,"href":"https:\/\/www.grieta.org.mx\/index.php\/wp-json\/wp\/v2\/media\/66038"}],"wp:attachment":[{"href":"https:\/\/www.grieta.org.mx\/index.php\/wp-json\/wp\/v2\/media?parent=66037"}],"wp:term":[{"taxonomy":"category","embeddable":true,"href":"https:\/\/www.grieta.org.mx\/index.php\/wp-json\/wp\/v2\/categories?post=66037"},{"taxonomy":"post_tag","embeddable":true,"href":"https:\/\/www.grieta.org.mx\/index.php\/wp-json\/wp\/v2\/tags?post=66037"}],"curies":[{"name":"wp","href":"https:\/\/api.w.org\/{rel}","templated":true}]}}