{"id":66024,"date":"2023-01-04T11:55:13","date_gmt":"2023-01-04T17:55:13","guid":{"rendered":"https:\/\/www.grieta.org.mx\/?p=66024"},"modified":"2023-01-11T18:46:07","modified_gmt":"2023-01-12T00:46:07","slug":"cientificos-mexicanos-encienden-la-alarma-por-el-tren-maya-viene-partiendo-a-mitad-de-la-selva","status":"publish","type":"post","link":"https:\/\/www.grieta.org.mx\/index.php\/2023\/01\/04\/cientificos-mexicanos-encienden-la-alarma-por-el-tren-maya-viene-partiendo-a-mitad-de-la-selva\/","title":{"rendered":"Cient\u00edficos mexicanos encienden la alarma por el Tren Maya: &#8220;Viene partiendo a mitad de la selva&#8221;"},"content":{"rendered":"<p>Cassandra Garrison y Jose Luis Gonzalez \/  Yahoo!Noticias<\/p>\n<p>CIUDAD DE M\u00c9XICO, 4 ene (Reuters) &#8211; Partes de la remota selva del sur de M\u00e9xico apenas han cambiado desde los tiempos de la antigua civilizaci\u00f3n maya.<\/p>\n<p>A ojos del presidente Andr\u00e9s Manuel L\u00f3pez Obrador, un ferrocarril que su Gobierno est\u00e1 construyendo, conocido como el Tren Maya, llevar\u00e1 conectividad moderna a \u00e1reas que por generaciones han estado privadas de importantes beneficios econ\u00f3micos.<\/p>\n<p>Pero el ferrocarril y su construcci\u00f3n apresurada tambi\u00e9n ponen en grave peligro la naturaleza virgen y los antiguos sistemas de cuevas debajo del suelo selv\u00e1tico, de acuerdo a numerosos cient\u00edficos y activistas ambientales.<\/p>\n<p>El tren &#8220;viene partiendo a mitad de la selva&#8221;, dijo Ismael Lara, un gu\u00eda que lleva a los turistas a una cueva que alberga millones de murci\u00e9lagos cerca de la Reserva de la Bi\u00f3sfera de Calakmul. Lara teme que el ferrocarril, que pasar\u00e1 cerca, interrumpa las rutas de vida silvestre y traslade demasiada actividad humana a los fr\u00e1giles ecosistemas.<\/p>\n<p>Durante casi un a\u00f1o, Reuters fotografi\u00f3 la construcci\u00f3n en diferentes puntos del proyecto de la v\u00eda f\u00e9rrea, documentando la evoluci\u00f3n del plan insignia que L\u00f3pez Obrador se comprometi\u00f3 a terminar para fines de 2023.<\/p>\n<p>Los 1,470 kil\u00f3metros de v\u00edas podr\u00e1n transportar cargamentos de di\u00e9sel y energ\u00eda a trav\u00e9s de la Pen\u00ednsula de Yucat\u00e1n y conectar el principal destino tur\u00edstico de M\u00e9xico, Canc\u00fan, con los antiguos templos mayas de Chich\u00e9n Itz\u00e1 y Palenque.<\/p>\n<p><img loading=\"lazy\" decoding=\"async\" data-attachment-id=\"66026\" data-permalink=\"https:\/\/www.grieta.org.mx\/index.php\/2023\/01\/04\/cientificos-mexicanos-encienden-la-alarma-por-el-tren-maya-viene-partiendo-a-mitad-de-la-selva\/alarmatren2\/\" data-orig-file=\"https:\/\/www.grieta.org.mx\/wp-content\/uploads\/2023\/01\/AlarmaTren2-e1673460084680.jpg\" data-orig-size=\"800,525\" data-comments-opened=\"0\" data-image-meta=\"{&quot;aperture&quot;:&quot;0&quot;,&quot;credit&quot;:&quot;&quot;,&quot;camera&quot;:&quot;&quot;,&quot;caption&quot;:&quot;&quot;,&quot;created_timestamp&quot;:&quot;0&quot;,&quot;copyright&quot;:&quot;&quot;,&quot;focal_length&quot;:&quot;0&quot;,&quot;iso&quot;:&quot;0&quot;,&quot;shutter_speed&quot;:&quot;0&quot;,&quot;title&quot;:&quot;&quot;,&quot;orientation&quot;:&quot;1&quot;}\" data-image-title=\"AlarmaTren2\" data-image-description=\"\" data-image-caption=\"\" data-medium-file=\"https:\/\/www.grieta.org.mx\/wp-content\/uploads\/2023\/01\/AlarmaTren2-e1673460084680-300x197.jpg\" data-large-file=\"https:\/\/www.grieta.org.mx\/wp-content\/uploads\/2023\/01\/AlarmaTren2-1024x672.jpg\" src=\"http:\/\/www.grieta.org.mx\/wp-content\/uploads\/2023\/01\/AlarmaTren2-e1673460084680.jpg\" alt=\"\" width=\"800\" height=\"525\" class=\"alignnone size-full wp-image-66026\" srcset=\"https:\/\/www.grieta.org.mx\/wp-content\/uploads\/2023\/01\/AlarmaTren2-e1673460084680.jpg 800w, https:\/\/www.grieta.org.mx\/wp-content\/uploads\/2023\/01\/AlarmaTren2-e1673460084680-300x197.jpg 300w, https:\/\/www.grieta.org.mx\/wp-content\/uploads\/2023\/01\/AlarmaTren2-e1673460084680-768x504.jpg 768w\" sizes=\"auto, (max-width: 800px) 100vw, 800px\" \/><\/p>\n<p>Una excavadora limpia para la construcci\u00f3n de la secci\u00f3n 4 de la nueva ruta del Tren Maya, cerca de Nuevo Xcan, Chemax, Yucat\u00e1n, M\u00e9xico<\/p>\n<p>El ferrocarril ha dividido profundamente a los mexicanos y las controversias en torno a la construcci\u00f3n reflejan el conflicto que encaran los pa\u00edses en desarrollo cuando buscan equilibrar el progreso con la responsabilidad ambiental.<\/p>\n<p>FONATUR, la agencia de turismo de M\u00e9xico a cargo del proyecto, dijo que el ferrocarril sacar\u00e1 a m\u00e1s de un mill\u00f3n de personas de la pobreza y podr\u00eda crear hasta 715,000 nuevos empleos para 2030. Los costos de construcci\u00f3n se estiman en hasta 20,000 millones de d\u00f3lares, dijo L\u00f3pez Obrador en julio.<\/p>\n<p>Si bien el proyecto ya ha superado el presupuesto inicial en miles de millones de d\u00f3lares y ha sufrido retrasos, los cient\u00edficos y activistas dicen que el Gobierno se apresur\u00f3 en sus evaluaciones de riesgo ambiental en un intento por terminarlo mientras L\u00f3pez Obrador todav\u00eda est\u00e9 en el cargo.<\/p>\n<p>En diciembre, expertos de Naciones Unidas advirtieron de que el estatus del ferrocarril como un proyecto de seguridad nacional permit\u00eda al Gobierno eludir las salvaguardias ambientales habituales y le pidieron que protegiera el medio ambiente de acuerdo con los est\u00e1ndares globales.<\/p>\n<p>FONATUR defendi\u00f3 la rapidez con la que se hicieron los estudios de impacto. &#8220;No se requieren a\u00f1os, se requiere pericia, conocimiento y capacidad de integraci\u00f3n&#8221;, dijo, en respuesta a las preguntas de Reuters. La entidad no quiso hacer comentarios sobre la declaraci\u00f3n de la ONU.<\/p>\n<p>LOS CENOTES<\/p>\n<p>La ruta del Tren Maya crea una franja de hasta 14 metros de ancho a trav\u00e9s de algunos de los ecosistemas m\u00e1s singulares del planeta, acercando al mundo moderno a especies vulnerables como los jaguares y los murci\u00e9lagos.<\/p>\n<p>Pasar\u00e1 por encima de un sistema de miles de cuevas subterr\u00e1neas forjadas por el agua sobre el lecho de la roca caliza t\u00edpica de la regi\u00f3n.<\/p>\n<p><img loading=\"lazy\" decoding=\"async\" data-attachment-id=\"66027\" data-permalink=\"https:\/\/www.grieta.org.mx\/index.php\/2023\/01\/04\/cientificos-mexicanos-encienden-la-alarma-por-el-tren-maya-viene-partiendo-a-mitad-de-la-selva\/alarmatren3\/\" data-orig-file=\"https:\/\/www.grieta.org.mx\/wp-content\/uploads\/2023\/01\/AlarmaTren3-e1673460233109.jpg\" data-orig-size=\"800,529\" data-comments-opened=\"0\" data-image-meta=\"{&quot;aperture&quot;:&quot;0&quot;,&quot;credit&quot;:&quot;&quot;,&quot;camera&quot;:&quot;&quot;,&quot;caption&quot;:&quot;&quot;,&quot;created_timestamp&quot;:&quot;0&quot;,&quot;copyright&quot;:&quot;&quot;,&quot;focal_length&quot;:&quot;0&quot;,&quot;iso&quot;:&quot;0&quot;,&quot;shutter_speed&quot;:&quot;0&quot;,&quot;title&quot;:&quot;&quot;,&quot;orientation&quot;:&quot;1&quot;}\" data-image-title=\"AlarmaTren3\" data-image-description=\"\" data-image-caption=\"\" data-medium-file=\"https:\/\/www.grieta.org.mx\/wp-content\/uploads\/2023\/01\/AlarmaTren3-e1673460233109-300x198.jpg\" data-large-file=\"https:\/\/www.grieta.org.mx\/wp-content\/uploads\/2023\/01\/AlarmaTren3-1024x678.jpg\" src=\"http:\/\/www.grieta.org.mx\/wp-content\/uploads\/2023\/01\/AlarmaTren3-e1673460233109.jpg\" alt=\"\" width=\"800\" height=\"529\" class=\"alignnone size-full wp-image-66027\" srcset=\"https:\/\/www.grieta.org.mx\/wp-content\/uploads\/2023\/01\/AlarmaTren3-e1673460233109.jpg 800w, https:\/\/www.grieta.org.mx\/wp-content\/uploads\/2023\/01\/AlarmaTren3-e1673460233109-300x198.jpg 300w, https:\/\/www.grieta.org.mx\/wp-content\/uploads\/2023\/01\/AlarmaTren3-e1673460233109-768x508.jpg 768w\" sizes=\"auto, (max-width: 800px) 100vw, 800px\" \/><br \/>\nCenote, Yucatan, Mexico (MR)<\/p>\n<p>Las cristalinas piscinas conocidas como cenotes marcan la Pen\u00ednsula de Yucat\u00e1n, donde la superficie de piedra caliza se ha hundido para exponer el agua subterr\u00e1nea. El r\u00edo subterr\u00e1neo conocido m\u00e1s largo del mundo pasa a trav\u00e9s de las cuevas, que tambi\u00e9n han sido el sitio de descubrimientos como f\u00f3siles humanos y artefactos mayas, como una canoa que se estima tiene m\u00e1s de 1,000 a\u00f1os.<\/p>\n<p>Si se construye mal, el ferrocarril podr\u00eda arruinar el fr\u00e1gil suelo, incluso donde quedan cuevas a\u00fan por explorar, dice Emiliano Monroy-R\u00edos, un geoqu\u00edmico mexicano de la Universidad Northwestern que ha estudiado extensamente el sistema de la zona.<\/p>\n<p>El di\u00e9sel, a\u00f1ade, tambi\u00e9n podr\u00eda filtrarse a la red de pozas y r\u00edos subterr\u00e1neos, la principal fuente de agua dulce de la pen\u00ednsula.<\/p>\n<p>Se cree que menos del 20% del sistema subterr\u00e1neo ha sido registrado, seg\u00fan varios cient\u00edficos entrevistados por Reuters, por lo que tal da\u00f1o podr\u00eda limitar importantes descubrimientos geol\u00f3gicos.<\/p>\n<p>El estudio del Gobierno para la Secci\u00f3n 5, el tramo m\u00e1s controvertido, dice que los impactos ambientales son &#8220;de magnitud limitada&#8221; y se han mitigado adecuadamente. Indica que el riesgo de derrumbes se tuvo en cuenta en la ingenier\u00eda de las v\u00edas y que la zona ser\u00e1 vigilada a trav\u00e9s de un programa de prevenci\u00f3n.<\/p>\n<p><img loading=\"lazy\" decoding=\"async\" data-attachment-id=\"66028\" data-permalink=\"https:\/\/www.grieta.org.mx\/index.php\/2023\/01\/04\/cientificos-mexicanos-encienden-la-alarma-por-el-tren-maya-viene-partiendo-a-mitad-de-la-selva\/alarmatren4\/\" data-orig-file=\"https:\/\/www.grieta.org.mx\/wp-content\/uploads\/2023\/01\/AlarmaTren4-e1673460323505.jpg\" data-orig-size=\"800,532\" data-comments-opened=\"0\" data-image-meta=\"{&quot;aperture&quot;:&quot;0&quot;,&quot;credit&quot;:&quot;&quot;,&quot;camera&quot;:&quot;&quot;,&quot;caption&quot;:&quot;&quot;,&quot;created_timestamp&quot;:&quot;0&quot;,&quot;copyright&quot;:&quot;&quot;,&quot;focal_length&quot;:&quot;0&quot;,&quot;iso&quot;:&quot;0&quot;,&quot;shutter_speed&quot;:&quot;0&quot;,&quot;title&quot;:&quot;&quot;,&quot;orientation&quot;:&quot;1&quot;}\" data-image-title=\"AlarmaTren4\" data-image-description=\"\" data-image-caption=\"\" data-medium-file=\"https:\/\/www.grieta.org.mx\/wp-content\/uploads\/2023\/01\/AlarmaTren4-e1673460323505-300x200.jpg\" data-large-file=\"https:\/\/www.grieta.org.mx\/wp-content\/uploads\/2023\/01\/AlarmaTren4-1024x681.jpg\" src=\"http:\/\/www.grieta.org.mx\/wp-content\/uploads\/2023\/01\/AlarmaTren4-e1673460323505.jpg\" alt=\"\" width=\"800\" height=\"532\" class=\"alignnone size-full wp-image-66028\" srcset=\"https:\/\/www.grieta.org.mx\/wp-content\/uploads\/2023\/01\/AlarmaTren4-e1673460323505.jpg 800w, https:\/\/www.grieta.org.mx\/wp-content\/uploads\/2023\/01\/AlarmaTren4-e1673460323505-300x200.jpg 300w, https:\/\/www.grieta.org.mx\/wp-content\/uploads\/2023\/01\/AlarmaTren4-e1673460323505-768x511.jpg 768w\" sizes=\"auto, (max-width: 800px) 100vw, 800px\" \/><br \/>\nTrabajadores conducen maquinaria durante la construcci\u00f3n de la secci\u00f3n 4 de la nueva ruta del Tren Maya, cerca de Uayma, Yucat\u00e1n, M\u00e9xico<\/p>\n<p>Docenas de cient\u00edficos no est\u00e1n de acuerdo y escriben en cartas abiertas que las evaluaciones est\u00e1n plagadas de problemas, incluidos datos desactualizados, la omisi\u00f3n de cuevas descubiertas recientemente y la falta de aportes de expertos locales en hidrolog\u00eda.<\/p>\n<p>&#8220;No quieren reconocer la fragilidad del terreno&#8221;, dijo Fernanda Lases, cient\u00edfica que trabaja desde M\u00e9rida con la Universidad Aut\u00f3noma de M\u00e9xico (UNAM), y que considera que los problemas identificados son &#8220;altamente preocupantes&#8221;.<\/p>\n<p>Los nombres de los 70 expertos que participaron en el estudio del Gobierno fueron eliminados de la publicaci\u00f3n.<\/p>\n<p>Una parte de la investigaci\u00f3n usada por el Gobierno para respaldar sus conclusiones fue tomada de un blog de Monroy-R\u00edos, quien dice que los autores del informe nunca lo contactaron. Su investigaci\u00f3n destaca la necesidad de una acuciosa supervisi\u00f3n para cualquier proyecto de infraestructura en la regi\u00f3n. Afirma que esto no ha sucedido.<\/p>\n<p>&#8220;Supongo que sus conclusiones estaban preformateadas&#8221;, dijo Monroy-R\u00edos. &#8220;Quieren hacerlo r\u00e1pido y eso es parte del problema. No hay tiempo para la exploraci\u00f3n adecuada&#8221;.<\/p>\n<p>Un experto que particip\u00f3 en los informes, que habl\u00f3 con Reuters bajo condici\u00f3n de anonimato, dijo que el trabajo se hizo apresuradamente. &#8220;S\u00ed, hab\u00eda presi\u00f3n por los tiempos de entrega&#8221;, sostuvo.<\/p>\n<p>El experto expres\u00f3 su preocupaci\u00f3n de que el Gobierno no mitigue adecuadamente los riesgos que los expertos han destacado en sus estudios de impacto, ni dedique los recursos necesarios para el mantenimiento de la obra.<\/p>\n<p>FONATUR dijo que el proyecto tendr\u00eda recursos y atenci\u00f3n de seguimiento, incluidos los programas establecidos para la protecci\u00f3n del medio ambiente.<\/p>\n<p>&#8220;La obra del Tren Maya desde luego es segura, vigilada y regulada por las autoridades ambientales, como ha sucedido hasta ahora&#8221;, dijo a Reuters.<\/p>\n<p>Inecol, el instituto de ecolog\u00eda de M\u00e9xico que produjo los informes, no respondi\u00f3 a las reiteradas solicitudes de comentarios. Un portavoz de L\u00f3pez Obrador tampoco atendi\u00f3 consultas de Reuters.<\/p>\n<p>EL OLVIDADO SURESTE<\/p>\n<p>A pesar de las preocupaciones sobre el ferrocarril, la obra cuenta con el apoyo de muchas comunidades que por d\u00e9cadas se han sentido en gran medida olvidadas en los planes nacionales de desarrollo.<\/p>\n<p>En Xkuncheil, un pueblo de unos 140 habitantes en la Secci\u00f3n 2 del tren que atraviesa el estado de Campeche, Luz Elba Damas Jim\u00e9nez, de 69 a\u00f1os, es propietaria de una tienda de refrescos y botanas cerca de las v\u00edas. Muchos de sus vecinos, especialmente los m\u00e1s j\u00f3venes, est\u00e1n trabajando en el proyecto, dijo. Ella tambi\u00e9n tiene m\u00e1s clientes ahora.<\/p>\n<p>&#8220;El Gobierno est\u00e1 trabajando para cosas buenas en el pa\u00eds (&#8230;) la verdad se nos ha dejado beneficio&#8221;, afirm\u00f3.<\/p>\n<p>Martha Rosa Rosado, a quien se le ofreci\u00f3 un pago del Gobierno para mudarse cuando se estableci\u00f3 un plan anterior para que las v\u00edas pasaran por su casa, en el barrio Camino Real de Campeche, comparte la opini\u00f3n.<\/p>\n<p>&#8220;Ning\u00fan Gobierno se ha acordado nunca del sureste. Todo se va para el norte y el sur (ha sido) olvidado&#8221;, dijo, mientras cocinaba cerdo en las afueras de su vivienda.<\/p>\n<p>A unos 450 kil\u00f3metros de distancia, en Playa del Carmen, cerca de los balnearios atestados de turistas, un grupo de voluntarios vestidos con cascos y l\u00e1mparas de cabeza descienden a las cuevas los fines de semana para examinar su condici\u00f3n.<\/p>\n<p>Roberto Rojo, bi\u00f3logo del grupo, dice que el tren pondr\u00e1 en riesgo todo el ecosistema por encima y debajo del suelo.<\/p>\n<p>&#8220;Ahora est\u00e1n haciendo estudios que deb\u00edan haberse realizado hace al menos cuatro a\u00f1os&#8221;, dijo Rojo, al interior de una cueva situada exactamente debajo de donde pasar\u00e1 el tren.<\/p>\n<p>Detr\u00e1s de \u00e9l, las ra\u00edces de los \u00e1rboles descienden desde techo de la cueva como gruesas cuerdas, estir\u00e1ndose hasta alcanzar el agua que se acumula a sus pies.<\/p>\n<p>&#8220;\u00c9sta es nuestra vida. Estamos poniendo en riesgo y en peligro la estabilidad de este ecosistema&#8221;.<\/p>\n<p>(Reportes de Cassandra Garrison y Jos\u00e9 Luis Gonz\u00e1lez; Editado en espa\u00f1ol por Marion Giraldo)<\/p>\n<p><a href=\"https:\/\/es-us.noticias.yahoo.com\/declive-contaminaci%C3%B3n-cient%C3%ADficos-mexicanos-encienden-113348811.html\" rel=\"noopener\" target=\"_blank\">https:\/\/es-us.noticias.yahoo.com\/declive-contaminaci%C3%B3n-cient%C3%ADficos-mexicanos-encienden-113348811.html<\/a><\/p>\n","protected":false},"excerpt":{"rendered":"<p>Cassandra Garrison y Jose Luis Gonzalez \/ Yahoo!Noticias CIUDAD DE M\u00c9XICO, 4 ene (Reuters) &#8211; Partes de la remota selva del sur de M\u00e9xico apenas han cambiado desde los tiempos &hellip; <a href=\"https:\/\/www.grieta.org.mx\/index.php\/2023\/01\/04\/cientificos-mexicanos-encienden-la-alarma-por-el-tren-maya-viene-partiendo-a-mitad-de-la-selva\/\" class=\"more-link\">Leer m\u00e1s<\/a><\/p>\n","protected":false},"author":2,"featured_media":66025,"comment_status":"closed","ping_status":"closed","sticky":false,"template":"","format":"standard","meta":{"ngg_post_thumbnail":0,"_jetpack_newsletter_access":"","_jetpack_dont_email_post_to_subs":false,"_jetpack_newsletter_tier_id":0,"_jetpack_memberships_contains_paywalled_content":false,"_jetpack_memberships_contains_paid_content":false,"footnotes":""},"categories":[11,80,2749,2943,2258,3,922,926,944,952,2,28,1876,1877,1875,2026,36],"tags":[2562,1178,2633,223,1878],"class_list":["post-66024","post","type-post","status-publish","format-standard","has-post-thumbnail","hentry","category-campeche","category-cintillo","category-destruccion-y-contaminacion-ambiental-en-quintana-roo","category-destruccion-y-contaminacion-ambiental-en-yucatan","category-ecocidio-en-campeche","category-megaproyectos","category-megaproyectos-estados","category-mp-campeche","category-mp-quintana-roo","category-mp-yucatan","category-noticias-nacionales","category-quintana-roo","category-resistencia-al-tren-maya-en-la-peninsula-de-yucatan-quintana-roo","category-resistencia-al-tren-maya-en-la-peninsula-de-yucatan-campeche","category-resistencia-al-tren-maya-en-la-peninsula-de-yucatan","category-tren-maya","category-yucatan","tag-destruccion-ambiental","tag-destruccion-de-la-naturaleza","tag-destruccion-del-patrimonio-historico","tag-ecocidio","tag-tren-maya","entry"],"jetpack_featured_media_url":"https:\/\/www.grieta.org.mx\/wp-content\/uploads\/2023\/01\/AlarmaTren-e1673459978206.jpg","jetpack_sharing_enabled":true,"jetpack_shortlink":"https:\/\/wp.me\/p7ZJR4-haU","jetpack_likes_enabled":false,"jetpack-related-posts":[{"id":68844,"url":"https:\/\/www.grieta.org.mx\/index.php\/2024\/04\/29\/ambientalistas-clausuran-las-oficinas-de-semarnat-tras-calificarla-de-ecocida-quintana-roo\/","url_meta":{"origin":66024,"position":0},"title":"Ambientalistas &#8220;clausuran&#8221; las oficinas de Semarnat tras calificarla de ecocida (Quintana Roo)","author":"grieta","date":"29 abril, 2024","format":false,"excerpt":"Leslie Gordillo \/ NOTICARIBE PENINSULAR CANC\u00daN.- Un grupo de ambientalistas, representante de diferentes organismos y asociaciones civiles, se manifestaron en la zona hotelera de Canc\u00fan y clausuraron de manera simb\u00f3lica las oficinas de la Secretar\u00eda de Medio Ambiente y Recursos Naturales (Semarnat). La denuncia es que la Semarnat ha sido\u2026","rel":"","context":"En &quot;Campeche&quot;","block_context":{"text":"Campeche","link":"https:\/\/www.grieta.org.mx\/index.php\/category\/noticias-nacionales\/campeche\/"},"img":{"alt_text":"","src":"https:\/\/i0.wp.com\/www.grieta.org.mx\/wp-content\/uploads\/2024\/04\/ambientalitas-e1715552774254.jpg?resize=350%2C200&ssl=1","width":350,"height":200,"srcset":"https:\/\/i0.wp.com\/www.grieta.org.mx\/wp-content\/uploads\/2024\/04\/ambientalitas-e1715552774254.jpg?resize=350%2C200&ssl=1 1x, https:\/\/i0.wp.com\/www.grieta.org.mx\/wp-content\/uploads\/2024\/04\/ambientalitas-e1715552774254.jpg?resize=525%2C300&ssl=1 1.5x, https:\/\/i0.wp.com\/www.grieta.org.mx\/wp-content\/uploads\/2024\/04\/ambientalitas-e1715552774254.jpg?resize=700%2C400&ssl=1 2x"},"classes":[]},{"id":35945,"url":"https:\/\/www.grieta.org.mx\/index.php\/2019\/07\/05\/expansion-de-megaproyectos-en-la-peninsula-de-yucatan-video\/","url_meta":{"origin":66024,"position":1},"title":"Expansi\u00f3n de Megaproyectos en la Pen\u00ednsula de Yucat\u00e1n (Video)","author":"grieta","date":"5 julio, 2019","format":false,"excerpt":"https:\/\/youtu.be\/qLBARIAaBsI","rel":"","context":"En &quot;Campeche&quot;","block_context":{"text":"Campeche","link":"https:\/\/www.grieta.org.mx\/index.php\/category\/noticias-nacionales\/campeche\/"},"img":{"alt_text":"","src":"https:\/\/i0.wp.com\/img.youtube.com\/vi\/qLBARIAaBsI\/0.jpg?resize=350%2C200","width":350,"height":200},"classes":[]},{"id":47874,"url":"https:\/\/www.grieta.org.mx\/index.php\/2020\/04\/13\/las-vias-torcidas-del-tren-maya-video\/","url_meta":{"origin":66024,"position":2},"title":"Las v\u00edas torcidas del tren maya (Video)","author":"grieta","date":"13 abril, 2020","format":false,"excerpt":"https:\/\/www.youtube.com\/watch?v=k8FRX9eT0YY","rel":"","context":"En &quot;16. Pueblo Maya&quot;","block_context":{"text":"16. Pueblo Maya","link":"https:\/\/www.grieta.org.mx\/index.php\/category\/espejos-de-la-resistencia\/16-pueblo-maya\/"},"img":{"alt_text":"","src":"https:\/\/i0.wp.com\/www.grieta.org.mx\/wp-content\/uploads\/2020\/04\/ViasTorcidasTrenMaya.png?resize=350%2C200&ssl=1","width":350,"height":200,"srcset":"https:\/\/i0.wp.com\/www.grieta.org.mx\/wp-content\/uploads\/2020\/04\/ViasTorcidasTrenMaya.png?resize=350%2C200&ssl=1 1x, https:\/\/i0.wp.com\/www.grieta.org.mx\/wp-content\/uploads\/2020\/04\/ViasTorcidasTrenMaya.png?resize=525%2C300&ssl=1 1.5x, https:\/\/i0.wp.com\/www.grieta.org.mx\/wp-content\/uploads\/2020\/04\/ViasTorcidasTrenMaya.png?resize=700%2C400&ssl=1 2x"},"classes":[]},{"id":65964,"url":"https:\/\/www.grieta.org.mx\/index.php\/2022\/12\/15\/tren-maya-duplica-tendencia-de-deforestacion-en-el-sureste-mexicano\/","url_meta":{"origin":66024,"position":3},"title":"Tren Maya duplica tendencia de deforestaci\u00f3n en el sureste mexicano","author":"grieta","date":"15 diciembre, 2022","format":false,"excerpt":"Jes\u00fas V\u00e1zquez \/ Foto: Cuartoscuro \/ El Economista Canc\u00fan, QR. Con la construcci\u00f3n y entrada de operaci\u00f3n del Tren Maya, la tendencia de deforestaci\u00f3n neta en la regi\u00f3n de influencia del proyecto aumentar\u00e1 de 9,786 hect\u00e1reas por a\u00f1o (ha\/a\u00f1o) a 12,189.2 ha\/a\u00f1o entre el 2018 y el 2030, lo que\u2026","rel":"","context":"En &quot;Campeche&quot;","block_context":{"text":"Campeche","link":"https:\/\/www.grieta.org.mx\/index.php\/category\/noticias-nacionales\/campeche\/"},"img":{"alt_text":"","src":"https:\/\/i0.wp.com\/www.grieta.org.mx\/wp-content\/uploads\/2022\/12\/Deforestacion-e1671797549818.jpg?resize=350%2C200&ssl=1","width":350,"height":200,"srcset":"https:\/\/i0.wp.com\/www.grieta.org.mx\/wp-content\/uploads\/2022\/12\/Deforestacion-e1671797549818.jpg?resize=350%2C200&ssl=1 1x, https:\/\/i0.wp.com\/www.grieta.org.mx\/wp-content\/uploads\/2022\/12\/Deforestacion-e1671797549818.jpg?resize=525%2C300&ssl=1 1.5x, https:\/\/i0.wp.com\/www.grieta.org.mx\/wp-content\/uploads\/2022\/12\/Deforestacion-e1671797549818.jpg?resize=700%2C400&ssl=1 2x"},"classes":[]},{"id":39859,"url":"https:\/\/www.grieta.org.mx\/index.php\/2019\/09\/29\/detengan-la-tala-de-la-selva-maya-piden-universitarios-de-san-francisco-california\/","url_meta":{"origin":66024,"position":4},"title":"Detengan la tala de la selva maya, piden universitarios de San Francisco, California","author":"grieta","date":"29 septiembre, 2019","format":false,"excerpt":"Mayapolitikon Estudiantes y profesores del City College de San Francisco, California, exhortaron al gobierno mexicano y a otros a detener la destrucci\u00f3n de los montes de Yucat\u00e1n con la instalaci\u00f3n de megaproyectos. \u201cEscribimos en apoyo a los activistas mayas quienes se oponen a la destrucci\u00f3n causada por el tren maya,\u2026","rel":"","context":"En &quot;Campeche&quot;","block_context":{"text":"Campeche","link":"https:\/\/www.grieta.org.mx\/index.php\/category\/noticias-nacionales\/campeche\/"},"img":{"alt_text":"","src":"https:\/\/i0.wp.com\/www.grieta.org.mx\/wp-content\/uploads\/2019\/10\/pedrousa-e1570060783615.jpg?resize=350%2C200&ssl=1","width":350,"height":200,"srcset":"https:\/\/i0.wp.com\/www.grieta.org.mx\/wp-content\/uploads\/2019\/10\/pedrousa-e1570060783615.jpg?resize=350%2C200&ssl=1 1x, https:\/\/i0.wp.com\/www.grieta.org.mx\/wp-content\/uploads\/2019\/10\/pedrousa-e1570060783615.jpg?resize=525%2C300&ssl=1 1.5x, https:\/\/i0.wp.com\/www.grieta.org.mx\/wp-content\/uploads\/2019\/10\/pedrousa-e1570060783615.jpg?resize=700%2C400&ssl=1 2x"},"classes":[]},{"id":66739,"url":"https:\/\/www.grieta.org.mx\/index.php\/2023\/03\/20\/denunciado-un-buque-cubano-por-danar-el-arrecife-mexicano-con-material-para-el-tren-maya-quintana-roo\/","url_meta":{"origin":66024,"position":5},"title":"Denunciado un buque cubano por da\u00f1ar el arrecife mexicano con material para el Tren Maya (Quintana Roo)","author":"grieta","date":"20 marzo, 2023","format":false,"excerpt":"El Pa\u00eds El buzo y ambientalista Alberto Friscione emprendi\u00f3 una expedici\u00f3n para bucear cerca del buque Melody. El barco transporta una carga de 20.000 toneladas de porfirita (un tipo de roca) procedentes de Cuba y que servir\u00e1n de balasto para el Tren Maya. De acuerdo con los hallazgos de Friscione,\u2026","rel":"","context":"En &quot;CINTILLO&quot;","block_context":{"text":"CINTILLO","link":"https:\/\/www.grieta.org.mx\/index.php\/category\/cintillo\/"},"img":{"alt_text":"","src":"https:\/\/i0.wp.com\/www.grieta.org.mx\/wp-content\/uploads\/2023\/04\/PuertoMorelos-scaled-e1680386565174.jpg?resize=350%2C200&ssl=1","width":350,"height":200,"srcset":"https:\/\/i0.wp.com\/www.grieta.org.mx\/wp-content\/uploads\/2023\/04\/PuertoMorelos-scaled-e1680386565174.jpg?resize=350%2C200&ssl=1 1x, https:\/\/i0.wp.com\/www.grieta.org.mx\/wp-content\/uploads\/2023\/04\/PuertoMorelos-scaled-e1680386565174.jpg?resize=525%2C300&ssl=1 1.5x, https:\/\/i0.wp.com\/www.grieta.org.mx\/wp-content\/uploads\/2023\/04\/PuertoMorelos-scaled-e1680386565174.jpg?resize=700%2C400&ssl=1 2x"},"classes":[]}],"_links":{"self":[{"href":"https:\/\/www.grieta.org.mx\/index.php\/wp-json\/wp\/v2\/posts\/66024","targetHints":{"allow":["GET"]}}],"collection":[{"href":"https:\/\/www.grieta.org.mx\/index.php\/wp-json\/wp\/v2\/posts"}],"about":[{"href":"https:\/\/www.grieta.org.mx\/index.php\/wp-json\/wp\/v2\/types\/post"}],"author":[{"embeddable":true,"href":"https:\/\/www.grieta.org.mx\/index.php\/wp-json\/wp\/v2\/users\/2"}],"replies":[{"embeddable":true,"href":"https:\/\/www.grieta.org.mx\/index.php\/wp-json\/wp\/v2\/comments?post=66024"}],"version-history":[{"count":1,"href":"https:\/\/www.grieta.org.mx\/index.php\/wp-json\/wp\/v2\/posts\/66024\/revisions"}],"predecessor-version":[{"id":66030,"href":"https:\/\/www.grieta.org.mx\/index.php\/wp-json\/wp\/v2\/posts\/66024\/revisions\/66030"}],"wp:featuredmedia":[{"embeddable":true,"href":"https:\/\/www.grieta.org.mx\/index.php\/wp-json\/wp\/v2\/media\/66025"}],"wp:attachment":[{"href":"https:\/\/www.grieta.org.mx\/index.php\/wp-json\/wp\/v2\/media?parent=66024"}],"wp:term":[{"taxonomy":"category","embeddable":true,"href":"https:\/\/www.grieta.org.mx\/index.php\/wp-json\/wp\/v2\/categories?post=66024"},{"taxonomy":"post_tag","embeddable":true,"href":"https:\/\/www.grieta.org.mx\/index.php\/wp-json\/wp\/v2\/tags?post=66024"}],"curies":[{"name":"wp","href":"https:\/\/api.w.org\/{rel}","templated":true}]}}