{"id":65993,"date":"2022-12-17T15:49:54","date_gmt":"2022-12-17T21:49:54","guid":{"rendered":"https:\/\/www.grieta.org.mx\/?p=65993"},"modified":"2022-12-25T16:00:20","modified_gmt":"2022-12-25T22:00:20","slug":"habitantes-de-colonias-irregulares-protestan-de-nuevo-contra-cfe-en-cancun-quintana-roo","status":"publish","type":"post","link":"https:\/\/www.grieta.org.mx\/index.php\/2022\/12\/17\/habitantes-de-colonias-irregulares-protestan-de-nuevo-contra-cfe-en-cancun-quintana-roo\/","title":{"rendered":"Habitantes de colonias irregulares protestan de nuevo contra CFE en Canc\u00fan (Quintana Roo)"},"content":{"rendered":"<p>Eduardo del Valle \/ Novedades Quintana Roo<\/p>\n<p>M\u00e1s de 30 personas de al menos una treintena de colonias irregulares de Canc\u00fan bloquearon la carretera Canc\u00fan-M\u00e9rida por varias horas, en protesta por la negativa de la Comisi\u00f3n Federal de Electricidad (CFE) de instalar medidores para que cuenten con el servicio de energ\u00eda el\u00e9ctrica.<\/p>\n<p>Alrededor de las 11:30 horas de ayer, habitantes exigieron a la paraestatal la instalaci\u00f3n de aproximadamente cuatro mil 500 medidores de luz, ya que ellos han corrido con los gastos para la instalaci\u00f3n de postes, ramales y la infraestructura para tener el servicio, pero se \u201ccuelgan\u201d de postes cercanos lo que les ha llegado a accarrear en cobros de hasta siete mil pesos, lo que ha afectado a m\u00e1s de tres mil familias de dichas colonias.<\/p>\n<p>Andr\u00e9s Castillejos, representante de una de las colonias afectadas, explic\u00f3 que reciben aproximadamente cada cuatro meses minutas de pago de m\u00e1s de 400 mil pesos por colonia, y muchas de \u00e9stas tienen un representante que recibe todos los recibos de los residentes, pero al no tener par\u00e1metros para regular los pagos acusan que hay corrupci\u00f3n en el manejo de los cobros.<\/p>\n<p>    \u201cNos hacen notificaciones de ajuste, llegamos a las oficinas centrales para que nos establezcan un consumo pero no nos informan, despu\u00e9s nos califican de negativa de pago, y se roban nuestras cuchillas para hacer corte, y ya estamos cansados, por lo que hacemos un llamado a las autoridades para que tomen cartas en el asunto, aprovechando que el presidente har\u00e1 una visita aqu\u00ed\u201d, dijo.<\/p>\n<p>Protestan en la sucursal de CFE de la regi\u00f3n 96<\/p>\n<p>Cabe se\u00f1alar que el d\u00eda 7 de diciembre, los habitantes de estas colonias irregulares de la zona continental y la periferia de la ciudad, estuvieron en la sucursal de CFE de la regi\u00f3n 96, pero no se lleg\u00f3 a un acuerdo, aunque se entreg\u00f3 la misma documentaci\u00f3n que se ha entregado desde hace dos a\u00f1os.<\/p>\n<p>    \u201cEl cobro excesivo no es particular por vivienda, sino que todas las casas pagan lo mismo, sin importar las diferencias en el uso de luz, pero los negocios llegan a pagar menos. Hay tiendas que pagan mil 500 pero las casas m\u00e1s de dos mil 500\u201d, agreg\u00f3.<\/p>\n<p>Los afectados se\u00f1alaron que llevan m\u00e1s de mes y medio sufriendo cortes a la luz, pero desde hace un a\u00f1o se cuenta con toda la infraestructura, aunque por la cantidad diversa de habitantes en las diferentes colonias, el monto que pagaron fue desde los 200 mil hasta m\u00e1s de medio mill\u00f3n de pesos.<\/p>\n<p>A pesar de que al bloqueo llegaron el secretario de Seguridad P\u00fablica municipal, Jos\u00e9 Pablo Mathey Cruz, y el director de Gobierno municipal, Rodrigo Ramos, para tratar de liberar la carretera, solo se consigui\u00f3 que se abriera un carril, pero para las 16:00 horas los inconformes volvieron a cerrar los cuatro carriles.<\/p>\n<p>Pero adem\u00e1s, se convoc\u00f3 a los miembros de las distintas colonias a que se unieran a los reclamos hasta que los atendiera un representante de la CFE, para que si en caso de que no llegar a un arreglo, el bloqueo permanezca hasta recibir una respuesta.<\/p>\n<p><a href=\"https:\/\/sipse.com\/novedades\/habitantes-de-colonias-irregulares-protestan-de-nuevo-contra-cfe-en-cancun-438542.html\" rel=\"noopener\" target=\"_blank\">https:\/\/sipse.com\/novedades\/habitantes-de-colonias-irregulares-protestan-de-nuevo-contra-cfe-en-cancun-438542.html<\/a><\/p>\n","protected":false},"excerpt":{"rendered":"<p>Eduardo del Valle \/ Novedades Quintana Roo M\u00e1s de 30 personas de al menos una treintena de colonias irregulares de Canc\u00fan bloquearon la carretera Canc\u00fan-M\u00e9rida por varias horas, en protesta &hellip; <a href=\"https:\/\/www.grieta.org.mx\/index.php\/2022\/12\/17\/habitantes-de-colonias-irregulares-protestan-de-nuevo-contra-cfe-en-cancun-quintana-roo\/\" class=\"more-link\">Leer m\u00e1s<\/a><\/p>\n","protected":false},"author":2,"featured_media":65994,"comment_status":"closed","ping_status":"closed","sticky":false,"template":"","format":"standard","meta":{"ngg_post_thumbnail":0,"_jetpack_newsletter_access":"","_jetpack_dont_email_post_to_subs":false,"_jetpack_newsletter_tier_id":0,"_jetpack_memberships_contains_paywalled_content":false,"_jetpack_memberships_contains_paid_content":false,"footnotes":""},"categories":[80,2905,2,28],"tags":[291,2849],"class_list":["post-65993","post","type-post","status-publish","format-standard","has-post-thumbnail","hentry","category-cintillo","category-conflictos-con-la-cfe-en-quintana-roo","category-noticias-nacionales","category-quintana-roo","tag-cfe","tag-conflictos-con-la-cfe","entry"],"jetpack_featured_media_url":"https:\/\/www.grieta.org.mx\/wp-content\/uploads\/2022\/12\/BloqueoCancun-e1672005474302.jpg","jetpack_sharing_enabled":true,"jetpack_shortlink":"https:\/\/wp.me\/p7ZJR4-hap","jetpack_likes_enabled":false,"jetpack-related-posts":[{"id":2936,"url":"https:\/\/www.grieta.org.mx\/index.php\/2015\/10\/26\/perdidas-de-1000-millones-por-robo-de-electricidad-en-yucatan-campeche-y-qr\/","url_meta":{"origin":65993,"position":0},"title":"P\u00e9rdidas de $1,000 millones por robo de electricidad en Yucat\u00e1n, Campeche y QR","author":"grieta","date":"26 octubre, 2015","format":false,"excerpt":"M\u00e9rida y Canc\u00fan, las ciudades m\u00e1s afectadas en la regi\u00f3n: CFE Carlos \u00c1guila Arreola Corresponsal 26 de octubre de 2015 Canc\u00fan, QR. Las p\u00e9rdidas por robo de electricidad en Campeche, Yucat\u00e1n y Quintana Roo ascienden a mil millones de pesos anuales. M\u00e9rida es la ciudad m\u00e1s afectada, seguida de Canc\u00fan.\u2026","rel":"","context":"En &quot;Campeche&quot;","block_context":{"text":"Campeche","link":"https:\/\/www.grieta.org.mx\/index.php\/category\/noticias-nacionales\/campeche\/"},"img":{"alt_text":"","src":"https:\/\/i0.wp.com\/www.grieta.org.mx\/wp-content\/uploads\/2018\/03\/14524434_1106112876131411_958039263622046936_o.jpg?resize=350%2C200&ssl=1","width":350,"height":200,"srcset":"https:\/\/i0.wp.com\/www.grieta.org.mx\/wp-content\/uploads\/2018\/03\/14524434_1106112876131411_958039263622046936_o.jpg?resize=350%2C200&ssl=1 1x, https:\/\/i0.wp.com\/www.grieta.org.mx\/wp-content\/uploads\/2018\/03\/14524434_1106112876131411_958039263622046936_o.jpg?resize=525%2C300&ssl=1 1.5x, https:\/\/i0.wp.com\/www.grieta.org.mx\/wp-content\/uploads\/2018\/03\/14524434_1106112876131411_958039263622046936_o.jpg?resize=700%2C400&ssl=1 2x"},"classes":[]},{"id":67066,"url":"https:\/\/www.grieta.org.mx\/index.php\/2023\/06\/18\/bloquearon-carretera-federal-en-bacalar-en-protesta-contra-apagones-de-cfe-quintana-roo\/","url_meta":{"origin":65993,"position":1},"title":"Bloquearon carretera Federal en Bacalar en Protesta contra Apagones de CFE (Quintana Roo)","author":"grieta","date":"18 junio, 2023","format":false,"excerpt":"Redacci\u00f3n\/CAMBIO 22 CHETUMAL, 18 de junio.- Habitantes de la ciudad de Bacalar bloquearon el paso de la carretera Federal 307 Chetumal-Canc\u00fan en las primeras horas de la madrugada de este domingo, en protesta por los apagones que se han registrado en los \u00faltimos d\u00edas y en medio del intenso calor.\u2026","rel":"","context":"En &quot;CINTILLO&quot;","block_context":{"text":"CINTILLO","link":"https:\/\/www.grieta.org.mx\/index.php\/category\/cintillo\/"},"img":{"alt_text":"","src":"https:\/\/i0.wp.com\/www.grieta.org.mx\/wp-content\/uploads\/2023\/06\/cfe2.jpg?resize=350%2C200&ssl=1","width":350,"height":200,"srcset":"https:\/\/i0.wp.com\/www.grieta.org.mx\/wp-content\/uploads\/2023\/06\/cfe2.jpg?resize=350%2C200&ssl=1 1x, https:\/\/i0.wp.com\/www.grieta.org.mx\/wp-content\/uploads\/2023\/06\/cfe2.jpg?resize=525%2C300&ssl=1 1.5x, https:\/\/i0.wp.com\/www.grieta.org.mx\/wp-content\/uploads\/2023\/06\/cfe2.jpg?resize=700%2C400&ssl=1 2x, https:\/\/i0.wp.com\/www.grieta.org.mx\/wp-content\/uploads\/2023\/06\/cfe2.jpg?resize=1050%2C600&ssl=1 3x, https:\/\/i0.wp.com\/www.grieta.org.mx\/wp-content\/uploads\/2023\/06\/cfe2.jpg?resize=1400%2C800&ssl=1 4x"},"classes":[]},{"id":66198,"url":"https:\/\/www.grieta.org.mx\/index.php\/2023\/02\/09\/lazaro-cardenas-habitantes-de-chiquila-protestan-en-contra-de-la-cfe-quintana-roo\/","url_meta":{"origin":65993,"position":2},"title":"L\u00e1zaro C\u00e1rdenas: Habitantes de Chiquil\u00e1 protestan en contra de la CFE (Quintana Roo)","author":"grieta","date":"9 febrero, 2023","format":false,"excerpt":"Luis Enrique Cauich \/ Por Esto! Habitantes del puerto de Chiquil\u00e1\u00a0salieron a protestar esta ma\u00f1ana en contra de la Comisi\u00f3n Federal de Electricidad, que hace y deshace a su voluntad sin que ninguna autoridad intervenga para solucionar los problemas que causa con sus obras de introducci\u00f3n de la l\u00ednea submarina\u2026","rel":"","context":"En &quot;CINTILLO&quot;","block_context":{"text":"CINTILLO","link":"https:\/\/www.grieta.org.mx\/index.php\/category\/cintillo\/"},"img":{"alt_text":"","src":"https:\/\/i0.wp.com\/www.grieta.org.mx\/wp-content\/uploads\/2023\/02\/Holbox-1-e1676051285295.jpg?resize=350%2C200&ssl=1","width":350,"height":200,"srcset":"https:\/\/i0.wp.com\/www.grieta.org.mx\/wp-content\/uploads\/2023\/02\/Holbox-1-e1676051285295.jpg?resize=350%2C200&ssl=1 1x, https:\/\/i0.wp.com\/www.grieta.org.mx\/wp-content\/uploads\/2023\/02\/Holbox-1-e1676051285295.jpg?resize=525%2C300&ssl=1 1.5x, https:\/\/i0.wp.com\/www.grieta.org.mx\/wp-content\/uploads\/2023\/02\/Holbox-1-e1676051285295.jpg?resize=700%2C400&ssl=1 2x"},"classes":[]},{"id":72230,"url":"https:\/\/www.grieta.org.mx\/index.php\/2025\/08\/16\/bloquean-carretera-tras-apagones-constantes-quintana-roo\/","url_meta":{"origin":65993,"position":3},"title":"Bloquean carretera tras apagones constantes (Quintana Roo)","author":"grieta","date":"16 agosto, 2025","format":false,"excerpt":"Sol Quintana Roo Habitantes de Bacalar bloquean la v\u00eda corta en protesta por constantes apagones y mal servicio el\u00e9ctrico, por lo que exigen a la CFE soluciones inmediatas para garantizar suministro estable Bacalar.\u2014 Habitantes de la comunidad Divorciados mantienen bloqueada la carretera de la v\u00eda corta, como protesta ante los\u2026","rel":"","context":"En &quot;CINTILLO&quot;","block_context":{"text":"CINTILLO","link":"https:\/\/www.grieta.org.mx\/index.php\/category\/cintillo\/"},"img":{"alt_text":"","src":"https:\/\/i0.wp.com\/www.grieta.org.mx\/wp-content\/uploads\/2025\/08\/Bloquean-e1755898483617.jpg?resize=350%2C200&ssl=1","width":350,"height":200,"srcset":"https:\/\/i0.wp.com\/www.grieta.org.mx\/wp-content\/uploads\/2025\/08\/Bloquean-e1755898483617.jpg?resize=350%2C200&ssl=1 1x, https:\/\/i0.wp.com\/www.grieta.org.mx\/wp-content\/uploads\/2025\/08\/Bloquean-e1755898483617.jpg?resize=525%2C300&ssl=1 1.5x, https:\/\/i0.wp.com\/www.grieta.org.mx\/wp-content\/uploads\/2025\/08\/Bloquean-e1755898483617.jpg?resize=700%2C400&ssl=1 2x"},"classes":[]},{"id":41814,"url":"https:\/\/www.grieta.org.mx\/index.php\/2019\/11\/29\/frena-el-consejo-ciudadano-de-lucha-contra-abusos-de-la-cfe-desconexion-del-servicio-a-usuarios-en-jose-maria-morelos-quintana-roo\/","url_meta":{"origin":65993,"position":4},"title":"Frena el Consejo Ciudadano de Lucha contra Abusos de la CFE desconexi\u00f3n del servicio a usuarios en Jos\u00e9 Mar\u00eda Morelos (Quintana Roo)","author":"grieta","date":"29 noviembre, 2019","format":false,"excerpt":"Agencia SIM \/ Noticaribe JOS\u00c9 MAR\u00cdA MORELOS, MX.- A pesar de existir una minuta firmada con autoridades de la Comisi\u00f3n Federal de Electricidad (CFE), en donde se comprometieron a no cortarles el servicio a m\u00e1s de 600 ciudadanos inconformes en esta cabecera municipal, hoy, personal de la paraestatal desconect\u00f3 a\u2026","rel":"","context":"En &quot;CINTILLO&quot;","block_context":{"text":"CINTILLO","link":"https:\/\/www.grieta.org.mx\/index.php\/category\/cintillo\/"},"img":{"alt_text":"","src":"https:\/\/i0.wp.com\/www.grieta.org.mx\/wp-content\/uploads\/2019\/12\/CFEJmm3.png?resize=350%2C200","width":350,"height":200},"classes":[]},{"id":65427,"url":"https:\/\/www.grieta.org.mx\/index.php\/2022\/09\/29\/ejidatarios-de-kantunilkin-frenan-trabajo-de-la-cfe-exigen-indemnizaciones-por-predios-afectados-quintana-roo\/","url_meta":{"origin":65993,"position":5},"title":"Ejidatarios de Kantunilk\u00edn frenan trabajo de la CFE; exigen indemnizaciones por predios afectados (Quintana Roo)","author":"grieta","date":"29 septiembre, 2022","format":false,"excerpt":"Luis Enrique Cauich \/ Por Esto! Ejidatarios de Kantunilk\u00edn detuvieron los trabajos de sustituci\u00f3n de postes y tendido el\u00e9ctrico que forman parte del proyecto de l\u00ednea submarina que llegara hasta la isla de Holbox, en exigencia a la Comisi\u00f3n Federal de Electricidad a llegar a un acuerdo de indemnizaci\u00f3n por\u2026","rel":"","context":"En &quot;CINTILLO&quot;","block_context":{"text":"CINTILLO","link":"https:\/\/www.grieta.org.mx\/index.php\/category\/cintillo\/"},"img":{"alt_text":"","src":"https:\/\/i0.wp.com\/www.grieta.org.mx\/wp-content\/uploads\/2022\/10\/Kantunilkil-e1665182685284.jpg?resize=350%2C200&ssl=1","width":350,"height":200,"srcset":"https:\/\/i0.wp.com\/www.grieta.org.mx\/wp-content\/uploads\/2022\/10\/Kantunilkil-e1665182685284.jpg?resize=350%2C200&ssl=1 1x, https:\/\/i0.wp.com\/www.grieta.org.mx\/wp-content\/uploads\/2022\/10\/Kantunilkil-e1665182685284.jpg?resize=525%2C300&ssl=1 1.5x, https:\/\/i0.wp.com\/www.grieta.org.mx\/wp-content\/uploads\/2022\/10\/Kantunilkil-e1665182685284.jpg?resize=700%2C400&ssl=1 2x"},"classes":[]}],"_links":{"self":[{"href":"https:\/\/www.grieta.org.mx\/index.php\/wp-json\/wp\/v2\/posts\/65993","targetHints":{"allow":["GET"]}}],"collection":[{"href":"https:\/\/www.grieta.org.mx\/index.php\/wp-json\/wp\/v2\/posts"}],"about":[{"href":"https:\/\/www.grieta.org.mx\/index.php\/wp-json\/wp\/v2\/types\/post"}],"author":[{"embeddable":true,"href":"https:\/\/www.grieta.org.mx\/index.php\/wp-json\/wp\/v2\/users\/2"}],"replies":[{"embeddable":true,"href":"https:\/\/www.grieta.org.mx\/index.php\/wp-json\/wp\/v2\/comments?post=65993"}],"version-history":[{"count":1,"href":"https:\/\/www.grieta.org.mx\/index.php\/wp-json\/wp\/v2\/posts\/65993\/revisions"}],"predecessor-version":[{"id":65995,"href":"https:\/\/www.grieta.org.mx\/index.php\/wp-json\/wp\/v2\/posts\/65993\/revisions\/65995"}],"wp:featuredmedia":[{"embeddable":true,"href":"https:\/\/www.grieta.org.mx\/index.php\/wp-json\/wp\/v2\/media\/65994"}],"wp:attachment":[{"href":"https:\/\/www.grieta.org.mx\/index.php\/wp-json\/wp\/v2\/media?parent=65993"}],"wp:term":[{"taxonomy":"category","embeddable":true,"href":"https:\/\/www.grieta.org.mx\/index.php\/wp-json\/wp\/v2\/categories?post=65993"},{"taxonomy":"post_tag","embeddable":true,"href":"https:\/\/www.grieta.org.mx\/index.php\/wp-json\/wp\/v2\/tags?post=65993"}],"curies":[{"name":"wp","href":"https:\/\/api.w.org\/{rel}","templated":true}]}}