{"id":65945,"date":"2022-12-04T14:45:18","date_gmt":"2022-12-04T20:45:18","guid":{"rendered":"https:\/\/www.grieta.org.mx\/?p=65945"},"modified":"2022-12-21T14:52:32","modified_gmt":"2022-12-21T20:52:32","slug":"colima-entre-los-estados-mas-inseguros-para-ninas-y-adolescentes","status":"publish","type":"post","link":"https:\/\/www.grieta.org.mx\/index.php\/2022\/12\/04\/colima-entre-los-estados-mas-inseguros-para-ninas-y-adolescentes\/","title":{"rendered":"Colima, entre los estados m\u00e1s inseguros para ni\u00f1as y adolescentes"},"content":{"rendered":"<p>Imagen: Diario Avanzada<\/p>\n<p>Heidi de Le\u00f3n Guti\u00e9rrez \/ Diario Avanzada<\/p>\n<p>Colima, M\u00e9xico, Avanzada (04\/12\/2022).- Colima se encuentra entre los 14 estados m\u00e1s inseguros para las ni\u00f1as y adolescentes, de acuerdo al monitoreo que realiz\u00f3 la organizaci\u00f3n: Aqu\u00ed estamos: feminicidio infantil en M\u00e9xico.<\/p>\n<p>El reporte fue elaborado por un grupo de periodistas que se dedican a documentar los casos de feminicidio infantil en el pa\u00eds. En los datos que se dieron a conocer informaron que en el 2021 tienen el registro de 3 feminicidios en contra de ni\u00f1as menores de edad, entre ellos el de Perla Julissa, una adolescente de 15 a\u00f1os de edad que fue asesinada en Villa de \u00c1lvarez.<\/p>\n<p>Tambi\u00e9n documentaron el caso de Rosa, una menor de 12 a\u00f1os de edad que se encontraba afuera de su casa cuando una persona le dispar\u00f3 y por la herida provocada, la ni\u00f1a perdi\u00f3 la vida.<\/p>\n<p>En el an\u00e1lisis, las periodistas que integra el colectivo, \u201cAqu\u00ed estamos: feminicidio infantil en M\u00e9xico\u201d,\u00a0expusieron que el Estado de M\u00e9xico es el m\u00e1s inseguro para las ni\u00f1as y adolescentes con 18 casos, seguido de Guanajuato con 6, Veracruz, Jalisco con 5, Nayarit, Sinaloa, Ciudad de M\u00e9xico con cuatro y Colima, Chihuahua, Hidalgo, Michoac\u00e1n, Puebla, Quintana Roo con tres casos cada uno.<\/p>\n<p>Los estados donde no se registr\u00f3 ning\u00fan feminicidio de menores de edad durante el 2021 fueron Baja California Sur, Quer\u00e9taro, San Luis Potos\u00ed, Nuevo Le\u00f3n, Tabasco y Yucat\u00e1n.<\/p>\n<p>La Fiscal\u00eda de Colima inform\u00f3 que 18 menores de edad fueron asesinados en lo que va del a\u00f1o, en 3 casos se est\u00e1 investigando bajo el protocolo de feminicidio. Adem\u00e1s, la dependencia reconoci\u00f3 que en Colima se han cometido 18 feminicidios en este 2022.<\/p>\n<p><a href=\"https:\/\/www.diarioavanzada.com.mx\/?p=38405\">https:\/\/www.diarioavanzada.com.mx\/?p=38405<\/a><\/p>\n","protected":false},"excerpt":{"rendered":"<p>Imagen: Diario Avanzada Heidi de Le\u00f3n Guti\u00e9rrez \/ Diario Avanzada Colima, M\u00e9xico, Avanzada (04\/12\/2022).- Colima se encuentra entre los 14 estados m\u00e1s inseguros para las ni\u00f1as y adolescentes, de acuerdo &hellip; <a href=\"https:\/\/www.grieta.org.mx\/index.php\/2022\/12\/04\/colima-entre-los-estados-mas-inseguros-para-ninas-y-adolescentes\/\" class=\"more-link\">Leer m\u00e1s<\/a><\/p>\n","protected":false},"author":2,"featured_media":65946,"comment_status":"closed","ping_status":"closed","sticky":false,"template":"","format":"standard","meta":{"ngg_post_thumbnail":0,"_jetpack_newsletter_access":"","_jetpack_dont_email_post_to_subs":false,"_jetpack_newsletter_tier_id":0,"_jetpack_memberships_contains_paywalled_content":false,"_jetpack_memberships_contains_paid_content":false,"footnotes":""},"categories":[80,13,1827,3112,2,83],"tags":[2938,2227,3476,3776,3065,1435,3139],"class_list":["post-65945","post","type-post","status-publish","format-standard","has-post-thumbnail","hentry","category-cintillo","category-colima","category-la-ninez-en-la-tormenta-capitalista","category-la-ninez-en-la-tormenta-en-colima","category-noticias-nacionales","category-temas-nacionales","tag-asesinato-de-jovenes","tag-feminicidios-infantiles","tag-jovenes-en-la-tormenta-capitalista","tag-la-ninez-en-la-tormenta-capitalista","tag-violencia-contra-la-ninez","tag-violencia-contra-ninos-y-ninas","tag-violencia-sexual-contra-ninas","entry"],"jetpack_featured_media_url":"https:\/\/www.grieta.org.mx\/wp-content\/uploads\/2022\/12\/image-25-1.png","jetpack_sharing_enabled":true,"jetpack_shortlink":"https:\/\/wp.me\/p7ZJR4-h9D","jetpack_likes_enabled":false,"jetpack-related-posts":[{"id":71623,"url":"https:\/\/www.grieta.org.mx\/index.php\/2025\/04\/30\/dia-del-nino-en-colima-mas-balas-que-juegos\/","url_meta":{"origin":65945,"position":0},"title":"D\u00eda del Ni\u00f1o en Colima: m\u00e1s balas que juegos","author":"grieta","date":"30 abril, 2025","format":false,"excerpt":"Imagen: Diario Avanzada Heidi de Le\u00f3n Guti\u00e9rrez \/ Diario Avanzada Colima, M\u00e9xico, Avanzada (30\/04\/2025).- En el marco de la celebraci\u00f3n del D\u00eda del Ni\u00f1o, Colima no tiene mucho que festejar. Las infancias en la entidad enfrentan \u00a0la violencia, el crimen organizado y la desaparici\u00f3n. Los hechos anteriores se han convertido\u2026","rel":"","context":"En &quot;CINTILLO&quot;","block_context":{"text":"CINTILLO","link":"https:\/\/www.grieta.org.mx\/index.php\/category\/cintillo\/"},"img":{"alt_text":"","src":"https:\/\/i0.wp.com\/www.grieta.org.mx\/wp-content\/uploads\/2025\/05\/35f04a10-6e20-4b56-93db-5e43b3ac4158-1.png?resize=350%2C200&ssl=1","width":350,"height":200,"srcset":"https:\/\/i0.wp.com\/www.grieta.org.mx\/wp-content\/uploads\/2025\/05\/35f04a10-6e20-4b56-93db-5e43b3ac4158-1.png?resize=350%2C200&ssl=1 1x, https:\/\/i0.wp.com\/www.grieta.org.mx\/wp-content\/uploads\/2025\/05\/35f04a10-6e20-4b56-93db-5e43b3ac4158-1.png?resize=525%2C300&ssl=1 1.5x, https:\/\/i0.wp.com\/www.grieta.org.mx\/wp-content\/uploads\/2025\/05\/35f04a10-6e20-4b56-93db-5e43b3ac4158-1.png?resize=700%2C400&ssl=1 2x"},"classes":[]},{"id":59124,"url":"https:\/\/www.grieta.org.mx\/index.php\/2021\/05\/01\/sufren-abuso-sexual-infantil-24-de-cada-100-mil-infantes-en-colima\/","url_meta":{"origin":65945,"position":1},"title":"Sufren abuso sexual infantil 24 de cada 100 mil infantes en Colima","author":"grieta","date":"1 mayo, 2021","format":false,"excerpt":"Imagen: Diario Avanzada Heidi de Le\u00f3n Guti\u00e9rrez \/ Diario Avanzada Colima, M\u00e9xico, Avanzada (01\/05\/2021).- Los altos \u00edndices de violencia que se registran en el estado, no s\u00f3lo afectan a los adultos, tambi\u00e9n a los ni\u00f1os y las ni\u00f1as, quienes son v\u00edctimas de diversos delitos, como el abuso sexual o conductas\u2026","rel":"","context":"En &quot;CINTILLO&quot;","block_context":{"text":"CINTILLO","link":"https:\/\/www.grieta.org.mx\/index.php\/category\/cintillo\/"},"img":{"alt_text":"","src":"https:\/\/i0.wp.com\/www.grieta.org.mx\/wp-content\/uploads\/2021\/05\/Nin%CC%83o-Proletario-1.jpg?resize=350%2C200&ssl=1","width":350,"height":200,"srcset":"https:\/\/i0.wp.com\/www.grieta.org.mx\/wp-content\/uploads\/2021\/05\/Nin%CC%83o-Proletario-1.jpg?resize=350%2C200&ssl=1 1x, https:\/\/i0.wp.com\/www.grieta.org.mx\/wp-content\/uploads\/2021\/05\/Nin%CC%83o-Proletario-1.jpg?resize=525%2C300&ssl=1 1.5x, https:\/\/i0.wp.com\/www.grieta.org.mx\/wp-content\/uploads\/2021\/05\/Nin%CC%83o-Proletario-1.jpg?resize=700%2C400&ssl=1 2x"},"classes":[]},{"id":65521,"url":"https:\/\/www.grieta.org.mx\/index.php\/2022\/10\/13\/despues-de-70-asesinatos-de-mujeres-fiscalia-crea-unidad-para-perseguir-y-sancionar-a-feminicidas-colima\/","url_meta":{"origin":65945,"position":2},"title":"Despu\u00e9s de 70 asesinatos de mujeres, Fiscal\u00eda crea unidad para perseguir y sancionar a feminicidas (Colima)","author":"grieta","date":"13 octubre, 2022","format":false,"excerpt":"Imagen: Diario Avanzada Heidi de Le\u00f3n Guti\u00e9rrez \/ Diario Avanzada Colima, M\u00e9xico, Avanzada (15\/10\/2022).- Despu\u00e9s de 70 asesinatos de mujeres en lo que va del a\u00f1o, entre ellas ni\u00f1as de entre 12 y 15 a\u00f1os de edad, la Fiscal\u00eda General del Estado instaur\u00f3 la Unidad Especializada para la investigaci\u00f3n y\u2026","rel":"","context":"En &quot;CINTILLO&quot;","block_context":{"text":"CINTILLO","link":"https:\/\/www.grieta.org.mx\/index.php\/category\/cintillo\/"},"img":{"alt_text":"","src":"https:\/\/i0.wp.com\/www.grieta.org.mx\/wp-content\/uploads\/2022\/10\/01-27-feminicidios.png?resize=350%2C200&ssl=1","width":350,"height":200,"srcset":"https:\/\/i0.wp.com\/www.grieta.org.mx\/wp-content\/uploads\/2022\/10\/01-27-feminicidios.png?resize=350%2C200&ssl=1 1x, https:\/\/i0.wp.com\/www.grieta.org.mx\/wp-content\/uploads\/2022\/10\/01-27-feminicidios.png?resize=525%2C300&ssl=1 1.5x, https:\/\/i0.wp.com\/www.grieta.org.mx\/wp-content\/uploads\/2022\/10\/01-27-feminicidios.png?resize=700%2C400&ssl=1 2x"},"classes":[]},{"id":49339,"url":"https:\/\/www.grieta.org.mx\/index.php\/2020\/05\/11\/20-mil-ninos-trabajan-en-colima-56-en-actividades-peligrosas\/","url_meta":{"origin":65945,"position":3},"title":"20 mil ni\u00f1os trabajan en Colima; 56% en actividades peligrosas","author":"grieta","date":"11 mayo, 2020","format":false,"excerpt":"Foto: Ilustrativa Heidi de Le\u00f3n Guti\u00e9rrez \/ Diario Avanzada Colima, M\u00e9xico, Avanzada (11\/05\/2020).- La secretar\u00eda de Trabajo y Previsi\u00f3n Social (STYPS) detect\u00f3 a 20 mil 86 ni\u00f1os, ni\u00f1as y adolescentes que realizan una ocupaci\u00f3n o actividad laboral que no est\u00e1 permitida, principalmente en el campo colimense. Adem\u00e1s de esos 20\u2026","rel":"","context":"En &quot;CINTILLO&quot;","block_context":{"text":"CINTILLO","link":"https:\/\/www.grieta.org.mx\/index.php\/category\/cintillo\/"},"img":{"alt_text":"","src":"https:\/\/i0.wp.com\/www.grieta.org.mx\/wp-content\/uploads\/2020\/05\/b2d91eca3_normal_noticia.jpg?resize=350%2C200&ssl=1","width":350,"height":200,"srcset":"https:\/\/i0.wp.com\/www.grieta.org.mx\/wp-content\/uploads\/2020\/05\/b2d91eca3_normal_noticia.jpg?resize=350%2C200&ssl=1 1x, https:\/\/i0.wp.com\/www.grieta.org.mx\/wp-content\/uploads\/2020\/05\/b2d91eca3_normal_noticia.jpg?resize=525%2C300&ssl=1 1.5x, https:\/\/i0.wp.com\/www.grieta.org.mx\/wp-content\/uploads\/2020\/05\/b2d91eca3_normal_noticia.jpg?resize=700%2C400&ssl=1 2x"},"classes":[]},{"id":50332,"url":"https:\/\/www.grieta.org.mx\/index.php\/2020\/06\/02\/aumenta-durante-la-contingencia-el-reporte-de-violencia-contra-menores-colima\/","url_meta":{"origin":65945,"position":4},"title":"Aumenta durante la contingencia el reporte de violencia contra menores (Colima)","author":"grieta","date":"2 junio, 2020","format":false,"excerpt":"Foto: El Comentario Francis Bravo \/ El Comentario De acuerdo con la procuradora de Protecci\u00f3n de Ni\u00f1as, Ni\u00f1os y Adolescentes en el municipio de Colima, Mar\u00eda Guadalupe Garc\u00eda V\u00e1zquez, al igual que en el caso de las mujeres, durante el\u00a0confinamiento por la pandemia\u00a0del Covid-19 la\u00a0violencia contra los menores tambi\u00e9n aument\u00f3.\u2026","rel":"","context":"En &quot;CINTILLO&quot;","block_context":{"text":"CINTILLO","link":"https:\/\/www.grieta.org.mx\/index.php\/category\/cintillo\/"},"img":{"alt_text":"","src":"https:\/\/i0.wp.com\/www.grieta.org.mx\/wp-content\/uploads\/2020\/06\/9eeb27bf0df6ed552eba21a30d4a5109.jpg?resize=350%2C200&ssl=1","width":350,"height":200,"srcset":"https:\/\/i0.wp.com\/www.grieta.org.mx\/wp-content\/uploads\/2020\/06\/9eeb27bf0df6ed552eba21a30d4a5109.jpg?resize=350%2C200&ssl=1 1x, https:\/\/i0.wp.com\/www.grieta.org.mx\/wp-content\/uploads\/2020\/06\/9eeb27bf0df6ed552eba21a30d4a5109.jpg?resize=525%2C300&ssl=1 1.5x, https:\/\/i0.wp.com\/www.grieta.org.mx\/wp-content\/uploads\/2020\/06\/9eeb27bf0df6ed552eba21a30d4a5109.jpg?resize=700%2C400&ssl=1 2x, https:\/\/i0.wp.com\/www.grieta.org.mx\/wp-content\/uploads\/2020\/06\/9eeb27bf0df6ed552eba21a30d4a5109.jpg?resize=1050%2C600&ssl=1 3x"},"classes":[]},{"id":57840,"url":"https:\/\/www.grieta.org.mx\/index.php\/2021\/03\/16\/hay-399-mujeres-desaparecidas-en-colima-segun-el-fiscal-ninguna-es-por-trata\/","url_meta":{"origin":65945,"position":5},"title":"Hay 399 mujeres desaparecidas en Colima, seg\u00fan el Fiscal ninguna es por trata","author":"grieta","date":"16 marzo, 2021","format":false,"excerpt":"Imagen: Diario Avanzada Heidi de Le\u00f3n Guti\u00e9rrez \/ Diario Avanzada Colima, M\u00e9xico, Avanzada (16\/03\/2021).- En el estado de Colima existen 399 mujeres desaparecidas, de las cuales 105 son adolescentes o menores de edad, seg\u00fan los datos m\u00e1s actualizados con los que cuenta la secretar\u00eda de Gobernaci\u00f3n. La cifra anterior se\u2026","rel":"","context":"En &quot;CINTILLO&quot;","block_context":{"text":"CINTILLO","link":"https:\/\/www.grieta.org.mx\/index.php\/category\/cintillo\/"},"img":{"alt_text":"","src":"https:\/\/i0.wp.com\/www.grieta.org.mx\/wp-content\/uploads\/2021\/03\/159821306_436976120888799_9136011263406433812_n.jpg?resize=350%2C200&ssl=1","width":350,"height":200,"srcset":"https:\/\/i0.wp.com\/www.grieta.org.mx\/wp-content\/uploads\/2021\/03\/159821306_436976120888799_9136011263406433812_n.jpg?resize=350%2C200&ssl=1 1x, https:\/\/i0.wp.com\/www.grieta.org.mx\/wp-content\/uploads\/2021\/03\/159821306_436976120888799_9136011263406433812_n.jpg?resize=525%2C300&ssl=1 1.5x, https:\/\/i0.wp.com\/www.grieta.org.mx\/wp-content\/uploads\/2021\/03\/159821306_436976120888799_9136011263406433812_n.jpg?resize=700%2C400&ssl=1 2x, https:\/\/i0.wp.com\/www.grieta.org.mx\/wp-content\/uploads\/2021\/03\/159821306_436976120888799_9136011263406433812_n.jpg?resize=1050%2C600&ssl=1 3x"},"classes":[]}],"_links":{"self":[{"href":"https:\/\/www.grieta.org.mx\/index.php\/wp-json\/wp\/v2\/posts\/65945","targetHints":{"allow":["GET"]}}],"collection":[{"href":"https:\/\/www.grieta.org.mx\/index.php\/wp-json\/wp\/v2\/posts"}],"about":[{"href":"https:\/\/www.grieta.org.mx\/index.php\/wp-json\/wp\/v2\/types\/post"}],"author":[{"embeddable":true,"href":"https:\/\/www.grieta.org.mx\/index.php\/wp-json\/wp\/v2\/users\/2"}],"replies":[{"embeddable":true,"href":"https:\/\/www.grieta.org.mx\/index.php\/wp-json\/wp\/v2\/comments?post=65945"}],"version-history":[{"count":1,"href":"https:\/\/www.grieta.org.mx\/index.php\/wp-json\/wp\/v2\/posts\/65945\/revisions"}],"predecessor-version":[{"id":65947,"href":"https:\/\/www.grieta.org.mx\/index.php\/wp-json\/wp\/v2\/posts\/65945\/revisions\/65947"}],"wp:featuredmedia":[{"embeddable":true,"href":"https:\/\/www.grieta.org.mx\/index.php\/wp-json\/wp\/v2\/media\/65946"}],"wp:attachment":[{"href":"https:\/\/www.grieta.org.mx\/index.php\/wp-json\/wp\/v2\/media?parent=65945"}],"wp:term":[{"taxonomy":"category","embeddable":true,"href":"https:\/\/www.grieta.org.mx\/index.php\/wp-json\/wp\/v2\/categories?post=65945"},{"taxonomy":"post_tag","embeddable":true,"href":"https:\/\/www.grieta.org.mx\/index.php\/wp-json\/wp\/v2\/tags?post=65945"}],"curies":[{"name":"wp","href":"https:\/\/api.w.org\/{rel}","templated":true}]}}