{"id":65920,"date":"2022-12-08T13:48:46","date_gmt":"2022-12-08T19:48:46","guid":{"rendered":"https:\/\/www.grieta.org.mx\/?p=65920"},"modified":"2022-12-14T13:56:20","modified_gmt":"2022-12-14T19:56:20","slug":"con-excremento-frente-al-poder-judicial-de-la-federacion-yucatecos-piden-suspension-definitiva-de-las-granjas-porcicolas-yucatan","status":"publish","type":"post","link":"https:\/\/www.grieta.org.mx\/index.php\/2022\/12\/08\/con-excremento-frente-al-poder-judicial-de-la-federacion-yucatecos-piden-suspension-definitiva-de-las-granjas-porcicolas-yucatan\/","title":{"rendered":"Con excremento frente al Poder Judicial de la Federaci\u00f3n, yucatecos piden suspensi\u00f3n definitiva de las granjas porc\u00edcolas (Yucat\u00e1n)"},"content":{"rendered":"<p>Itzel Chan \/ Noticaribe<\/p>\n<p>M\u00c9RIDA, MX.- Habitantes de Sitilpech no han quitado el dedo del rengl\u00f3n y una vez m\u00e1s volvieron a manifestarse a las afueras del Poder Judicial de la Federaci\u00f3n, pero esta vez lo hicieron con excremento de cerdo dentro de un recipiente, para exigir as\u00ed que sea suspendida definitivamente la operaci\u00f3n de la granja de cerdos que se ubica en donde habitan.<\/p>\n<p>Integrantes del colectivo \u201cLa Esperanza de Sitilpech\u201d, solicitaron de esta manera al magistrado Jorge Enrique Eden Wynter que d\u00e9 seguimiento al amparo que se ha presentado en contra de la megagranja que est\u00e1 ubicada muy cerca de sus hogares y que adem\u00e1s, se ha comprobado que contamina el agua y el suelo.<\/p>\n<p>Los habitantes de este pueblo establecido en Izamal, exigen que se cancele por completo el permiso de la granja que operar\u00eda con la producci\u00f3n de m\u00e1s de 48 mil cerdos.<\/p>\n<p>El amparo que ha sido interpuesto por habitantes de la comunidad se encuentra bajo el Tribunal Colegiado en materia de lo Penal, pero la empresa responsable de la megagranja busca justamente que el amparo sea desechado.<\/p>\n<p>La resoluci\u00f3n se dar\u00e1 a conocer pronto, pero mientras tanto, los habitantes salieron a manifestarse y en esta ocasi\u00f3n, adem\u00e1s de las pancartas llevaron un recipiente lleno de esti\u00e9rcol de cerdo, con la finalidad de mostrar su rechazo hacia este proyecto porc\u00edcola.<\/p>\n<p>A la vez, esta expresi\u00f3n igualmente la hicieron con el fin de mostrar que as\u00ed huele su pueblo con este tipo de empresas que s\u00f3lo contaminan, de acuerdo con los manifestantes. (Noticaribe)<\/p>\n<p><a href=\"https:\/\/noticaribe.com.mx\/2022\/12\/08\/con-excremento-frente-al-poder-judicial-de-la-federacion-yucatecos-piden-suspension-definitiva-de-las-granjas-porcicolas\/\" rel=\"noopener\" target=\"_blank\">https:\/\/noticaribe.com.mx\/2022\/12\/08\/con-excremento-frente-al-poder-judicial-de-la-federacion-yucatecos-piden-suspension-definitiva-de-las-granjas-porcicolas\/<\/a><\/p>\n","protected":false},"excerpt":{"rendered":"<p>Itzel Chan \/ Noticaribe M\u00c9RIDA, MX.- Habitantes de Sitilpech no han quitado el dedo del rengl\u00f3n y una vez m\u00e1s volvieron a manifestarse a las afueras del Poder Judicial de &hellip; <a href=\"https:\/\/www.grieta.org.mx\/index.php\/2022\/12\/08\/con-excremento-frente-al-poder-judicial-de-la-federacion-yucatecos-piden-suspension-definitiva-de-las-granjas-porcicolas-yucatan\/\" class=\"more-link\">Leer m\u00e1s<\/a><\/p>\n","protected":false},"author":2,"featured_media":65921,"comment_status":"closed","ping_status":"closed","sticky":false,"template":"","format":"standard","meta":{"ngg_post_thumbnail":0,"_jetpack_newsletter_access":"","_jetpack_dont_email_post_to_subs":false,"_jetpack_newsletter_tier_id":0,"_jetpack_memberships_contains_paywalled_content":false,"_jetpack_memberships_contains_paid_content":false,"footnotes":""},"categories":[42,80,2943,1020,1023,3,922,952,2,36],"tags":[281,3820,91,3028,1689,1022,3785,4093],"class_list":["post-65920","post","type-post","status-publish","format-standard","has-post-thumbnail","hentry","category-agroindustria","category-cintillo","category-destruccion-y-contaminacion-ambiental-en-yucatan","category-granja-porcicola","category-lucha-contra-granja-porcicola","category-megaproyectos","category-megaproyectos-estados","category-mp-yucatan","category-noticias-nacionales","category-yucatan","tag-agroindustria","tag-amparos","tag-contaminacion-ambiental","tag-contaminacion-de-mantos-acuiferos","tag-danos-ambientales","tag-granja-porcicola","tag-megagranja","tag-sitilpech","entry"],"jetpack_featured_media_url":"https:\/\/www.grieta.org.mx\/wp-content\/uploads\/2022\/12\/Sitilpech10-e1671047518116.jpg","jetpack_sharing_enabled":true,"jetpack_shortlink":"https:\/\/wp.me\/p7ZJR4-h9e","jetpack_likes_enabled":false,"jetpack-related-posts":[{"id":64282,"url":"https:\/\/www.grieta.org.mx\/index.php\/2022\/05\/17\/habitantes-de-sitilpech-exigen-cerrar-granjas-porcicolas-en-yucatan-afuera-del-poder-judicial\/","url_meta":{"origin":65920,"position":0},"title":"Habitantes de Sitilpech exigen cerrar granjas porc\u00edcolas en Yucat\u00e1n afuera del Poder Judicial","author":"grieta","date":"17 mayo, 2022","format":false,"excerpt":"Ruben Dar\u00edo Hau \/ Por Esto! Habitantes de Sitilpech, comisar\u00eda de Izamal, se manifiestan frente a la sede del Poder Judicial de la Federal, en M\u00e9rida, para insistir en que el Juez Primero de Distrito conceda la suspensi\u00f3n definitiva de la granja porc\u00edcola, Kancabch\u00e9n II, aparcera de Kek\u00e9n. El pasado\u2026","rel":"","context":"En &quot;16. Pueblo Maya&quot;","block_context":{"text":"16. Pueblo Maya","link":"https:\/\/www.grieta.org.mx\/index.php\/category\/espejos-de-la-resistencia\/16-pueblo-maya\/"},"img":{"alt_text":"","src":"https:\/\/i0.wp.com\/www.grieta.org.mx\/wp-content\/uploads\/2022\/05\/Sitilpech-e1653577169242.png?resize=350%2C200&ssl=1","width":350,"height":200,"srcset":"https:\/\/i0.wp.com\/www.grieta.org.mx\/wp-content\/uploads\/2022\/05\/Sitilpech-e1653577169242.png?resize=350%2C200&ssl=1 1x, https:\/\/i0.wp.com\/www.grieta.org.mx\/wp-content\/uploads\/2022\/05\/Sitilpech-e1653577169242.png?resize=525%2C300&ssl=1 1.5x, https:\/\/i0.wp.com\/www.grieta.org.mx\/wp-content\/uploads\/2022\/05\/Sitilpech-e1653577169242.png?resize=700%2C400&ssl=1 2x"},"classes":[]},{"id":66379,"url":"https:\/\/www.grieta.org.mx\/index.php\/2023\/03\/03\/yucatan-antimotines-para-custodiar-alimento-para-cerdos-de-keken-pueblo-maya-de-sitilpech-denuncia-nuevamente-represion-policiaca-por-protesta-contra-mega-granjas-porcicolas\/","url_meta":{"origin":65920,"position":1},"title":"Yucat\u00e1n | Antimotines para custodiar alimento para cerdos de Kek\u00e9n: Pueblo maya de Sitilpech denuncia nuevamente represi\u00f3n policiaca por protesta contra mega granjas porc\u00edcolas","author":"grieta","date":"3 marzo, 2023","format":false,"excerpt":"Noticaribe M\u00c9RIDA, MX.- Una vez m\u00e1s, las y los habitantes de Sitilpech denuncian y exhiben represi\u00f3n policiaca ante el bloqueo que mantienen en una de las granjas porc\u00edcolas en sus tierras. Las personas que mantienen un bloqueo a las afueras de la granja denunciaron que elementos de la Secretar\u00eda de\u2026","rel":"","context":"En &quot;Agroindustria&quot;","block_context":{"text":"Agroindustria","link":"https:\/\/www.grieta.org.mx\/index.php\/category\/megaproyectos\/agroindustria\/"},"img":{"alt_text":"","src":"https:\/\/i0.wp.com\/www.grieta.org.mx\/wp-content\/uploads\/2023\/03\/Antimotines-e1677881381914.jpg?resize=350%2C200&ssl=1","width":350,"height":200,"srcset":"https:\/\/i0.wp.com\/www.grieta.org.mx\/wp-content\/uploads\/2023\/03\/Antimotines-e1677881381914.jpg?resize=350%2C200&ssl=1 1x, https:\/\/i0.wp.com\/www.grieta.org.mx\/wp-content\/uploads\/2023\/03\/Antimotines-e1677881381914.jpg?resize=525%2C300&ssl=1 1.5x, https:\/\/i0.wp.com\/www.grieta.org.mx\/wp-content\/uploads\/2023\/03\/Antimotines-e1677881381914.jpg?resize=700%2C400&ssl=1 2x"},"classes":[]},{"id":66274,"url":"https:\/\/www.grieta.org.mx\/index.php\/2023\/02\/18\/crece-tension-en-sitilpech-por-fuerte-presencia-policiaca-yucatan\/","url_meta":{"origin":65920,"position":2},"title":"Crece tensi\u00f3n en Sitilpech por fuerte presencia policiaca  (Yucat\u00e1n)","author":"grieta","date":"18 febrero, 2023","format":false,"excerpt":"Haz Ruido La Esperanza de Sitilpech denunci\u00f3 que los polic\u00edas que escoltaron a un cami\u00f3n de cerdos agredieron a los manifestantes esta madrugada Izamal, Yucat\u00e1n, 18 de febrero de 2023.- Pobladoras y pobladores mayas que integran La Esperanza de Sitilpech denunciaron que esta madrugada llegaron decenas de polic\u00edas municipales y\u2026","rel":"","context":"En &quot;Agroindustria&quot;","block_context":{"text":"Agroindustria","link":"https:\/\/www.grieta.org.mx\/index.php\/category\/megaproyectos\/agroindustria\/"},"img":{"alt_text":"","src":"https:\/\/i0.wp.com\/www.grieta.org.mx\/wp-content\/uploads\/2023\/02\/SitilpechBloq-e1676766338980.jpg?resize=350%2C200&ssl=1","width":350,"height":200,"srcset":"https:\/\/i0.wp.com\/www.grieta.org.mx\/wp-content\/uploads\/2023\/02\/SitilpechBloq-e1676766338980.jpg?resize=350%2C200&ssl=1 1x, https:\/\/i0.wp.com\/www.grieta.org.mx\/wp-content\/uploads\/2023\/02\/SitilpechBloq-e1676766338980.jpg?resize=525%2C300&ssl=1 1.5x, https:\/\/i0.wp.com\/www.grieta.org.mx\/wp-content\/uploads\/2023\/02\/SitilpechBloq-e1676766338980.jpg?resize=700%2C400&ssl=1 2x"},"classes":[]},{"id":66524,"url":"https:\/\/www.grieta.org.mx\/index.php\/2023\/03\/16\/con-mascaras-de-cochinos-sitilpech-protesto-en-aeropuerto-de-cancun\/","url_meta":{"origin":65920,"position":3},"title":"Con m\u00e1scaras de cochinos, Sitilpech protest\u00f3 en aeropuerto de Canc\u00fan","author":"grieta","date":"16 marzo, 2023","format":false,"excerpt":"Haz Ruido Se intensifican las manifestaciones en contra de la empresa Kek\u00e9n y sus f\u00e1bricas de cerdos que contaminan en la Pen\u00ednsula de Yucat\u00e1n. Canc\u00fan, Quintana Roo, 16 de marzo de 2023.- Pobladores y familiares de Sitilpech que ahora residen en Quintana Roo protestaron en el Aeropuerto Internacional de Canc\u00fan\u2026","rel":"","context":"En &quot;Agresiones y amenazas a defensor@s de derechos humanos y activistas en Yucat\u00e1n&quot;","block_context":{"text":"Agresiones y amenazas a defensor@s de derechos humanos y activistas en Yucat\u00e1n","link":"https:\/\/www.grieta.org.mx\/index.php\/category\/noticias-nacionales\/yucatan\/ataques-a-defensors-de-derechos-humanos-en-yucatan\/"},"img":{"alt_text":"","src":"https:\/\/i0.wp.com\/www.grieta.org.mx\/wp-content\/uploads\/2023\/03\/SitilpechCancun-e1679026683778.jpg?resize=350%2C200&ssl=1","width":350,"height":200,"srcset":"https:\/\/i0.wp.com\/www.grieta.org.mx\/wp-content\/uploads\/2023\/03\/SitilpechCancun-e1679026683778.jpg?resize=350%2C200&ssl=1 1x, https:\/\/i0.wp.com\/www.grieta.org.mx\/wp-content\/uploads\/2023\/03\/SitilpechCancun-e1679026683778.jpg?resize=525%2C300&ssl=1 1.5x, https:\/\/i0.wp.com\/www.grieta.org.mx\/wp-content\/uploads\/2023\/03\/SitilpechCancun-e1679026683778.jpg?resize=700%2C400&ssl=1 2x"},"classes":[]},{"id":65501,"url":"https:\/\/www.grieta.org.mx\/index.php\/2022\/10\/13\/pueblo-de-sitilpech-logra-que-megagranja-de-cerdos-siga-suspendida-yucatan\/","url_meta":{"origin":65920,"position":4},"title":"Pueblo de Sitilpech logra que megagranja de cerdos siga suspendida  (Yucat\u00e1n)","author":"grieta","date":"13 octubre, 2022","format":false,"excerpt":"Herbeth Escalante \/ Haz Ruido El juez determin\u00f3 que se mantenga la medida cautelar, por lo que permanecer\u00e1n clausurados los pozos de carga y suspendidos los permisos de descarga de aguas de dicha f\u00e1brica de cochinos. M\u00e9rida, Yucat\u00e1n, 13 de octubre de 2022.- El Juzgado Primero de Distrito con sede\u2026","rel":"","context":"En &quot;Agroindustria&quot;","block_context":{"text":"Agroindustria","link":"https:\/\/www.grieta.org.mx\/index.php\/category\/megaproyectos\/agroindustria\/"},"img":{"alt_text":"","src":"https:\/\/i0.wp.com\/www.grieta.org.mx\/wp-content\/uploads\/2022\/10\/Sitilpech-e1665862831834.jpg?resize=350%2C200&ssl=1","width":350,"height":200,"srcset":"https:\/\/i0.wp.com\/www.grieta.org.mx\/wp-content\/uploads\/2022\/10\/Sitilpech-e1665862831834.jpg?resize=350%2C200&ssl=1 1x, https:\/\/i0.wp.com\/www.grieta.org.mx\/wp-content\/uploads\/2022\/10\/Sitilpech-e1665862831834.jpg?resize=525%2C300&ssl=1 1.5x, https:\/\/i0.wp.com\/www.grieta.org.mx\/wp-content\/uploads\/2022\/10\/Sitilpech-e1665862831834.jpg?resize=700%2C400&ssl=1 2x"},"classes":[]},{"id":61180,"url":"https:\/\/www.grieta.org.mx\/index.php\/2021\/08\/11\/acusan-que-granjas-porcicolas-quieren-revertir-las-demandas-de-amparo-en-yucatan\/","url_meta":{"origin":65920,"position":5},"title":"Acusan que granjas porc\u00edcolas quieren revertir las demandas de amparo en Yucat\u00e1n","author":"grieta","date":"11 agosto, 2021","format":false,"excerpt":"Itzel Chan \/ Noticaribe M\u00c9RIDA, MX.- Habitantes de los pueblos mayas de Sitilpech y Chapab denunciaron que se encuentran amenazados por las \u2018movidas\u2019 de las mega granjas porc\u00edcolas y por las autoridades judiciales, pues a pesar de que el pasado 6 de julio interpusieron una demanda de amparo, las personas\u2026","rel":"","context":"En &quot;Agroindustria&quot;","block_context":{"text":"Agroindustria","link":"https:\/\/www.grieta.org.mx\/index.php\/category\/megaproyectos\/agroindustria\/"},"img":{"alt_text":"","src":"https:\/\/i0.wp.com\/www.grieta.org.mx\/wp-content\/uploads\/2021\/08\/RevertirAmparos.png?resize=350%2C200&ssl=1","width":350,"height":200,"srcset":"https:\/\/i0.wp.com\/www.grieta.org.mx\/wp-content\/uploads\/2021\/08\/RevertirAmparos.png?resize=350%2C200&ssl=1 1x, https:\/\/i0.wp.com\/www.grieta.org.mx\/wp-content\/uploads\/2021\/08\/RevertirAmparos.png?resize=525%2C300&ssl=1 1.5x, https:\/\/i0.wp.com\/www.grieta.org.mx\/wp-content\/uploads\/2021\/08\/RevertirAmparos.png?resize=700%2C400&ssl=1 2x"},"classes":[]}],"_links":{"self":[{"href":"https:\/\/www.grieta.org.mx\/index.php\/wp-json\/wp\/v2\/posts\/65920","targetHints":{"allow":["GET"]}}],"collection":[{"href":"https:\/\/www.grieta.org.mx\/index.php\/wp-json\/wp\/v2\/posts"}],"about":[{"href":"https:\/\/www.grieta.org.mx\/index.php\/wp-json\/wp\/v2\/types\/post"}],"author":[{"embeddable":true,"href":"https:\/\/www.grieta.org.mx\/index.php\/wp-json\/wp\/v2\/users\/2"}],"replies":[{"embeddable":true,"href":"https:\/\/www.grieta.org.mx\/index.php\/wp-json\/wp\/v2\/comments?post=65920"}],"version-history":[{"count":1,"href":"https:\/\/www.grieta.org.mx\/index.php\/wp-json\/wp\/v2\/posts\/65920\/revisions"}],"predecessor-version":[{"id":65922,"href":"https:\/\/www.grieta.org.mx\/index.php\/wp-json\/wp\/v2\/posts\/65920\/revisions\/65922"}],"wp:featuredmedia":[{"embeddable":true,"href":"https:\/\/www.grieta.org.mx\/index.php\/wp-json\/wp\/v2\/media\/65921"}],"wp:attachment":[{"href":"https:\/\/www.grieta.org.mx\/index.php\/wp-json\/wp\/v2\/media?parent=65920"}],"wp:term":[{"taxonomy":"category","embeddable":true,"href":"https:\/\/www.grieta.org.mx\/index.php\/wp-json\/wp\/v2\/categories?post=65920"},{"taxonomy":"post_tag","embeddable":true,"href":"https:\/\/www.grieta.org.mx\/index.php\/wp-json\/wp\/v2\/tags?post=65920"}],"curies":[{"name":"wp","href":"https:\/\/api.w.org\/{rel}","templated":true}]}}