{"id":65914,"date":"2022-11-22T07:37:56","date_gmt":"2022-11-22T13:37:56","guid":{"rendered":"https:\/\/www.grieta.org.mx\/?p=65914"},"modified":"2022-12-14T09:51:41","modified_gmt":"2022-12-14T15:51:41","slug":"ejidatarios-de-tihosuco-amenazan-con-bloqueo-carretero-quintana-roo","status":"publish","type":"post","link":"https:\/\/www.grieta.org.mx\/index.php\/2022\/11\/22\/ejidatarios-de-tihosuco-amenazan-con-bloqueo-carretero-quintana-roo\/","title":{"rendered":"Ejidatarios de Tihosuco amenazan con bloqueo carretero (Quintana Roo)"},"content":{"rendered":"<p>Jes\u00fas Caamal \/ Sipse<\/p>\n<p>El Ejido de Tihosuco amenaz\u00f3 con bloquear hoy la carretera federal 295 Carrillo-Valladolid por la falta de indemnizaci\u00f3n de sus tierras por la SCT, pese a que existe una sentencia a su favor.<\/p>\n<p>Manuel Poot Moo, presidente del comisariado ejidal de Tihosuco, a\u00f1adi\u00f3 que este martes estar\u00e1n bloqueando desde las siete de la ma\u00f1ana la ruta por la falta de acuerdos en sus pagos, adem\u00e1s, porque los quieren machetear en los costos, pues con los primeros aval\u00faos que les han hecho les quieren pagar cerca de 20 pesos el metro cuadrado.<\/p>\n<p>\u201cSon m\u00e1s de 146 hect\u00e1reas ubicadas en las orillas de la v\u00eda federal y ocho m\u00e1s en v\u00edas estatales, cuya indemnizaci\u00f3n se viene arrastrando desde hace m\u00e1s de 40 a\u00f1os, hemos ganado la sentencia en contra de la Secretar\u00eda de Comunicaciones y Transporte (SCT), pero no se nos ha pagado y no es un precio justo\u201d.<\/p>\n<p>Agreg\u00f3 que una comitiva se ir\u00e1 a la capital del Estado, Chetumal, frente a la SCT, para exigir justicia, mientras que el n\u00facleo ejidal realizar\u00e1 el bloqueo carretero en la 295, Carrillo\u2013Valladolid, justamente en la entrada a Tihosuco y Tepich, hasta que les den una respuesta a su demanda. <\/p>\n<p>Destac\u00f3 que la acci\u00f3n ser\u00e1 permanente y por tiempo indefinido, hasta que las autoridades les hagan caso y aperture una mesa de negociaci\u00f3n, pues es necesario que se les escuche y no exista tergiversaci\u00f3n en tema, no es algo que naci\u00f3 recientemente, sino desde hace muchos a\u00f1os atr\u00e1s.<\/p>\n<p>\u201cLos compa\u00f1eros lo decidieron, no podemos seguir con esto permitiendo a que nos enga\u00f1en y nos quieran machetear, queremos que el presidente de la naci\u00f3n, Andr\u00e9s Manuel L\u00f3pez Obrador nos escuche y sepa lo que est\u00e1 pasando en nuestro pueblo que es lo importante para nosotros\u201d.<\/p>\n<p>Asegur\u00f3 que es una lucha que no dejar\u00e1n pasar, si se logra la indemnizaci\u00f3n, se beneficiar\u00e1n directamente a un total de 807 ejidatarios que comprenden el padr\u00f3n del n\u00facleo ejidal, aunque est\u00e1n conscientes de las problem\u00e1ticas que causar\u00e1n a terceros, no les queda de otra, porque no les hacen caso.<\/p>\n<p><a href=\"https:\/\/sipse.com\/novedades\/ejidatarios-de-tihosuco-amenazan-con-bloqueo-carretero-437237.html\" rel=\"noopener\" target=\"_blank\">https:\/\/sipse.com\/novedades\/ejidatarios-de-tihosuco-amenazan-con-bloqueo-carretero-437237.html<\/a><\/p>\n","protected":false},"excerpt":{"rendered":"<p>Jes\u00fas Caamal \/ Sipse El Ejido de Tihosuco amenaz\u00f3 con bloquear hoy la carretera federal 295 Carrillo-Valladolid por la falta de indemnizaci\u00f3n de sus tierras por la SCT, pese a &hellip; <a href=\"https:\/\/www.grieta.org.mx\/index.php\/2022\/11\/22\/ejidatarios-de-tihosuco-amenazan-con-bloqueo-carretero-quintana-roo\/\" class=\"more-link\">Leer m\u00e1s<\/a><\/p>\n","protected":false},"author":2,"featured_media":65915,"comment_status":"closed","ping_status":"closed","sticky":false,"template":"","format":"standard","meta":{"ngg_post_thumbnail":0,"_jetpack_newsletter_access":"","_jetpack_dont_email_post_to_subs":false,"_jetpack_newsletter_tier_id":0,"_jetpack_memberships_contains_paywalled_content":false,"_jetpack_memberships_contains_paid_content":false,"footnotes":""},"categories":[80,2949,2,3722,28],"tags":[3467,2311],"class_list":["post-65914","post","type-post","status-publish","format-standard","has-post-thumbnail","hentry","category-cintillo","category-despojo-de-tierras-en-quintana-roo","category-noticias-nacionales","category-protestas-por-incumplimiento-de-las-autoridades-en-quintana-roo","category-quintana-roo","tag-bloqueos-carreteros","tag-despojo-de-tierras","entry"],"jetpack_featured_media_url":"https:\/\/www.grieta.org.mx\/wp-content\/uploads\/2022\/12\/Tihosuco-e1671032944211.jpg","jetpack_sharing_enabled":true,"jetpack_shortlink":"https:\/\/wp.me\/p7ZJR4-h98","jetpack_likes_enabled":false,"jetpack-related-posts":[{"id":70487,"url":"https:\/\/www.grieta.org.mx\/index.php\/2024\/11\/12\/ejidatarios-de-tihosuco-bloquean-carretera-para-exigir-pago-de-tierras-quintana-roo\/","url_meta":{"origin":65914,"position":0},"title":"Ejidatarios de Tihosuco bloquean carretera para exigir pago de tierras (Quintana Roo)","author":"grieta","date":"12 noviembre, 2024","format":false,"excerpt":"Noticaribe FELIPE CARRILLO PUERTO, MX.- Ayer lunes, los ejidatarios de Tihosuco cerraron por completo los dos accesos a la comunidad en protesta, exigiendo el pago de la segunda parte de la indemnizaci\u00f3n por m\u00e1s de 100 hect\u00e1reas de tierras. El bloqueo se llev\u00f3 a cabo en la carretera Felipe Carrillo\u2026","rel":"","context":"En &quot;CINTILLO&quot;","block_context":{"text":"CINTILLO","link":"https:\/\/www.grieta.org.mx\/index.php\/category\/cintillo\/"},"img":{"alt_text":"","src":"https:\/\/i0.wp.com\/www.grieta.org.mx\/wp-content\/uploads\/2024\/11\/Tihosuco-e1732159583290.jpg?resize=350%2C200&ssl=1","width":350,"height":200,"srcset":"https:\/\/i0.wp.com\/www.grieta.org.mx\/wp-content\/uploads\/2024\/11\/Tihosuco-e1732159583290.jpg?resize=350%2C200&ssl=1 1x, https:\/\/i0.wp.com\/www.grieta.org.mx\/wp-content\/uploads\/2024\/11\/Tihosuco-e1732159583290.jpg?resize=525%2C300&ssl=1 1.5x, https:\/\/i0.wp.com\/www.grieta.org.mx\/wp-content\/uploads\/2024\/11\/Tihosuco-e1732159583290.jpg?resize=700%2C400&ssl=1 2x"},"classes":[]},{"id":64437,"url":"https:\/\/www.grieta.org.mx\/index.php\/2022\/06\/21\/ejidatarios-de-tihosuco-ganan-por-fin-litigio-con-la-sct-cobrarian-unos-100-mdp-quintana-roo\/","url_meta":{"origin":65914,"position":1},"title":"Ejidatarios de Tihosuco ganan, por fin, litigio con la SCT; cobrar\u00edan unos 100 mdp (Quintana Roo)","author":"grieta","date":"21 junio, 2022","format":false,"excerpt":"Noticaribe FELIPE CARRILLO PUERTO, MX.- El Presidente del Comisariado Ejidal de la comunidad de Tihosuco, Alfredo Tun Bat\u00fan, inform\u00f3 que el Tribunal Unitario Agrario n\u00famero 044 de Chetumal emiti\u00f3 sentencia favorable, luego de varios a\u00f1os, respecto al litigio agrario n\u00famero TUA\/044\/400\/2014, que obliga a la Secretar\u00eda de Comunicaciones y Transportes\u2026","rel":"","context":"En &quot;CINTILLO&quot;","block_context":{"text":"CINTILLO","link":"https:\/\/www.grieta.org.mx\/index.php\/category\/cintillo\/"},"img":{"alt_text":"","src":"https:\/\/i0.wp.com\/www.grieta.org.mx\/wp-content\/uploads\/2022\/06\/Tihosuco.png?resize=350%2C200&ssl=1","width":350,"height":200,"srcset":"https:\/\/i0.wp.com\/www.grieta.org.mx\/wp-content\/uploads\/2022\/06\/Tihosuco.png?resize=350%2C200&ssl=1 1x, https:\/\/i0.wp.com\/www.grieta.org.mx\/wp-content\/uploads\/2022\/06\/Tihosuco.png?resize=525%2C300&ssl=1 1.5x, https:\/\/i0.wp.com\/www.grieta.org.mx\/wp-content\/uploads\/2022\/06\/Tihosuco.png?resize=700%2C400&ssl=1 2x"},"classes":[]},{"id":66068,"url":"https:\/\/www.grieta.org.mx\/index.php\/2023\/01\/13\/nuevamente-amanece-bloqueada-la-carretera-a-merida-via-corta-incumplimiento-de-la-sict-obliga-a-ejidatarios-de-tihosuco-a-protestar-e-instalar-caseta-de-peaje-con-cobro-de-50-pesos-por-automovil-qu\/","url_meta":{"origin":65914,"position":2},"title":"Nuevamente amanece bloqueada la carretera a M\u00e9rida v\u00eda corta: Incumplimiento de la SICT obliga a ejidatarios de Tihosuco a protestar e instalar caseta de peaje con cobro de 50 pesos por autom\u00f3vil  (Quintana Roo)","author":"grieta","date":"13 enero, 2023","format":false,"excerpt":"Rafael Brice\u00f1o \/ Noticaribe FELIPE CARRILLO PUERTO, MX. \u2013 Ante el incumplimiento de los compromisos adquiridos en noviembre por parte de la Secretar\u00eda de Infraestructura, Comunicaciones y Transportes (SICT), ejidatarios de Tihosuco bloquearon la carretera hacia M\u00e9rida para reiterar su exigencia de pago por la expropiaci\u00f3n de tierras para la\u2026","rel":"","context":"En &quot;CINTILLO&quot;","block_context":{"text":"CINTILLO","link":"https:\/\/www.grieta.org.mx\/index.php\/category\/cintillo\/"},"img":{"alt_text":"","src":"https:\/\/i0.wp.com\/www.grieta.org.mx\/wp-content\/uploads\/2023\/01\/TihosucoCarretera-e1673732324270.jpg?resize=350%2C200&ssl=1","width":350,"height":200,"srcset":"https:\/\/i0.wp.com\/www.grieta.org.mx\/wp-content\/uploads\/2023\/01\/TihosucoCarretera-e1673732324270.jpg?resize=350%2C200&ssl=1 1x, https:\/\/i0.wp.com\/www.grieta.org.mx\/wp-content\/uploads\/2023\/01\/TihosucoCarretera-e1673732324270.jpg?resize=525%2C300&ssl=1 1.5x, https:\/\/i0.wp.com\/www.grieta.org.mx\/wp-content\/uploads\/2023\/01\/TihosucoCarretera-e1673732324270.jpg?resize=700%2C400&ssl=1 2x"},"classes":[]},{"id":66040,"url":"https:\/\/www.grieta.org.mx\/index.php\/2023\/01\/13\/agentes-de-la-guardia-nacional-amenazan-con-detener-a-maestro-por-hablar-en-maya-en-tihosuco-quintana-roo\/","url_meta":{"origin":65914,"position":3},"title":"Agentes de la Guardia Nacional amenazan con detener a maestro por hablar en maya, en Tihosuco (Quintana Roo)","author":"grieta","date":"13 enero, 2023","format":false,"excerpt":"Noticaribe FELIPE CARRILLO PUERTO, MX.- Agentes de la Guardia Nacional y de la Fiscal\u00eda General del Estado amenazaron con detener a un habitante de Tihosuco, por hablarles en maya, en un puesto de revisi\u00f3n instalado afuera de esta alcald\u00eda. El ciudadano, docente de profesi\u00f3n, fue detenido para una revisi\u00f3n en\u2026","rel":"","context":"En &quot;Abuso policiaco en Quintana Roo&quot;","block_context":{"text":"Abuso policiaco en Quintana Roo","link":"https:\/\/www.grieta.org.mx\/index.php\/category\/noticias-nacionales\/quintana-roo\/abuso-policiaco-en-quintana-roo\/"},"img":{"alt_text":"","src":"https:\/\/i0.wp.com\/www.grieta.org.mx\/wp-content\/uploads\/2023\/01\/Militarizacion-e1673730228612.jpg?resize=350%2C200&ssl=1","width":350,"height":200,"srcset":"https:\/\/i0.wp.com\/www.grieta.org.mx\/wp-content\/uploads\/2023\/01\/Militarizacion-e1673730228612.jpg?resize=350%2C200&ssl=1 1x, https:\/\/i0.wp.com\/www.grieta.org.mx\/wp-content\/uploads\/2023\/01\/Militarizacion-e1673730228612.jpg?resize=525%2C300&ssl=1 1.5x, https:\/\/i0.wp.com\/www.grieta.org.mx\/wp-content\/uploads\/2023\/01\/Militarizacion-e1673730228612.jpg?resize=700%2C400&ssl=1 2x"},"classes":[]},{"id":70491,"url":"https:\/\/www.grieta.org.mx\/index.php\/2024\/11\/15\/estudiantes-de-la-universidad-para-el-bienestar-benito-juarez-garcia-en-tihosuco-se-manifiestan-para-exigir-soluciones-a-inconformidades-quintana-roo\/","url_meta":{"origin":65914,"position":4},"title":"Estudiantes de la Universidad para el Bienestar Benito Ju\u00e1rez Garc\u00eda en Tihosuco se Manifiestan para Exigir Soluciones a Inconformidades (Quintana Roo)","author":"grieta","date":"15 noviembre, 2024","format":false,"excerpt":"El Punto Sobre la i FCP.-Desde el lunes 11 de noviembre hasta hoy viernes 15 de noviembre de 2024, estudiantes de la Universidad para el Bienestar Benito Ju\u00e1rez Garc\u00eda (UBBJ), sede Tihosuco, en el municipio de Felipe Carrillo Puerto, han estado realizando manifestaciones para expresar su descontento y exigir soluciones\u2026","rel":"","context":"En &quot;CINTILLO&quot;","block_context":{"text":"CINTILLO","link":"https:\/\/www.grieta.org.mx\/index.php\/category\/cintillo\/"},"img":{"alt_text":"","src":"https:\/\/i0.wp.com\/www.grieta.org.mx\/wp-content\/uploads\/2024\/11\/UniversidadTihosuco-e1732160861704.jpg?resize=350%2C200&ssl=1","width":350,"height":200,"srcset":"https:\/\/i0.wp.com\/www.grieta.org.mx\/wp-content\/uploads\/2024\/11\/UniversidadTihosuco-e1732160861704.jpg?resize=350%2C200&ssl=1 1x, https:\/\/i0.wp.com\/www.grieta.org.mx\/wp-content\/uploads\/2024\/11\/UniversidadTihosuco-e1732160861704.jpg?resize=525%2C300&ssl=1 1.5x, https:\/\/i0.wp.com\/www.grieta.org.mx\/wp-content\/uploads\/2024\/11\/UniversidadTihosuco-e1732160861704.jpg?resize=700%2C400&ssl=1 2x"},"classes":[]},{"id":68153,"url":"https:\/\/www.grieta.org.mx\/index.php\/2023\/11\/06\/bloquean-ejidatarios-de-felipe-carrillo-puerto-carretera-a-merida-en-reclamo-de-indemnizacion-por-tierras-expropiadas-quintana-roo\/","url_meta":{"origin":65914,"position":5},"title":"Bloquean ejidatarios de Felipe Carrillo Puerto carretera a M\u00e9rida en reclamo de indemnizaci\u00f3n por tierras expropiadas (Quintana Roo)","author":"grieta","date":"6 noviembre, 2023","format":false,"excerpt":"Noticaribe FELIPE CARRILLO PUERTO, MX.- Alrededor de 100 ejidatarios de la comunidad de \u201cNuevo Israel\u201d, situada en la v\u00eda corta a M\u00e9rida, iniciaron esta ma\u00f1ana un bloqueo en esta carretera, en demanda de un pago justo de sus propiedades que fueron expropiadas para construcci\u00f3n de dicha vialidad. Fue a eso\u2026","rel":"","context":"En &quot;CINTILLO&quot;","block_context":{"text":"CINTILLO","link":"https:\/\/www.grieta.org.mx\/index.php\/category\/cintillo\/"},"img":{"alt_text":"","src":"https:\/\/i0.wp.com\/www.grieta.org.mx\/wp-content\/uploads\/2023\/11\/BloqueoEjidatarios-e1700525957879.jpg?resize=350%2C200&ssl=1","width":350,"height":200,"srcset":"https:\/\/i0.wp.com\/www.grieta.org.mx\/wp-content\/uploads\/2023\/11\/BloqueoEjidatarios-e1700525957879.jpg?resize=350%2C200&ssl=1 1x, https:\/\/i0.wp.com\/www.grieta.org.mx\/wp-content\/uploads\/2023\/11\/BloqueoEjidatarios-e1700525957879.jpg?resize=525%2C300&ssl=1 1.5x, https:\/\/i0.wp.com\/www.grieta.org.mx\/wp-content\/uploads\/2023\/11\/BloqueoEjidatarios-e1700525957879.jpg?resize=700%2C400&ssl=1 2x"},"classes":[]}],"_links":{"self":[{"href":"https:\/\/www.grieta.org.mx\/index.php\/wp-json\/wp\/v2\/posts\/65914","targetHints":{"allow":["GET"]}}],"collection":[{"href":"https:\/\/www.grieta.org.mx\/index.php\/wp-json\/wp\/v2\/posts"}],"about":[{"href":"https:\/\/www.grieta.org.mx\/index.php\/wp-json\/wp\/v2\/types\/post"}],"author":[{"embeddable":true,"href":"https:\/\/www.grieta.org.mx\/index.php\/wp-json\/wp\/v2\/users\/2"}],"replies":[{"embeddable":true,"href":"https:\/\/www.grieta.org.mx\/index.php\/wp-json\/wp\/v2\/comments?post=65914"}],"version-history":[{"count":1,"href":"https:\/\/www.grieta.org.mx\/index.php\/wp-json\/wp\/v2\/posts\/65914\/revisions"}],"predecessor-version":[{"id":65916,"href":"https:\/\/www.grieta.org.mx\/index.php\/wp-json\/wp\/v2\/posts\/65914\/revisions\/65916"}],"wp:featuredmedia":[{"embeddable":true,"href":"https:\/\/www.grieta.org.mx\/index.php\/wp-json\/wp\/v2\/media\/65915"}],"wp:attachment":[{"href":"https:\/\/www.grieta.org.mx\/index.php\/wp-json\/wp\/v2\/media?parent=65914"}],"wp:term":[{"taxonomy":"category","embeddable":true,"href":"https:\/\/www.grieta.org.mx\/index.php\/wp-json\/wp\/v2\/categories?post=65914"},{"taxonomy":"post_tag","embeddable":true,"href":"https:\/\/www.grieta.org.mx\/index.php\/wp-json\/wp\/v2\/tags?post=65914"}],"curies":[{"name":"wp","href":"https:\/\/api.w.org\/{rel}","templated":true}]}}