{"id":65900,"date":"2022-12-10T17:55:40","date_gmt":"2022-12-10T23:55:40","guid":{"rendered":"https:\/\/www.grieta.org.mx\/?p=65900"},"modified":"2022-12-10T17:55:40","modified_gmt":"2022-12-10T23:55:40","slug":"uady-rechaza-nuevo-protocolo-para-atender-violencias-elaborado-por-estudiantes-yucatan","status":"publish","type":"post","link":"https:\/\/www.grieta.org.mx\/index.php\/2022\/12\/10\/uady-rechaza-nuevo-protocolo-para-atender-violencias-elaborado-por-estudiantes-yucatan\/","title":{"rendered":"UADY rechaza nuevo Protocolo para atender violencias elaborado por estudiantes (Yucat\u00e1n)"},"content":{"rendered":"<p> Herbeth Escalante \/ Haz Ruido<\/p>\n<blockquote><p>Estudiantes y asociaciones criticaron que la universidad se demor\u00f3 seis meses en presentar su dictamen y que no realiz\u00f3 mesas de trabajo ni de di\u00e1logo, a pesar de que el Protocolo actual no funciona.<\/p><\/blockquote>\n<p>M\u00e9rida, Yucat\u00e1n, 10 de diciembre de 2022.- Estudiantes y asociaciones civiles lamentaron que la Universidad Aut\u00f3noma de Yucat\u00e1n (UADY) rechaz\u00f3 un nuevo Protocolo que elaboraron para atender de manera adecuada los casos de violencia y discriminaci\u00f3n que sufre el alumnado, y criticaron que no hubo mesas de trabajo ni de di\u00e1logo para poder llegar a acuerdos.<\/p>\n<p>En un comunicado, recordaron que la colectiva UADY Sin Acoso y las asociaciones Centro por la Justicia, Democracia e Igualdad (Cejudi) y la Unidad de Atenci\u00f3n Sicol\u00f3gica, Sexol\u00f3gica y Educativa para el Crecimiento Personal (Unasse) presentaron una nueva propuesta de Protocolo, la cual se entreg\u00f3 al XIX Consejo Universitario a trav\u00e9s de la Consejera Alumna M\u00f3nica Huerta, y bajo la firma de consejeras y consejeros estudiantiles, as\u00ed como sociedades de alumnos y alumnas que se sumaron.<\/p>\n<p>Explicaron que aunque fue entregada el 31 de mayo de 2022, fue hasta el pasado 6 de diciembre que la Comisi\u00f3n Permanente Legislativa del Consejo Universitario present\u00f3 el Dictamen Final, pese a que en el propio documento se se\u00f1ala que las observaciones estaban listas desde el d\u00eda 27 de junio. Lamentablemente, en dicha resoluci\u00f3n se plante\u00f3 que la propuesta se rechace.<\/p>\n<p>\u201cResulta preocupante que durante el casi medio a\u00f1o de espera, la Universidad no realiz\u00f3 ninguna mesa de trabajo, di\u00e1logo o acercamiento ni con las representaciones estudiantiles, las organizaciones involucradas, ni con la comunidad estudiantil, por lo que la larga espera del dictamen es injustificado\u201d, indicaron las impulsoras de la iniciativa.<\/p>\n<p>Lamentaron la demora y la resoluci\u00f3n  a pesar de que se requiere de un Protocolo que atienda de manera urgente los casos de violencias en la casa de estudios, como el de violencia sexual de la Preparatoria Dos, en donde la alumna Valeria, menor de edad, ha sido revictimizada por la universidad.<\/p>\n<p>\u201cExpresamos nuestro desconcierto ante la falta de seriedad del dictamen presentado, ya que el dictamen se limita a enlistar una serie de comentarios carentes de argumentaci\u00f3n y contraria a los derechos humanos, pretendiendo justificar el rechazo de la nueva propuesta y defendiendo el protocolo vigente, que en m\u00faltiples casos ha demostrado su ineficiencia\u201d, sostuvieron.<\/p>\n<p>El dictamen se someti\u00f3 a votaci\u00f3n de manera inmediata el pasado 9 de diciembre, solamente dos d\u00edas despu\u00e9s de su presentaci\u00f3n ante las representaciones estudiantiles que conforman el Consejo Universitario, y de manera \u201cconfusa\u201d se les pidi\u00f3 votar en el mismo punto por: El rechazo de la nueva propuesta de Protocolo, pero proponiendo la revisi\u00f3n del Protocolo vigente. Y para revisarlo, en el mismo dictamen se indica que se vota por la confirmaci\u00f3n de la vigencia del mismo.<\/p>\n<p>\u201cConsideramos importante resaltar, ante la condicional del dictamen de revisar el Protocolo vigente, que la acci\u00f3n de revisar, actualizar, modificarlo para su mejora es una obligaci\u00f3n de la Universidad, la cual no depende de la aprobaci\u00f3n o no del dictamen, sino m\u00e1s bien depende de la voluntad de la instituci\u00f3n para el cumplimiento de su obligaci\u00f3n de garantizar espacios educativos libre de violencias\u201d, enfatizaron.<\/p>\n<p>De igual manera, sostuvieron que el hecho de que parte del Dictamen final solicite la revisi\u00f3n del protocolo vigente, evidencia la falta de procedimientos adecuados y de disposici\u00f3n para escuchar las necesidades y propuestas de la comunidad estudiantil.<\/p>\n<p>Cabe mencionar que el Dictamen en el que se rechaza el nuevo Protocolo fue votado a favor por directivos y maestros de la UADY.<\/p>\n<p><a href=\"https:\/\/www.hazruido.mx\/principales\/uady-rechaza-nuevo-protocolo-para-atender-violencias-elaborado-por-estudiantes\/\" rel=\"noopener\" target=\"_blank\">https:\/\/www.hazruido.mx\/principales\/uady-rechaza-nuevo-protocolo-para-atender-violencias-elaborado-por-estudiantes\/<\/a><\/p>\n","protected":false},"excerpt":{"rendered":"<p>Herbeth Escalante \/ Haz Ruido Estudiantes y asociaciones criticaron que la universidad se demor\u00f3 seis meses en presentar su dictamen y que no realiz\u00f3 mesas de trabajo ni de di\u00e1logo, &hellip; <a href=\"https:\/\/www.grieta.org.mx\/index.php\/2022\/12\/10\/uady-rechaza-nuevo-protocolo-para-atender-violencias-elaborado-por-estudiantes-yucatan\/\" class=\"more-link\">Leer m\u00e1s<\/a><\/p>\n","protected":false},"author":2,"featured_media":65901,"comment_status":"closed","ping_status":"closed","sticky":false,"template":"","format":"standard","meta":{"ngg_post_thumbnail":0,"_jetpack_newsletter_access":"","_jetpack_dont_email_post_to_subs":false,"_jetpack_newsletter_tier_id":0,"_jetpack_memberships_contains_paywalled_content":false,"_jetpack_memberships_contains_paid_content":false,"footnotes":""},"categories":[80,3168,2,2547,36],"tags":[3209,157,3559],"class_list":["post-65900","post","type-post","status-publish","format-standard","has-post-thumbnail","hentry","category-cintillo","category-lucha-de-las-mujeres-en-yucatan","category-noticias-nacionales","category-violencia-contra-las-mujeres-en-yucatan","category-yucatan","tag-lucha-contra-la-violencia-contra-las-mujeres","tag-uady","tag-uady-sin-acoso","entry"],"jetpack_featured_media_url":"https:\/\/www.grieta.org.mx\/wp-content\/uploads\/2022\/12\/UadyProtocolo-e1670716354259.jpg","jetpack_sharing_enabled":true,"jetpack_shortlink":"https:\/\/wp.me\/p7ZJR4-h8U","jetpack_likes_enabled":false,"jetpack-related-posts":[{"id":65881,"url":"https:\/\/www.grieta.org.mx\/index.php\/2022\/12\/06\/alumnas-de-la-prepa-2-de-la-uady-protestan-por-caso-de-violencia-sexual-yucatan\/","url_meta":{"origin":65900,"position":0},"title":"Alumnas de la Prepa 2 de la UADY protestan por caso de violencia sexual (Yucat\u00e1n)","author":"grieta","date":"6 diciembre, 2022","format":false,"excerpt":"Daniel Santiago \/ Por Esto! La tarde de hoy alumnos, familiares, amigos de Valeria quien fuese v\u00edctima de abuso sexual, realizaron una manifestaci\u00f3n a las afueras del edificio central de la Universidad Aut\u00f3noma de Yucat\u00e1n (UADY) ubicado en el centro de M\u00e9rida bloqueando la calle 60 y 57 con el\u2026","rel":"","context":"En &quot;CINTILLO&quot;","block_context":{"text":"CINTILLO","link":"https:\/\/www.grieta.org.mx\/index.php\/category\/cintillo\/"},"img":{"alt_text":"","src":"https:\/\/i0.wp.com\/www.grieta.org.mx\/wp-content\/uploads\/2022\/12\/uady-e1670419351387.jpg?resize=350%2C200&ssl=1","width":350,"height":200,"srcset":"https:\/\/i0.wp.com\/www.grieta.org.mx\/wp-content\/uploads\/2022\/12\/uady-e1670419351387.jpg?resize=350%2C200&ssl=1 1x, https:\/\/i0.wp.com\/www.grieta.org.mx\/wp-content\/uploads\/2022\/12\/uady-e1670419351387.jpg?resize=525%2C300&ssl=1 1.5x, https:\/\/i0.wp.com\/www.grieta.org.mx\/wp-content\/uploads\/2022\/12\/uady-e1670419351387.jpg?resize=700%2C400&ssl=1 2x"},"classes":[]},{"id":58068,"url":"https:\/\/www.grieta.org.mx\/index.php\/2021\/03\/31\/estudiantes-respaldan-a-estefania-y-exigen-a-la-uady-espacios-sin-violencia-yucatan\/","url_meta":{"origin":65900,"position":1},"title":"Estudiantes respaldan a Estefan\u00eda y exigen a la UADY espacios sin violencia (Yucat\u00e1n)","author":"grieta","date":"31 marzo, 2021","format":false,"excerpt":"Claudia Arriaga \/ Haz Ruido Al grito de \u201c\u00a1la UADY no me cuida, me cuidan mis amigas!\u201d, las j\u00f3venes protestaron en las puertas de la Facultad de Medicina tras darse a conocer el caso de abuso sexual. M\u00e9rida, Yucat\u00e1n, 31 de marzo del 2021.- Estudiantes de la Universidad Aut\u00f3noma de\u2026","rel":"","context":"En &quot;CINTILLO&quot;","block_context":{"text":"CINTILLO","link":"https:\/\/www.grieta.org.mx\/index.php\/category\/cintillo\/"},"img":{"alt_text":"","src":"https:\/\/i0.wp.com\/www.grieta.org.mx\/wp-content\/uploads\/2021\/04\/UadyNoMeCuida-e1617305905366.png?resize=350%2C200&ssl=1","width":350,"height":200,"srcset":"https:\/\/i0.wp.com\/www.grieta.org.mx\/wp-content\/uploads\/2021\/04\/UadyNoMeCuida-e1617305905366.png?resize=350%2C200&ssl=1 1x, https:\/\/i0.wp.com\/www.grieta.org.mx\/wp-content\/uploads\/2021\/04\/UadyNoMeCuida-e1617305905366.png?resize=525%2C300&ssl=1 1.5x, https:\/\/i0.wp.com\/www.grieta.org.mx\/wp-content\/uploads\/2021\/04\/UadyNoMeCuida-e1617305905366.png?resize=700%2C400&ssl=1 2x"},"classes":[]},{"id":34517,"url":"https:\/\/www.grieta.org.mx\/index.php\/2019\/06\/10\/alumnos-de-la-uady-protestan-ante-caso-de-acoso-yucatan\/","url_meta":{"origin":65900,"position":2},"title":"Alumnos de la Uady protestan ante caso de acoso (Yucat\u00e1n)","author":"grieta","date":"10 junio, 2019","format":false,"excerpt":"Yucat\u00e1n a la Mano Tras la denuncia que realiz\u00f3 por medio de redes sociales una estudiante de la Preparatoria 1 de la Universidad Aut\u00f3noma de Yucat\u00e1n (Uady), en la cual acusaba a un profesor de haberla acosado, un grupo de j\u00f3venes realiza una marcha en apoyo a la alumna. Con\u2026","rel":"","context":"En &quot;CINTILLO&quot;","block_context":{"text":"CINTILLO","link":"https:\/\/www.grieta.org.mx\/index.php\/category\/cintillo\/"},"img":{"alt_text":"","src":"https:\/\/i0.wp.com\/www.grieta.org.mx\/wp-content\/uploads\/2019\/06\/UadyAcoso.png?resize=350%2C200&ssl=1","width":350,"height":200,"srcset":"https:\/\/i0.wp.com\/www.grieta.org.mx\/wp-content\/uploads\/2019\/06\/UadyAcoso.png?resize=350%2C200&ssl=1 1x, https:\/\/i0.wp.com\/www.grieta.org.mx\/wp-content\/uploads\/2019\/06\/UadyAcoso.png?resize=525%2C300&ssl=1 1.5x, https:\/\/i0.wp.com\/www.grieta.org.mx\/wp-content\/uploads\/2019\/06\/UadyAcoso.png?resize=700%2C400&ssl=1 2x, https:\/\/i0.wp.com\/www.grieta.org.mx\/wp-content\/uploads\/2019\/06\/UadyAcoso.png?resize=1050%2C600&ssl=1 3x"},"classes":[]},{"id":45975,"url":"https:\/\/www.grieta.org.mx\/index.php\/2020\/03\/06\/protestan-universitarias-nuevamente-por-acoso-sexual-en-la-uady\/","url_meta":{"origin":65900,"position":3},"title":"Protestan universitarias nuevamente por acoso sexual en la UADY","author":"grieta","date":"6 marzo, 2020","format":false,"excerpt":"J\u00e9ssica Garc\u00eda \/ Noticaribe M\u00c9RIDA, MX.- Por segunda ocasi\u00f3n, estudiantes yucatecas se manifestaron en evento p\u00fablico como una denuncia por los casos de acoso sexual que se registran dentro de las instituciones universitarias. Tras realizar un evento para conmemorar el D\u00eda Internacional de la Mujer en la Universidad Aut\u00f3noma de\u2026","rel":"","context":"En &quot;CINTILLO&quot;","block_context":{"text":"CINTILLO","link":"https:\/\/www.grieta.org.mx\/index.php\/category\/cintillo\/"},"img":{"alt_text":"","src":"https:\/\/i0.wp.com\/www.grieta.org.mx\/wp-content\/uploads\/2020\/03\/AcosoUady-e1583950386998.png?resize=350%2C200&ssl=1","width":350,"height":200,"srcset":"https:\/\/i0.wp.com\/www.grieta.org.mx\/wp-content\/uploads\/2020\/03\/AcosoUady-e1583950386998.png?resize=350%2C200&ssl=1 1x, https:\/\/i0.wp.com\/www.grieta.org.mx\/wp-content\/uploads\/2020\/03\/AcosoUady-e1583950386998.png?resize=525%2C300&ssl=1 1.5x, https:\/\/i0.wp.com\/www.grieta.org.mx\/wp-content\/uploads\/2020\/03\/AcosoUady-e1583950386998.png?resize=700%2C400&ssl=1 2x"},"classes":[]},{"id":63391,"url":"https:\/\/www.grieta.org.mx\/index.php\/2022\/02\/16\/estudiantes-de-la-prepa-uno-protestan-contra-la-homofobia-de-la-uady-yucatan\/","url_meta":{"origin":65900,"position":4},"title":"Estudiantes de la Prepa Uno protestan contra la homofobia de la UADY (Yucat\u00e1n)","author":"grieta","date":"16 febrero, 2022","format":false,"excerpt":"Por Herbeth Escalante y fotograf\u00edas de Lorenzo Hern\u00e1ndez Las y los alumnos se manifestaron en la puerta de la escuela para exigir que se respete la diversidad sexual y cesen los actos de homofobia y transfobia por parte de los directivos y maestros. M\u00e9rida, Yucat\u00e1n, 16 de febrero de 2022.-\u2026","rel":"","context":"En &quot;CINTILLO&quot;","block_context":{"text":"CINTILLO","link":"https:\/\/www.grieta.org.mx\/index.php\/category\/cintillo\/"},"img":{"alt_text":"","src":"https:\/\/i0.wp.com\/www.grieta.org.mx\/wp-content\/uploads\/2022\/02\/UADYHomofobica-e1645116481699.png?resize=350%2C200&ssl=1","width":350,"height":200,"srcset":"https:\/\/i0.wp.com\/www.grieta.org.mx\/wp-content\/uploads\/2022\/02\/UADYHomofobica-e1645116481699.png?resize=350%2C200&ssl=1 1x, https:\/\/i0.wp.com\/www.grieta.org.mx\/wp-content\/uploads\/2022\/02\/UADYHomofobica-e1645116481699.png?resize=525%2C300&ssl=1 1.5x, https:\/\/i0.wp.com\/www.grieta.org.mx\/wp-content\/uploads\/2022\/02\/UADYHomofobica-e1645116481699.png?resize=700%2C400&ssl=1 2x"},"classes":[]},{"id":65643,"url":"https:\/\/www.grieta.org.mx\/index.php\/2022\/10\/28\/estudiantes-de-la-uady-piden-justicia-para-la-maestra-victima-de-violencia-laboral-y-de-genero-yucatan\/","url_meta":{"origin":65900,"position":5},"title":"Estudiantes de la UADY piden justicia para la maestra v\u00edctima de violencia laboral y de g\u00e9nero (Yucat\u00e1n)","author":"grieta","date":"28 octubre, 2022","format":false,"excerpt":"Por Itzel Chan \/ Haz Ruido Durante la protesta, el director Carlos Macedonio, declar\u00f3 que \u201clos gritos no son las v\u00edas de una manifestaci\u00f3n\u201d, a lo que el alumnado respondi\u00f3: \u00a1La facultad de Derecho encubre machitos! M\u00e9rida, Yucat\u00e1n, 28 de octubre de 2022.-Estudiantes de la Facultad de Derecho de la\u2026","rel":"","context":"En &quot;CINTILLO&quot;","block_context":{"text":"CINTILLO","link":"https:\/\/www.grieta.org.mx\/index.php\/category\/cintillo\/"},"img":{"alt_text":"","src":"https:\/\/i0.wp.com\/www.grieta.org.mx\/wp-content\/uploads\/2022\/11\/FacDerecho-e1667416511869.jpg?resize=350%2C200&ssl=1","width":350,"height":200,"srcset":"https:\/\/i0.wp.com\/www.grieta.org.mx\/wp-content\/uploads\/2022\/11\/FacDerecho-e1667416511869.jpg?resize=350%2C200&ssl=1 1x, https:\/\/i0.wp.com\/www.grieta.org.mx\/wp-content\/uploads\/2022\/11\/FacDerecho-e1667416511869.jpg?resize=525%2C300&ssl=1 1.5x, https:\/\/i0.wp.com\/www.grieta.org.mx\/wp-content\/uploads\/2022\/11\/FacDerecho-e1667416511869.jpg?resize=700%2C400&ssl=1 2x"},"classes":[]}],"_links":{"self":[{"href":"https:\/\/www.grieta.org.mx\/index.php\/wp-json\/wp\/v2\/posts\/65900","targetHints":{"allow":["GET"]}}],"collection":[{"href":"https:\/\/www.grieta.org.mx\/index.php\/wp-json\/wp\/v2\/posts"}],"about":[{"href":"https:\/\/www.grieta.org.mx\/index.php\/wp-json\/wp\/v2\/types\/post"}],"author":[{"embeddable":true,"href":"https:\/\/www.grieta.org.mx\/index.php\/wp-json\/wp\/v2\/users\/2"}],"replies":[{"embeddable":true,"href":"https:\/\/www.grieta.org.mx\/index.php\/wp-json\/wp\/v2\/comments?post=65900"}],"version-history":[{"count":1,"href":"https:\/\/www.grieta.org.mx\/index.php\/wp-json\/wp\/v2\/posts\/65900\/revisions"}],"predecessor-version":[{"id":65902,"href":"https:\/\/www.grieta.org.mx\/index.php\/wp-json\/wp\/v2\/posts\/65900\/revisions\/65902"}],"wp:featuredmedia":[{"embeddable":true,"href":"https:\/\/www.grieta.org.mx\/index.php\/wp-json\/wp\/v2\/media\/65901"}],"wp:attachment":[{"href":"https:\/\/www.grieta.org.mx\/index.php\/wp-json\/wp\/v2\/media?parent=65900"}],"wp:term":[{"taxonomy":"category","embeddable":true,"href":"https:\/\/www.grieta.org.mx\/index.php\/wp-json\/wp\/v2\/categories?post=65900"},{"taxonomy":"post_tag","embeddable":true,"href":"https:\/\/www.grieta.org.mx\/index.php\/wp-json\/wp\/v2\/tags?post=65900"}],"curies":[{"name":"wp","href":"https:\/\/api.w.org\/{rel}","templated":true}]}}