{"id":6590,"date":"2016-07-04T00:02:33","date_gmt":"2016-07-04T00:02:33","guid":{"rendered":"http:\/\/50.22.11.12\/~grietaor\/?p=6590"},"modified":"2016-07-04T05:03:36","modified_gmt":"2016-07-04T05:03:36","slug":"construccion-de-parques-solares-en-coahuila","status":"publish","type":"post","link":"https:\/\/www.grieta.org.mx\/index.php\/2016\/07\/04\/construccion-de-parques-solares-en-coahuila\/","title":{"rendered":"Construcci\u00f3n de parques solares en Coahuila"},"content":{"rendered":"<p><strong>01\/07\/16. <\/strong><a href=\"http:\/\/www.grieta.org.mx\/index.php\/2016\/07\/01\/coahuila-con-el-parque-solar-mas-grande-de-al\">Coahuila, con el parque solar m\u00e1s grande de AL<\/a><br \/>\n<em>El Economista<\/em><\/p>\n<p><strong>18\/03\/16. <\/strong><a href=\"http:\/\/www.grieta.org.mx\/index.php\/2016\/03\/18\/instalaran-en-frontera-campo-de-energia-solar\">Instalar\u00e1n en Frontera campo de energ\u00eda solar<\/a><br \/>\n<em>La Prensa de Monclova<\/em><\/p>\n<p><strong>16\/11\/15. <\/strong><a href=\"http:\/\/www.grieta.org.mx\/index.php\/2015\/11\/16\/construccion-del-parque-solar-coahuila-empieza-en-enero\">Construcci\u00f3n del Parque Solar Coahuila empieza en enero<\/a><br \/>\n<em>Milenio<\/em><\/p>\n","protected":false},"excerpt":{"rendered":"<p>01\/07\/16. Coahuila, con el parque solar m\u00e1s grande de AL El Economista 18\/03\/16. Instalar\u00e1n en Frontera campo de energ\u00eda solar La Prensa de Monclova 16\/11\/15. Construcci\u00f3n del Parque Solar Coahuila &hellip; <a href=\"https:\/\/www.grieta.org.mx\/index.php\/2016\/07\/04\/construccion-de-parques-solares-en-coahuila\/\" class=\"more-link\">Leer m\u00e1s<\/a><\/p>\n","protected":false},"author":2,"featured_media":21928,"comment_status":"closed","ping_status":"open","sticky":false,"template":"","format":"standard","meta":{"ngg_post_thumbnail":0,"_jetpack_newsletter_access":"","_jetpack_dont_email_post_to_subs":false,"_jetpack_newsletter_tier_id":0,"_jetpack_memberships_contains_paywalled_content":false,"_jetpack_memberships_contains_paid_content":false,"footnotes":""},"categories":[419,3,420],"tags":[],"class_list":["post-6590","post","type-post","status-publish","format-standard","has-post-thumbnail","hentry","category-coahuila","category-megaproyectos","category-parques-solares","entry"],"jetpack_featured_media_url":"https:\/\/www.grieta.org.mx\/wp-content\/uploads\/2018\/03\/14524434_1106112876131411_958039263622046936_o.jpg","jetpack_sharing_enabled":true,"jetpack_shortlink":"https:\/\/wp.me\/p7ZJR4-1Ii","jetpack_likes_enabled":false,"jetpack-related-posts":[{"id":15796,"url":"https:\/\/www.grieta.org.mx\/index.php\/2016\/07\/01\/coahuila-con-el-parque-solar-mas-grande-de-al\/","url_meta":{"origin":6590,"position":0},"title":"Coahuila, con el parque solar m\u00e1s grande de AL","author":"grieta","date":"1 julio, 2016","format":false,"excerpt":"Se colocar\u00e1n m\u00e1s de 2 millones de paneles Coahuila tendr\u00e1 el parque solar m\u00e1s grande de Latinoam\u00e9rica. La obra se ubicar\u00e1 en la regi\u00f3n Laguna y se proyecta poner m\u00e1s de 2 millones de paneles solares, que estar\u00e1n a cargo de Enel Green Power, inform\u00f3 en un comunicado Rub\u00e9n Moreira\u2026","rel":"","context":"En &quot;CINTILLO&quot;","block_context":{"text":"CINTILLO","link":"https:\/\/www.grieta.org.mx\/index.php\/category\/cintillo\/"},"img":{"alt_text":"","src":"https:\/\/i0.wp.com\/www.grieta.org.mx\/wp-content\/uploads\/2018\/03\/14524434_1106112876131411_958039263622046936_o.jpg?resize=350%2C200&ssl=1","width":350,"height":200,"srcset":"https:\/\/i0.wp.com\/www.grieta.org.mx\/wp-content\/uploads\/2018\/03\/14524434_1106112876131411_958039263622046936_o.jpg?resize=350%2C200&ssl=1 1x, https:\/\/i0.wp.com\/www.grieta.org.mx\/wp-content\/uploads\/2018\/03\/14524434_1106112876131411_958039263622046936_o.jpg?resize=525%2C300&ssl=1 1.5x, https:\/\/i0.wp.com\/www.grieta.org.mx\/wp-content\/uploads\/2018\/03\/14524434_1106112876131411_958039263622046936_o.jpg?resize=700%2C400&ssl=1 2x"},"classes":[]},{"id":2432,"url":"https:\/\/www.grieta.org.mx\/index.php\/2015\/11\/16\/construccion-del-parque-solar-coahuila-empieza-en-enero\/","url_meta":{"origin":6590,"position":1},"title":"Construcci\u00f3n del Parque Solar Coahuila empieza en enero","author":"grieta","date":"16 noviembre, 2015","format":false,"excerpt":"El proyecto en el que se contempla una inversi\u00f3n de 600 millones de pesos, tendr\u00e1 una extensi\u00f3n de 45 hect\u00e1reas y se ubicar\u00e1 en el ejido de Noac\u00e1n del municipio de Matamoros. Isis R\u00e1bago Matamoros, Coahuila Todo parece indicar que el primero de enero del 2016 por fin se pondr\u00e1\u2026","rel":"","context":"En &quot;CINTILLO&quot;","block_context":{"text":"CINTILLO","link":"https:\/\/www.grieta.org.mx\/index.php\/category\/cintillo\/"},"img":{"alt_text":"","src":"https:\/\/i0.wp.com\/www.grieta.org.mx\/wp-content\/uploads\/2018\/03\/14524434_1106112876131411_958039263622046936_o.jpg?resize=350%2C200&ssl=1","width":350,"height":200,"srcset":"https:\/\/i0.wp.com\/www.grieta.org.mx\/wp-content\/uploads\/2018\/03\/14524434_1106112876131411_958039263622046936_o.jpg?resize=350%2C200&ssl=1 1x, https:\/\/i0.wp.com\/www.grieta.org.mx\/wp-content\/uploads\/2018\/03\/14524434_1106112876131411_958039263622046936_o.jpg?resize=525%2C300&ssl=1 1.5x, https:\/\/i0.wp.com\/www.grieta.org.mx\/wp-content\/uploads\/2018\/03\/14524434_1106112876131411_958039263622046936_o.jpg?resize=700%2C400&ssl=1 2x"},"classes":[]},{"id":2824,"url":"https:\/\/www.grieta.org.mx\/index.php\/2016\/02\/02\/gamesa-instalara-aerogeneradores-en-coahuila\/","url_meta":{"origin":6590,"position":2},"title":"Gamesa instalar\u00e1 aerogeneradores en Coahuila","author":"grieta","date":"2 febrero, 2016","format":false,"excerpt":"De acuerdo al contrato la firma espa\u00f1ola instalar\u00e1 y pondr\u00e1 en marcha 95 aerogeneradores G114-2.1 megavatios en este proyecto. Los trabajos de construcci\u00f3n se prev\u00e9 comiencen en diciembre. Saltillo, Coahuila La espa\u00f1ola Gamesa, especializada en tecnolog\u00eda e\u00f3lica, anunci\u00f3 el cierre de un contrato en M\u00e9xico para el suministro de 200\u2026","rel":"","context":"En &quot;CINTILLO&quot;","block_context":{"text":"CINTILLO","link":"https:\/\/www.grieta.org.mx\/index.php\/category\/cintillo\/"},"img":{"alt_text":"","src":"https:\/\/i0.wp.com\/www.grieta.org.mx\/wp-content\/uploads\/2018\/03\/14524434_1106112876131411_958039263622046936_o.jpg?resize=350%2C200&ssl=1","width":350,"height":200,"srcset":"https:\/\/i0.wp.com\/www.grieta.org.mx\/wp-content\/uploads\/2018\/03\/14524434_1106112876131411_958039263622046936_o.jpg?resize=350%2C200&ssl=1 1x, https:\/\/i0.wp.com\/www.grieta.org.mx\/wp-content\/uploads\/2018\/03\/14524434_1106112876131411_958039263622046936_o.jpg?resize=525%2C300&ssl=1 1.5x, https:\/\/i0.wp.com\/www.grieta.org.mx\/wp-content\/uploads\/2018\/03\/14524434_1106112876131411_958039263622046936_o.jpg?resize=700%2C400&ssl=1 2x"},"classes":[]},{"id":14197,"url":"https:\/\/www.grieta.org.mx\/index.php\/2016\/03\/31\/motul-y-ticul-acaparan-parques-eolicos-y-solares-en-yucatan\/","url_meta":{"origin":6590,"position":3},"title":"Motul y Ticul \u201cacaparan\u201d parques e\u00f3licos y solares en Yucat\u00e1n","author":"grieta","date":"31 marzo, 2016","format":false,"excerpt":"Cinco municipios de Yucat\u00e1n albergar\u00e1n nueve granjas de \u201cenerg\u00eda verde\u201d, abarcando un \u00e1rea que toca pr\u00e1cticamente a todo el estado: en el centro, el sur y el oriente, incluyendo la costa. Se trata de cuatro parques e\u00f3licas y cinco solares. La Secretar\u00eda de Energ\u00eda (Sener) asign\u00f3 a Yucat\u00e1n el 50%\u2026","rel":"","context":"En &quot;CINTILLO&quot;","block_context":{"text":"CINTILLO","link":"https:\/\/www.grieta.org.mx\/index.php\/category\/cintillo\/"},"img":{"alt_text":"","src":"https:\/\/i0.wp.com\/www.grieta.org.mx\/wp-content\/uploads\/2018\/03\/14524434_1106112876131411_958039263622046936_o.jpg?resize=350%2C200&ssl=1","width":350,"height":200,"srcset":"https:\/\/i0.wp.com\/www.grieta.org.mx\/wp-content\/uploads\/2018\/03\/14524434_1106112876131411_958039263622046936_o.jpg?resize=350%2C200&ssl=1 1x, https:\/\/i0.wp.com\/www.grieta.org.mx\/wp-content\/uploads\/2018\/03\/14524434_1106112876131411_958039263622046936_o.jpg?resize=525%2C300&ssl=1 1.5x, https:\/\/i0.wp.com\/www.grieta.org.mx\/wp-content\/uploads\/2018\/03\/14524434_1106112876131411_958039263622046936_o.jpg?resize=700%2C400&ssl=1 2x"},"classes":[]},{"id":6669,"url":"https:\/\/www.grieta.org.mx\/index.php\/2016\/04\/16\/en-coahuila-proyectan-seis-parques-eolicos\/","url_meta":{"origin":6590,"position":4},"title":"En Coahuila proyectan seis parques e\u00f3licos","author":"grieta","date":"16 abril, 2016","format":false,"excerpt":"14\/04\/16. Coahuila con tres proyectos para generar energ\u00eda E\u00f3lica; dos est\u00e1n avanzados Vanguardia 02\/02\/16. Gamesa instalar\u00e1 aerogeneradores en Coahuila Milenio 19\/11\/15. M\u00e9xico posee condiciones para las energ\u00edas renovables REVE 19\/11\/15. Adem\u00e1s de extraer petr\u00f3leo, ahora Bailleres producir\u00e1 electricidad con energ\u00eda e\u00f3lica La Jornada","rel":"","context":"En &quot;Coahuila&quot;","block_context":{"text":"Coahuila","link":"https:\/\/www.grieta.org.mx\/index.php\/category\/noticias-nacionales\/coahuila\/"},"img":{"alt_text":"","src":"https:\/\/i0.wp.com\/www.grieta.org.mx\/wp-content\/uploads\/2018\/03\/14524434_1106112876131411_958039263622046936_o.jpg?resize=350%2C200&ssl=1","width":350,"height":200,"srcset":"https:\/\/i0.wp.com\/www.grieta.org.mx\/wp-content\/uploads\/2018\/03\/14524434_1106112876131411_958039263622046936_o.jpg?resize=350%2C200&ssl=1 1x, https:\/\/i0.wp.com\/www.grieta.org.mx\/wp-content\/uploads\/2018\/03\/14524434_1106112876131411_958039263622046936_o.jpg?resize=525%2C300&ssl=1 1.5x, https:\/\/i0.wp.com\/www.grieta.org.mx\/wp-content\/uploads\/2018\/03\/14524434_1106112876131411_958039263622046936_o.jpg?resize=700%2C400&ssl=1 2x"},"classes":[]},{"id":25003,"url":"https:\/\/www.grieta.org.mx\/index.php\/2018\/07\/21\/a-traves-de-la-violencia-fisica-amenazas-y-de-maniobras-legaloides-de-burocratas-federales-pretenden-imponer-parque-solar-en-muna-denuncian\/","url_meta":{"origin":6590,"position":5},"title":"A trav\u00e9s de la violencia f\u00edsica, amenazas y de maniobras legaloides de bur\u00f3cratas federales pretenden imponer parque solar en Muna, denuncian","author":"grieta","date":"21 julio, 2018","format":false,"excerpt":"Micaela Mag\u00f3n\/Infolliteras A trav\u00e9s del uso de la violencia f\u00edsica, de las amenazas y de las maniobras legaloides de bur\u00f3cratas federales y empresarios ambiciosos se pretende imponer un mega parque solar de 718 hect\u00e1reas en la comisar\u00eda de San Jos\u00e9 Tipceh. Se trata de los proyectos energ\u00e9ticos Parque Solar Ticul\u2026","rel":"","context":"En &quot;16. Pueblo Maya&quot;","block_context":{"text":"16. Pueblo Maya","link":"https:\/\/www.grieta.org.mx\/index.php\/category\/espejos-de-la-resistencia\/16-pueblo-maya\/"},"img":{"alt_text":"","src":"https:\/\/i0.wp.com\/www.grieta.org.mx\/wp-content\/uploads\/2018\/07\/solar5344-yjbfe5hbjh.jpg?resize=350%2C200&ssl=1","width":350,"height":200,"srcset":"https:\/\/i0.wp.com\/www.grieta.org.mx\/wp-content\/uploads\/2018\/07\/solar5344-yjbfe5hbjh.jpg?resize=350%2C200&ssl=1 1x, https:\/\/i0.wp.com\/www.grieta.org.mx\/wp-content\/uploads\/2018\/07\/solar5344-yjbfe5hbjh.jpg?resize=525%2C300&ssl=1 1.5x, https:\/\/i0.wp.com\/www.grieta.org.mx\/wp-content\/uploads\/2018\/07\/solar5344-yjbfe5hbjh.jpg?resize=700%2C400&ssl=1 2x"},"classes":[]}],"_links":{"self":[{"href":"https:\/\/www.grieta.org.mx\/index.php\/wp-json\/wp\/v2\/posts\/6590","targetHints":{"allow":["GET"]}}],"collection":[{"href":"https:\/\/www.grieta.org.mx\/index.php\/wp-json\/wp\/v2\/posts"}],"about":[{"href":"https:\/\/www.grieta.org.mx\/index.php\/wp-json\/wp\/v2\/types\/post"}],"author":[{"embeddable":true,"href":"https:\/\/www.grieta.org.mx\/index.php\/wp-json\/wp\/v2\/users\/2"}],"replies":[{"embeddable":true,"href":"https:\/\/www.grieta.org.mx\/index.php\/wp-json\/wp\/v2\/comments?post=6590"}],"version-history":[{"count":1,"href":"https:\/\/www.grieta.org.mx\/index.php\/wp-json\/wp\/v2\/posts\/6590\/revisions"}],"predecessor-version":[{"id":15802,"href":"https:\/\/www.grieta.org.mx\/index.php\/wp-json\/wp\/v2\/posts\/6590\/revisions\/15802"}],"wp:featuredmedia":[{"embeddable":true,"href":"https:\/\/www.grieta.org.mx\/index.php\/wp-json\/wp\/v2\/media\/21928"}],"wp:attachment":[{"href":"https:\/\/www.grieta.org.mx\/index.php\/wp-json\/wp\/v2\/media?parent=6590"}],"wp:term":[{"taxonomy":"category","embeddable":true,"href":"https:\/\/www.grieta.org.mx\/index.php\/wp-json\/wp\/v2\/categories?post=6590"},{"taxonomy":"post_tag","embeddable":true,"href":"https:\/\/www.grieta.org.mx\/index.php\/wp-json\/wp\/v2\/tags?post=6590"}],"curies":[{"name":"wp","href":"https:\/\/api.w.org\/{rel}","templated":true}]}}