{"id":65889,"date":"2022-12-07T11:37:22","date_gmt":"2022-12-07T17:37:22","guid":{"rendered":"https:\/\/www.grieta.org.mx\/?p=65889"},"modified":"2022-12-08T11:46:22","modified_gmt":"2022-12-08T17:46:22","slug":"megagranja-de-cerdos-pretende-que-se-revierta-amparo-de-sitilpech-yucatan","status":"publish","type":"post","link":"https:\/\/www.grieta.org.mx\/index.php\/2022\/12\/07\/megagranja-de-cerdos-pretende-que-se-revierta-amparo-de-sitilpech-yucatan\/","title":{"rendered":"Megagranja de cerdos pretende que se revierta amparo de Sitilpech (Yucat\u00e1n)"},"content":{"rendered":"<p>Paloma Reyes \/ Haz Ruido<\/p>\n<blockquote><p>Colectivos aseguran que el riesgo radica en los antecedentes del juez que lleva el caso, qui\u00e9n ha desechado otros amparos similares.<\/p><\/blockquote>\n<p>M\u00e9rida, Yucat\u00e1n, 7 de diciembre de 2022.-El colectivo \u201cLa Esperanza de Sitilpech\u201d advirti\u00f3 que est\u00e1 en riesgo de ser desechado el amparo en contra de diversas autoridades por la operaci\u00f3n de una megagranja que afecta al medio ambiente de su comunidad, toda vez que la empresa ya interpuso un recurso de queja al respecto y el caso est\u00e1 ahora en manos de un juez que ha desechado amparos similares.<\/p>\n<p>A trav\u00e9s de un comunicado, la agrupaci\u00f3n record\u00f3 que present\u00f3 una demanda de amparo en contra de diversas autoridades municipales, estatales y federales por el incumplimiento de sus obligaciones nacionales e internacionales en materia de derechos humanos frente a la operaci\u00f3n de una megaf\u00e1brica de m\u00e1s de 48 mil cerdos en el pueblo maya de Sitilpech, ubicado en Izamal, Yucat\u00e1n.<\/p>\n<p>Ante la presentaci\u00f3n de la demanda de amparo, radicado bajo el expediente 887\/2021 del Juzgado Primero de Distrito en el Estado de Yucat\u00e1n, la empresa porc\u00edcola \u201cProductos Pecuarios para Consumo\u201d decidi\u00f3 interponer un recurso de queja cuestionando al Juez por admitir la demanda de los pobladores. Dicho recurso se encuentra actualmente bajo el Tribunal Colegiado en materia Penal y Administrativa en el estado de Yucat\u00e1n.<\/p>\n<p>Por ello, el colectivo recalc\u00f3 que de resolverse el recurso a favor de la empresa porc\u00edcola, el juicio de amparo ser\u00eda desechado, lo que dejar\u00eda en estado de indefensi\u00f3n total al pueblo de Sitilpech para hacer valer sus derechos ambientales y de libre determinaci\u00f3n frente a la operaci\u00f3n de tales industrias extractivas del territorio maya.<\/p>\n<p>Cabe se\u00f1alar que el magistrado que realiz\u00f3 el proyecto de resoluci\u00f3n es Jorge Enrique Eden Wynter, quien en una ocasi\u00f3n ha resuelto un recurso similar en el caso de la granja porc\u00edcola de Chapab. En dicho caso, el magistrado decidi\u00f3 desechar el juicio de amparo al se\u00f1alar que los habitantes hab\u00edan demandado \u201cextempor\u00e1neamente\u201d la contaminaci\u00f3n ambiental, como si hubiera un plazo fijo para demandar tales actos u omisiones que provocan la devastaci\u00f3n, incomodidad y da\u00f1os ambientales en general.<\/p>\n<p>La l\u00f3gica del magistrado fue considerada como un retroceso total en el acceso a la justicia ambiental, puesto que abre la posibilidad de que los da\u00f1os ambientales, tales como la contaminaci\u00f3n al agua y el aire que provocan las granjas porc\u00edcolas, puedan ser \u201cconsentidas t\u00e1citamente\u201d al no ser demandadas desde el inicio de operaciones de una empresa. Es decir, que los pueblos originarios estar\u00edan \u201cconformes\u201d con la contaminaci\u00f3n si no lo demandan bajo los plazos establecidos en la ley de amparo.<\/p>\n<p>En ese sentido, \u201cLa Esperanza de Sitilpech\u201d, en conjunto con Kanan Derechos Humanos, indic\u00f3 que dicho criterio hace inefectivo al juicio de amparo frente a da\u00f1os ambientales, e impide que grupos en situaci\u00f3n de vulnerabilidad como en el caso de los pueblos originarios puedan acceder a la justicia ambiental.<\/p>\n<p>Finalmente, se adelant\u00f3 que este 8 de diciembre, el mismo Magistrado propondr\u00e1 a sus colegas del Tribunal Colegiado Penal y Administrativo en el Estado de Yucat\u00e1n un proyecto de resoluci\u00f3n, por lo que se espera que sea acorde a la protecci\u00f3n m\u00e1s amplia y eficaz de los derechos ambientales y sociales del pueblo maya de Sitilpech. (Foto de archivo)<\/p>\n<p><a href=\"https:\/\/www.hazruido.mx\/reportes\/megagranja-de-cerdos-pretende-que-se-revierta-amparo-de-sitilpech\/\" rel=\"noopener\" target=\"_blank\">https:\/\/www.hazruido.mx\/reportes\/megagranja-de-cerdos-pretende-que-se-revierta-amparo-de-sitilpech\/<\/a><\/p>\n","protected":false},"excerpt":{"rendered":"<p>Paloma Reyes \/ Haz Ruido Colectivos aseguran que el riesgo radica en los antecedentes del juez que lleva el caso, qui\u00e9n ha desechado otros amparos similares. M\u00e9rida, Yucat\u00e1n, 7 de &hellip; <a href=\"https:\/\/www.grieta.org.mx\/index.php\/2022\/12\/07\/megagranja-de-cerdos-pretende-que-se-revierta-amparo-de-sitilpech-yucatan\/\" class=\"more-link\">Leer m\u00e1s<\/a><\/p>\n","protected":false},"author":2,"featured_media":65890,"comment_status":"closed","ping_status":"closed","sticky":false,"template":"","format":"standard","meta":{"ngg_post_thumbnail":0,"_jetpack_newsletter_access":"","_jetpack_dont_email_post_to_subs":false,"_jetpack_newsletter_tier_id":0,"_jetpack_memberships_contains_paywalled_content":false,"_jetpack_memberships_contains_paid_content":false,"footnotes":""},"categories":[42,80,2943,1020,1023,3,922,952,2,36],"tags":[281,3820,425,91,4134,4133,1022,3785],"class_list":["post-65889","post","type-post","status-publish","format-standard","has-post-thumbnail","hentry","category-agroindustria","category-cintillo","category-destruccion-y-contaminacion-ambiental-en-yucatan","category-granja-porcicola","category-lucha-contra-granja-porcicola","category-megaproyectos","category-megaproyectos-estados","category-mp-yucatan","category-noticias-nacionales","category-yucatan","tag-agroindustria","tag-amparos","tag-contaminacion-agua","tag-contaminacion-ambiental","tag-derecho-libre-determinacion","tag-derechos-ambientales","tag-granja-porcicola","tag-megagranja","entry"],"jetpack_featured_media_url":"https:\/\/www.grieta.org.mx\/wp-content\/uploads\/2022\/12\/Sitilpech-e1670521260564.jpg","jetpack_sharing_enabled":true,"jetpack_shortlink":"https:\/\/wp.me\/p7ZJR4-h8J","jetpack_likes_enabled":false,"jetpack-related-posts":[{"id":65920,"url":"https:\/\/www.grieta.org.mx\/index.php\/2022\/12\/08\/con-excremento-frente-al-poder-judicial-de-la-federacion-yucatecos-piden-suspension-definitiva-de-las-granjas-porcicolas-yucatan\/","url_meta":{"origin":65889,"position":0},"title":"Con excremento frente al Poder Judicial de la Federaci\u00f3n, yucatecos piden suspensi\u00f3n definitiva de las granjas porc\u00edcolas (Yucat\u00e1n)","author":"grieta","date":"8 diciembre, 2022","format":false,"excerpt":"Itzel Chan \/ Noticaribe M\u00c9RIDA, MX.- Habitantes de Sitilpech no han quitado el dedo del rengl\u00f3n y una vez m\u00e1s volvieron a manifestarse a las afueras del Poder Judicial de la Federaci\u00f3n, pero esta vez lo hicieron con excremento de cerdo dentro de un recipiente, para exigir as\u00ed que sea\u2026","rel":"","context":"En &quot;Agroindustria&quot;","block_context":{"text":"Agroindustria","link":"https:\/\/www.grieta.org.mx\/index.php\/category\/megaproyectos\/agroindustria\/"},"img":{"alt_text":"","src":"https:\/\/i0.wp.com\/www.grieta.org.mx\/wp-content\/uploads\/2022\/12\/Sitilpech10-e1671047518116.jpg?resize=350%2C200&ssl=1","width":350,"height":200,"srcset":"https:\/\/i0.wp.com\/www.grieta.org.mx\/wp-content\/uploads\/2022\/12\/Sitilpech10-e1671047518116.jpg?resize=350%2C200&ssl=1 1x, https:\/\/i0.wp.com\/www.grieta.org.mx\/wp-content\/uploads\/2022\/12\/Sitilpech10-e1671047518116.jpg?resize=525%2C300&ssl=1 1.5x, https:\/\/i0.wp.com\/www.grieta.org.mx\/wp-content\/uploads\/2022\/12\/Sitilpech10-e1671047518116.jpg?resize=700%2C400&ssl=1 2x"},"classes":[]},{"id":64282,"url":"https:\/\/www.grieta.org.mx\/index.php\/2022\/05\/17\/habitantes-de-sitilpech-exigen-cerrar-granjas-porcicolas-en-yucatan-afuera-del-poder-judicial\/","url_meta":{"origin":65889,"position":1},"title":"Habitantes de Sitilpech exigen cerrar granjas porc\u00edcolas en Yucat\u00e1n afuera del Poder Judicial","author":"grieta","date":"17 mayo, 2022","format":false,"excerpt":"Ruben Dar\u00edo Hau \/ Por Esto! Habitantes de Sitilpech, comisar\u00eda de Izamal, se manifiestan frente a la sede del Poder Judicial de la Federal, en M\u00e9rida, para insistir en que el Juez Primero de Distrito conceda la suspensi\u00f3n definitiva de la granja porc\u00edcola, Kancabch\u00e9n II, aparcera de Kek\u00e9n. El pasado\u2026","rel":"","context":"En &quot;16. Pueblo Maya&quot;","block_context":{"text":"16. Pueblo Maya","link":"https:\/\/www.grieta.org.mx\/index.php\/category\/espejos-de-la-resistencia\/16-pueblo-maya\/"},"img":{"alt_text":"","src":"https:\/\/i0.wp.com\/www.grieta.org.mx\/wp-content\/uploads\/2022\/05\/Sitilpech-e1653577169242.png?resize=350%2C200&ssl=1","width":350,"height":200,"srcset":"https:\/\/i0.wp.com\/www.grieta.org.mx\/wp-content\/uploads\/2022\/05\/Sitilpech-e1653577169242.png?resize=350%2C200&ssl=1 1x, https:\/\/i0.wp.com\/www.grieta.org.mx\/wp-content\/uploads\/2022\/05\/Sitilpech-e1653577169242.png?resize=525%2C300&ssl=1 1.5x, https:\/\/i0.wp.com\/www.grieta.org.mx\/wp-content\/uploads\/2022\/05\/Sitilpech-e1653577169242.png?resize=700%2C400&ssl=1 2x"},"classes":[]},{"id":66524,"url":"https:\/\/www.grieta.org.mx\/index.php\/2023\/03\/16\/con-mascaras-de-cochinos-sitilpech-protesto-en-aeropuerto-de-cancun\/","url_meta":{"origin":65889,"position":2},"title":"Con m\u00e1scaras de cochinos, Sitilpech protest\u00f3 en aeropuerto de Canc\u00fan","author":"grieta","date":"16 marzo, 2023","format":false,"excerpt":"Haz Ruido Se intensifican las manifestaciones en contra de la empresa Kek\u00e9n y sus f\u00e1bricas de cerdos que contaminan en la Pen\u00ednsula de Yucat\u00e1n. Canc\u00fan, Quintana Roo, 16 de marzo de 2023.- Pobladores y familiares de Sitilpech que ahora residen en Quintana Roo protestaron en el Aeropuerto Internacional de Canc\u00fan\u2026","rel":"","context":"En &quot;Agresiones y amenazas a defensor@s de derechos humanos y activistas en Yucat\u00e1n&quot;","block_context":{"text":"Agresiones y amenazas a defensor@s de derechos humanos y activistas en Yucat\u00e1n","link":"https:\/\/www.grieta.org.mx\/index.php\/category\/noticias-nacionales\/yucatan\/ataques-a-defensors-de-derechos-humanos-en-yucatan\/"},"img":{"alt_text":"","src":"https:\/\/i0.wp.com\/www.grieta.org.mx\/wp-content\/uploads\/2023\/03\/SitilpechCancun-e1679026683778.jpg?resize=350%2C200&ssl=1","width":350,"height":200,"srcset":"https:\/\/i0.wp.com\/www.grieta.org.mx\/wp-content\/uploads\/2023\/03\/SitilpechCancun-e1679026683778.jpg?resize=350%2C200&ssl=1 1x, https:\/\/i0.wp.com\/www.grieta.org.mx\/wp-content\/uploads\/2023\/03\/SitilpechCancun-e1679026683778.jpg?resize=525%2C300&ssl=1 1.5x, https:\/\/i0.wp.com\/www.grieta.org.mx\/wp-content\/uploads\/2023\/03\/SitilpechCancun-e1679026683778.jpg?resize=700%2C400&ssl=1 2x"},"classes":[]},{"id":65501,"url":"https:\/\/www.grieta.org.mx\/index.php\/2022\/10\/13\/pueblo-de-sitilpech-logra-que-megagranja-de-cerdos-siga-suspendida-yucatan\/","url_meta":{"origin":65889,"position":3},"title":"Pueblo de Sitilpech logra que megagranja de cerdos siga suspendida  (Yucat\u00e1n)","author":"grieta","date":"13 octubre, 2022","format":false,"excerpt":"Herbeth Escalante \/ Haz Ruido El juez determin\u00f3 que se mantenga la medida cautelar, por lo que permanecer\u00e1n clausurados los pozos de carga y suspendidos los permisos de descarga de aguas de dicha f\u00e1brica de cochinos. M\u00e9rida, Yucat\u00e1n, 13 de octubre de 2022.- El Juzgado Primero de Distrito con sede\u2026","rel":"","context":"En &quot;Agroindustria&quot;","block_context":{"text":"Agroindustria","link":"https:\/\/www.grieta.org.mx\/index.php\/category\/megaproyectos\/agroindustria\/"},"img":{"alt_text":"","src":"https:\/\/i0.wp.com\/www.grieta.org.mx\/wp-content\/uploads\/2022\/10\/Sitilpech-e1665862831834.jpg?resize=350%2C200&ssl=1","width":350,"height":200,"srcset":"https:\/\/i0.wp.com\/www.grieta.org.mx\/wp-content\/uploads\/2022\/10\/Sitilpech-e1665862831834.jpg?resize=350%2C200&ssl=1 1x, https:\/\/i0.wp.com\/www.grieta.org.mx\/wp-content\/uploads\/2022\/10\/Sitilpech-e1665862831834.jpg?resize=525%2C300&ssl=1 1.5x, https:\/\/i0.wp.com\/www.grieta.org.mx\/wp-content\/uploads\/2022\/10\/Sitilpech-e1665862831834.jpg?resize=700%2C400&ssl=1 2x"},"classes":[]},{"id":60702,"url":"https:\/\/www.grieta.org.mx\/index.php\/2021\/07\/19\/demandan-a-otra-megagranja-de-cerdos-contamina-a-sitilpech-yucatan\/","url_meta":{"origin":65889,"position":4},"title":"Demandan a otra megagranja de cerdos: Contamina a Sitilpech  (Yucat\u00e1n)","author":"grieta","date":"19 julio, 2021","format":false,"excerpt":"Claudia Arriaga \/ Haz Ruido La granja porc\u00edcola \u201cKancabchen II\u201d opera desde hace dos a\u00f1os y al estar casi a 700 metros de distancia de la comisar\u00eda, la poblaci\u00f3n percibe malos olores y le preocupa la contaminaci\u00f3n de los pozos y cenotes de donde obtienen agua. M\u00e9rida, Yucat\u00e1n, 16 de\u2026","rel":"","context":"En &quot;Agroindustria&quot;","block_context":{"text":"Agroindustria","link":"https:\/\/www.grieta.org.mx\/index.php\/category\/megaproyectos\/agroindustria\/"},"img":{"alt_text":"","src":"","width":0,"height":0},"classes":[]},{"id":66379,"url":"https:\/\/www.grieta.org.mx\/index.php\/2023\/03\/03\/yucatan-antimotines-para-custodiar-alimento-para-cerdos-de-keken-pueblo-maya-de-sitilpech-denuncia-nuevamente-represion-policiaca-por-protesta-contra-mega-granjas-porcicolas\/","url_meta":{"origin":65889,"position":5},"title":"Yucat\u00e1n | Antimotines para custodiar alimento para cerdos de Kek\u00e9n: Pueblo maya de Sitilpech denuncia nuevamente represi\u00f3n policiaca por protesta contra mega granjas porc\u00edcolas","author":"grieta","date":"3 marzo, 2023","format":false,"excerpt":"Noticaribe M\u00c9RIDA, MX.- Una vez m\u00e1s, las y los habitantes de Sitilpech denuncian y exhiben represi\u00f3n policiaca ante el bloqueo que mantienen en una de las granjas porc\u00edcolas en sus tierras. Las personas que mantienen un bloqueo a las afueras de la granja denunciaron que elementos de la Secretar\u00eda de\u2026","rel":"","context":"En &quot;Agroindustria&quot;","block_context":{"text":"Agroindustria","link":"https:\/\/www.grieta.org.mx\/index.php\/category\/megaproyectos\/agroindustria\/"},"img":{"alt_text":"","src":"https:\/\/i0.wp.com\/www.grieta.org.mx\/wp-content\/uploads\/2023\/03\/Antimotines-e1677881381914.jpg?resize=350%2C200&ssl=1","width":350,"height":200,"srcset":"https:\/\/i0.wp.com\/www.grieta.org.mx\/wp-content\/uploads\/2023\/03\/Antimotines-e1677881381914.jpg?resize=350%2C200&ssl=1 1x, https:\/\/i0.wp.com\/www.grieta.org.mx\/wp-content\/uploads\/2023\/03\/Antimotines-e1677881381914.jpg?resize=525%2C300&ssl=1 1.5x, https:\/\/i0.wp.com\/www.grieta.org.mx\/wp-content\/uploads\/2023\/03\/Antimotines-e1677881381914.jpg?resize=700%2C400&ssl=1 2x"},"classes":[]}],"_links":{"self":[{"href":"https:\/\/www.grieta.org.mx\/index.php\/wp-json\/wp\/v2\/posts\/65889","targetHints":{"allow":["GET"]}}],"collection":[{"href":"https:\/\/www.grieta.org.mx\/index.php\/wp-json\/wp\/v2\/posts"}],"about":[{"href":"https:\/\/www.grieta.org.mx\/index.php\/wp-json\/wp\/v2\/types\/post"}],"author":[{"embeddable":true,"href":"https:\/\/www.grieta.org.mx\/index.php\/wp-json\/wp\/v2\/users\/2"}],"replies":[{"embeddable":true,"href":"https:\/\/www.grieta.org.mx\/index.php\/wp-json\/wp\/v2\/comments?post=65889"}],"version-history":[{"count":1,"href":"https:\/\/www.grieta.org.mx\/index.php\/wp-json\/wp\/v2\/posts\/65889\/revisions"}],"predecessor-version":[{"id":65891,"href":"https:\/\/www.grieta.org.mx\/index.php\/wp-json\/wp\/v2\/posts\/65889\/revisions\/65891"}],"wp:featuredmedia":[{"embeddable":true,"href":"https:\/\/www.grieta.org.mx\/index.php\/wp-json\/wp\/v2\/media\/65890"}],"wp:attachment":[{"href":"https:\/\/www.grieta.org.mx\/index.php\/wp-json\/wp\/v2\/media?parent=65889"}],"wp:term":[{"taxonomy":"category","embeddable":true,"href":"https:\/\/www.grieta.org.mx\/index.php\/wp-json\/wp\/v2\/categories?post=65889"},{"taxonomy":"post_tag","embeddable":true,"href":"https:\/\/www.grieta.org.mx\/index.php\/wp-json\/wp\/v2\/tags?post=65889"}],"curies":[{"name":"wp","href":"https:\/\/api.w.org\/{rel}","templated":true}]}}