{"id":65875,"date":"2022-12-05T06:55:54","date_gmt":"2022-12-05T12:55:54","guid":{"rendered":"https:\/\/www.grieta.org.mx\/?p=65875"},"modified":"2022-12-07T07:08:21","modified_gmt":"2022-12-07T13:08:21","slug":"ejidatarios-de-hunucma-le-declaran-la-guerra-a-bachoco-la-tierra-es-de-quien-la-trabaja-dicen-yucatan","status":"publish","type":"post","link":"https:\/\/www.grieta.org.mx\/index.php\/2022\/12\/05\/ejidatarios-de-hunucma-le-declaran-la-guerra-a-bachoco-la-tierra-es-de-quien-la-trabaja-dicen-yucatan\/","title":{"rendered":"Ejidatarios de Hunucm\u00e1 le declaran la &#8220;guerra&#8221; a Bachoco: La tierra es de quien la trabaja, dicen (Yucat\u00e1n)"},"content":{"rendered":"<p>Didier Madera \/ Por Esto!<\/p>\n<p>Ejidatarios de Hunucm\u00e1 advirtieron a la empresa Bachoco que permanecer\u00e1n en la Estancia K para defender los cultivos que tienen desde hace m\u00e1s de una d\u00e9cada, incluso ya empezaron a cosechar c\u00edtricos y pl\u00e1tanos, y que \u201cla tierra es de quien la trabaja\u201d.<\/p>\n<p>Incluso, desconocieron los documentos de posesi\u00f3n de la tierra con n\u00famero catastral que datan del 2021, ya que en ese terreno llevan trabajando 12 a\u00f1os, luego de que fue abandonado en ese entonces por la empresa Kaki.<\/p>\n<p>En la reuni\u00f3n efectuada en el lugar, los ejidatarios demostraron que son propietarios de las parcelas y lo que antes fue un terreno bald\u00edo lleno de maleza y basura hoy es un \u00e1rea agr\u00edcola, con plantaciones de lim\u00f3n, naranja dulce, mandarina, guayaba, pl\u00e1tano, coco, papaya, ciruela, flor de mayo y cedro, entre otras especies comestibles y comerciables.<\/p>\n<p><img loading=\"lazy\" decoding=\"async\" data-attachment-id=\"65877\" data-permalink=\"https:\/\/www.grieta.org.mx\/index.php\/2022\/12\/05\/ejidatarios-de-hunucma-le-declaran-la-guerra-a-bachoco-la-tierra-es-de-quien-la-trabaja-dicen-yucatan\/hunucma2-2\/\" data-orig-file=\"https:\/\/www.grieta.org.mx\/wp-content\/uploads\/2022\/12\/Hunucma2-e1670418123950.jpg\" data-orig-size=\"800,410\" data-comments-opened=\"0\" data-image-meta=\"{&quot;aperture&quot;:&quot;0&quot;,&quot;credit&quot;:&quot;&quot;,&quot;camera&quot;:&quot;&quot;,&quot;caption&quot;:&quot;&quot;,&quot;created_timestamp&quot;:&quot;0&quot;,&quot;copyright&quot;:&quot;&quot;,&quot;focal_length&quot;:&quot;0&quot;,&quot;iso&quot;:&quot;0&quot;,&quot;shutter_speed&quot;:&quot;0&quot;,&quot;title&quot;:&quot;&quot;,&quot;orientation&quot;:&quot;1&quot;}\" data-image-title=\"Hunucma2\" data-image-description=\"\" data-image-caption=\"\" data-medium-file=\"https:\/\/www.grieta.org.mx\/wp-content\/uploads\/2022\/12\/Hunucma2-e1670418123950-300x154.jpg\" data-large-file=\"https:\/\/www.grieta.org.mx\/wp-content\/uploads\/2022\/12\/Hunucma2-1024x525.jpg\" src=\"http:\/\/www.grieta.org.mx\/wp-content\/uploads\/2022\/12\/Hunucma2-e1670418123950.jpg\" alt=\"\" width=\"800\" height=\"410\" class=\"alignnone size-full wp-image-65877\" srcset=\"https:\/\/www.grieta.org.mx\/wp-content\/uploads\/2022\/12\/Hunucma2-e1670418123950.jpg 800w, https:\/\/www.grieta.org.mx\/wp-content\/uploads\/2022\/12\/Hunucma2-e1670418123950-300x154.jpg 300w, https:\/\/www.grieta.org.mx\/wp-content\/uploads\/2022\/12\/Hunucma2-e1670418123950-768x394.jpg 768w\" sizes=\"auto, (max-width: 800px) 100vw, 800px\" \/><\/p>\n<p>Asimismo, se constat\u00f3 que ya empezaron a cosechar pl\u00e1tano y lim\u00f3n, lo que demuestra que est\u00e1n trabajando, por lo que al un\u00edsono gritaron: \u201c\u00a1Nadie nos va a sacar!\u201d<\/p>\n<p>    \u201cNo se vale, \u00bfc\u00f3mo te va a sacar Bachoco si estamos trabajando? Y si lo intentan no lo vamos a permitir\u201d, aseguraron.<\/p>\n<p>Aunque en ocasiones son intimidados por personal de la empresa, as\u00ed como por elementos de la Polic\u00eda Municipal, dijeron que \u201cno s\u00e9 qu\u00e9 va a pasar, pero no nos vamos a quitar, no vamos a abandonar m\u00e1s de 10 a\u00f1os de trabajo\u201d.<\/p>\n<p>Adem\u00e1s, muchos han invertido en poner tomas de agua para regar sus sembrad\u00edos, al mismo tiempo que constantemente trabajan para quitar la maleza.<\/p>\n<p>El vocero de los ejidatarios afectados, Luis Ek, asever\u00f3 que la Estaci\u00f3n K tiene una extensi\u00f3n de 24 hect\u00e1reas, terreno que el 2010 fue abandonado por la empresa Kaki, actualmente en el lugar hay injertos de cerca de 160 familias.<\/p>\n<p>Anunci\u00f3 que ante la desidia de la alcaldesa Edna Franco Ceballos se asesorar\u00e1n jur\u00eddicamente para defender las tierras ejidales que les pertenecen, y ante el recientemente documento que se les entreg\u00f3, acudir\u00e1n primeramente al Catastro para constatar su validez y empezar a investigar c\u00f3mo es que les dieron el acta.<\/p>\n<p><img loading=\"lazy\" decoding=\"async\" data-attachment-id=\"65878\" data-permalink=\"https:\/\/www.grieta.org.mx\/index.php\/2022\/12\/05\/ejidatarios-de-hunucma-le-declaran-la-guerra-a-bachoco-la-tierra-es-de-quien-la-trabaja-dicen-yucatan\/hunucma3\/\" data-orig-file=\"https:\/\/www.grieta.org.mx\/wp-content\/uploads\/2022\/12\/Hunucma3-e1670418237969.jpg\" data-orig-size=\"800,407\" data-comments-opened=\"0\" data-image-meta=\"{&quot;aperture&quot;:&quot;0&quot;,&quot;credit&quot;:&quot;&quot;,&quot;camera&quot;:&quot;&quot;,&quot;caption&quot;:&quot;&quot;,&quot;created_timestamp&quot;:&quot;0&quot;,&quot;copyright&quot;:&quot;&quot;,&quot;focal_length&quot;:&quot;0&quot;,&quot;iso&quot;:&quot;0&quot;,&quot;shutter_speed&quot;:&quot;0&quot;,&quot;title&quot;:&quot;&quot;,&quot;orientation&quot;:&quot;1&quot;}\" data-image-title=\"Hunucma3\" data-image-description=\"\" data-image-caption=\"\" data-medium-file=\"https:\/\/www.grieta.org.mx\/wp-content\/uploads\/2022\/12\/Hunucma3-e1670418237969-300x153.jpg\" data-large-file=\"https:\/\/www.grieta.org.mx\/wp-content\/uploads\/2022\/12\/Hunucma3-1024x520.jpg\" src=\"http:\/\/www.grieta.org.mx\/wp-content\/uploads\/2022\/12\/Hunucma3-e1670418237969.jpg\" alt=\"\" width=\"800\" height=\"407\" class=\"alignnone size-full wp-image-65878\" srcset=\"https:\/\/www.grieta.org.mx\/wp-content\/uploads\/2022\/12\/Hunucma3-e1670418237969.jpg 800w, https:\/\/www.grieta.org.mx\/wp-content\/uploads\/2022\/12\/Hunucma3-e1670418237969-300x153.jpg 300w, https:\/\/www.grieta.org.mx\/wp-content\/uploads\/2022\/12\/Hunucma3-e1670418237969-768x391.jpg 768w\" sizes=\"auto, (max-width: 800px) 100vw, 800px\" \/><\/p>\n<p>Tambi\u00e9n se contempla de acudir a la Procurar\u00eda Agraria (PA) y al Registro Agrario Nacional (RAN) para luego proceder conforme a la Ley. Asever\u00f3 que el patrimonio de cerca de 500 familias de Hunucm\u00e1 est\u00e1 en riesgo por el \u201cexpansionismo\u201d de la empresa Bachoco, que se ha apoderado de cerca del 25 por ciento de la cabecera municipal.<\/p>\n<p>La iniciativa privada construy\u00f3 muros para apoderarse de calles que cuentan con alumbrado p\u00fablico, as\u00ed como parques e incluso, del casco de una hacienda.<\/p>\n<p>Los ejidatarios manifestaron que dicha compa\u00f1\u00eda se apoder\u00f3 de cerca de 200 hect\u00e1reas de varias colonias, tal es el caso de San Vicente, Estancia K, San Juan, San Eduardo, San Rom\u00e1n, y Tres Reyes, entre otras, piden una indemnizaci\u00f3n o que les devuelvan los terrenos, y de no tener una pronta respuesta est\u00e1n dispuestos a derribar los muros.<\/p>\n<p>Acudieron con el expresidente municipal Roberto Villafa\u00f1a, quien durante su trienio 2001-2004 construy\u00f3 una calle de terracer\u00eda, aprovechando que hab\u00eda postes de alumbrado p\u00fablico, pero estas v\u00edas p\u00fablicas fueron bardeadas. <\/p>\n<p><a href=\"https:\/\/www.poresto.net\/yucatan\/2022\/12\/5\/ejidatarios-de-hunucma-le-declaran-la-guerra-bachoco-la-tierra-es-de-quien-la-trabaja-dicen-362243.html\" rel=\"noopener\" target=\"_blank\">https:\/\/www.poresto.net\/yucatan\/2022\/12\/5\/ejidatarios-de-hunucma-le-declaran-la-guerra-bachoco-la-tierra-es-de-quien-la-trabaja-dicen-362243.html<\/a><\/p>\n","protected":false},"excerpt":{"rendered":"<p>Didier Madera \/ Por Esto! Ejidatarios de Hunucm\u00e1 advirtieron a la empresa Bachoco que permanecer\u00e1n en la Estancia K para defender los cultivos que tienen desde hace m\u00e1s de una &hellip; <a href=\"https:\/\/www.grieta.org.mx\/index.php\/2022\/12\/05\/ejidatarios-de-hunucma-le-declaran-la-guerra-a-bachoco-la-tierra-es-de-quien-la-trabaja-dicen-yucatan\/\" class=\"more-link\">Leer m\u00e1s<\/a><\/p>\n","protected":false},"author":2,"featured_media":65876,"comment_status":"closed","ping_status":"closed","sticky":false,"template":"","format":"standard","meta":{"ngg_post_thumbnail":0,"_jetpack_newsletter_access":"","_jetpack_dont_email_post_to_subs":false,"_jetpack_newsletter_tier_id":0,"_jetpack_memberships_contains_paywalled_content":false,"_jetpack_memberships_contains_paid_content":false,"footnotes":""},"categories":[42,80,1020,1023,3,922,952,2,36],"tags":[281,2311,175,2946,3779],"class_list":["post-65875","post","type-post","status-publish","format-standard","has-post-thumbnail","hentry","category-agroindustria","category-cintillo","category-granja-porcicola","category-lucha-contra-granja-porcicola","category-megaproyectos","category-megaproyectos-estados","category-mp-yucatan","category-noticias-nacionales","category-yucatan","tag-agroindustria","tag-despojo-de-tierras","tag-ejidatarios","tag-granja","tag-granja-avicola","entry"],"jetpack_featured_media_url":"https:\/\/www.grieta.org.mx\/wp-content\/uploads\/2022\/12\/Hunucma-e1670418009641.jpg","jetpack_sharing_enabled":true,"jetpack_shortlink":"https:\/\/wp.me\/p7ZJR4-h8v","jetpack_likes_enabled":false,"jetpack-related-posts":[{"id":68296,"url":"https:\/\/www.grieta.org.mx\/index.php\/2024\/01\/08\/bachoco-continua-bloqueo-contra-campesinos-a-tierras-ejidales-en-hunucma-yucatan\/","url_meta":{"origin":65875,"position":0},"title":"Bachoco contin\u00faa bloqueo contra campesinos a tierras ejidales en Hunucm\u00e1 (Yucat\u00e1n)","author":"grieta","date":"8 enero, 2024","format":false,"excerpt":"Armando P\u00e9rez \/ Por Esto! Luego de fallar en su intento de cercar un camino en San Eduardo, Bachoco no parece dispuesto cesar en su intento de limitar el acceso a tierras ejidales en Hunucm\u00e1, cuyos propietarios habitan y trabajan ah\u00ed todos los d\u00edas. Como POR ESTO!, inform\u00f3, la productora\u2026","rel":"","context":"En &quot;Agroindustria&quot;","block_context":{"text":"Agroindustria","link":"https:\/\/www.grieta.org.mx\/index.php\/category\/megaproyectos\/agroindustria\/"},"img":{"alt_text":"","src":"https:\/\/i0.wp.com\/www.grieta.org.mx\/wp-content\/uploads\/2024\/01\/Bachoco-e1704992026145.jpg?resize=350%2C200&ssl=1","width":350,"height":200,"srcset":"https:\/\/i0.wp.com\/www.grieta.org.mx\/wp-content\/uploads\/2024\/01\/Bachoco-e1704992026145.jpg?resize=350%2C200&ssl=1 1x, https:\/\/i0.wp.com\/www.grieta.org.mx\/wp-content\/uploads\/2024\/01\/Bachoco-e1704992026145.jpg?resize=525%2C300&ssl=1 1.5x, https:\/\/i0.wp.com\/www.grieta.org.mx\/wp-content\/uploads\/2024\/01\/Bachoco-e1704992026145.jpg?resize=700%2C400&ssl=1 2x"},"classes":[]},{"id":66899,"url":"https:\/\/www.grieta.org.mx\/index.php\/2023\/05\/03\/vecinos-de-hunucma-se-organizan-para-defenderse-de-bachoco-los-respaldan-organizaciones-yucatan\/","url_meta":{"origin":65875,"position":1},"title":"Vecinos de Hunucm\u00e1 se organizan para defenderse de Bachoco; los respaldan organizaciones (Yucat\u00e1n)","author":"grieta","date":"3 mayo, 2023","format":false,"excerpt":"Jos\u00e9 Luis L\u00f3pez Quintal \/ Por Esto! Ante los continuos cierres de calles e invasi\u00f3n de terrenos por parte de Bachoco en horas de la noche o la madrugada y la desidia de las autoridades municipales encabezadas por la alcaldesa Edna Marisa Franco Ceballos, vecinos de la colonia San Eduardo,\u2026","rel":"","context":"En &quot;Agroindustria&quot;","block_context":{"text":"Agroindustria","link":"https:\/\/www.grieta.org.mx\/index.php\/category\/megaproyectos\/agroindustria\/"},"img":{"alt_text":"","src":"https:\/\/i0.wp.com\/www.grieta.org.mx\/wp-content\/uploads\/2023\/05\/Hunucma-e1683341213286.jpg?resize=350%2C200&ssl=1","width":350,"height":200,"srcset":"https:\/\/i0.wp.com\/www.grieta.org.mx\/wp-content\/uploads\/2023\/05\/Hunucma-e1683341213286.jpg?resize=350%2C200&ssl=1 1x, https:\/\/i0.wp.com\/www.grieta.org.mx\/wp-content\/uploads\/2023\/05\/Hunucma-e1683341213286.jpg?resize=525%2C300&ssl=1 1.5x, https:\/\/i0.wp.com\/www.grieta.org.mx\/wp-content\/uploads\/2023\/05\/Hunucma-e1683341213286.jpg?resize=700%2C400&ssl=1 2x"},"classes":[]},{"id":65724,"url":"https:\/\/www.grieta.org.mx\/index.php\/2022\/11\/16\/bachoco-se-aduena-del-25-del-municipio-de-hunucma-yucatan\/","url_meta":{"origin":65875,"position":2},"title":"Bachoco se adue\u00f1a del 25% del municipio de Hunucm\u00e1 (Yucat\u00e1n)","author":"grieta","date":"16 noviembre, 2022","format":false,"excerpt":"D\u00eddier Madera- Jos\u00e9 L\u00f3pez Quintal \/ Fotos Mart\u00edn Zetina \/ Por Esto! El patrimonio de cerca de 500 familias de Hunucm\u00e1 est\u00e1 en riesgo debido a la ambici\u00f3n de la empresa Bachoco, que se ha apoderado de cerca del 25 por ciento de la cabecera municipal, denunciaron ejidatarios. La voracidad\u2026","rel":"","context":"En &quot;Agroindustria&quot;","block_context":{"text":"Agroindustria","link":"https:\/\/www.grieta.org.mx\/index.php\/category\/megaproyectos\/agroindustria\/"},"img":{"alt_text":"","src":"https:\/\/i0.wp.com\/www.grieta.org.mx\/wp-content\/uploads\/2022\/11\/Bachoco-e1668954388230.jpg?resize=350%2C200&ssl=1","width":350,"height":200,"srcset":"https:\/\/i0.wp.com\/www.grieta.org.mx\/wp-content\/uploads\/2022\/11\/Bachoco-e1668954388230.jpg?resize=350%2C200&ssl=1 1x, https:\/\/i0.wp.com\/www.grieta.org.mx\/wp-content\/uploads\/2022\/11\/Bachoco-e1668954388230.jpg?resize=525%2C300&ssl=1 1.5x, https:\/\/i0.wp.com\/www.grieta.org.mx\/wp-content\/uploads\/2022\/11\/Bachoco-e1668954388230.jpg?resize=700%2C400&ssl=1 2x"},"classes":[]},{"id":68457,"url":"https:\/\/www.grieta.org.mx\/index.php\/2024\/02\/04\/bachoco-amenaza-con-desaparecer-a-ejidatario-de-yucatan-para-despojarlo-de-sus-tierras\/","url_meta":{"origin":65875,"position":3},"title":"Bachoco amenaza con desaparecer a ejidatario de Yucat\u00e1n para despojarlo de sus tierras","author":"grieta","date":"4 febrero, 2024","format":false,"excerpt":"Texto: Claudia V. Arriaga Dur\u00e1n \/ Fotos: Miguel \u00c1ngel Ceh Pacheco \/ Pie de P\u00e1gina Ocho empleados de la av\u00edcola Bachoco ingresaron a la tierra de Miguel \u00c1ngel para golpearlo e intentar secuestrarlo. Miguel vive en Hunucm\u00e1, y tambi\u00e9n es defensor del territorio y los recursos naturales de estos ejidos\u2026","rel":"","context":"En &quot;Agresiones y amenazas a defensor@s de derechos humanos y activistas en Yucat\u00e1n&quot;","block_context":{"text":"Agresiones y amenazas a defensor@s de derechos humanos y activistas en Yucat\u00e1n","link":"https:\/\/www.grieta.org.mx\/index.php\/category\/noticias-nacionales\/yucatan\/ataques-a-defensors-de-derechos-humanos-en-yucatan\/"},"img":{"alt_text":"","src":"https:\/\/i0.wp.com\/www.grieta.org.mx\/wp-content\/uploads\/2024\/02\/Bachoco-e1707159604274.jpg?resize=350%2C200&ssl=1","width":350,"height":200,"srcset":"https:\/\/i0.wp.com\/www.grieta.org.mx\/wp-content\/uploads\/2024\/02\/Bachoco-e1707159604274.jpg?resize=350%2C200&ssl=1 1x, https:\/\/i0.wp.com\/www.grieta.org.mx\/wp-content\/uploads\/2024\/02\/Bachoco-e1707159604274.jpg?resize=525%2C300&ssl=1 1.5x, https:\/\/i0.wp.com\/www.grieta.org.mx\/wp-content\/uploads\/2024\/02\/Bachoco-e1707159604274.jpg?resize=700%2C400&ssl=1 2x"},"classes":[]},{"id":68379,"url":"https:\/\/www.grieta.org.mx\/index.php\/2024\/01\/17\/hunucma-el-pueblo-indigena-en-guerra-contra-empresa-avicola-en-yucatan-reporta-agresiones\/","url_meta":{"origin":65875,"position":4},"title":"Hunucm\u00e1, el pueblo ind\u00edgena en guerra contra empresa av\u00edcola en Yucat\u00e1n; reporta agresiones","author":"grieta","date":"17 enero, 2024","format":false,"excerpt":"CLAUDIA ARRIAGA \/ CORRESPONSAL \/ La Silla Rota Hunucm\u00e1.- Hace 40 a\u00f1os que el pueblo de Hunucm\u00e1, en Yucat\u00e1n, lucha contra el despojo de sus tierras y la contaminaci\u00f3n de las industrias que se instalan en sus periferias. Un ejemplo son las agresiones de la empresa av\u00edcola Bachoco en contra\u2026","rel":"","context":"En &quot;Agroindustria&quot;","block_context":{"text":"Agroindustria","link":"https:\/\/www.grieta.org.mx\/index.php\/category\/megaproyectos\/agroindustria\/"},"img":{"alt_text":"","src":"https:\/\/i0.wp.com\/www.grieta.org.mx\/wp-content\/uploads\/2024\/01\/Hunucma-e1706290453524.jpg?resize=350%2C200&ssl=1","width":350,"height":200,"srcset":"https:\/\/i0.wp.com\/www.grieta.org.mx\/wp-content\/uploads\/2024\/01\/Hunucma-e1706290453524.jpg?resize=350%2C200&ssl=1 1x, https:\/\/i0.wp.com\/www.grieta.org.mx\/wp-content\/uploads\/2024\/01\/Hunucma-e1706290453524.jpg?resize=525%2C300&ssl=1 1.5x, https:\/\/i0.wp.com\/www.grieta.org.mx\/wp-content\/uploads\/2024\/01\/Hunucma-e1706290453524.jpg?resize=700%2C400&ssl=1 2x"},"classes":[]},{"id":69869,"url":"https:\/\/www.grieta.org.mx\/index.php\/2024\/09\/26\/granja-quiere-comprar-a-ejidatarios-para-despojar-sus-tierras-en-chapab-yucatan\/","url_meta":{"origin":65875,"position":5},"title":"Granja quiere comprar a ejidatarios para despojar sus tierras en Chapab  (Yucat\u00e1n)","author":"grieta","date":"26 septiembre, 2024","format":false,"excerpt":"Paloma Reyes \/ Haz Ruido Activistas y pobladores mayas denuncian que la empresa porc\u00edcola interviene en la elecci\u00f3n de comisario ejidal para tratar de apoderarse de su territorio y agua. Chapab, Yucat\u00e1n, 26 de septiembre de 2024.-Activistas y ejidatarios del pueblo maya de Chapab acusan que la empresa Grupo Porc\u00edcola\u2026","rel":"","context":"En &quot;Agroindustria&quot;","block_context":{"text":"Agroindustria","link":"https:\/\/www.grieta.org.mx\/index.php\/category\/megaproyectos\/agroindustria\/"},"img":{"alt_text":"","src":"https:\/\/i0.wp.com\/www.grieta.org.mx\/wp-content\/uploads\/2024\/09\/Chapab-e1727486329752.jpg?resize=350%2C200&ssl=1","width":350,"height":200,"srcset":"https:\/\/i0.wp.com\/www.grieta.org.mx\/wp-content\/uploads\/2024\/09\/Chapab-e1727486329752.jpg?resize=350%2C200&ssl=1 1x, https:\/\/i0.wp.com\/www.grieta.org.mx\/wp-content\/uploads\/2024\/09\/Chapab-e1727486329752.jpg?resize=525%2C300&ssl=1 1.5x, https:\/\/i0.wp.com\/www.grieta.org.mx\/wp-content\/uploads\/2024\/09\/Chapab-e1727486329752.jpg?resize=700%2C400&ssl=1 2x"},"classes":[]}],"_links":{"self":[{"href":"https:\/\/www.grieta.org.mx\/index.php\/wp-json\/wp\/v2\/posts\/65875","targetHints":{"allow":["GET"]}}],"collection":[{"href":"https:\/\/www.grieta.org.mx\/index.php\/wp-json\/wp\/v2\/posts"}],"about":[{"href":"https:\/\/www.grieta.org.mx\/index.php\/wp-json\/wp\/v2\/types\/post"}],"author":[{"embeddable":true,"href":"https:\/\/www.grieta.org.mx\/index.php\/wp-json\/wp\/v2\/users\/2"}],"replies":[{"embeddable":true,"href":"https:\/\/www.grieta.org.mx\/index.php\/wp-json\/wp\/v2\/comments?post=65875"}],"version-history":[{"count":1,"href":"https:\/\/www.grieta.org.mx\/index.php\/wp-json\/wp\/v2\/posts\/65875\/revisions"}],"predecessor-version":[{"id":65880,"href":"https:\/\/www.grieta.org.mx\/index.php\/wp-json\/wp\/v2\/posts\/65875\/revisions\/65880"}],"wp:featuredmedia":[{"embeddable":true,"href":"https:\/\/www.grieta.org.mx\/index.php\/wp-json\/wp\/v2\/media\/65876"}],"wp:attachment":[{"href":"https:\/\/www.grieta.org.mx\/index.php\/wp-json\/wp\/v2\/media?parent=65875"}],"wp:term":[{"taxonomy":"category","embeddable":true,"href":"https:\/\/www.grieta.org.mx\/index.php\/wp-json\/wp\/v2\/categories?post=65875"},{"taxonomy":"post_tag","embeddable":true,"href":"https:\/\/www.grieta.org.mx\/index.php\/wp-json\/wp\/v2\/tags?post=65875"}],"curies":[{"name":"wp","href":"https:\/\/api.w.org\/{rel}","templated":true}]}}