{"id":65814,"date":"2022-11-23T10:59:44","date_gmt":"2022-11-23T16:59:44","guid":{"rendered":"https:\/\/www.grieta.org.mx\/?p=65814"},"modified":"2022-11-27T11:13:16","modified_gmt":"2022-11-27T17:13:16","slug":"rompe-record-gobierno-de-vizcaino-alcanza-cifra-historica-de-personas-desaparecidas-colima","status":"publish","type":"post","link":"https:\/\/www.grieta.org.mx\/index.php\/2022\/11\/23\/rompe-record-gobierno-de-vizcaino-alcanza-cifra-historica-de-personas-desaparecidas-colima\/","title":{"rendered":"Rompe r\u00e9cord gobierno de Vizca\u00edno: alcanza cifra hist\u00f3rica de personas desaparecidas (Colima)"},"content":{"rendered":"<p>Imagen: Diario Avanzada<\/p>\n<p>Redacci\u00f3n \/ Diario Avanzada<\/p>\n<p>Colima, M\u00e9xico, Avanzada (19\/11\/2022).-\u00a0Adem\u00e1s de contar n\u00fameros elevados de inseguridad en materia de homicidios dolosos en la historia de Colima, el gobierno de Indira Vizca\u00edno Silva tiene la cifra negativa m\u00e1s alta de la historia, con la mayor cantidad de personas desaparecidas en la entidad; los colimenses sufren la indolencia e ineptitud de las autoridades por encontrar a las personas de cientos de familias que lloran el extrav\u00edo de alg\u00fan integrante.<\/p>\n<p>El problema lo reconoce Francisco Javier Almaz\u00e1n Torres, vocero de la Mesa de Coordinaci\u00f3n Estatal para la Construcci\u00f3n de la Paz y la Seguridad del Estado, quien acept\u00f3 que en este a\u00f1o se ha superado el r\u00e9cord de personas desaparecidas, report\u00e1ndose m\u00e1s de 645 personas no localizadas, cifra superior a la de cualquier otro a\u00f1o.<\/p>\n<p>El a\u00f1o 2017 ten\u00eda el n\u00famero m\u00e1s alto de personas desaparecidas, 579; sin embargo este 2022 ya van al menos 66 personas de las que no se sabe su paradero; y a\u00fan no concluye el a\u00f1o, por lo que entre este mes de noviembre y el siguiente, antes de cerrar la anualidad, la cifra podr\u00eda incrementarse a\u00fan m\u00e1s.<\/p>\n<p>Datos oficiales arrojan que este a\u00f1o, 218 de las personas desaparecidas eran mujeres, de las cuales 93 ya fueron localizadas, pero m\u00e1s de la mitad, 125, son casos sin concluir, todav\u00eda permanecen extraviadas. Sucede lo mismo con los hombres: 133 ya fueron localizados y 294 a\u00fan permanecen sin rastro.<\/p>\n<p>De las cifras anteriores, faltar\u00eda advertir cu\u00e1les personas fueron encontradas con vida y cu\u00e1ntas no, adem\u00e1s de tomar en cuenta que es informaci\u00f3n oficial, por lo que la gravedad podr\u00eda ser todav\u00eda mayor, como lo han denunciado diferentes organizaciones de la sociedad civil. El colectivo de B\u00fasqueda de Personas Desaparecidas en Tecom\u00e1n denunci\u00f3 que hasta agosto pasado, s\u00f3lo en ese municipio hab\u00eda 183 personas desaparecidas.<\/p>\n<p>El argumento que dio el\u00a0 tambi\u00e9n visefiscal, Almaz\u00e1n Torres, fue que tanto el incremento de la inseguridad es porque Colima \u201cest\u00e1 viviendo un ambiente de hostilidad entre los c\u00e1rteles incrustados en el estado\u201d, pero asegur\u00f3 que continuar\u00e1n los trabajos para evitar delitos y desapariciones.<\/p>\n<p>Mientras, es probable que el tiempo en encontrar a las personas desaparecidas, y la agon\u00eda que viven sus familiares, se prolongue por mucho tiempo m\u00e1s, pues en la entidad s\u00f3lo ocho agentes del Ministerio P\u00fablico son los responsables de investigar las m\u00e1s de mil 500 denuncias que existen por desaparici\u00f3n.<\/p>\n<p>Candelaria Ochoa Pizano, integrante del colectivo de B\u00fasqueda de Personas Desaparecidas en Tecom\u00e1n, reconoci\u00f3 semanas atr\u00e1s que el n\u00famero de agentes investigadores detiene los trabajos para localizar a las v\u00edctimas, \u201cpues no se dan abasto con tanto\u201d.<\/p>\n<p>Pero las personas desaparecidas no son n\u00fameros sino seres humanos. \u201cLas desapariciones son un problema que nos afecta a todos y a todas, porque no puede existir un estado de derecho en una sociedad en las que las personas desaparecen de forma reiterada, porque hoy buscamos a nuestro hijos e hijas, pero ma\u00f1ana puede que te busquemos a ti\u201d, expusieron los familiares en el Jard\u00edn Libertad de Colima, al conmemorar en agosto pasado el d\u00eda internacional de las v\u00edctimas de desapariciones forzadas.<\/p>\n<p><a href=\"https:\/\/www.diarioavanzada.com.mx\/?p=38141\">https:\/\/www.diarioavanzada.com.mx\/?p=38141<\/a><\/p>\n","protected":false},"excerpt":{"rendered":"<p>Imagen: Diario Avanzada Redacci\u00f3n \/ Diario Avanzada Colima, M\u00e9xico, Avanzada (19\/11\/2022).-\u00a0Adem\u00e1s de contar n\u00fameros elevados de inseguridad en materia de homicidios dolosos en la historia de Colima, el gobierno de &hellip; <a href=\"https:\/\/www.grieta.org.mx\/index.php\/2022\/11\/23\/rompe-record-gobierno-de-vizcaino-alcanza-cifra-historica-de-personas-desaparecidas-colima\/\" class=\"more-link\">Leer m\u00e1s<\/a><\/p>\n","protected":false},"author":2,"featured_media":65815,"comment_status":"closed","ping_status":"closed","sticky":false,"template":"","format":"standard","meta":{"ngg_post_thumbnail":0,"_jetpack_newsletter_access":"","_jetpack_dont_email_post_to_subs":false,"_jetpack_newsletter_tier_id":0,"_jetpack_memberships_contains_paywalled_content":false,"_jetpack_memberships_contains_paid_content":false,"footnotes":""},"categories":[80,13,87,1829,2,83],"tags":[3700,121,3775],"class_list":["post-65814","post","type-post","status-publish","format-standard","has-post-thumbnail","hentry","category-cintillo","category-colima","category-desaparecidos","category-desaparecidos-en-colima","category-noticias-nacionales","category-temas-nacionales","tag-aumento-desaparecidos","tag-desaparecidos","tag-estadisticas-de-desaparecidos","entry"],"jetpack_featured_media_url":"https:\/\/www.grieta.org.mx\/wp-content\/uploads\/2022\/11\/image-154.png","jetpack_sharing_enabled":true,"jetpack_shortlink":"https:\/\/wp.me\/p7ZJR4-h7w","jetpack_likes_enabled":false,"jetpack-related-posts":[{"id":64403,"url":"https:\/\/www.grieta.org.mx\/index.php\/2022\/06\/06\/rebasa-colima-la-cifra-de-cuatro-mil-personas-desaparecidas\/","url_meta":{"origin":65814,"position":0},"title":"Rebasa Colima la cifra de cuatro mil personas desaparecidas","author":"grieta","date":"6 junio, 2022","format":false,"excerpt":"Imagen: Diario Avanzada Redacci\u00f3n \/ Diario Avanzada Colima, M\u00e9xico, Avanzada (06\/06\/2022).- Colima lleg\u00f3 a la cifra de 4 mil 011 personas desaparecidas, de las que 2 mil 562 (63.87 por ciento) han sido localizadas, 2 mil 339 con vida y 223 sin vida, de acuerdo con datos del Registro Nacional\u2026","rel":"","context":"En &quot;CINTILLO&quot;","block_context":{"text":"CINTILLO","link":"https:\/\/www.grieta.org.mx\/index.php\/category\/cintillo\/"},"img":{"alt_text":"","src":"https:\/\/i0.wp.com\/www.grieta.org.mx\/wp-content\/uploads\/2022\/06\/image-7-1024x1024-1.png?resize=350%2C200&ssl=1","width":350,"height":200,"srcset":"https:\/\/i0.wp.com\/www.grieta.org.mx\/wp-content\/uploads\/2022\/06\/image-7-1024x1024-1.png?resize=350%2C200&ssl=1 1x, https:\/\/i0.wp.com\/www.grieta.org.mx\/wp-content\/uploads\/2022\/06\/image-7-1024x1024-1.png?resize=525%2C300&ssl=1 1.5x, https:\/\/i0.wp.com\/www.grieta.org.mx\/wp-content\/uploads\/2022\/06\/image-7-1024x1024-1.png?resize=700%2C400&ssl=1 2x"},"classes":[]},{"id":49946,"url":"https:\/\/www.grieta.org.mx\/index.php\/2020\/05\/25\/imparable-cifra-de-desaparecidos-en-colima-superaria-los-750\/","url_meta":{"origin":65814,"position":1},"title":"Imparable, cifra de desaparecidos en Colima superar\u00eda los 750 (Colima)","author":"grieta","date":"25 mayo, 2020","format":false,"excerpt":"Foto: Diario Avanzada Heidi de Le\u00f3n Guti\u00e9rrez \/ Diario Avanzada Colima,\u00a0 M\u00e9xico, Avanzada (25\/05\/2020).- En Colima, el n\u00famero de desaparecido va en aumento y aunque no existe una cifra oficial p\u00fablica, \u00e9sta podr\u00eda superar las 750 personas. Lo anterior fue se\u00f1alado por la integrante del Comit\u00e9 de B\u00fasqueda de Personas\u2026","rel":"","context":"En &quot;CINTILLO&quot;","block_context":{"text":"CINTILLO","link":"https:\/\/www.grieta.org.mx\/index.php\/category\/cintillo\/"},"img":{"alt_text":"","src":"https:\/\/i0.wp.com\/www.grieta.org.mx\/wp-content\/uploads\/2020\/05\/97545289_1318113668398545_3799757665555447808_n.jpg?resize=350%2C200&ssl=1","width":350,"height":200,"srcset":"https:\/\/i0.wp.com\/www.grieta.org.mx\/wp-content\/uploads\/2020\/05\/97545289_1318113668398545_3799757665555447808_n.jpg?resize=350%2C200&ssl=1 1x, https:\/\/i0.wp.com\/www.grieta.org.mx\/wp-content\/uploads\/2020\/05\/97545289_1318113668398545_3799757665555447808_n.jpg?resize=525%2C300&ssl=1 1.5x, https:\/\/i0.wp.com\/www.grieta.org.mx\/wp-content\/uploads\/2020\/05\/97545289_1318113668398545_3799757665555447808_n.jpg?resize=700%2C400&ssl=1 2x"},"classes":[]},{"id":52037,"url":"https:\/\/www.grieta.org.mx\/index.php\/2020\/07\/16\/aparecen-los-desaparecidos-actualizan-cifra-y-reportan-casi-50-mas-colima\/","url_meta":{"origin":65814,"position":2},"title":"\u201cAparecen\u201d los desaparecidos, actualizan cifra y reportan casi 50% m\u00e1s (Colima)","author":"grieta","date":"16 julio, 2020","format":false,"excerpt":"Foto: Diario Avanzada Heidi de Le\u00f3n Guti\u00e9rrez \/ Diario Avanzada Colima, M\u00e9xico, Avanzada (16\/07\/2020).- El problema de los desaparecidos en Colima es m\u00e1s grave de lo que se hab\u00eda revelado. La cifra actualizada es casi 100 por ciento superior a los n\u00fameros oficiales ofrecidos por la Fiscal\u00eda General del Estado\u2026","rel":"","context":"En &quot;CINTILLO&quot;","block_context":{"text":"CINTILLO","link":"https:\/\/www.grieta.org.mx\/index.php\/category\/cintillo\/"},"img":{"alt_text":"","src":"https:\/\/i0.wp.com\/www.grieta.org.mx\/wp-content\/uploads\/2020\/07\/48366159_2023989617714992_7934302650240073728_n.jpg?resize=350%2C200&ssl=1","width":350,"height":200,"srcset":"https:\/\/i0.wp.com\/www.grieta.org.mx\/wp-content\/uploads\/2020\/07\/48366159_2023989617714992_7934302650240073728_n.jpg?resize=350%2C200&ssl=1 1x, https:\/\/i0.wp.com\/www.grieta.org.mx\/wp-content\/uploads\/2020\/07\/48366159_2023989617714992_7934302650240073728_n.jpg?resize=525%2C300&ssl=1 1.5x, https:\/\/i0.wp.com\/www.grieta.org.mx\/wp-content\/uploads\/2020\/07\/48366159_2023989617714992_7934302650240073728_n.jpg?resize=700%2C400&ssl=1 2x"},"classes":[]},{"id":60736,"url":"https:\/\/www.grieta.org.mx\/index.php\/2021\/07\/23\/desaparecen-200-mas-personas-de-las-que-se-denuncian-ante-la-fiscalia-en-colima\/","url_meta":{"origin":65814,"position":3},"title":"Desaparecen 200% m\u00e1s personas de las que se denuncian ante la Fiscal\u00eda en Colima","author":"grieta","date":"23 julio, 2021","format":false,"excerpt":"Imagen: Diario Avanzada Heidi de Le\u00f3n Guti\u00e9rrez \/ Diario Avanzada Colima, M\u00e9xico, Avanzada (23\/07\/2021).- En Colima,\u00a0la desaparici\u00f3n de personas va en aumento en pr\u00e1cticamente todo el territorio estatal y tan s\u00f3lo en lo que va de este a\u00f1o se han presentado 80 denuncias aunque la cifra real podr\u00eda ser un\u2026","rel":"","context":"En &quot;CINTILLO&quot;","block_context":{"text":"CINTILLO","link":"https:\/\/www.grieta.org.mx\/index.php\/category\/cintillo\/"},"img":{"alt_text":"","src":"https:\/\/i0.wp.com\/www.grieta.org.mx\/wp-content\/uploads\/2021\/07\/image-88.png?resize=350%2C200&ssl=1","width":350,"height":200,"srcset":"https:\/\/i0.wp.com\/www.grieta.org.mx\/wp-content\/uploads\/2021\/07\/image-88.png?resize=350%2C200&ssl=1 1x, https:\/\/i0.wp.com\/www.grieta.org.mx\/wp-content\/uploads\/2021\/07\/image-88.png?resize=525%2C300&ssl=1 1.5x"},"classes":[]},{"id":4238,"url":"https:\/\/www.grieta.org.mx\/index.php\/2016\/09\/12\/desaparecidos-en-colima-2\/","url_meta":{"origin":65814,"position":4},"title":"Desaparecidos en Colima","author":"grieta","date":"12 septiembre, 2016","format":false,"excerpt":"12\/09\/16. Colima reporta 48 personas desaparecidas de enero a julio de este a\u00f1oDiario Avanzada 21\/07\/16. Madres de desaparecidos en Colima se unen a protesta en la CDMX y anuncian huelga de hambreDiario Avanzada 21\/03\/16. Colima tercer lugar nacional con mayor n\u00famero de desapariciones forzadas: PGRDiario Avanzada 06\/10\/15. Colima registra 140\u2026","rel":"","context":"En &quot;Colima&quot;","block_context":{"text":"Colima","link":"https:\/\/www.grieta.org.mx\/index.php\/category\/noticias-nacionales\/colima\/"},"img":{"alt_text":"","src":"https:\/\/i0.wp.com\/www.grieta.org.mx\/wp-content\/uploads\/2018\/03\/14524434_1106112876131411_958039263622046936_o.jpg?resize=350%2C200&ssl=1","width":350,"height":200,"srcset":"https:\/\/i0.wp.com\/www.grieta.org.mx\/wp-content\/uploads\/2018\/03\/14524434_1106112876131411_958039263622046936_o.jpg?resize=350%2C200&ssl=1 1x, https:\/\/i0.wp.com\/www.grieta.org.mx\/wp-content\/uploads\/2018\/03\/14524434_1106112876131411_958039263622046936_o.jpg?resize=525%2C300&ssl=1 1.5x, https:\/\/i0.wp.com\/www.grieta.org.mx\/wp-content\/uploads\/2018\/03\/14524434_1106112876131411_958039263622046936_o.jpg?resize=700%2C400&ssl=1 2x"},"classes":[]},{"id":64055,"url":"https:\/\/www.grieta.org.mx\/index.php\/2022\/04\/24\/en-colima-hay-mas-de-1700-personas-desaparecidas-y-la-fiscalia-vincula-a-proceso-solo-a-dos-personas-en-dos-meses\/","url_meta":{"origin":65814,"position":5},"title":"En Colima hay m\u00e1s de 1700 personas desaparecidas y la Fiscal\u00eda vincula a proceso s\u00f3lo a dos personas en dos meses","author":"grieta","date":"24 abril, 2022","format":false,"excerpt":"Imagen: Diario Avanzada Heidi de Le\u00f3n\u00a0 de Le\u00f3n Guti\u00e9rrez \/ Diario Avanzada Colima, M\u00e9xico, Avanzada (21\/04\/2022).- En los dos \u00faltimos meses, s\u00f3lo dos personas han sido vinculadas a proceso por su probable responsabilidad en el delito de desaparici\u00f3n de personas, lo que equivaldr\u00eda a una persona por mes. Lo anterior\u2026","rel":"","context":"En &quot;CINTILLO&quot;","block_context":{"text":"CINTILLO","link":"https:\/\/www.grieta.org.mx\/index.php\/category\/cintillo\/"},"img":{"alt_text":"","src":"https:\/\/i0.wp.com\/www.grieta.org.mx\/wp-content\/uploads\/2022\/04\/image-151.png?resize=350%2C200&ssl=1","width":350,"height":200,"srcset":"https:\/\/i0.wp.com\/www.grieta.org.mx\/wp-content\/uploads\/2022\/04\/image-151.png?resize=350%2C200&ssl=1 1x, https:\/\/i0.wp.com\/www.grieta.org.mx\/wp-content\/uploads\/2022\/04\/image-151.png?resize=525%2C300&ssl=1 1.5x"},"classes":[]}],"_links":{"self":[{"href":"https:\/\/www.grieta.org.mx\/index.php\/wp-json\/wp\/v2\/posts\/65814","targetHints":{"allow":["GET"]}}],"collection":[{"href":"https:\/\/www.grieta.org.mx\/index.php\/wp-json\/wp\/v2\/posts"}],"about":[{"href":"https:\/\/www.grieta.org.mx\/index.php\/wp-json\/wp\/v2\/types\/post"}],"author":[{"embeddable":true,"href":"https:\/\/www.grieta.org.mx\/index.php\/wp-json\/wp\/v2\/users\/2"}],"replies":[{"embeddable":true,"href":"https:\/\/www.grieta.org.mx\/index.php\/wp-json\/wp\/v2\/comments?post=65814"}],"version-history":[{"count":1,"href":"https:\/\/www.grieta.org.mx\/index.php\/wp-json\/wp\/v2\/posts\/65814\/revisions"}],"predecessor-version":[{"id":65816,"href":"https:\/\/www.grieta.org.mx\/index.php\/wp-json\/wp\/v2\/posts\/65814\/revisions\/65816"}],"wp:featuredmedia":[{"embeddable":true,"href":"https:\/\/www.grieta.org.mx\/index.php\/wp-json\/wp\/v2\/media\/65815"}],"wp:attachment":[{"href":"https:\/\/www.grieta.org.mx\/index.php\/wp-json\/wp\/v2\/media?parent=65814"}],"wp:term":[{"taxonomy":"category","embeddable":true,"href":"https:\/\/www.grieta.org.mx\/index.php\/wp-json\/wp\/v2\/categories?post=65814"},{"taxonomy":"post_tag","embeddable":true,"href":"https:\/\/www.grieta.org.mx\/index.php\/wp-json\/wp\/v2\/tags?post=65814"}],"curies":[{"name":"wp","href":"https:\/\/api.w.org\/{rel}","templated":true}]}}