{"id":6581,"date":"2015-11-23T00:44:55","date_gmt":"2015-11-23T00:44:55","guid":{"rendered":"http:\/\/50.22.11.12\/~grietaor\/?p=6581"},"modified":"2016-04-26T03:52:35","modified_gmt":"2016-04-26T03:52:35","slug":"denuncia-la-72-secuestro-masivo-de-migrantes","status":"publish","type":"post","link":"https:\/\/www.grieta.org.mx\/index.php\/2015\/11\/23\/denuncia-la-72-secuestro-masivo-de-migrantes\/","title":{"rendered":"Denuncia La 72 secuestro masivo de migrantes"},"content":{"rendered":"<p>Redacci\u00f3n Online Tabasco Hoy<\/p>\n<p>A trav\u00e9s de un comunicado difundido esta tarde por el refugio de migrantes La 72, y firmado por su fundador Fray Tom\u00e1s Gonz\u00e1lez Castillo, se denunci\u00f3 una alza en la violencia contra los indocumentados a su paso por Tabasco, destacando un \u201csecuestro masivo\u201d en la regi\u00f3n.<\/p>\n<p>De acuerdo al documento, el pasado 13 de noviembre se recibi\u00f3 en el refugio a tres personas de nacionalidad hondure\u00f1a, \u201cque tras pagar un rescate de 1,500 d\u00f3lares por persona fueron liberadas\u201d.<\/p>\n<p>Seg\u00fan el testimonio recabado por personal de La 72 se \u201cpone en evidencia un red articulada de secuestro masivo de personas migrantes que opera con total impunidad en la zona de C\u00e1rdenas, Tabasco\u201d.<\/p>\n<p>Seg\u00fan destaca Gonz\u00e1lez Castillo, autoridades ten\u00edan conocimiento de estos casos y similares, sin embargo no actuaron a favor de las v\u00edctimas, por lo que se\u00f1ala \u201cestar\u00edan implicadas autoridades federales y municipales\u201d en los hechos.<\/p>\n<p>Reciben amenaza de muerte<\/p>\n<p>Como parte del mismo comunicado, difundico desde sus retes sociales, hacen p\u00fablica una amenaza de muerte fechada el 14 de noviembre y dirigida a Fray Aurelio Tadeo Montero V\u00e1zquez.<\/p>\n<p>\u201cParte de nuestro equipo de trabajo estaba iniciando una reuni\u00f3n de urgencia con agentes del Ministerio P\u00fablico de la Federaci\u00f3n, de la Procuradur\u00eda General de la Rep\u00fablica (PGR), integrantes de la Comisi\u00f3n Nacional de Derechos Humanos (CNDH) de Tabasco y un miembro del CISEN, cuando Fray Aurelio atendi\u00f3 a las 11:53 horas la llamada de quien dijo ser el comandante \u00c1lvarez y pertenecer a la organizaci\u00f3n criminal \u201cLos Zetas\u201d. Al encontrarse presente personal de la PGR Fray Aurelio le pas\u00f3 la llamada a uno de los oficiales\u201d.<\/p>\n<p>Entre otras cosas, y de acuerdo al mismo comunicado, le ped\u00edan dinero a cambio de que la seguridad e integridad f\u00edsica de Fray Aurelio no sufriera da\u00f1o alguno.<\/p>\n<p>Urgen acci\u00f3n de autoridades<\/p>\n<p>Integrantes de La 72 aseguran que las v\u00edctimas han sido acompa\u00f1adas por ellos mismos a interponer las denuncias correspondientes ante la PGR y Fiscal\u00eda especializada en delitos contra migrantes del Estado de Tabasco y \u201ctanto a la Fiscal\u00eda como a la PGR hemos aportado las pruebas suficientes para que puedan generar los proceso necesarios e inmediatos para detener a los criminales que cometen dichos delitos\u201d.<\/p>\n<p>Por lo anterior hacen un llamado, al Estado para \u201cimplementar los mecanismos necesarios para que se accionen las Medidas cautelares que la CIDH le orden\u00f3 activar en beneficio nuestro y de la poblaci\u00f3n migrante\u201d.<\/p>\n<p><a href=\"http:\/\/www.tabascohoy.com\/2\/notas\/282390\/denuncia-la-72-secuestro-masivo-de-migrantes\" target=\"_blank\">http:\/\/www.tabascohoy.com\/2\/notas\/282390\/denuncia-la-72-secuestro-masivo-de-migrantes<\/a><\/p>\n","protected":false},"excerpt":{"rendered":"<p>Redacci\u00f3n Online Tabasco Hoy A trav\u00e9s de un comunicado difundido esta tarde por el refugio de migrantes La 72, y firmado por su fundador Fray Tom\u00e1s Gonz\u00e1lez Castillo, se denunci\u00f3 &hellip; <a href=\"https:\/\/www.grieta.org.mx\/index.php\/2015\/11\/23\/denuncia-la-72-secuestro-masivo-de-migrantes\/\" class=\"more-link\">Leer m\u00e1s<\/a><\/p>\n","protected":false},"author":2,"featured_media":21928,"comment_status":"closed","ping_status":"open","sticky":false,"template":"","format":"standard","meta":{"ngg_post_thumbnail":0,"_jetpack_newsletter_access":"","_jetpack_dont_email_post_to_subs":false,"_jetpack_newsletter_tier_id":0,"_jetpack_memberships_contains_paywalled_content":false,"_jetpack_memberships_contains_paid_content":false,"footnotes":""},"categories":[80,415],"tags":[158],"class_list":["post-6581","post","type-post","status-publish","format-standard","has-post-thumbnail","hentry","category-cintillo","category-tabasco","tag-migrantes","entry"],"jetpack_featured_media_url":"https:\/\/www.grieta.org.mx\/wp-content\/uploads\/2018\/03\/14524434_1106112876131411_958039263622046936_o.jpg","jetpack_sharing_enabled":true,"jetpack_shortlink":"https:\/\/wp.me\/p7ZJR4-1I9","jetpack_likes_enabled":false,"jetpack-related-posts":[{"id":6561,"url":"https:\/\/www.grieta.org.mx\/index.php\/2016\/08\/08\/6561\/","url_meta":{"origin":6581,"position":0},"title":"Migrantes en Tabasco","author":"grieta","date":"8 agosto, 2016","format":false,"excerpt":"08\/08\/16. Denuncian que polic\u00edas de Tabasco participan en secuestros de migrantesProceso 11\/03\/16. Denuncia albergue \u201cLa 72\u201d reactivaci\u00f3n de operativos anti migratorios en Tenosique Proceso 17\/12\/15. Exigen migrantes freno a secuestro masivo en Tabasco Tabasco Hoy 24\/11\/15. Refugio de migrantes La 72 en alto riesgo pese a medidas de la CIDH\u2026","rel":"","context":"En &quot;Migrantes&quot;","block_context":{"text":"Migrantes","link":"https:\/\/www.grieta.org.mx\/index.php\/category\/temas-nacionales\/migrantes\/"},"img":{"alt_text":"","src":"https:\/\/i0.wp.com\/www.grieta.org.mx\/wp-content\/uploads\/2018\/03\/14524434_1106112876131411_958039263622046936_o.jpg?resize=350%2C200&ssl=1","width":350,"height":200,"srcset":"https:\/\/i0.wp.com\/www.grieta.org.mx\/wp-content\/uploads\/2018\/03\/14524434_1106112876131411_958039263622046936_o.jpg?resize=350%2C200&ssl=1 1x, https:\/\/i0.wp.com\/www.grieta.org.mx\/wp-content\/uploads\/2018\/03\/14524434_1106112876131411_958039263622046936_o.jpg?resize=525%2C300&ssl=1 1.5x, https:\/\/i0.wp.com\/www.grieta.org.mx\/wp-content\/uploads\/2018\/03\/14524434_1106112876131411_958039263622046936_o.jpg?resize=700%2C400&ssl=1 2x"},"classes":[]},{"id":6555,"url":"https:\/\/www.grieta.org.mx\/index.php\/2015\/12\/17\/exigen-migrantes-freno-a-secuestro-masivo-en-tabasco\/","url_meta":{"origin":6581,"position":1},"title":"Exigen migrantes freno a secuestro masivo en Tabasco","author":"grieta","date":"17 diciembre, 2015","format":false,"excerpt":"Francisco Ol\u00e1n La caravana de Migrantes hizo presencia en la ciudad de Villahermosa, y exigi\u00f3 al Instituto Nacional de Migraci\u00f3n (INM), la Procuradur\u00eda General de la Rep\u00fablica (PGR) y Fiscal\u00eda de Tabasco (FGE), freno a los secuestros masivos de Migrantes. \u201cHay un repunte de violencia, tenemos muchos casos como de\u2026","rel":"","context":"En &quot;CINTILLO&quot;","block_context":{"text":"CINTILLO","link":"https:\/\/www.grieta.org.mx\/index.php\/category\/cintillo\/"},"img":{"alt_text":"","src":"https:\/\/i0.wp.com\/www.grieta.org.mx\/wp-content\/uploads\/2018\/03\/14524434_1106112876131411_958039263622046936_o.jpg?resize=350%2C200&ssl=1","width":350,"height":200,"srcset":"https:\/\/i0.wp.com\/www.grieta.org.mx\/wp-content\/uploads\/2018\/03\/14524434_1106112876131411_958039263622046936_o.jpg?resize=350%2C200&ssl=1 1x, https:\/\/i0.wp.com\/www.grieta.org.mx\/wp-content\/uploads\/2018\/03\/14524434_1106112876131411_958039263622046936_o.jpg?resize=525%2C300&ssl=1 1.5x, https:\/\/i0.wp.com\/www.grieta.org.mx\/wp-content\/uploads\/2018\/03\/14524434_1106112876131411_958039263622046936_o.jpg?resize=700%2C400&ssl=1 2x"},"classes":[]},{"id":6577,"url":"https:\/\/www.grieta.org.mx\/index.php\/2015\/11\/24\/repunta-violencia-sexual-contra-mujeres-migrantes-en-tabasco\/","url_meta":{"origin":6581,"position":2},"title":"Repunta violencia sexual contra mujeres migrantes en Tabasco","author":"grieta","date":"24 noviembre, 2015","format":false,"excerpt":"Ang\u00e9lica Jocelyn Soto M\u00c9XICO, DF (apro-cimac).- Al menos 20 mujeres migrantes alojadas en el refugio \u201cLa 72\u201d, ubicado en Tenosique, Tabasco, fueron atacadas sexualmente en los \u00faltimos cuatro meses al cruzar la frontera hacia nuestro pa\u00eds. Hasta ahora ning\u00fan responsable ha sido consignado pese a que las afectadas interpusieron denuncias\u2026","rel":"","context":"En &quot;CINTILLO&quot;","block_context":{"text":"CINTILLO","link":"https:\/\/www.grieta.org.mx\/index.php\/category\/cintillo\/"},"img":{"alt_text":"","src":"https:\/\/i0.wp.com\/www.grieta.org.mx\/wp-content\/uploads\/2018\/03\/14524434_1106112876131411_958039263622046936_o.jpg?resize=350%2C200&ssl=1","width":350,"height":200,"srcset":"https:\/\/i0.wp.com\/www.grieta.org.mx\/wp-content\/uploads\/2018\/03\/14524434_1106112876131411_958039263622046936_o.jpg?resize=350%2C200&ssl=1 1x, https:\/\/i0.wp.com\/www.grieta.org.mx\/wp-content\/uploads\/2018\/03\/14524434_1106112876131411_958039263622046936_o.jpg?resize=525%2C300&ssl=1 1.5x, https:\/\/i0.wp.com\/www.grieta.org.mx\/wp-content\/uploads\/2018\/03\/14524434_1106112876131411_958039263622046936_o.jpg?resize=700%2C400&ssl=1 2x"},"classes":[]},{"id":19215,"url":"https:\/\/www.grieta.org.mx\/index.php\/2016\/08\/08\/denuncian-que-policias-de-tabasco-participan-en-secuestros-de-migrantes\/","url_meta":{"origin":6581,"position":3},"title":"Denuncian que polic\u00edas de Tabasco participan en secuestros de migrantes","author":"grieta","date":"8 agosto, 2016","format":false,"excerpt":"Armando Guzm\u00e1n VILLAHERMOSA, Tab. (apro).- Defensores de migrantes y derechos humanos denunciaron que polic\u00edas del municipio de C\u00e1rdenas participan en secuestros masivos de indocumentados en su tr\u00e1nsito por Tabasco. Al mismo tiempo, otro grupo se manifest\u00f3 en los l\u00edmites de Tabasco y Campeche para exigir la aparici\u00f3n con vida del\u2026","rel":"","context":"En &quot;CINTILLO&quot;","block_context":{"text":"CINTILLO","link":"https:\/\/www.grieta.org.mx\/index.php\/category\/cintillo\/"},"img":{"alt_text":"","src":"https:\/\/i0.wp.com\/www.grieta.org.mx\/wp-content\/uploads\/2018\/03\/14524434_1106112876131411_958039263622046936_o.jpg?resize=350%2C200&ssl=1","width":350,"height":200,"srcset":"https:\/\/i0.wp.com\/www.grieta.org.mx\/wp-content\/uploads\/2018\/03\/14524434_1106112876131411_958039263622046936_o.jpg?resize=350%2C200&ssl=1 1x, https:\/\/i0.wp.com\/www.grieta.org.mx\/wp-content\/uploads\/2018\/03\/14524434_1106112876131411_958039263622046936_o.jpg?resize=525%2C300&ssl=1 1.5x, https:\/\/i0.wp.com\/www.grieta.org.mx\/wp-content\/uploads\/2018\/03\/14524434_1106112876131411_958039263622046936_o.jpg?resize=700%2C400&ssl=1 2x"},"classes":[]},{"id":6569,"url":"https:\/\/www.grieta.org.mx\/index.php\/2015\/11\/24\/migrantes-refugio-de-migrantes-la-72-en-alto-riesgo-pese-a-medidas-de-la-cidh\/","url_meta":{"origin":6581,"position":4},"title":"Refugio de migrantes La 72 en alto riesgo pese a medidas de la CIDH","author":"grieta","date":"24 noviembre, 2015","format":false,"excerpt":"por Elena Arnaiz Se dispara la violencia en contra de migrantes y defensores y defensoras de migrantes en Tabasco El Hogar Refugio para personas Migrantes La 72, ubicado en la ruta de paso migratorio informal en Tenosique, Tabasco est\u00e1 en riesgo de seguridad, tanto ellos y la poblaci\u00f3n que atienden\u2026","rel":"","context":"En &quot;CINTILLO&quot;","block_context":{"text":"CINTILLO","link":"https:\/\/www.grieta.org.mx\/index.php\/category\/cintillo\/"},"img":{"alt_text":"","src":"https:\/\/i0.wp.com\/www.grieta.org.mx\/wp-content\/uploads\/2018\/03\/14524434_1106112876131411_958039263622046936_o.jpg?resize=350%2C200&ssl=1","width":350,"height":200,"srcset":"https:\/\/i0.wp.com\/www.grieta.org.mx\/wp-content\/uploads\/2018\/03\/14524434_1106112876131411_958039263622046936_o.jpg?resize=350%2C200&ssl=1 1x, https:\/\/i0.wp.com\/www.grieta.org.mx\/wp-content\/uploads\/2018\/03\/14524434_1106112876131411_958039263622046936_o.jpg?resize=525%2C300&ssl=1 1.5x, https:\/\/i0.wp.com\/www.grieta.org.mx\/wp-content\/uploads\/2018\/03\/14524434_1106112876131411_958039263622046936_o.jpg?resize=700%2C400&ssl=1 2x"},"classes":[]},{"id":53560,"url":"https:\/\/www.grieta.org.mx\/index.php\/2020\/08\/13\/denuncian-abusos-del-inm-contra-migrantes-en-tabasco\/","url_meta":{"origin":6581,"position":5},"title":"Denuncian abusos del INM contra migrantes en Tabasco","author":"grieta","date":"13 agosto, 2020","format":false,"excerpt":"Nora Bucio \/ MVS Esta organizaci\u00f3n manifest\u00f3 su repudio contra la violencia, la criminalizaci\u00f3n y atropello perpetrado por las autoridades contra las personas migrantes. El Equipo de la 72, hogar refugio para personas migrantes, denunci\u00f3 que el Instituto Nacional de Migraci\u00f3n (INM), ingres\u00f3 de manera violenta a un \u00e1rea de\u2026","rel":"","context":"En &quot;CINTILLO&quot;","block_context":{"text":"CINTILLO","link":"https:\/\/www.grieta.org.mx\/index.php\/category\/cintillo\/"},"img":{"alt_text":"","src":"https:\/\/i0.wp.com\/www.grieta.org.mx\/wp-content\/uploads\/2020\/09\/60d21f8a-inm.jpg?resize=350%2C200&ssl=1","width":350,"height":200},"classes":[]}],"_links":{"self":[{"href":"https:\/\/www.grieta.org.mx\/index.php\/wp-json\/wp\/v2\/posts\/6581","targetHints":{"allow":["GET"]}}],"collection":[{"href":"https:\/\/www.grieta.org.mx\/index.php\/wp-json\/wp\/v2\/posts"}],"about":[{"href":"https:\/\/www.grieta.org.mx\/index.php\/wp-json\/wp\/v2\/types\/post"}],"author":[{"embeddable":true,"href":"https:\/\/www.grieta.org.mx\/index.php\/wp-json\/wp\/v2\/users\/2"}],"replies":[{"embeddable":true,"href":"https:\/\/www.grieta.org.mx\/index.php\/wp-json\/wp\/v2\/comments?post=6581"}],"version-history":[{"count":1,"href":"https:\/\/www.grieta.org.mx\/index.php\/wp-json\/wp\/v2\/posts\/6581\/revisions"}],"predecessor-version":[{"id":11137,"href":"https:\/\/www.grieta.org.mx\/index.php\/wp-json\/wp\/v2\/posts\/6581\/revisions\/11137"}],"wp:featuredmedia":[{"embeddable":true,"href":"https:\/\/www.grieta.org.mx\/index.php\/wp-json\/wp\/v2\/media\/21928"}],"wp:attachment":[{"href":"https:\/\/www.grieta.org.mx\/index.php\/wp-json\/wp\/v2\/media?parent=6581"}],"wp:term":[{"taxonomy":"category","embeddable":true,"href":"https:\/\/www.grieta.org.mx\/index.php\/wp-json\/wp\/v2\/categories?post=6581"},{"taxonomy":"post_tag","embeddable":true,"href":"https:\/\/www.grieta.org.mx\/index.php\/wp-json\/wp\/v2\/tags?post=6581"}],"curies":[{"name":"wp","href":"https:\/\/api.w.org\/{rel}","templated":true}]}}