{"id":65805,"date":"2022-11-23T10:29:10","date_gmt":"2022-11-23T16:29:10","guid":{"rendered":"https:\/\/www.grieta.org.mx\/?p=65805"},"modified":"2022-11-27T10:40:15","modified_gmt":"2022-11-27T16:40:15","slug":"contra-el-carpetazo-de-la-fiscalia-justicia-para-maria-may-yucatan","status":"publish","type":"post","link":"https:\/\/www.grieta.org.mx\/index.php\/2022\/11\/23\/contra-el-carpetazo-de-la-fiscalia-justicia-para-maria-may-yucatan\/","title":{"rendered":"Contra el carpetazo de la fiscal\u00eda: justicia para Mar\u00eda May (Yucat\u00e1n)"},"content":{"rendered":"<p>Texto: Claudia Arriaga \/Fotos: Especial \/ Pie de P\u00e1gina<\/p>\n<blockquote><p>Mar\u00eda May fue hallada sin vida en un parque d\u00edas despu\u00e9s de que un hombre pas\u00f3 por ella a su trabajo en M\u00e9rida, Yucat\u00e1n. La Fiscal\u00eda General de la Rep\u00fablica determin\u00f3 que la joven de 20 a\u00f1os muri\u00f3 por asfixia mec\u00e1nica pero la Fiscal\u00eda estatal advirti\u00f3 a la familia que cerrar\u00e1 el caso como un suicidio. Familiares y colectivas preparan movilizaci\u00f3n en Ciudad de M\u00e9xico\n<\/p><\/blockquote>\n<p>YUCAT\u00c1N.- El cuerpo de Mar\u00eda May fue hallado el 16 de abril del 2021 en un parque del fraccionamiento La Joya Paseos de Opich\u00e9n en M\u00e9rida, Yucat\u00e1n. A m\u00e1s de un a\u00f1o y sin avances, la Fiscal\u00eda General del Estado (FGE) advirti\u00f3 a la familia que en diciembre cerrar\u00e1 el caso como suicidio. En respuesta, el pr\u00f3ximo 26 de noviembre -cumplea\u00f1os de Mar\u00eda-, su hermana Edith May con apoyo de colectivas y activistas feministas realizar\u00e1n una movilizaci\u00f3n nacional para exigir justicia.<\/p>\n<p>\u201cQueremos justicia y que la Fiscal\u00eda de Yucat\u00e1n busque las pruebas para atrapar al feminicida porque \u00e9se es su trabajo, no el nuestro como familia. Nosotros nos hemos movido e investigado, pero no tenemos la certeza para ofrecer pruebas y pedirles que encierren al culpable\u201d, explic\u00f3 en entrevista Edith May.<\/p>\n<p>    \u201cNo se vale que despu\u00e9s de un a\u00f1o solo porque la Fiscal\u00eda se cans\u00f3, nos quieran cerrar el caso y quede como suicidio\u00bb.<\/p>\n<p>El cuerpo de Mar\u00eda ten\u00eda m\u00e1s de 10 d\u00edas de descomposici\u00f3n cuando la encontraron en la calle sin vida. Inicialmente, la FGE de Yucat\u00e1n asegur\u00f3 que cometi\u00f3 suicidio. Debido a las condiciones del cad\u00e1ver un grupo multidisciplinario de la Fiscal\u00eda General de la Rep\u00fablica (FGR) se traslad\u00f3 a la entidad para la autopsia. <\/p>\n<p>Determinaron que falleci\u00f3 a causa de asfixia mec\u00e1nica, pero no especificaron que haya sido por suspensi\u00f3n (es decir, suicidio). Edith se\u00f1al\u00f3 que catalogaron el caso como secuestro y feminicidio. <\/p>\n<p>A la familia los detalles del feminicidio de Mar\u00eda se les inform\u00f3 a cuentagotas.Y se vieron obligados en la necesidad de pagar un abogado particular<\/p>\n<p>    \u201cLes dijeron a los abogados que si para diciembre no hay m\u00e1s pruebas, su caso se quedar\u00e1 como suicidio. La FGE encontr\u00f3 unas huellas de un posible ahorcamiento, que ten\u00eda sangre coagulada como si se hubiera ahorcado. Quieren suponer que se suicid\u00f3\u201d.<\/p>\n<p> La familia de Mar\u00eda May recibi\u00f3 amenazas por insistir en el esclarecimiento del feminicidio. Adem\u00e1s, abandonaron su hogar, ya que personas que se identificaron como parte del Instituto Nacional Electoral (INE) acudi\u00f3 a la zona donde viv\u00eda la joven para preguntar a las y los vecinos de la zona si realmente la asesinaron.<\/p>\n<p>La desaparici\u00f3n de Mar\u00eda<\/p>\n<p>El \u00faltimo d\u00eda que Mar\u00eda May tuvo contacto con su mam\u00e1 y hermana Edith fue el 8 de abril. A partir de esa fecha dej\u00f3 de contestar los mensajes. Al principio pensaron que se encontraba con su pap\u00e1 Miguel \u00c1ngel May Balam. Al percatarse de que no era as\u00ed, iniciaron la b\u00fasqueda de la joven.<\/p>\n<p>Acudieron a buscarla a la estaci\u00f3n de La Gas del perif\u00e9rico, cerca de la zona industrial donde trabajaba. En el lugar les informaron que Jos\u00e9 C. pas\u00f3 por ella al finalizar su jornada laboral. La FGE de Yucat\u00e1n les indic\u00f3 que no existen videos de vigilancia de ese d\u00eda, ni del parque donde abandonaron su cuerpo.<\/p>\n<p>La familia puso a disposici\u00f3n de las colectivas feministas y activistas la p\u00e1gina de Facebook 26N Mar\u00eda May.<\/p>\n<p><a href=\"https:\/\/piedepagina.mx\/contra-el-carpetazo-de-la-fiscalia-justicia-para-maria-may\/\" rel=\"noopener\" target=\"_blank\">https:\/\/piedepagina.mx\/contra-el-carpetazo-de-la-fiscalia-justicia-para-maria-may\/<\/a><\/p>\n","protected":false},"excerpt":{"rendered":"<p>Texto: Claudia Arriaga \/Fotos: Especial \/ Pie de P\u00e1gina Mar\u00eda May fue hallada sin vida en un parque d\u00edas despu\u00e9s de que un hombre pas\u00f3 por ella a su trabajo &hellip; <a href=\"https:\/\/www.grieta.org.mx\/index.php\/2022\/11\/23\/contra-el-carpetazo-de-la-fiscalia-justicia-para-maria-may-yucatan\/\" class=\"more-link\">Leer m\u00e1s<\/a><\/p>\n","protected":false},"author":2,"featured_media":65807,"comment_status":"closed","ping_status":"closed","sticky":false,"template":"","format":"standard","meta":{"ngg_post_thumbnail":0,"_jetpack_newsletter_access":"","_jetpack_dont_email_post_to_subs":false,"_jetpack_newsletter_tier_id":0,"_jetpack_memberships_contains_paywalled_content":false,"_jetpack_memberships_contains_paid_content":false,"footnotes":""},"categories":[80,1106,3168,2,36],"tags":[81,3193],"class_list":["post-65805","post","type-post","status-publish","format-standard","has-post-thumbnail","hentry","category-cintillo","category-feminicidios-en-yucatan","category-lucha-de-las-mujeres-en-yucatan","category-noticias-nacionales","category-yucatan","tag-feminicidios","tag-lucha-contra-el-feminicidio","entry"],"jetpack_featured_media_url":"https:\/\/www.grieta.org.mx\/wp-content\/uploads\/2022\/11\/Carpetazo-e1669566952943.jpg","jetpack_sharing_enabled":true,"jetpack_shortlink":"https:\/\/wp.me\/p7ZJR4-h7n","jetpack_likes_enabled":false,"jetpack-related-posts":[{"id":59419,"url":"https:\/\/www.grieta.org.mx\/index.php\/2021\/05\/15\/exigen-que-les-entreguen-el-cuerpo-de-maria-yucatan\/","url_meta":{"origin":65805,"position":0},"title":"Exigen que les entreguen el cuerpo de Mar\u00eda (Yucat\u00e1n)","author":"grieta","date":"15 mayo, 2021","format":false,"excerpt":"Claudia Arriaga \/ Haz Ruido Por cuarta ocasi\u00f3n, su familia y amigas protestaron para que se investigue el presunto feminicidio. M\u00e9rida, Yucat\u00e1n, 15 mayo del 2021.- Por cuarta ocasi\u00f3n, la familia de Mar\u00eda May se manifest\u00f3 para exigir justicia por el feminicidio del que fue v\u00edctima. Este s\u00e1bado, en la\u2026","rel":"","context":"En &quot;CINTILLO&quot;","block_context":{"text":"CINTILLO","link":"https:\/\/www.grieta.org.mx\/index.php\/category\/cintillo\/"},"img":{"alt_text":"","src":"https:\/\/i0.wp.com\/www.grieta.org.mx\/wp-content\/uploads\/2021\/05\/FeminicidioMaria-e1621293926551.png?resize=350%2C200&ssl=1","width":350,"height":200,"srcset":"https:\/\/i0.wp.com\/www.grieta.org.mx\/wp-content\/uploads\/2021\/05\/FeminicidioMaria-e1621293926551.png?resize=350%2C200&ssl=1 1x, https:\/\/i0.wp.com\/www.grieta.org.mx\/wp-content\/uploads\/2021\/05\/FeminicidioMaria-e1621293926551.png?resize=525%2C300&ssl=1 1.5x, https:\/\/i0.wp.com\/www.grieta.org.mx\/wp-content\/uploads\/2021\/05\/FeminicidioMaria-e1621293926551.png?resize=700%2C400&ssl=1 2x"},"classes":[]},{"id":59269,"url":"https:\/\/www.grieta.org.mx\/index.php\/2021\/05\/03\/ante-lentitud-de-autoridades-familia-de-maria-may-vuelve-a-protestar-yucatan\/","url_meta":{"origin":65805,"position":1},"title":"Ante lentitud de autoridades, familia de Mar\u00eda May vuelve a protestar (Yucat\u00e1n)","author":"grieta","date":"3 mayo, 2021","format":false,"excerpt":"Claudia Arriaga \/ Haz Ruido En Palacio de Gobierno, su hermana Edith pidi\u00f3 nuevamente que la Fiscal\u00eda General del Estado haga su trabajo. M\u00e9rida, Yucat\u00e1n, 3 de mayo del 2021.- Por cuarta ocasi\u00f3n, la familia y amistades de Mar\u00eda May protestaron para exigir justicia por ella y todas las mujeres\u2026","rel":"","context":"En &quot;CINTILLO&quot;","block_context":{"text":"CINTILLO","link":"https:\/\/www.grieta.org.mx\/index.php\/category\/cintillo\/"},"img":{"alt_text":"","src":"https:\/\/i0.wp.com\/www.grieta.org.mx\/wp-content\/uploads\/2021\/05\/FeminicidioMariaMay.png?resize=350%2C200&ssl=1","width":350,"height":200,"srcset":"https:\/\/i0.wp.com\/www.grieta.org.mx\/wp-content\/uploads\/2021\/05\/FeminicidioMariaMay.png?resize=350%2C200&ssl=1 1x, https:\/\/i0.wp.com\/www.grieta.org.mx\/wp-content\/uploads\/2021\/05\/FeminicidioMariaMay.png?resize=525%2C300&ssl=1 1.5x, https:\/\/i0.wp.com\/www.grieta.org.mx\/wp-content\/uploads\/2021\/05\/FeminicidioMariaMay.png?resize=700%2C400&ssl=1 2x"},"classes":[]},{"id":64672,"url":"https:\/\/www.grieta.org.mx\/index.php\/2022\/08\/03\/madre-de-jose-eduardo-ravelo-busca-justicia-a-un-ano-del-caso-no-va-a-parar-mi-lucha-yucatan\/","url_meta":{"origin":65805,"position":2},"title":"Madre de Jos\u00e9 Eduardo Ravelo busca justicia a un a\u00f1o del caso: &#8220;no va a parar mi lucha&#8221; (Yucat\u00e1n)","author":"grieta","date":"3 agosto, 2022","format":false,"excerpt":"Ariel Rodr\u00edguez \/ Milenio Hace un a\u00f1o, el joven veracruzano Jos\u00e9 Eduardo Ravelo muri\u00f3 luego de que fue detenido en M\u00e9rida, Yucat\u00e1n. Su madre, Mar\u00eda Ravelo, sostiene que su hijo fue v\u00edctima de brutalidad policial y abuso sexual por parte de elementos de seguridad. Sola y sin recursos econ\u00f3micos, la\u2026","rel":"","context":"En &quot;Abuso Autoridades en Yucat\u00e1n&quot;","block_context":{"text":"Abuso Autoridades en Yucat\u00e1n","link":"https:\/\/www.grieta.org.mx\/index.php\/category\/noticias-nacionales\/yucatan\/abuso-autoridades-en-yucatan\/"},"img":{"alt_text":"","src":"https:\/\/i0.wp.com\/www.grieta.org.mx\/wp-content\/uploads\/2022\/08\/JoseEduardo-e1659649707804.png?resize=350%2C200&ssl=1","width":350,"height":200,"srcset":"https:\/\/i0.wp.com\/www.grieta.org.mx\/wp-content\/uploads\/2022\/08\/JoseEduardo-e1659649707804.png?resize=350%2C200&ssl=1 1x, https:\/\/i0.wp.com\/www.grieta.org.mx\/wp-content\/uploads\/2022\/08\/JoseEduardo-e1659649707804.png?resize=525%2C300&ssl=1 1.5x, https:\/\/i0.wp.com\/www.grieta.org.mx\/wp-content\/uploads\/2022\/08\/JoseEduardo-e1659649707804.png?resize=700%2C400&ssl=1 2x"},"classes":[]},{"id":56116,"url":"https:\/\/www.grieta.org.mx\/index.php\/2020\/12\/29\/investigan-en-yucatan-29-casos-de-presuntos-suicidios-de-mujeres-que-tienen-indicios-de-feminicidios\/","url_meta":{"origin":65805,"position":3},"title":"Investigan en Yucat\u00e1n 29 casos de presuntos suicidios de mujeres que tienen indicios de feminicidios","author":"grieta","date":"29 diciembre, 2020","format":false,"excerpt":"Itzel Chan \/ Noticaribe M\u00c9RIDA, MX.- Yucat\u00e1n cerrar\u00e1 este a\u00f1o con 12 feminicidios, sin embargo, el Observatorio Ciudadano Nacional de Feminicidio ha iniciado una investigaci\u00f3n en 29 casos de presuntos suicidios de mujeres que tienen indicios de haber sido feminicidios. Adelaida Salas Salazar, representante del Observatorio Ciudadano Nacional de Feminicidio\u2026","rel":"","context":"En &quot;CINTILLO&quot;","block_context":{"text":"CINTILLO","link":"https:\/\/www.grieta.org.mx\/index.php\/category\/cintillo\/"},"img":{"alt_text":"","src":"https:\/\/i0.wp.com\/www.grieta.org.mx\/wp-content\/uploads\/2021\/01\/Femini.png?resize=350%2C200&ssl=1","width":350,"height":200},"classes":[]},{"id":72127,"url":"https:\/\/www.grieta.org.mx\/index.php\/2025\/08\/05\/los-desaparecidos-no-estan-en-la-lista-yucatan\/","url_meta":{"origin":65805,"position":4},"title":"Los desaparecidos no est\u00e1n en la lista (Yucat\u00e1n)","author":"grieta","date":"5 agosto, 2025","format":false,"excerpt":"Claudia V. Arriaga Dur\u00e1n \/ Sol Yucat\u00e1n El Monumento a la Madre, ubicado en el centro de M\u00e9rida fue nombrado simb\u00f3licamente como el Parque de Las y Los Desaparecidos. Representa a todas las madres del estado que buscan a sus desaparecidos. M\u00e9rida.- El Monumento a la Madre, ubicado en el\u2026","rel":"","context":"En &quot;CINTILLO&quot;","block_context":{"text":"CINTILLO","link":"https:\/\/www.grieta.org.mx\/index.php\/category\/cintillo\/"},"img":{"alt_text":"","src":"https:\/\/i0.wp.com\/www.grieta.org.mx\/wp-content\/uploads\/2025\/08\/Desaparecidos.jpg?resize=350%2C200&ssl=1","width":350,"height":200,"srcset":"https:\/\/i0.wp.com\/www.grieta.org.mx\/wp-content\/uploads\/2025\/08\/Desaparecidos.jpg?resize=350%2C200&ssl=1 1x, https:\/\/i0.wp.com\/www.grieta.org.mx\/wp-content\/uploads\/2025\/08\/Desaparecidos.jpg?resize=525%2C300&ssl=1 1.5x, https:\/\/i0.wp.com\/www.grieta.org.mx\/wp-content\/uploads\/2025\/08\/Desaparecidos.jpg?resize=700%2C400&ssl=1 2x, https:\/\/i0.wp.com\/www.grieta.org.mx\/wp-content\/uploads\/2025\/08\/Desaparecidos.jpg?resize=1050%2C600&ssl=1 3x, https:\/\/i0.wp.com\/www.grieta.org.mx\/wp-content\/uploads\/2025\/08\/Desaparecidos.jpg?resize=1400%2C800&ssl=1 4x"},"classes":[]},{"id":69282,"url":"https:\/\/www.grieta.org.mx\/index.php\/2024\/06\/09\/exigen-justicia-para-violeta-nina-victima-de-feminicidio-yucatan\/","url_meta":{"origin":65805,"position":5},"title":"Exigen justicia para Violeta, ni\u00f1a v\u00edctima de feminicidio (Yucat\u00e1n)","author":"grieta","date":"9 junio, 2024","format":false,"excerpt":"Fotos e informaci\u00f3n de Lorenzo Hern\u00e1ndez \/ Haz Ruido Marcharon en Paseo de Montejo para que los responsables reciban la pena m\u00e1xima y se destituya a una jueza M\u00e9rida, Yucat\u00e1n, 9 de junio de 2024.- Familiares, activistas y feministas marcharon ayer en Paseo de Montejo para exigir justicia por Violeta,\u2026","rel":"","context":"En &quot;CINTILLO&quot;","block_context":{"text":"CINTILLO","link":"https:\/\/www.grieta.org.mx\/index.php\/category\/cintillo\/"},"img":{"alt_text":"","src":"https:\/\/i0.wp.com\/www.grieta.org.mx\/wp-content\/uploads\/2024\/07\/Feminicidio-e1720555313201.jpg?resize=350%2C200&ssl=1","width":350,"height":200,"srcset":"https:\/\/i0.wp.com\/www.grieta.org.mx\/wp-content\/uploads\/2024\/07\/Feminicidio-e1720555313201.jpg?resize=350%2C200&ssl=1 1x, https:\/\/i0.wp.com\/www.grieta.org.mx\/wp-content\/uploads\/2024\/07\/Feminicidio-e1720555313201.jpg?resize=525%2C300&ssl=1 1.5x, https:\/\/i0.wp.com\/www.grieta.org.mx\/wp-content\/uploads\/2024\/07\/Feminicidio-e1720555313201.jpg?resize=700%2C400&ssl=1 2x"},"classes":[]}],"_links":{"self":[{"href":"https:\/\/www.grieta.org.mx\/index.php\/wp-json\/wp\/v2\/posts\/65805","targetHints":{"allow":["GET"]}}],"collection":[{"href":"https:\/\/www.grieta.org.mx\/index.php\/wp-json\/wp\/v2\/posts"}],"about":[{"href":"https:\/\/www.grieta.org.mx\/index.php\/wp-json\/wp\/v2\/types\/post"}],"author":[{"embeddable":true,"href":"https:\/\/www.grieta.org.mx\/index.php\/wp-json\/wp\/v2\/users\/2"}],"replies":[{"embeddable":true,"href":"https:\/\/www.grieta.org.mx\/index.php\/wp-json\/wp\/v2\/comments?post=65805"}],"version-history":[{"count":1,"href":"https:\/\/www.grieta.org.mx\/index.php\/wp-json\/wp\/v2\/posts\/65805\/revisions"}],"predecessor-version":[{"id":65810,"href":"https:\/\/www.grieta.org.mx\/index.php\/wp-json\/wp\/v2\/posts\/65805\/revisions\/65810"}],"wp:featuredmedia":[{"embeddable":true,"href":"https:\/\/www.grieta.org.mx\/index.php\/wp-json\/wp\/v2\/media\/65807"}],"wp:attachment":[{"href":"https:\/\/www.grieta.org.mx\/index.php\/wp-json\/wp\/v2\/media?parent=65805"}],"wp:term":[{"taxonomy":"category","embeddable":true,"href":"https:\/\/www.grieta.org.mx\/index.php\/wp-json\/wp\/v2\/categories?post=65805"},{"taxonomy":"post_tag","embeddable":true,"href":"https:\/\/www.grieta.org.mx\/index.php\/wp-json\/wp\/v2\/tags?post=65805"}],"curies":[{"name":"wp","href":"https:\/\/api.w.org\/{rel}","templated":true}]}}