{"id":65771,"date":"2022-11-21T19:09:13","date_gmt":"2022-11-22T01:09:13","guid":{"rendered":"https:\/\/www.grieta.org.mx\/?p=65771"},"modified":"2022-11-24T19:27:33","modified_gmt":"2022-11-25T01:27:33","slug":"todos-celebrando-el-cervantino-y-nosotras-desenterrando-cuerpos-la-otra-cara-que-se-vive-en-guanajuato","status":"publish","type":"post","link":"https:\/\/www.grieta.org.mx\/index.php\/2022\/11\/21\/todos-celebrando-el-cervantino-y-nosotras-desenterrando-cuerpos-la-otra-cara-que-se-vive-en-guanajuato\/","title":{"rendered":"&#8220;Todos celebrando el Cervantino y nosotras desenterrando cuerpos&#8221;: la otra cara que se vive en Guanajuato"},"content":{"rendered":"<p><strong>Bibiana Mendoza, fundadora de Hasta Encontrarte, comparte la historia que se vive en uno de los estados m\u00e1s pr\u00f3speros y violentos de M\u00e9xico, donde desde octubre, el colectivo y un grupo de forenses han exhumado 53 fundas con restos que intentan identificar<\/strong><\/p>\n<p>AFP \/ El universal, 21\/XI\/2022<\/p>\n<p>Mientras sonaban aplausos en el festival de artes esc\u00e9nicas Cervantino, Bibiana sacaba restos humanos de una fosa. El brillo y el horror conviven en Guanajuato, uno de los estados m\u00e1s pr\u00f3speros y violentos de M\u00e9xico.<\/p>\n<p>La mujer de 32 a\u00f1os, que busca a Manuel, su hermano desaparecido en 2018, lleg\u00f3 a la tumba en la localidad de Irapuato luego de que pobladores reportaron haber visto a un perro cargando una mano. Siguiendo esa pista, encontr\u00f3 el sitio.<\/p>\n<p>&#8220;Mientras gente de todo el mundo estaba celebrando el Cervantino, nosotras est\u00e1bamos desenterrando cuerpos. Y al mismo tiempo pensaba que era in\u00fatil porque en otro lado estaban enterrando a m\u00e1s personas&#8221;, relata Bibiana Mendoza, fundadora de Hasta Encontrarte, colectivo femenino que busca desaparecidos.<\/p>\n<p>Desde ese d\u00eda, 28 de octubre, ellas y un grupo de forenses han exhumado 53 fundas con restos que intentan identificar, cuenta Bibiana antes de regresar a la fosa para seguir excavando.<\/p>\n<p><img loading=\"lazy\" decoding=\"async\" data-attachment-id=\"65773\" data-permalink=\"https:\/\/www.grieta.org.mx\/index.php\/2022\/11\/21\/todos-celebrando-el-cervantino-y-nosotras-desenterrando-cuerpos-la-otra-cara-que-se-vive-en-guanajuato\/https-__www-eluniversal-com-mx_sites_default_files_upload_u28631_guanajuato\/\" data-orig-file=\"https:\/\/www.grieta.org.mx\/wp-content\/uploads\/2022\/11\/https-__www.eluniversal.com_.mx_sites_default_files_upload_u28631_guanajuato.jpg\" data-orig-size=\"567,349\" data-comments-opened=\"0\" data-image-meta=\"{&quot;aperture&quot;:&quot;0&quot;,&quot;credit&quot;:&quot;&quot;,&quot;camera&quot;:&quot;&quot;,&quot;caption&quot;:&quot;&quot;,&quot;created_timestamp&quot;:&quot;0&quot;,&quot;copyright&quot;:&quot;&quot;,&quot;focal_length&quot;:&quot;0&quot;,&quot;iso&quot;:&quot;0&quot;,&quot;shutter_speed&quot;:&quot;0&quot;,&quot;title&quot;:&quot;&quot;,&quot;orientation&quot;:&quot;0&quot;}\" data-image-title=\"https __www.eluniversal.com.mx_sites_default_files_upload_u28631_guanajuato\" data-image-description=\"\" data-image-caption=\"\" data-medium-file=\"https:\/\/www.grieta.org.mx\/wp-content\/uploads\/2022\/11\/https-__www.eluniversal.com_.mx_sites_default_files_upload_u28631_guanajuato-300x185.jpg\" data-large-file=\"https:\/\/www.grieta.org.mx\/wp-content\/uploads\/2022\/11\/https-__www.eluniversal.com_.mx_sites_default_files_upload_u28631_guanajuato.jpg\" class=\"alignnone wp-image-65773\" src=\"http:\/\/www.grieta.org.mx\/wp-content\/uploads\/2022\/11\/https-__www.eluniversal.com_.mx_sites_default_files_upload_u28631_guanajuato.jpg\" alt=\"Foto: AFP\" width=\"750\" height=\"462\" srcset=\"https:\/\/www.grieta.org.mx\/wp-content\/uploads\/2022\/11\/https-__www.eluniversal.com_.mx_sites_default_files_upload_u28631_guanajuato.jpg 567w, https:\/\/www.grieta.org.mx\/wp-content\/uploads\/2022\/11\/https-__www.eluniversal.com_.mx_sites_default_files_upload_u28631_guanajuato-300x185.jpg 300w\" sizes=\"auto, (max-width: 750px) 100vw, 750px\" \/><\/p>\n<p>Unas 300 v\u00edctimas de las guerras del narco han sido halladas en circunstancias similares recientemente en Guanajuato, un polo industrial donde operan gigantes automotrices como Mazda, Toyota, Honda y General Motors.<\/p>\n<p>Irapuato, a una hora de Guanajuato capital -sede del aclamado Cervantino- es el segundo municipio de M\u00e9xico donde la gente se siente m\u00e1s insegura, seg\u00fan datos oficiales.<\/p>\n<p>Las disputas entre criminales alimentan la estad\u00edstica que ubica al estado como el m\u00e1s violento del pa\u00eds, con 2.424 homicidios de enero a septiembre pasado (casi 10% del total nacional) y 2.998 desaparecidos.<\/p>\n<p>Pero Guanajuato, anta\u00f1o pac\u00edfico y cuna de la Independencia mexicana con 6,1 millones de habitantes, tambi\u00e9n es un importante destino tur\u00edstico. Su capital de estilo colonial y la ciudad de San Miguel de Allende atraen multitudes de extranjeros.<\/p>\n<p><strong>La otra realidad<\/strong><\/p>\n<p>El 9 de noviembre, un d\u00eda antes de que Bibiana regresara a la fosa, nueve personas fueron masacradas en un bar de Apaseo el Alto, a una hora de Irapuato.<\/p>\n<p>Salvo por unas manchas de sangre en la acera y una cinta de seguridad, la vida en el municipio continu\u00f3 como si nada.<\/p>\n<p>Im\u00e1genes filtradas a la prensa mostraban cuerpos apilados entre charcos de sangre, vidrios y botellas rotas y un mensaje de un c\u00e1rtel reivindicando el ataque.<\/p>\n<p>Cinco masacres ocurrieron en Guanajuato en los \u00faltimos cinco meses, que dejaron medio centenar de muertos, una situaci\u00f3n a la que algunos se van acostumbrando, pero ante la cual Bibiana se confiesa &#8220;perpleja&#8221;.<\/p>\n<p>&#8220;No conoc\u00edamos esto de ver gente colgada de un puente (&#8230;). Esto de ver cuerpos tirados en las calles con mensajes es algo que desconoc\u00edamos&#8221;, afirma en un estacionamiento donde se lee en las placas de los carros: &#8220;Guanajuato, grandeza de M\u00e9xico&#8221;.<\/p>\n<p>Como si se tratara de otro lugar, la planta de Mazda en el municipio de Salamanca -la m\u00e1s grande del fabricante fuera de Jap\u00f3n- trabaja como reloj para producir unas 815 unidades diarias, algunas para exportaci\u00f3n.<\/p>\n<p>Los autom\u00f3viles van pasando por la l\u00ednea de producci\u00f3n donde los trabajadores colocan llantas, transmisiones y muchas piezas m\u00e1s.<\/p>\n<p>No es la \u00fanica de su tipo en Guanajuato: Toyota tiene una en Apaseo el Grande, Honda en Celaya y General Motors en Silao, donde Bibiana instalaba transmisiones hasta que desapareci\u00f3 Manuel.<\/p>\n<p>Infraestructura carretera y ferroviaria, proveedores y mano de obra calificada son algunas de las razones por las que armadoras y otras industrias se instalaron en Guanajuato, el sexto estado que m\u00e1s aporta al PIB mexicano (4%).<\/p>\n<p>&#8220;Tenemos parques industriales con proveedores a la mano certificados (&#8230;), la mano de obra, la facilidad del transporte y la comunicaci\u00f3n con los gobiernos locales que brindaron las facilidades&#8221;, describe Jaime Contreras, gerente de manufactura en la planta de Mazda.<\/p>\n<p>Analistas y gente de la industria aseguran que la violencia no afecta de momento su actividad ni sus planes.<\/p>\n<p>&#8220;No hemos tenido noticia de que alguna inversi\u00f3n se haya cancelado, se haya truncado, por el tema de la inseguridad&#8221;, se\u00f1ala H\u00e9ctor Rodr\u00edguez, l\u00edder local de la patronal Coparmex.<\/p>\n<p>&#8220;No por miedo a los coyotes las gallinas dejan de poner huevos&#8221;.<\/p>\n<p><strong>El porqu\u00e9<\/strong><\/p>\n<p>La criminalidad en la regi\u00f3n es producto de la guerra entre los c\u00e1rteles Jalisco Nueva Generaci\u00f3n y Santa Rosa de Lima, que comenz\u00f3 su actividad con el robo de gasolinas.<\/p>\n<p>&#8220;Guanajuato (&#8230;) es necesario para el trasiego de drogas, para conectar la frontera (con Estados Unidos) y los puertos del Pac\u00edfico Sur. Forma parte de las rutas del fentanilo y la coca&#8221;, refiere el especialista en seguridad David Saucedo.<\/p>\n<p>Las bandas -a\u00f1ade- financian su lucha con la venta local de droga, lo que explica en parte los ataques a centros nocturnos, donde cada quien vigila que no incursione su rival.<\/p>\n<p>Nueve de cada 10 asesinados &#8220;ten\u00edan relaci\u00f3n con narcomenudeo&#8221;, sostiene por su parte Sophia Huett, secretaria ejecutiva del sistema de Seguridad P\u00fablica de Guanajuato.<\/p>\n<figure id=\"attachment_65774\" aria-describedby=\"caption-attachment-65774\" style=\"width: 750px\" class=\"wp-caption alignnone\"><img loading=\"lazy\" decoding=\"async\" data-attachment-id=\"65774\" data-permalink=\"https:\/\/www.grieta.org.mx\/index.php\/2022\/11\/21\/todos-celebrando-el-cervantino-y-nosotras-desenterrando-cuerpos-la-otra-cara-que-se-vive-en-guanajuato\/https-__www-eluniversal-com-mx_sites_default_files_upload_u28631_violencia-guanajuato_0\/\" data-orig-file=\"https:\/\/www.grieta.org.mx\/wp-content\/uploads\/2022\/11\/https-__www.eluniversal.com_.mx_sites_default_files_upload_u28631_violencia-guanajuato_0.jpg\" data-orig-size=\"567,349\" data-comments-opened=\"0\" data-image-meta=\"{&quot;aperture&quot;:&quot;0&quot;,&quot;credit&quot;:&quot;&quot;,&quot;camera&quot;:&quot;&quot;,&quot;caption&quot;:&quot;&quot;,&quot;created_timestamp&quot;:&quot;0&quot;,&quot;copyright&quot;:&quot;&quot;,&quot;focal_length&quot;:&quot;0&quot;,&quot;iso&quot;:&quot;0&quot;,&quot;shutter_speed&quot;:&quot;0&quot;,&quot;title&quot;:&quot;&quot;,&quot;orientation&quot;:&quot;0&quot;}\" data-image-title=\"https __www.eluniversal.com.mx_sites_default_files_upload_u28631_violencia-guanajuato_0\" data-image-description=\"\" data-image-caption=\"&lt;p&gt;Foto: AFP&lt;\/p&gt;\n\" data-medium-file=\"https:\/\/www.grieta.org.mx\/wp-content\/uploads\/2022\/11\/https-__www.eluniversal.com_.mx_sites_default_files_upload_u28631_violencia-guanajuato_0-300x185.jpg\" data-large-file=\"https:\/\/www.grieta.org.mx\/wp-content\/uploads\/2022\/11\/https-__www.eluniversal.com_.mx_sites_default_files_upload_u28631_violencia-guanajuato_0.jpg\" class=\"wp-image-65774\" src=\"http:\/\/www.grieta.org.mx\/wp-content\/uploads\/2022\/11\/https-__www.eluniversal.com_.mx_sites_default_files_upload_u28631_violencia-guanajuato_0.jpg\" alt=\"\" width=\"750\" height=\"462\" srcset=\"https:\/\/www.grieta.org.mx\/wp-content\/uploads\/2022\/11\/https-__www.eluniversal.com_.mx_sites_default_files_upload_u28631_violencia-guanajuato_0.jpg 567w, https:\/\/www.grieta.org.mx\/wp-content\/uploads\/2022\/11\/https-__www.eluniversal.com_.mx_sites_default_files_upload_u28631_violencia-guanajuato_0-300x185.jpg 300w\" sizes=\"auto, (max-width: 750px) 100vw, 750px\" \/><figcaption id=\"caption-attachment-65774\" class=\"wp-caption-text\">Foto: AFP<\/figcaption><\/figure>\n<p>Aunque el gobierno estatal realiza detenciones, \u00e9stas resultan insuficientes mientras no se ataque las estructuras criminales a nivel federal, apunta la funcionaria.<br \/>\nAgotada por su b\u00fasqueda infructuosa, Bibiana no quiere m\u00e1s excusas.<\/p>\n<p>&#8220;Odio escuchar al gobernador decir que va a entregar un Guanajuato m\u00e1s seguro, odio escuchar al presidente (Andr\u00e9s Manuel L\u00f3pez Obrador) decir que lo que est\u00e1 pasando no es su culpa, que \u00e9l est\u00e1 haciendo las cosas bien&#8221;, reprocha.<\/p>\n<p><a href=\"https:\/\/www.eluniversal.com.mx\/estados\/todos-celebrando-el-cervantino-y-nosotras-desenterrando-cuerpos-la-otra-realidad-que-se-vive-en-guanajuato?utm_source=pocket_saves\">https:\/\/www.eluniversal.com.mx\/estados\/todos-celebrando-el-cervantino-y-nosotras-desenterrando-cuerpos-la-otra-realidad-que-se-vive-en-guanajuato?utm_source=pocket_saves<\/a><\/p>\n","protected":false},"excerpt":{"rendered":"<p>Bibiana Mendoza, fundadora de Hasta Encontrarte, comparte la historia que se vive en uno de los estados m\u00e1s pr\u00f3speros y violentos de M\u00e9xico, donde desde octubre, el colectivo y un &hellip; <a href=\"https:\/\/www.grieta.org.mx\/index.php\/2022\/11\/21\/todos-celebrando-el-cervantino-y-nosotras-desenterrando-cuerpos-la-otra-cara-que-se-vive-en-guanajuato\/\" class=\"more-link\">Leer m\u00e1s<\/a><\/p>\n","protected":false},"author":2,"featured_media":65772,"comment_status":"closed","ping_status":"closed","sticky":false,"template":"","format":"standard","meta":{"ngg_post_thumbnail":0,"_jetpack_newsletter_access":"","_jetpack_dont_email_post_to_subs":false,"_jetpack_newsletter_tier_id":0,"_jetpack_memberships_contains_paywalled_content":false,"_jetpack_memberships_contains_paid_content":false,"footnotes":""},"categories":[80,4091,87,368,1432,17,2],"tags":[1828,3018,1635],"class_list":["post-65771","post","type-post","status-publish","format-standard","has-post-thumbnail","hentry","category-cintillo","category-colectivos-de-busqueda-de-desaparecidos-en-guanajuato","category-desaparecidos","category-desaparecidos-analisis","category-desaparecidos-en-guanajuato","category-guanajuato","category-noticias-nacionales","tag-busqueda-de-desaparecidos","tag-colectivos-de-busqueda-de-desaparecidos","tag-rastreadoras-de-desaparecidos","entry"],"jetpack_featured_media_url":"https:\/\/www.grieta.org.mx\/wp-content\/uploads\/2022\/11\/https-__www.eluniversal.com_.mx_sites_default_files_2022_11_21_desapariciones_0.jpg","jetpack_sharing_enabled":true,"jetpack_shortlink":"https:\/\/wp.me\/p7ZJR4-h6P","jetpack_likes_enabled":false,"jetpack-related-posts":[{"id":67603,"url":"https:\/\/www.grieta.org.mx\/index.php\/2023\/09\/01\/en-guanajuato-quitan-seguridad-a-mujeres-buscadoras\/","url_meta":{"origin":65771,"position":0},"title":"En Guanajuato, quitan seguridad a mujeres buscadoras","author":"grieta","date":"1 septiembre, 2023","format":false,"excerpt":"El gobierno de Guanajuato ha quitado el apoyo en seguridad para las brigadas de b\u00fasqueda independientes que desde hace algunos a\u00f1os realizan colectivos de familiares de personas desaparecidas. Su tarea no es menor, pues en los \u00faltimos tres a\u00f1os, cinco familiares dedicados a la b\u00fasqueda han sido asesinados en Guanajuato\u2026","rel":"","context":"En &quot;CINTILLO&quot;","block_context":{"text":"CINTILLO","link":"https:\/\/www.grieta.org.mx\/index.php\/category\/cintillo\/"},"img":{"alt_text":"","src":"https:\/\/i0.wp.com\/www.grieta.org.mx\/wp-content\/uploads\/2023\/09\/mamas_buscadoras_guanajuato.jpg?resize=350%2C200&ssl=1","width":350,"height":200,"srcset":"https:\/\/i0.wp.com\/www.grieta.org.mx\/wp-content\/uploads\/2023\/09\/mamas_buscadoras_guanajuato.jpg?resize=350%2C200&ssl=1 1x, https:\/\/i0.wp.com\/www.grieta.org.mx\/wp-content\/uploads\/2023\/09\/mamas_buscadoras_guanajuato.jpg?resize=525%2C300&ssl=1 1.5x, https:\/\/i0.wp.com\/www.grieta.org.mx\/wp-content\/uploads\/2023\/09\/mamas_buscadoras_guanajuato.jpg?resize=700%2C400&ssl=1 2x"},"classes":[]},{"id":57226,"url":"https:\/\/www.grieta.org.mx\/index.php\/2021\/02\/21\/familiares-de-desaparecidos-piden-transparentar-busqueda-en-guanajuato\/","url_meta":{"origin":65771,"position":1},"title":"Familiares de desaparecidos piden transparentar b\u00fasqueda en Guanajuato","author":"grieta","date":"21 febrero, 2021","format":false,"excerpt":"\u00a0 Familiares de v\u00edctimas de desaparici\u00f3n forzada en Guanajuato pidieron a las autoridades que les informen sobre la b\u00fasqueda de restos, debido a que no son invitados por el sem\u00e1foro epidemiol\u00f3gico rojo en la entidad \u00a0 Por Ver\u00f3nica Espinosa \/ Proceso, domingo, 21 de febrero de 2021 GUANAJUATO, Gto. (proceso.com.mx).\u2013\u2026","rel":"","context":"En &quot;CINTILLO&quot;","block_context":{"text":"CINTILLO","link":"https:\/\/www.grieta.org.mx\/index.php\/category\/cintillo\/"},"img":{"alt_text":"","src":"https:\/\/i0.wp.com\/www.grieta.org.mx\/wp-content\/uploads\/2021\/02\/f800x450-128062_179508_5050.jpg?resize=350%2C200&ssl=1","width":350,"height":200,"srcset":"https:\/\/i0.wp.com\/www.grieta.org.mx\/wp-content\/uploads\/2021\/02\/f800x450-128062_179508_5050.jpg?resize=350%2C200&ssl=1 1x, https:\/\/i0.wp.com\/www.grieta.org.mx\/wp-content\/uploads\/2021\/02\/f800x450-128062_179508_5050.jpg?resize=525%2C300&ssl=1 1.5x, https:\/\/i0.wp.com\/www.grieta.org.mx\/wp-content\/uploads\/2021\/02\/f800x450-128062_179508_5050.jpg?resize=700%2C400&ssl=1 2x"},"classes":[]},{"id":53815,"url":"https:\/\/www.grieta.org.mx\/index.php\/2020\/09\/19\/familiares-de-desaparecidos-hallan-huesos-y-balas-en-irapuato-y-villagran-guanajuato\/","url_meta":{"origin":65771,"position":2},"title":"Familiares de desaparecidos hallan huesos y balas en Irapuato y Villagr\u00e1n (Guanajuato)","author":"grieta","date":"19 septiembre, 2020","format":false,"excerpt":"Ver\u00f3nica Espinosa \/ Proceso, 19 de septiembre de 2020 GUANAJUATO, Gto. (proceso.com.mx).\u2013 Familiares de personas desaparecidas localizaron restos \u00f3seos y balas de grueso calibre en dos zonas rurales de Irapuato y Villagr\u00e1n durante b\u00fasquedas realizadas el lunes 14 y el viernes 18. Personal de las comisiones de B\u00fasqueda nacional y\u2026","rel":"","context":"En &quot;CINTILLO&quot;","block_context":{"text":"CINTILLO","link":"https:\/\/www.grieta.org.mx\/index.php\/category\/cintillo\/"},"img":{"alt_text":"","src":"https:\/\/i0.wp.com\/www.grieta.org.mx\/wp-content\/uploads\/2020\/09\/desaparecidos-guanajuato-2-870x522-1.jpg?resize=350%2C200&ssl=1","width":350,"height":200,"srcset":"https:\/\/i0.wp.com\/www.grieta.org.mx\/wp-content\/uploads\/2020\/09\/desaparecidos-guanajuato-2-870x522-1.jpg?resize=350%2C200&ssl=1 1x, https:\/\/i0.wp.com\/www.grieta.org.mx\/wp-content\/uploads\/2020\/09\/desaparecidos-guanajuato-2-870x522-1.jpg?resize=525%2C300&ssl=1 1.5x, https:\/\/i0.wp.com\/www.grieta.org.mx\/wp-content\/uploads\/2020\/09\/desaparecidos-guanajuato-2-870x522-1.jpg?resize=700%2C400&ssl=1 2x"},"classes":[]},{"id":64238,"url":"https:\/\/www.grieta.org.mx\/index.php\/2022\/05\/13\/colectivos-hallan-18-cuerpos-en-fosa-clandestina-de-guanajuato\/","url_meta":{"origin":65771,"position":3},"title":"Colectivos hallan 18 cuerpos en fosa clandestina de Guanajuato","author":"grieta","date":"13 mayo, 2022","format":false,"excerpt":"El colectivo \u201cMadres Guerreras de Le\u00f3n\u201d informaron que recuperaron los restos de 10 hombres y ocho mujeres, que fueron inhumados; en un punto cercano a la comunidad de Comanja, fue desmantelado un centro de operaciones del C\u00e1rtel Jalisco Nueva Generaci\u00f3n en noviembre del 2020. Por Ver\u00f3nica Espinosa, Proceso viernes, 13\u2026","rel":"","context":"En &quot;CINTILLO&quot;","block_context":{"text":"CINTILLO","link":"https:\/\/www.grieta.org.mx\/index.php\/category\/cintillo\/"},"img":{"alt_text":"","src":"https:\/\/i0.wp.com\/www.grieta.org.mx\/wp-content\/uploads\/2022\/05\/f800x450-154748_206194_5050.jpg?resize=350%2C200&ssl=1","width":350,"height":200,"srcset":"https:\/\/i0.wp.com\/www.grieta.org.mx\/wp-content\/uploads\/2022\/05\/f800x450-154748_206194_5050.jpg?resize=350%2C200&ssl=1 1x, https:\/\/i0.wp.com\/www.grieta.org.mx\/wp-content\/uploads\/2022\/05\/f800x450-154748_206194_5050.jpg?resize=525%2C300&ssl=1 1.5x, https:\/\/i0.wp.com\/www.grieta.org.mx\/wp-content\/uploads\/2022\/05\/f800x450-154748_206194_5050.jpg?resize=700%2C400&ssl=1 2x"},"classes":[]},{"id":57720,"url":"https:\/\/www.grieta.org.mx\/index.php\/2021\/03\/09\/buscadoras-de-desaparecidos-instalan-planton-en-guanajuato\/","url_meta":{"origin":65771,"position":4},"title":"Buscadoras de desaparecidos instalan plant\u00f3n en Guanajuato","author":"grieta","date":"9 marzo, 2021","format":false,"excerpt":"Mujeres que buscan a sus familiares desaparecidos instalaron un plant\u00f3n en Guanajuato luego de que la Fiscal\u00eda rompiera acuerdos para la recuperaci\u00f3n de restos humanos hallados en Celaya. Por Ver\u00f3nica Espinosa Proceso, martes, 9 de marzo de 2021 GUANAJUATO, Gto., (apro).- Molestas por la falta de cumplimiento de compromisos asumidos\u2026","rel":"","context":"En &quot;CINTILLO&quot;","block_context":{"text":"CINTILLO","link":"https:\/\/www.grieta.org.mx\/index.php\/category\/cintillo\/"},"img":{"alt_text":"","src":"https:\/\/i0.wp.com\/www.grieta.org.mx\/wp-content\/uploads\/2018\/03\/14524434_1106112876131411_958039263622046936_o.jpg?resize=350%2C200&ssl=1","width":350,"height":200,"srcset":"https:\/\/i0.wp.com\/www.grieta.org.mx\/wp-content\/uploads\/2018\/03\/14524434_1106112876131411_958039263622046936_o.jpg?resize=350%2C200&ssl=1 1x, https:\/\/i0.wp.com\/www.grieta.org.mx\/wp-content\/uploads\/2018\/03\/14524434_1106112876131411_958039263622046936_o.jpg?resize=525%2C300&ssl=1 1.5x, https:\/\/i0.wp.com\/www.grieta.org.mx\/wp-content\/uploads\/2018\/03\/14524434_1106112876131411_958039263622046936_o.jpg?resize=700%2C400&ssl=1 2x"},"classes":[]},{"id":57634,"url":"https:\/\/www.grieta.org.mx\/index.php\/2021\/03\/09\/colectivos-de-busqueda-inician-planton-en-el-teatro-juarez-de-guanajuato\/","url_meta":{"origin":65771,"position":5},"title":"Colectivos de b\u00fasqueda inician plant\u00f3n en el Teatro Ju\u00e1rez de Guanajuato","author":"grieta","date":"9 marzo, 2021","format":false,"excerpt":"Redaci\u00f3n Notus 09 de marzo de 2021 Guanajuato, Gto.- Los colectivos de b\u00fasqueda, \u201cHasta encontrarte\u201d, \u201cSalamanca unidos buscando desaparecidos\u201d, \u201cColectivo buscadoras\u201d, \u201cLuz y Justicia\u201d y \u201cProyecto de b\u00fasqueda Guanajuato\u201d, son los colectivos que se reunieron el d\u00eda de hoy con casas de campa\u00f1a para plantarse en las escalinatas del Teatro\u2026","rel":"","context":"En &quot;CINTILLO&quot;","block_context":{"text":"CINTILLO","link":"https:\/\/www.grieta.org.mx\/index.php\/category\/cintillo\/"},"img":{"alt_text":"","src":"https:\/\/i0.wp.com\/www.grieta.org.mx\/wp-content\/uploads\/2021\/03\/https-_i1.wp.com_notus.com_.mx_wp-content_uploads_2021_03_colectivo-de-busqueda-planton-teatro-juazrez-1.jpgresize7082C398ssl1.jpg?resize=350%2C200&ssl=1","width":350,"height":200,"srcset":"https:\/\/i0.wp.com\/www.grieta.org.mx\/wp-content\/uploads\/2021\/03\/https-_i1.wp.com_notus.com_.mx_wp-content_uploads_2021_03_colectivo-de-busqueda-planton-teatro-juazrez-1.jpgresize7082C398ssl1.jpg?resize=350%2C200&ssl=1 1x, https:\/\/i0.wp.com\/www.grieta.org.mx\/wp-content\/uploads\/2021\/03\/https-_i1.wp.com_notus.com_.mx_wp-content_uploads_2021_03_colectivo-de-busqueda-planton-teatro-juazrez-1.jpgresize7082C398ssl1.jpg?resize=525%2C300&ssl=1 1.5x, https:\/\/i0.wp.com\/www.grieta.org.mx\/wp-content\/uploads\/2021\/03\/https-_i1.wp.com_notus.com_.mx_wp-content_uploads_2021_03_colectivo-de-busqueda-planton-teatro-juazrez-1.jpgresize7082C398ssl1.jpg?resize=700%2C400&ssl=1 2x"},"classes":[]}],"_links":{"self":[{"href":"https:\/\/www.grieta.org.mx\/index.php\/wp-json\/wp\/v2\/posts\/65771","targetHints":{"allow":["GET"]}}],"collection":[{"href":"https:\/\/www.grieta.org.mx\/index.php\/wp-json\/wp\/v2\/posts"}],"about":[{"href":"https:\/\/www.grieta.org.mx\/index.php\/wp-json\/wp\/v2\/types\/post"}],"author":[{"embeddable":true,"href":"https:\/\/www.grieta.org.mx\/index.php\/wp-json\/wp\/v2\/users\/2"}],"replies":[{"embeddable":true,"href":"https:\/\/www.grieta.org.mx\/index.php\/wp-json\/wp\/v2\/comments?post=65771"}],"version-history":[{"count":1,"href":"https:\/\/www.grieta.org.mx\/index.php\/wp-json\/wp\/v2\/posts\/65771\/revisions"}],"predecessor-version":[{"id":65775,"href":"https:\/\/www.grieta.org.mx\/index.php\/wp-json\/wp\/v2\/posts\/65771\/revisions\/65775"}],"wp:featuredmedia":[{"embeddable":true,"href":"https:\/\/www.grieta.org.mx\/index.php\/wp-json\/wp\/v2\/media\/65772"}],"wp:attachment":[{"href":"https:\/\/www.grieta.org.mx\/index.php\/wp-json\/wp\/v2\/media?parent=65771"}],"wp:term":[{"taxonomy":"category","embeddable":true,"href":"https:\/\/www.grieta.org.mx\/index.php\/wp-json\/wp\/v2\/categories?post=65771"},{"taxonomy":"post_tag","embeddable":true,"href":"https:\/\/www.grieta.org.mx\/index.php\/wp-json\/wp\/v2\/tags?post=65771"}],"curies":[{"name":"wp","href":"https:\/\/api.w.org\/{rel}","templated":true}]}}