{"id":65738,"date":"2022-11-10T11:37:46","date_gmt":"2022-11-10T17:37:46","guid":{"rendered":"https:\/\/www.grieta.org.mx\/?p=65738"},"modified":"2022-11-20T12:27:07","modified_gmt":"2022-11-20T18:27:07","slug":"los-pueblos-afectados-por-la-presa-el-zapotillo-piden-se-cumpla-lo-pactado-y-reparacion-del-dano-jalisco","status":"publish","type":"post","link":"https:\/\/www.grieta.org.mx\/index.php\/2022\/11\/10\/los-pueblos-afectados-por-la-presa-el-zapotillo-piden-se-cumpla-lo-pactado-y-reparacion-del-dano-jalisco\/","title":{"rendered":"Los pueblos afectados por la presa El Zapotillo: piden se cumpla lo pactado y reparaci\u00f3n del da\u00f1o (Jalisco)"},"content":{"rendered":"<p>Imagen: Zona Docs<\/p>\n<p><b>La presa El Zapotillo, es el proyecto h\u00eddrico que dotar\u00e1 de agua a la Zona Metropolitana de Guadalajara y que estuvo suspendido m\u00e1s de 16 a\u00f1os debido a recursos judiciales, ya que la construcci\u00f3n de la presa hubiera provocado\u00a0la inundaci\u00f3n de los tres poblados: Temacapul\u00edn, Acasico y Palmarejo.<\/b><\/p>\n<p>Mari Borja \/ Zona Docs<\/p>\n<p><strong><span id=\"page3R_mcid5\" class=\"markedContent\"><span dir=\"ltr\" role=\"presentation\">Guadalajara, Jalisco, 10 de noviembre de 2022.\u00a0<\/span><\/span><\/strong><span id=\"page3R_mcid8\" class=\"markedContent\"><span dir=\"ltr\" role=\"presentation\">Las comunidades campesinas de Temacapul\u00edn, Acasico y Palmarejo en los Altos de Jalisco,\u00a0<\/span><\/span><span id=\"page3R_mcid5\" class=\"markedContent\"><span dir=\"ltr\" role=\"presentation\">se\u00f1alaron que a un a\u00f1o de los acuerdos, lo pactado en reparaci\u00f3n del<b>\u00a0da\u00f1o no se ha cumplido<\/b>, y\u00a0<span id=\"page3R_mcid8\" class=\"markedContent\">\u00a0hoy,<\/span>\u00a0<\/span><\/span><span id=\"page3R_mcid8\" class=\"markedContent\"><span dir=\"ltr\" role=\"presentation\">conmemoran el primer aniversario de los<\/span>\u00a0<strong><span dir=\"ltr\" role=\"presentation\">\u201cAcuerdos de Temacapul\u00edn\u201d.<\/span><\/strong><\/span><\/p>\n<p><strong>\u201cEsto es fruto de nuestra digna lucha y resistencia mediante la cual logramos SALVAR NUESTRAS COMUNIDADES Y TERRITORIOS DE LA INUNDACI\u00d3N del megaproyecto Presa El Zapotillo \u2013 Acueducto, Zapotillo \u2013 Le\u00f3n, as\u00ed como el reconocimiento de las violaciones a nuestros derechos humanos y el compromiso del Gobierno de la Rep\u00fablica a trav\u00e9s del Presidente Andr\u00e9s Manuel L\u00f3pez Obrador y su Gabinete Ampliado, para el cumplimiento del Plan de Justicia para la Reparaci\u00f3n Integral de los Da\u00f1os\u201d y del \u201cPlan de Reacondicionamiento T\u00e9cnico de la Presa El Zapotillo sin INUNDACI\u00d3N de las comunidades\u201d, denunciaron en conferencia de prensa.<\/strong><\/p>\n<p><span id=\"page3R_mcid12\" class=\"markedContent\">L<span dir=\"ltr\" role=\"presentation\">as\u00a0<\/span><span dir=\"ltr\" role=\"presentation\">comunidades siguen en lucha por el cumplimiento total<\/span>\u00a0<span dir=\"ltr\" role=\"presentation\">de la obligaci\u00f3n que asumi\u00f3 el Gobierno de la\u00a0<\/span><span dir=\"ltr\" role=\"presentation\">Rep\u00fablica de garantizar su derecho a la reparaci\u00f3n de los da\u00f1os, a la justicia y a los cambios urgentes en\u00a0<\/span><span dir=\"ltr\" role=\"presentation\">las pol\u00edticas que aseguren una gesti\u00f3n integral del agua p\u00fablica y comunitaria,\u00a0<strong>como aprendizaje y consecuencia\u00a0<\/strong><\/span><span dir=\"ltr\" role=\"presentation\"><strong>de las graves violaciones, corrupci\u00f3n y atropellos que ocasion\u00f3 el proyecto Presa El Zapotillo<\/strong>.<\/span><\/span><\/p>\n<p><span id=\"page3R_mcid8\" class=\"markedContent\"><span dir=\"ltr\" role=\"presentation\">Las comunidades\u00a0<\/span><\/span><span id=\"page3R_mcid5\" class=\"markedContent\"><span dir=\"ltr\" role=\"presentation\">afirman que varias secretar\u00edas federales se volvieron invisibles y han simulado los apoyos, mientras que otras ni siquiera se han presentado de nuevo<\/span><\/span>.<\/p>\n<p><span id=\"page3R_mcid5\" class=\"markedContent\"><span dir=\"ltr\" role=\"presentation\"><span id=\"page3R_mcid10\" class=\"markedContent\">Los \u201cAcuerdos de Temacapul\u00edn\u201d lograron, adem\u00e1s, cancelar el Acueducto Zapotillo-Le\u00f3n y la Presa El Purgatorio, garantizando que el agua del r\u00edo Verde se quede en Jalisco, para ser destinada al consumo humano de las personas que no tienen acceso o que m\u00e1s la necesitan dentro del \u00c1rea Metropolitana de Guadalajara.<\/span><\/span><\/span><\/p>\n<p><strong>\u201cOmiten la urgencia y necesidad de generar pol\u00edticas, programas y reglas de operaci\u00f3n culturalmente apropiadas y acorde a nuestras necesidades para lograr el cumplimiento total del resarcimiento de los da\u00f1os\u201d, expres\u00f3 Abigail Agredano, otra de las voceras del movimiento.<\/strong><\/p>\n<p>Entre los aspectos que dicen se han incumplido, es generar las pol\u00edticas para que los\u00a0<strong>habitantes de Palmarejo que fueron desplazadas puedan retornar a su comunidad.<\/strong><\/p>\n<p><span id=\"page23R_mcid18\" class=\"markedContent\"><span dir=\"ltr\" role=\"presentation\">Dado el lento avance del Plan de Reparaci\u00f3n,\u00a0<\/span><\/span><strong><span id=\"page23R_mcid18\" class=\"markedContent\"><span dir=\"ltr\" role=\"presentation\">las comunidades exhortaron al Gobierno Federal:<\/span><\/span><\/strong><\/p>\n<p>a) Al cumplimiento total de los 15 puntos del Plan de Justicia para la Reparaci\u00f3n Integral de los Da\u00f1os.<br \/>\nb) Se asigne del Presupuesto Federal 2023 un presupuesto especial manejado por las Secretar\u00edas para el desarrollo y cumplimiento de todos los acuerdos.<br \/>\nc) Como prioridad demandamos se atienda de manera inmediata la salud, la educaci\u00f3n y el sistema de telecomunicaciones.<br \/>\nd) Contin\u00faen los trabajos para la determinaci\u00f3n del \u00c1rea Natural Protegida en nuestro territorio por parte de la CONANP, como medida jur\u00eddica y de garant\u00eda de NO inundaci\u00f3n.<br \/>\ne) Se inicien los trabajos por parte de la SEMARNAT de los Ordenamientos Ecol\u00f3gicos Territoriales como medida jur\u00eddica y de garant\u00eda de NO inundaci\u00f3n.<br \/>\nf) Se inicien los trabajos de parte del IMTA y la SEMARNAT del Balance y Ordenamiento H\u00eddrico de la Cuenca del R\u00edo Verde, como medida jur\u00eddica y de garant\u00eda de NO inundaci\u00f3n. Y se establezcan precedentes y modificaciones en la pol\u00edtica h\u00eddrica de Jalisco y M\u00e9xico sobre el abastecimiento del agua y la eliminaci\u00f3n de megaproyecto como El Zapotillo.<br \/>\ng) Se inicien los trabajos de la Restauraci\u00f3n del r\u00edo Verde y el Programa de Reforestaci\u00f3n Integral por parte de la CONAFOR.<\/p>\n<p>Por otro lado,<span id=\"page26R_mcid19\" class=\"markedContent\"><span dir=\"ltr\" role=\"presentation\">\u00a0las comunidades exigieron al Gobierno de Enrique Alfaro,\u00a0<\/span><\/span><span id=\"page26R_mcid19\" class=\"markedContent\"><span dir=\"ltr\" role=\"presentation\">r<\/span><\/span><span id=\"page26R_mcid20\" class=\"markedContent\"><span dir=\"ltr\" role=\"presentation\">egrese las propiedades que adquiri\u00f3 el Gobierno de Jalisco a las comunidades con violaciones a sus derechos humanos.\u00a0<\/span><\/span><\/p>\n<p><span id=\"page26R_mcid21\" class=\"markedContent\"><span dir=\"ltr\" role=\"presentation\">Al Gobierno Federal le solicitaron, i<\/span><\/span><span id=\"page26R_mcid22\" class=\"markedContent\"><span dir=\"ltr\" role=\"presentation\">nicie de inmediato la Auditor\u00eda T\u00e9cnica y Financiera de la Presa El Zapotillo.<\/span><\/span><\/p>\n<p><span dir=\"ltr\" role=\"presentation\"><strong>\u201cLas comunidades y\u00a0<\/strong><\/span><strong><span dir=\"ltr\" role=\"presentation\">la sociedad en general necesitamos se transparente los malos manejos para que nunca vuelvan a\u00a0<\/span><\/strong><span dir=\"ltr\" role=\"presentation\"><strong>ocurrir.\u201d<\/strong><\/span><\/p>\n<p><a href=\"https:\/\/www.zonadocs.mx\/2022\/11\/10\/los-pueblos-afectados-por-la-presa-el-zapotillo-piden-se-cumpla-lo-pactado-y-reparacion-del-dano\/\">https:\/\/www.zonadocs.mx\/2022\/11\/10\/los-pueblos-afectados-por-la-presa-el-zapotillo-piden-se-cumpla-lo-pactado-y-reparacion-del-dano\/<\/a><\/p>\n<p>&nbsp;<\/p>\n","protected":false},"excerpt":{"rendered":"<p>Imagen: Zona Docs La presa El Zapotillo, es el proyecto h\u00eddrico que dotar\u00e1 de agua a la Zona Metropolitana de Guadalajara y que estuvo suspendido m\u00e1s de 16 a\u00f1os debido &hellip; <a href=\"https:\/\/www.grieta.org.mx\/index.php\/2022\/11\/10\/los-pueblos-afectados-por-la-presa-el-zapotillo-piden-se-cumpla-lo-pactado-y-reparacion-del-dano-jalisco\/\" class=\"more-link\">Leer m\u00e1s<\/a><\/p>\n","protected":false},"author":2,"featured_media":65740,"comment_status":"closed","ping_status":"closed","sticky":false,"template":"","format":"standard","meta":{"ngg_post_thumbnail":0,"_jetpack_newsletter_access":"","_jetpack_dont_email_post_to_subs":false,"_jetpack_newsletter_tier_id":0,"_jetpack_memberships_contains_paywalled_content":false,"_jetpack_memberships_contains_paid_content":false,"footnotes":""},"categories":[80,1278,20,2715,2,83],"tags":[628,2793,881,3215,1498],"class_list":["post-65738","post","type-post","status-publish","format-standard","has-post-thumbnail","hentry","category-cintillo","category-despojo-de-tierras-y-territorios","category-jalisco","category-lucha-y-resistencia-contra-presa-el-zapotillo","category-noticias-nacionales","category-temas-nacionales","tag-defensa-del-territorio","tag-defensores-territorio","tag-inundaciones","tag-presa-el-zapotillo","tag-privatizacon-del-agua","entry"],"jetpack_featured_media_url":"https:\/\/www.grieta.org.mx\/wp-content\/uploads\/2022\/11\/Captura-de-Pantalla-2022-11-11-a-las-7.37.53-1068x734-1.png","jetpack_sharing_enabled":true,"jetpack_shortlink":"https:\/\/wp.me\/p7ZJR4-h6i","jetpack_likes_enabled":false,"jetpack-related-posts":[{"id":61305,"url":"https:\/\/www.grieta.org.mx\/index.php\/2021\/08\/16\/pueblos-afectados-por-el-zapotillo-exigen-reparacion-integral-de-los-danos-auditoria-tecnica-y-financiera-a-la-megaobra-y-disculpas-publicas-jalisco\/","url_meta":{"origin":65738,"position":0},"title":"Pueblos afectados por El Zapotillo exigen reparaci\u00f3n integral de los da\u00f1os, auditor\u00eda t\u00e9cnica y financiera a la megaobra y disculpas p\u00fablicas (Jalisco)","author":"grieta","date":"16 agosto, 2021","format":false,"excerpt":"Foto: Mario Marlo Mario Marlo \/ Somos El Medio A trav\u00e9s de un comunicado, las comunidades campesinas de\u00a0Temacapul\u00edn, Acasico y Palmarejo, ubicadas en los Altos de Jalisco, informaron que la propuesta que presentar\u00e1 la\u00a0Comisi\u00f3n Nacional del Agua (CONAGUA)\u00a0el pr\u00f3ximo s\u00e1bado a las comunidades, debe garantizar no solo la no inundaci\u00f3n\u2026","rel":"","context":"En &quot;CINTILLO&quot;","block_context":{"text":"CINTILLO","link":"https:\/\/www.grieta.org.mx\/index.php\/category\/cintillo\/"},"img":{"alt_text":"","src":"https:\/\/i0.wp.com\/www.grieta.org.mx\/wp-content\/uploads\/2021\/08\/El-Zapotillo-1-696x464-1.jpg?resize=350%2C200&ssl=1","width":350,"height":200,"srcset":"https:\/\/i0.wp.com\/www.grieta.org.mx\/wp-content\/uploads\/2021\/08\/El-Zapotillo-1-696x464-1.jpg?resize=350%2C200&ssl=1 1x, https:\/\/i0.wp.com\/www.grieta.org.mx\/wp-content\/uploads\/2021\/08\/El-Zapotillo-1-696x464-1.jpg?resize=525%2C300&ssl=1 1.5x"},"classes":[]},{"id":3573,"url":"https:\/\/www.grieta.org.mx\/index.php\/2016\/09\/12\/presa-y-acueducto-el-zapotillo\/","url_meta":{"origin":65738,"position":1},"title":"Resistencia contra la presa y el acueducto El Zapotillo","author":"grieta","date":"12 septiembre, 2016","format":false,"excerpt":"12\/09\/16. Dan facilidades financieras a AbengoaNtr Guadalajara 22\/08\/16. \u201cJam\u00e1s nos iremos de\u00a0Temacapul\u00edn\u201dP\u00e1gina 24 13\/08\/16. Unops \u201cchantajea\u201d a los habitantes de Los\u00a0Altos Sitio Agustin del Castillo 12\/08\/16. Detienen proyecto del Zapotillo am Le\u00f3n 27\/07\/16. Piden que Comisi\u00f3n sobre Presa Zapotillo sea abierta Canal 44 02\/05\/16. Jalisco, el desag\u00fce de El Zapotillo\u2026","rel":"","context":"En &quot;Jalisco&quot;","block_context":{"text":"Jalisco","link":"https:\/\/www.grieta.org.mx\/index.php\/category\/noticias-nacionales\/jalisco\/"},"img":{"alt_text":"","src":"https:\/\/i0.wp.com\/www.grieta.org.mx\/wp-content\/uploads\/2018\/03\/14524434_1106112876131411_958039263622046936_o.jpg?resize=350%2C200&ssl=1","width":350,"height":200,"srcset":"https:\/\/i0.wp.com\/www.grieta.org.mx\/wp-content\/uploads\/2018\/03\/14524434_1106112876131411_958039263622046936_o.jpg?resize=350%2C200&ssl=1 1x, https:\/\/i0.wp.com\/www.grieta.org.mx\/wp-content\/uploads\/2018\/03\/14524434_1106112876131411_958039263622046936_o.jpg?resize=525%2C300&ssl=1 1.5x, https:\/\/i0.wp.com\/www.grieta.org.mx\/wp-content\/uploads\/2018\/03\/14524434_1106112876131411_958039263622046936_o.jpg?resize=700%2C400&ssl=1 2x"},"classes":[]},{"id":46496,"url":"https:\/\/www.grieta.org.mx\/index.php\/2020\/03\/11\/temaca-denuncia-avances-en-presa-el-zapotillo-jalisco\/","url_meta":{"origin":65738,"position":2},"title":"Temaca denuncia avances en Presa El Zapotillo (Jalisco)","author":"grieta","date":"11 marzo, 2020","format":false,"excerpt":"Foto: Yunuen Mora Yunuen Mora \/ El Informador Pobladores de Temacapul\u00edn, Acasico y Palmarejo denunciaron que, pese a los di\u00e1logos que ha habido con el Gobierno Federal para llegar a un acuerdo respecto a la Presa El Zapotillo, los trabajos en el lugar contin\u00faan con el pretexto de obras de\u2026","rel":"","context":"En &quot;CINTILLO&quot;","block_context":{"text":"CINTILLO","link":"https:\/\/www.grieta.org.mx\/index.php\/category\/cintillo\/"},"img":{"alt_text":"","src":"https:\/\/i0.wp.com\/www.grieta.org.mx\/wp-content\/uploads\/2020\/03\/2-3.jpg?resize=350%2C200&ssl=1","width":350,"height":200,"srcset":"https:\/\/i0.wp.com\/www.grieta.org.mx\/wp-content\/uploads\/2020\/03\/2-3.jpg?resize=350%2C200&ssl=1 1x, https:\/\/i0.wp.com\/www.grieta.org.mx\/wp-content\/uploads\/2020\/03\/2-3.jpg?resize=525%2C300&ssl=1 1.5x, https:\/\/i0.wp.com\/www.grieta.org.mx\/wp-content\/uploads\/2020\/03\/2-3.jpg?resize=700%2C400&ssl=1 2x"},"classes":[]},{"id":35937,"url":"https:\/\/www.grieta.org.mx\/index.php\/2019\/06\/29\/un-buen-gobernante-no-le-da-la-espalda-al-pueblo-no-incumple-sus-compromisos-temacapulin-jalisco\/","url_meta":{"origin":65738,"position":3},"title":"Un buen gobernante no le da la espalda al pueblo, no incumple sus compromisos: Temacapul\u00edn (Jalisco)","author":"grieta","date":"29 junio, 2019","format":false,"excerpt":"Redacci\u00f3n \/ Somos el Medio A trav\u00e9s de una carta dirigida a Enrique Alfaro Ram\u00edrez, a su Gabinete de Gobierno y a los diputados(as) del Congreso del Estado de Jalisco, el Comit\u00e9 Salvemos Temacapul\u00edn Acasico y Palmarejo, el Colectivo de Abogadxs, el Movimiento Mexicano de Afectados por las Presas y\u2026","rel":"","context":"En &quot;CINTILLO&quot;","block_context":{"text":"CINTILLO","link":"https:\/\/www.grieta.org.mx\/index.php\/category\/cintillo\/"},"img":{"alt_text":"","src":"https:\/\/i0.wp.com\/www.grieta.org.mx\/wp-content\/uploads\/2019\/07\/D-MawzfUYAA3J_I.jpg?resize=350%2C200&ssl=1","width":350,"height":200,"srcset":"https:\/\/i0.wp.com\/www.grieta.org.mx\/wp-content\/uploads\/2019\/07\/D-MawzfUYAA3J_I.jpg?resize=350%2C200&ssl=1 1x, https:\/\/i0.wp.com\/www.grieta.org.mx\/wp-content\/uploads\/2019\/07\/D-MawzfUYAA3J_I.jpg?resize=525%2C300&ssl=1 1.5x"},"classes":[]},{"id":62987,"url":"https:\/\/www.grieta.org.mx\/index.php\/2021\/12\/28\/falta-cumplir-con-plan-de-justicia-para-temaca-jalisco\/","url_meta":{"origin":65738,"position":4},"title":"Falta cumplir con Plan de Justicia para Temaca (Jalisco)","author":"grieta","date":"28 diciembre, 2021","format":false,"excerpt":"Foto: Archivo, Cuartoscuro Redacci\u00f3n \/ El Diario NTR Aunque en 2021 se lleg\u00f3 a un acuerdo con el gobierno federal para frenar que la cortina de la Presa El Zapotillo se elevara a 105 metros, a\u00fan falta que se cumplan con los acuerdos del Plan de Justicia acordado con los\u2026","rel":"","context":"En &quot;CINTILLO&quot;","block_context":{"text":"CINTILLO","link":"https:\/\/www.grieta.org.mx\/index.php\/category\/cintillo\/"},"img":{"alt_text":"","src":"https:\/\/i0.wp.com\/www.grieta.org.mx\/wp-content\/uploads\/2022\/01\/2021-12-28_06-12-32___7315.jpg?resize=350%2C200&ssl=1","width":350,"height":200,"srcset":"https:\/\/i0.wp.com\/www.grieta.org.mx\/wp-content\/uploads\/2022\/01\/2021-12-28_06-12-32___7315.jpg?resize=350%2C200&ssl=1 1x, https:\/\/i0.wp.com\/www.grieta.org.mx\/wp-content\/uploads\/2022\/01\/2021-12-28_06-12-32___7315.jpg?resize=525%2C300&ssl=1 1.5x, https:\/\/i0.wp.com\/www.grieta.org.mx\/wp-content\/uploads\/2022\/01\/2021-12-28_06-12-32___7315.jpg?resize=700%2C400&ssl=1 2x"},"classes":[]},{"id":46499,"url":"https:\/\/www.grieta.org.mx\/index.php\/2020\/03\/12\/incertidumbre-por-inundacion-una-agonia-diaria-en-temaca-jalisco\/","url_meta":{"origin":65738,"position":5},"title":"Incertidumbre por inundaci\u00f3n, una agon\u00eda diaria en \u201cTemaca\u201d (Jalisco)","author":"grieta","date":"12 marzo, 2020","format":false,"excerpt":"Foto: A. Camacho M\u00e1s de 300 personas viven con la incertidumbre de la inundaci\u00f3n y del desalojo forzado Redacci\u00f3n \/ El Informador Desde hace 47 a\u00f1os, Martha Hern\u00e1ndez vive en Temacapul\u00edn, la peque\u00f1a localidad de Ca\u00f1adas de Obreg\u00f3n que la presa El Zapotillo podr\u00eda inundar si se cierran las compuertas\u2026","rel":"","context":"En &quot;CINTILLO&quot;","block_context":{"text":"CINTILLO","link":"https:\/\/www.grieta.org.mx\/index.php\/category\/cintillo\/"},"img":{"alt_text":"","src":"https:\/\/i0.wp.com\/www.grieta.org.mx\/wp-content\/uploads\/2020\/03\/3-3.jpg?resize=350%2C200&ssl=1","width":350,"height":200,"srcset":"https:\/\/i0.wp.com\/www.grieta.org.mx\/wp-content\/uploads\/2020\/03\/3-3.jpg?resize=350%2C200&ssl=1 1x, https:\/\/i0.wp.com\/www.grieta.org.mx\/wp-content\/uploads\/2020\/03\/3-3.jpg?resize=525%2C300&ssl=1 1.5x, https:\/\/i0.wp.com\/www.grieta.org.mx\/wp-content\/uploads\/2020\/03\/3-3.jpg?resize=700%2C400&ssl=1 2x"},"classes":[]}],"_links":{"self":[{"href":"https:\/\/www.grieta.org.mx\/index.php\/wp-json\/wp\/v2\/posts\/65738","targetHints":{"allow":["GET"]}}],"collection":[{"href":"https:\/\/www.grieta.org.mx\/index.php\/wp-json\/wp\/v2\/posts"}],"about":[{"href":"https:\/\/www.grieta.org.mx\/index.php\/wp-json\/wp\/v2\/types\/post"}],"author":[{"embeddable":true,"href":"https:\/\/www.grieta.org.mx\/index.php\/wp-json\/wp\/v2\/users\/2"}],"replies":[{"embeddable":true,"href":"https:\/\/www.grieta.org.mx\/index.php\/wp-json\/wp\/v2\/comments?post=65738"}],"version-history":[{"count":1,"href":"https:\/\/www.grieta.org.mx\/index.php\/wp-json\/wp\/v2\/posts\/65738\/revisions"}],"predecessor-version":[{"id":65744,"href":"https:\/\/www.grieta.org.mx\/index.php\/wp-json\/wp\/v2\/posts\/65738\/revisions\/65744"}],"wp:featuredmedia":[{"embeddable":true,"href":"https:\/\/www.grieta.org.mx\/index.php\/wp-json\/wp\/v2\/media\/65740"}],"wp:attachment":[{"href":"https:\/\/www.grieta.org.mx\/index.php\/wp-json\/wp\/v2\/media?parent=65738"}],"wp:term":[{"taxonomy":"category","embeddable":true,"href":"https:\/\/www.grieta.org.mx\/index.php\/wp-json\/wp\/v2\/categories?post=65738"},{"taxonomy":"post_tag","embeddable":true,"href":"https:\/\/www.grieta.org.mx\/index.php\/wp-json\/wp\/v2\/tags?post=65738"}],"curies":[{"name":"wp","href":"https:\/\/api.w.org\/{rel}","templated":true}]}}