{"id":65734,"date":"2022-11-17T09:20:13","date_gmt":"2022-11-17T15:20:13","guid":{"rendered":"https:\/\/www.grieta.org.mx\/?p=65734"},"modified":"2022-11-20T12:19:49","modified_gmt":"2022-11-20T18:19:49","slug":"bloqueo-en-protesta-por-personas-desaparecidas-en-la-zona-hotelera-de-cancun-se-levanto-despues-de-nueve-horas-quintana-roo","status":"publish","type":"post","link":"https:\/\/www.grieta.org.mx\/index.php\/2022\/11\/17\/bloqueo-en-protesta-por-personas-desaparecidas-en-la-zona-hotelera-de-cancun-se-levanto-despues-de-nueve-horas-quintana-roo\/","title":{"rendered":"Bloqueo en protesta por personas desaparecidas en la zona hotelera de Canc\u00fan se levant\u00f3 despu\u00e9s de nueve horas (Quintana Roo)"},"content":{"rendered":"<p> Jes\u00fas V\u00e1zquez \/ El Economista<\/p>\n<p>Canc\u00fan, Quintana Roo.- La gobernadora de Quintana Roo, Mara Lezama Espinosa, se comprometi\u00f3 mediante una llamada telef\u00f3nica a sostener una reuni\u00f3n ma\u00f1ana jueves en Canc\u00fan con familiares de personas desaparecidas en el estado para abordar el tema de la destituci\u00f3n del fiscal general, \u00d3scar Montes de Oca.<\/p>\n<p>Bajo ese compromiso se levant\u00f3 el bloqueo al bulevar Kukulc\u00e1n (zona hotelera de Canc\u00fan) que durante m\u00e1s de nueve horas mantuvieron los miembros de los colectivos Memoria, Verdad y Justicia y Somos tus Ojos, quienes acusan al fiscal de entorpecer las investigaciones y b\u00fasqueda de personas desaparecidas en el estado durante la anterior administraci\u00f3n estatal encabezada por el ex gobernador Carlos Joaqu\u00edn Gonz\u00e1lez.<\/p>\n<p>El bloqueo gener\u00f3 caos e incertidumbre entre turistas y trabajadores de la zona hotelera de Canc\u00fan, pues muchos visitantes perdieron sus vuelos de retorno a sus lugares de origen, adem\u00e1s de que muchos empleados hoteleros no pudieron llegar a sus centros de trabajo.<\/p>\n<p>La protesta de los colectivos Memoria, Verdad y Justicia y Somos tus Ojos se origina desde el pasado 24 de octubre, cuando entregaron al Congreso del estado una solicitud formal para que la gobernadora inicie el procedimiento de remoci\u00f3n del fiscal \u00d3scar Montes de Oca, a quien acusan de violaciones sistem\u00e1ticas a los derechos humanos, relacionados con al menos 70 carpetas de investigaci\u00f3n.<\/p>\n<p>Dichas averiguaciones previas est\u00e1n relacionadas con desaparici\u00f3n de personas, as\u00ed como conductores de Uber, quienes se\u00f1alan omisiones en la integraci\u00f3n de averiguaciones previas, adem\u00e1s de que no hay ning\u00fan procesado por delitos graves de amenazas y agresiones que datan desde 2017, seg\u00fan han se\u00f1alado los colectivos.<\/p>\n<p>Tambi\u00e9n est\u00e1n incluidos miembros del colectivo 9N, que se\u00f1alan el tortuguismo en el procesamiento de al menos dos carpetas de investigaci\u00f3n por la represi\u00f3n a balazos de una protesta pac\u00edfica en la explanada del ayuntamiento Benito Ju\u00e1rez en 2020, adem\u00e1s de casos espec\u00edficos de despojo que tambi\u00e9n aseguran que se han mantenido impunes durante la gesti\u00f3n del fiscal Montes de Oca.<\/p>\n<p>Fabiola Cort\u00e9s, presidenta del colectivo Somos tus Ojos, asegur\u00f3 que es facultad de la gobernadora Mara Lezama iniciar el procedimiento de remoci\u00f3n del fiscal, por lo cual entregaron de manera formal esta petici\u00f3n, o de lo contrario anunciaron que se amparar\u00e1n.<\/p>\n<p>Al no haber respuesta formal por parte de la gobernadora a esta exigencia, las protestas han ido escalando en intensidad, pues el pasado lunes de esta semana estos mismos colectivos protestaron en la entrada de la Vicefiscal\u00eda General del Estado en Canc\u00fan, exhibiendo nuevos casos de corrupci\u00f3n como el de una ciudadana de origen checo, quien acus\u00f3 a la dependencia de solicitarle medio mill\u00f3n de pesos para emitir una alerta \u00c1mber por la sustracci\u00f3n una de sus hijas, menor de edad.<\/p>\n<p>Este mi\u00e9rcoles, al no recibir respuesta a sus exigencias, los colectivos iniciaron el bloqueo del bulevar Kukulc\u00e1n, la \u00fanica arteria de acceso y salida de la zona tur\u00edstica de Canc\u00fan. Las r\u00edspidas negociaciones con los inconformes fueron encabezadas por Jorge Aguilar Osorio, secretario general del ayuntamiento de Benito Ju\u00e1rez, quien asegur\u00f3 que fueron cumplidas todas las peticiones hechas por los manifestantes, incluso la comunicaci\u00f3n con la gobernadora, que fue la que logr\u00f3 que aceptaran levantar el bloqueo.<\/p>\n<p>En un audio que se logr\u00f3 grabar durante la negociaci\u00f3n entre una de las principales activistas del colectivo Memoria, Verdad y Justicia, se escucha al secretario del ayuntamiento fijar a las 17.30 horas de este jueves 17 de noviembre la reuni\u00f3n con la gobernadora Mara Lezama en Canc\u00fan.<\/p>\n<p><a href=\"https:\/\/www.eleconomista.com.mx\/estados\/Bloqueo-en-protesta-por-personas-desaparecidas-en-la-zona-hotelera-de-Cancun-se-levanto-despues-de-nueve-horas-20221117-0027.html\" rel=\"noopener\" target=\"_blank\">https:\/\/www.eleconomista.com.mx\/estados\/Bloqueo-en-protesta-por-personas-desaparecidas-en-la-zona-hotelera-de-Cancun-se-levanto-despues-de-nueve-horas-20221117-0027.html<\/a><\/p>\n","protected":false},"excerpt":{"rendered":"<p>Jes\u00fas V\u00e1zquez \/ El Economista Canc\u00fan, Quintana Roo.- La gobernadora de Quintana Roo, Mara Lezama Espinosa, se comprometi\u00f3 mediante una llamada telef\u00f3nica a sostener una reuni\u00f3n ma\u00f1ana jueves en Canc\u00fan &hellip; <a href=\"https:\/\/www.grieta.org.mx\/index.php\/2022\/11\/17\/bloqueo-en-protesta-por-personas-desaparecidas-en-la-zona-hotelera-de-cancun-se-levanto-despues-de-nueve-horas-quintana-roo\/\" class=\"more-link\">Leer m\u00e1s<\/a><\/p>\n","protected":false},"author":2,"featured_media":65739,"comment_status":"closed","ping_status":"closed","sticky":false,"template":"","format":"standard","meta":{"ngg_post_thumbnail":0,"_jetpack_newsletter_access":"","_jetpack_dont_email_post_to_subs":false,"_jetpack_newsletter_tier_id":0,"_jetpack_memberships_contains_paywalled_content":false,"_jetpack_memberships_contains_paid_content":false,"footnotes":""},"categories":[80,87,2808,2,28,83],"tags":[3791,3018],"class_list":["post-65734","post","type-post","status-publish","format-standard","has-post-thumbnail","hentry","category-cintillo","category-desaparecidos","category-desaparecidos-en-quintana-roo","category-noticias-nacionales","category-quintana-roo","category-temas-nacionales","tag-acciones-por-desaparecidos","tag-colectivos-de-busqueda-de-desaparecidos","entry"],"jetpack_featured_media_url":"https:\/\/www.grieta.org.mx\/wp-content\/uploads\/2022\/11\/BloqueoCancun-e1668968225606.jpg","jetpack_sharing_enabled":true,"jetpack_shortlink":"https:\/\/wp.me\/p7ZJR4-h6e","jetpack_likes_enabled":false,"jetpack-related-posts":[{"id":65576,"url":"https:\/\/www.grieta.org.mx\/index.php\/2022\/10\/20\/marchan-activistas-contra-nulos-resultados-de-la-fiscalia-en-casos-de-desaparecidos-quintana-roo\/","url_meta":{"origin":65734,"position":0},"title":"Marchan activistas contra nulos resultados de la Fiscal\u00eda en casos de desaparecidos (Quintana Roo)","author":"grieta","date":"20 octubre, 2022","format":false,"excerpt":"Juan Morales \/ Grupo Pir\u00e1mide Canc\u00fan, Quintana Roo.- Miembros del colectivo Verdad, Memoria y Justicia marcharon en Canc\u00fan contra los nulos resultados de la Fiscal\u00eda General del Estado (FGE) en los reportes de personas desaparecidas, los cuales aumentaron durante septiembre con dos casos m\u00e1s. Los manifestantes arrancaron su protesta desde\u2026","rel":"","context":"En &quot;CINTILLO&quot;","block_context":{"text":"CINTILLO","link":"https:\/\/www.grieta.org.mx\/index.php\/category\/cintillo\/"},"img":{"alt_text":"","src":"https:\/\/i0.wp.com\/www.grieta.org.mx\/wp-content\/uploads\/2022\/10\/DesaparecidosQroo-e1666432285627.jpg?resize=350%2C200&ssl=1","width":350,"height":200,"srcset":"https:\/\/i0.wp.com\/www.grieta.org.mx\/wp-content\/uploads\/2022\/10\/DesaparecidosQroo-e1666432285627.jpg?resize=350%2C200&ssl=1 1x, https:\/\/i0.wp.com\/www.grieta.org.mx\/wp-content\/uploads\/2022\/10\/DesaparecidosQroo-e1666432285627.jpg?resize=525%2C300&ssl=1 1.5x, https:\/\/i0.wp.com\/www.grieta.org.mx\/wp-content\/uploads\/2022\/10\/DesaparecidosQroo-e1666432285627.jpg?resize=700%2C400&ssl=1 2x"},"classes":[]},{"id":69534,"url":"https:\/\/www.grieta.org.mx\/index.php\/2024\/08\/30\/marchan-por-desaparecidos-en-cancun-y-chetumal-quintana-roo\/","url_meta":{"origin":65734,"position":1},"title":"Marchan por desaparecidos en Canc\u00fan y Chetumal (Quintana Roo)","author":"grieta","date":"30 agosto, 2024","format":false,"excerpt":"Noticaribe CANC\u00daN, MX.- Madres y otros familiares de personas desaparecidos marcharon hoy en Canc\u00fan y en Chetumal para conmemorar el D\u00eda de la B\u00fasqueda de Personas. En Canc\u00fan, dos colectivos, el \u201d Verdad y Justicia\u201d, as\u00ed como las \u201cMadres Buscadoras\u201d marcharon por separado rumbo al Palacio Municipal. Integrantes de \u201cVerdad,\u2026","rel":"","context":"En &quot;CINTILLO&quot;","block_context":{"text":"CINTILLO","link":"https:\/\/www.grieta.org.mx\/index.php\/category\/cintillo\/"},"img":{"alt_text":"","src":"https:\/\/i0.wp.com\/www.grieta.org.mx\/wp-content\/uploads\/2024\/08\/Marchan-e1725139943721.jpg?resize=350%2C200&ssl=1","width":350,"height":200,"srcset":"https:\/\/i0.wp.com\/www.grieta.org.mx\/wp-content\/uploads\/2024\/08\/Marchan-e1725139943721.jpg?resize=350%2C200&ssl=1 1x, https:\/\/i0.wp.com\/www.grieta.org.mx\/wp-content\/uploads\/2024\/08\/Marchan-e1725139943721.jpg?resize=525%2C300&ssl=1 1.5x, https:\/\/i0.wp.com\/www.grieta.org.mx\/wp-content\/uploads\/2024\/08\/Marchan-e1725139943721.jpg?resize=700%2C400&ssl=1 2x"},"classes":[]},{"id":68905,"url":"https:\/\/www.grieta.org.mx\/index.php\/2024\/05\/10\/cancun-madres-buscadoras-bloquean-la-av-xcaret-para-reclamar-por-desaparecidos-quintana-roo\/","url_meta":{"origin":65734,"position":2},"title":"Canc\u00fan: Madres buscadoras bloquean la av. Xcaret para reclamar por desaparecidos (Quintana Roo)","author":"grieta","date":"10 mayo, 2024","format":false,"excerpt":"Eduardo del Valle \/ Novedades Quintana Roo Un bloqueo de un carril de la avenida Xcaret de Canc\u00fan se hizo ayer, por Madres Buscadoras de Quintana Roo como un reclamo m\u00e1s a las autoridades por la falta de resultados en la b\u00fasqueda de desaparecidos. El carril de la Xcaret, con\u2026","rel":"","context":"En &quot;CINTILLO&quot;","block_context":{"text":"CINTILLO","link":"https:\/\/www.grieta.org.mx\/index.php\/category\/cintillo\/"},"img":{"alt_text":"","src":"https:\/\/i0.wp.com\/www.grieta.org.mx\/wp-content\/uploads\/2024\/05\/Desaparecidos-e1715553297915.jpg?resize=350%2C200&ssl=1","width":350,"height":200,"srcset":"https:\/\/i0.wp.com\/www.grieta.org.mx\/wp-content\/uploads\/2024\/05\/Desaparecidos-e1715553297915.jpg?resize=350%2C200&ssl=1 1x, https:\/\/i0.wp.com\/www.grieta.org.mx\/wp-content\/uploads\/2024\/05\/Desaparecidos-e1715553297915.jpg?resize=525%2C300&ssl=1 1.5x, https:\/\/i0.wp.com\/www.grieta.org.mx\/wp-content\/uploads\/2024\/05\/Desaparecidos-e1715553297915.jpg?resize=700%2C400&ssl=1 2x"},"classes":[]},{"id":69329,"url":"https:\/\/www.grieta.org.mx\/index.php\/2024\/05\/31\/cancun-madres-buscadoras-responden-a-amenazas-de-los-hoteleros-quintana-roo\/","url_meta":{"origin":65734,"position":3},"title":"Canc\u00fan: Madres Buscadoras responden a amenazas de los hoteleros (Quintana Roo)","author":"grieta","date":"31 mayo, 2024","format":false,"excerpt":"Sipse Haciendo frente a las amenazas de presuntas denuncias en contra de los manifestantes o protestantes que cierren vialidades en la zona hotelera de Canc\u00fan, el colectivo Madres Buscadoras no dud\u00f3 en responder a los empresarios al indicar que continuar\u00e1n cerrando vialidades ante el mal trabajo del gobierno \u201cincompetente, represor\u2026","rel":"","context":"En &quot;CINTILLO&quot;","block_context":{"text":"CINTILLO","link":"https:\/\/www.grieta.org.mx\/index.php\/category\/cintillo\/"},"img":{"alt_text":"","src":"https:\/\/i0.wp.com\/www.grieta.org.mx\/wp-content\/uploads\/2024\/07\/MadresBuscadoras-e1721778349591.jpg?resize=350%2C200&ssl=1","width":350,"height":200,"srcset":"https:\/\/i0.wp.com\/www.grieta.org.mx\/wp-content\/uploads\/2024\/07\/MadresBuscadoras-e1721778349591.jpg?resize=350%2C200&ssl=1 1x, https:\/\/i0.wp.com\/www.grieta.org.mx\/wp-content\/uploads\/2024\/07\/MadresBuscadoras-e1721778349591.jpg?resize=525%2C300&ssl=1 1.5x, https:\/\/i0.wp.com\/www.grieta.org.mx\/wp-content\/uploads\/2024\/07\/MadresBuscadoras-e1721778349591.jpg?resize=700%2C400&ssl=1 2x"},"classes":[]},{"id":61401,"url":"https:\/\/www.grieta.org.mx\/index.php\/2021\/08\/26\/cancun-quintana-roo-de-paraiso-turistico-a-infierno-registra-27-desaparecidos-en-agosto\/","url_meta":{"origin":65734,"position":4},"title":"Canc\u00fan, Quintana Roo, de para\u00edso tur\u00edstico a infierno: Registra 27 desaparecidos en agosto","author":"grieta","date":"26 agosto, 2021","format":false,"excerpt":"Carlos Hern\u00e1ndez \/ PorEsto! Durante los primeros 25 d\u00edas de agosto, la Fiscal\u00eda General del Estado de Quintana Roo (FGE) report\u00f3 la desaparici\u00f3n de 55 personas; 21 fueron localizadas, del resto se desconoce su paradero. Los municipios con mayor incidencia durante este mes son: Benito Ju\u00e1rez (Canc\u00fan) (27), Solidaridad (12),\u2026","rel":"","context":"En &quot;CINTILLO&quot;","block_context":{"text":"CINTILLO","link":"https:\/\/www.grieta.org.mx\/index.php\/category\/cintillo\/"},"img":{"alt_text":"","src":"https:\/\/i0.wp.com\/www.grieta.org.mx\/wp-content\/uploads\/2021\/08\/CancunInfierno-e1630361530280.png?resize=350%2C200&ssl=1","width":350,"height":200,"srcset":"https:\/\/i0.wp.com\/www.grieta.org.mx\/wp-content\/uploads\/2021\/08\/CancunInfierno-e1630361530280.png?resize=350%2C200&ssl=1 1x, https:\/\/i0.wp.com\/www.grieta.org.mx\/wp-content\/uploads\/2021\/08\/CancunInfierno-e1630361530280.png?resize=525%2C300&ssl=1 1.5x, https:\/\/i0.wp.com\/www.grieta.org.mx\/wp-content\/uploads\/2021\/08\/CancunInfierno-e1630361530280.png?resize=700%2C400&ssl=1 2x"},"classes":[]},{"id":67802,"url":"https:\/\/www.grieta.org.mx\/index.php\/2023\/09\/16\/madres-buscadores-de-cancun-irrumpen-desfile-civico-militar-reclaman-justicia-a-autoridades-quintana-roo\/","url_meta":{"origin":65734,"position":5},"title":"Madres Buscadores de Canc\u00fan irrumpen Desfile C\u00edvico-Militar; reclaman justicia a autoridades (Quintana Roo)","author":"grieta","date":"16 septiembre, 2023","format":false,"excerpt":"Mart\u00edn Chi \/ Foto David P\u00e9rez \/ Por Esto! Las Madres Buscadoras de Canc\u00fan irrumpieron entre los participantes del Desfile C\u00edvico-Militar por el 213 aniversario del inicio de la Independencia de M\u00e9xico y se manifestaron frente al pres\u00eddium, clamando justicia por los desaparecidos. Las madres gritaron consignas buscando justicia y\u2026","rel":"","context":"En &quot;CINTILLO&quot;","block_context":{"text":"CINTILLO","link":"https:\/\/www.grieta.org.mx\/index.php\/category\/cintillo\/"},"img":{"alt_text":"","src":"https:\/\/i0.wp.com\/www.grieta.org.mx\/wp-content\/uploads\/2023\/09\/MadresBuscadoras-e1695694298833.jpg?resize=350%2C200&ssl=1","width":350,"height":200,"srcset":"https:\/\/i0.wp.com\/www.grieta.org.mx\/wp-content\/uploads\/2023\/09\/MadresBuscadoras-e1695694298833.jpg?resize=350%2C200&ssl=1 1x, https:\/\/i0.wp.com\/www.grieta.org.mx\/wp-content\/uploads\/2023\/09\/MadresBuscadoras-e1695694298833.jpg?resize=525%2C300&ssl=1 1.5x, https:\/\/i0.wp.com\/www.grieta.org.mx\/wp-content\/uploads\/2023\/09\/MadresBuscadoras-e1695694298833.jpg?resize=700%2C400&ssl=1 2x"},"classes":[]}],"_links":{"self":[{"href":"https:\/\/www.grieta.org.mx\/index.php\/wp-json\/wp\/v2\/posts\/65734","targetHints":{"allow":["GET"]}}],"collection":[{"href":"https:\/\/www.grieta.org.mx\/index.php\/wp-json\/wp\/v2\/posts"}],"about":[{"href":"https:\/\/www.grieta.org.mx\/index.php\/wp-json\/wp\/v2\/types\/post"}],"author":[{"embeddable":true,"href":"https:\/\/www.grieta.org.mx\/index.php\/wp-json\/wp\/v2\/users\/2"}],"replies":[{"embeddable":true,"href":"https:\/\/www.grieta.org.mx\/index.php\/wp-json\/wp\/v2\/comments?post=65734"}],"version-history":[{"count":1,"href":"https:\/\/www.grieta.org.mx\/index.php\/wp-json\/wp\/v2\/posts\/65734\/revisions"}],"predecessor-version":[{"id":65742,"href":"https:\/\/www.grieta.org.mx\/index.php\/wp-json\/wp\/v2\/posts\/65734\/revisions\/65742"}],"wp:featuredmedia":[{"embeddable":true,"href":"https:\/\/www.grieta.org.mx\/index.php\/wp-json\/wp\/v2\/media\/65739"}],"wp:attachment":[{"href":"https:\/\/www.grieta.org.mx\/index.php\/wp-json\/wp\/v2\/media?parent=65734"}],"wp:term":[{"taxonomy":"category","embeddable":true,"href":"https:\/\/www.grieta.org.mx\/index.php\/wp-json\/wp\/v2\/categories?post=65734"},{"taxonomy":"post_tag","embeddable":true,"href":"https:\/\/www.grieta.org.mx\/index.php\/wp-json\/wp\/v2\/tags?post=65734"}],"curies":[{"name":"wp","href":"https:\/\/api.w.org\/{rel}","templated":true}]}}