{"id":65729,"date":"2022-11-18T08:34:48","date_gmt":"2022-11-18T14:34:48","guid":{"rendered":"https:\/\/www.grieta.org.mx\/?p=65729"},"modified":"2022-11-20T09:17:25","modified_gmt":"2022-11-20T15:17:25","slug":"hace-tres-quincenas-que-no-me-pagan-protestan-jubilados-de-universidad-estudiantes-se-unen-campeche","status":"publish","type":"post","link":"https:\/\/www.grieta.org.mx\/index.php\/2022\/11\/18\/hace-tres-quincenas-que-no-me-pagan-protestan-jubilados-de-universidad-estudiantes-se-unen-campeche\/","title":{"rendered":"\u201cHace tres quincenas que no me pagan\u201d: protestan jubilados de universidad; estudiantes se unen (Campeche)"},"content":{"rendered":"<p>CLAUDIA ARRIAGA \/ CORRESPONSAL \/ La Silla Rota<\/p>\n<p>CD DEL CARMEN.- En noviembre, las y los trabajadores jubilados de la Universidad Aut\u00f3noma del Carmen, Unacar, iniciaron con movilizaciones para exigir rendici\u00f3n de cuentas por el presunto desfalco de 56 millones de pesos del Fideicomiso del Fondo de Pensiones y Jubilaciones. A la protesta se les sumaron las y los estudiantes, ya que, con la excusa del paro de extrabajadores, les condicionaron las clases presenciales  <\/p>\n<p>Algunos de los testimonios de los jubilados y pensionados, recopilados por estudiantes de la licenciatura de en Comunicaci\u00f3n y Gesti\u00f3n Cultural de la UNACAR aseguraron que existen personas que desde septiembre no reciben sus pagos.<\/p>\n<p>\u201cHace tres quincenas que no me pagan, el rector solo dice que no hay dinero, que el Fideicomiso se gast\u00f3\u201d , declar\u00f3 Ernesto Cruz, que desde hace 26 a\u00f1os trabaj\u00f3 en la Universidad.<\/p>\n<p>    \u201cDijeron que se acabo el dinero de los jubilados, que no tienen un peso para seguir pagando. A los de confianza les deben tres meses y los del sindicato tres quincenas\u201d, coment\u00f3 Margarito Garc\u00eda, trabaj\u00f3 25 a\u00f1os.<\/p>\n<p>Estudiantes exigen educaci\u00f3n e instalaciones de calidad<\/p>\n<p>El 7 de noviembre, las personas jubiladas y pensionadas de la UNACAR realizaron la primera protesta. Tomaron las instalaciones de la  Universidad y colocaron candados y cadenas. Las y los estudiantes fueron retirados de clases. Y al d\u00eda siguiente, a trav\u00e9s de un comunicado les informaron que regresar\u00edan a la modalidad virtual. <\/p>\n<p><img loading=\"lazy\" decoding=\"async\" data-attachment-id=\"65731\" data-permalink=\"https:\/\/www.grieta.org.mx\/index.php\/2022\/11\/18\/hace-tres-quincenas-que-no-me-pagan-protestan-jubilados-de-universidad-estudiantes-se-unen-campeche\/unacar3\/\" data-orig-file=\"https:\/\/www.grieta.org.mx\/wp-content\/uploads\/2022\/11\/Unacar3-e1668957218788.jpg\" data-orig-size=\"800,537\" data-comments-opened=\"0\" data-image-meta=\"{&quot;aperture&quot;:&quot;0&quot;,&quot;credit&quot;:&quot;&quot;,&quot;camera&quot;:&quot;&quot;,&quot;caption&quot;:&quot;&quot;,&quot;created_timestamp&quot;:&quot;0&quot;,&quot;copyright&quot;:&quot;&quot;,&quot;focal_length&quot;:&quot;0&quot;,&quot;iso&quot;:&quot;0&quot;,&quot;shutter_speed&quot;:&quot;0&quot;,&quot;title&quot;:&quot;&quot;,&quot;orientation&quot;:&quot;1&quot;}\" data-image-title=\"Unacar3\" data-image-description=\"\" data-image-caption=\"\" data-medium-file=\"https:\/\/www.grieta.org.mx\/wp-content\/uploads\/2022\/11\/Unacar3-e1668957218788-300x201.jpg\" data-large-file=\"https:\/\/www.grieta.org.mx\/wp-content\/uploads\/2022\/11\/Unacar3-1024x687.jpg\" src=\"http:\/\/www.grieta.org.mx\/wp-content\/uploads\/2022\/11\/Unacar3-e1668957218788.jpg\" alt=\"\" width=\"800\" height=\"537\" class=\"alignnone size-full wp-image-65731\" srcset=\"https:\/\/www.grieta.org.mx\/wp-content\/uploads\/2022\/11\/Unacar3-e1668957218788.jpg 800w, https:\/\/www.grieta.org.mx\/wp-content\/uploads\/2022\/11\/Unacar3-e1668957218788-300x201.jpg 300w, https:\/\/www.grieta.org.mx\/wp-content\/uploads\/2022\/11\/Unacar3-e1668957218788-768x516.jpg 768w\" sizes=\"auto, (max-width: 800px) 100vw, 800px\" \/><\/p>\n<p>En respuesta, las y los estudiantes decidieron confederarse, ya que, desde que ingres\u00f3 el actual rector, Jos\u00e9 Antonio Ruz Hern\u00e1ndez se desintegr\u00f3 la Federaci\u00f3n Estudiantil Universitaria del Carmen (FEUCAR).<\/p>\n<p>\u201cNo queremos clases virtuales por eso convocamos un paro, ya que a trav\u00e9s de estas no aprendemos. Queremos regresar a clases presenciales dignas y no estamos en contra de los jubilados, los apoyamos en su causa. Condicionar el regreso a clases presenciales es otra herramienta de rector\u00eda para contraponer a los alumnos del movimiento de los jubilados\u201d, coment\u00f3 la estudiante de la UNACAR, Melissa Medina S\u00e1nchez.<\/p>\n<p>    \u201cAl ver que no existe una federaci\u00f3n estudiantil,  tomamos la batuta y empezamos a organizarnos. Convocamos a una manifestaci\u00f3n el jueves y hubo buena respuesta se sumaron el personal sindicalizado y jubilados, que dependen de la pensi\u00f3n y est\u00e1n en un momento cr\u00edtico\u201d, a\u00f1adi\u00f3. <\/p>\n<p>Cobran credenciales que no entregan, laboratorios que no les dejan usar y desaparece mobiliario que pagaron estudiantes<\/p>\n<p>Hace m\u00e1s de dos a\u00f1os, las y los estudiantes de la preparatoria Campus 2 de la UNACAR pagaron aires acondicionados para las aulas. Los climas fueron desinstalados para darles mantenimiento y nunca los regresaron. <\/p>\n<p>Adem\u00e1s, aunque la m\u00e1quina para expedir las credenciales de la universidad no funciona, contin\u00faan cobrando el refrendo. <\/p>\n<p><img loading=\"lazy\" decoding=\"async\" data-attachment-id=\"65732\" data-permalink=\"https:\/\/www.grieta.org.mx\/index.php\/2022\/11\/18\/hace-tres-quincenas-que-no-me-pagan-protestan-jubilados-de-universidad-estudiantes-se-unen-campeche\/unacar4\/\" data-orig-file=\"https:\/\/www.grieta.org.mx\/wp-content\/uploads\/2022\/11\/Unacar4-e1668957313694.jpg\" data-orig-size=\"800,537\" data-comments-opened=\"0\" data-image-meta=\"{&quot;aperture&quot;:&quot;0&quot;,&quot;credit&quot;:&quot;&quot;,&quot;camera&quot;:&quot;&quot;,&quot;caption&quot;:&quot;&quot;,&quot;created_timestamp&quot;:&quot;0&quot;,&quot;copyright&quot;:&quot;&quot;,&quot;focal_length&quot;:&quot;0&quot;,&quot;iso&quot;:&quot;0&quot;,&quot;shutter_speed&quot;:&quot;0&quot;,&quot;title&quot;:&quot;&quot;,&quot;orientation&quot;:&quot;1&quot;}\" data-image-title=\"Unacar4\" data-image-description=\"\" data-image-caption=\"\" data-medium-file=\"https:\/\/www.grieta.org.mx\/wp-content\/uploads\/2022\/11\/Unacar4-e1668957313694-300x201.jpg\" data-large-file=\"https:\/\/www.grieta.org.mx\/wp-content\/uploads\/2022\/11\/Unacar4-1024x687.jpg\" src=\"http:\/\/www.grieta.org.mx\/wp-content\/uploads\/2022\/11\/Unacar4-e1668957313694.jpg\" alt=\"\" width=\"800\" height=\"537\" class=\"alignnone size-full wp-image-65732\" srcset=\"https:\/\/www.grieta.org.mx\/wp-content\/uploads\/2022\/11\/Unacar4-e1668957313694.jpg 800w, https:\/\/www.grieta.org.mx\/wp-content\/uploads\/2022\/11\/Unacar4-e1668957313694-300x201.jpg 300w, https:\/\/www.grieta.org.mx\/wp-content\/uploads\/2022\/11\/Unacar4-e1668957313694-768x516.jpg 768w\" sizes=\"auto, (max-width: 800px) 100vw, 800px\" \/><\/p>\n<p>\u201cPedimos la aclaraci\u00f3n y devoluci\u00f3n de los climas del Campus 2 que desaparecieron. Actualmente pagamos por el refrendo y no se ha entregado. Tampoco a los estudiantes de nuevo ingreso porque no hay m\u00e1quina y no hay dinero para la m\u00e1quina\u201d, coment\u00f3 Melissa.<\/p>\n<p>Otra de las inconformidades es que no existen aulas con equipo de c\u00f3mputo en buen estado y nuevos, que no les permiten usar a quienes estudian la carrera de Dise\u00f1o Multimedia. Incluso, cobran por usar los laboratorios y est\u00e1n en malas condiciones<\/p>\n<p>    \u201cExigimos que s\u00ed se cobra laboratorio a los estudiantes puedan hacer uso de eso. No se nos permite el uso y cuando se permite , los equipos especializados no han tenido laboratorio y muchas veces los alumnos y profesores han tenido que poner de su bolsillo\u201d, dijo la estudiante. <\/p>\n<p>El mantenimiento y limpieza de ba\u00f1os, que tengan las condiciones m\u00ednimas para su uso como papel, agua y jab\u00f3n, y en congruencia con el derecho a una menstruaci\u00f3n digna piden que instalen una m\u00e1quina expendedora de toallas femeninas.<\/p>\n<p>La revisi\u00f3n y actualizaci\u00f3n de planes de estudio es otra de las solicitudes, por se encuentran desfasados. \u201cNos vemos en la necesidad de tomar clases con 50 personas, sentarnos en el piso, no hay horarios disponibles para la demanda del alumnado\u201d, apunt\u00f3.<br \/>\nPiden un protocolo funcional contra el acoso sexual<\/p>\n<p>Erradicar el acoso sexual dentro de las aulas es otra deuda de la UNACAR contra las estudiantes. Melissa explic\u00f3 que existe un protocolo para estas acciones, sin embargo, no es funcional, ni protege a las alumnas. <\/p>\n<p>    \u201cYo utilice ese protocolo y no hay una coordinaci\u00f3n entre las autoridades acad\u00e9micas, ya que dentro de la misma instituci\u00f3n no existe muy en claro el motivo de c\u00f3mo proteger al alumnado que pone sus quejas\u201d, relat\u00f3. <\/p>\n<p>La joven record\u00f3 que recibi\u00f3 amenazas de muerte por parte de su agresor y tambi\u00e9n otra compa\u00f1era fue v\u00edctima de la misma persona. La respuesta de la UNACAR se limit\u00f3 a pedirle a la persona que no se acerque a la joven. \u201cEntiendo que no son ministerio p\u00fablico , pero no me sent\u00ed escuchada\u201d, lament\u00f3.<\/p>\n<p>(djh)<\/p>\n<p><a href=\"https:\/\/lasillarota.com\/estados\/2022\/11\/18\/hace-tres-quincenas-que-no-me-pagan-protestan-jubilados-de-universidad-estudiantes-se-unen-402394.html\" rel=\"noopener\" target=\"_blank\">https:\/\/lasillarota.com\/estados\/2022\/11\/18\/hace-tres-quincenas-que-no-me-pagan-protestan-jubilados-de-universidad-estudiantes-se-unen-402394.html<\/a><\/p>\n","protected":false},"excerpt":{"rendered":"<p>CLAUDIA ARRIAGA \/ CORRESPONSAL \/ La Silla Rota CD DEL CARMEN.- En noviembre, las y los trabajadores jubilados de la Universidad Aut\u00f3noma del Carmen, Unacar, iniciaron con movilizaciones para exigir &hellip; <a href=\"https:\/\/www.grieta.org.mx\/index.php\/2022\/11\/18\/hace-tres-quincenas-que-no-me-pagan-protestan-jubilados-de-universidad-estudiantes-se-unen-campeche\/\" class=\"more-link\">Leer m\u00e1s<\/a><\/p>\n","protected":false},"author":2,"featured_media":65730,"comment_status":"closed","ping_status":"closed","sticky":false,"template":"","format":"standard","meta":{"ngg_post_thumbnail":0,"_jetpack_newsletter_access":"","_jetpack_dont_email_post_to_subs":false,"_jetpack_newsletter_tier_id":0,"_jetpack_memberships_contains_paywalled_content":false,"_jetpack_memberships_contains_paid_content":false,"footnotes":""},"categories":[11,80,1040,2,3212,1150],"tags":[238,2281,841,2953,3792],"class_list":["post-65729","post","type-post","status-publish","format-standard","has-post-thumbnail","hentry","category-campeche","category-cintillo","category-conflictos-laborales-en-campeche","category-noticias-nacionales","category-precariedad-laboral-en-campeche","category-protestas-de-jubilados-en-campeche","tag-estudiantes","tag-falta-de-pago-de-jubilaciones","tag-movilizaciones-jubilados","tag-protestas-de-estudiantes","tag-protestas-de-jubilados-y-pensionados","entry"],"jetpack_featured_media_url":"https:\/\/www.grieta.org.mx\/wp-content\/uploads\/2022\/11\/Unacar2-e1668956960802.jpg","jetpack_sharing_enabled":true,"jetpack_shortlink":"https:\/\/wp.me\/p7ZJR4-h69","jetpack_likes_enabled":false,"jetpack-related-posts":[{"id":67735,"url":"https:\/\/www.grieta.org.mx\/index.php\/2023\/09\/14\/en-ciudad-del-carmen-jubilados-de-la-unacar-exigen-pagos-atrasados-campeche\/","url_meta":{"origin":65729,"position":0},"title":"En Ciudad del Carmen, jubilados de la Unacar exigen pagos atrasados (Campeche)","author":"grieta","date":"14 septiembre, 2023","format":false,"excerpt":"Un grupo de jubilados y pensionados de la Universidad Aut\u00f3noma del Carmen marcharon del Sindicato \u00danico de Trabajadores de la Unacar (Sutunacar) hasta rector\u00eda para exigir a las autoridades universitarias, encabezadas por Sandra Martha Laff\u00f3n Leal, como rectora, que cumpla con el pago de quincenas atrasadas, pues hay algunos a\u2026","rel":"","context":"En &quot;Campeche&quot;","block_context":{"text":"Campeche","link":"https:\/\/www.grieta.org.mx\/index.php\/category\/noticias-nacionales\/campeche\/"},"img":{"alt_text":"","src":"https:\/\/i0.wp.com\/www.grieta.org.mx\/wp-content\/uploads\/2023\/09\/CDCarmen-e1694802785883.jpg?resize=350%2C200&ssl=1","width":350,"height":200,"srcset":"https:\/\/i0.wp.com\/www.grieta.org.mx\/wp-content\/uploads\/2023\/09\/CDCarmen-e1694802785883.jpg?resize=350%2C200&ssl=1 1x, https:\/\/i0.wp.com\/www.grieta.org.mx\/wp-content\/uploads\/2023\/09\/CDCarmen-e1694802785883.jpg?resize=525%2C300&ssl=1 1.5x, https:\/\/i0.wp.com\/www.grieta.org.mx\/wp-content\/uploads\/2023\/09\/CDCarmen-e1694802785883.jpg?resize=700%2C400&ssl=1 2x"},"classes":[]},{"id":67964,"url":"https:\/\/www.grieta.org.mx\/index.php\/2023\/10\/18\/jubilados-toman-la-rectoria-de-la-unacar-campeche\/","url_meta":{"origin":65729,"position":1},"title":"Jubilados toman la Rector\u00eda de la Unacar (Campeche)","author":"grieta","date":"18 octubre, 2023","format":false,"excerpt":"CARMEN. \u201cSi las autoridades universitarias han perdido el poder de gesti\u00f3n o no pueden trabajar en nuestro beneficio, que se vayan\u201d, exigieron los trabajadores jubilados y pensionados de la Universidad Aut\u00f3noma del Carmen (Unacar), al tomar las instalaciones de la Rector\u00eda de la maxima casa de estudios en demanda del\u2026","rel":"","context":"En &quot;Campeche&quot;","block_context":{"text":"Campeche","link":"https:\/\/www.grieta.org.mx\/index.php\/category\/noticias-nacionales\/campeche\/"},"img":{"alt_text":"","src":"https:\/\/i0.wp.com\/www.grieta.org.mx\/wp-content\/uploads\/2023\/10\/Jubilados-e1697896122422.jpg?resize=350%2C200&ssl=1","width":350,"height":200,"srcset":"https:\/\/i0.wp.com\/www.grieta.org.mx\/wp-content\/uploads\/2023\/10\/Jubilados-e1697896122422.jpg?resize=350%2C200&ssl=1 1x, https:\/\/i0.wp.com\/www.grieta.org.mx\/wp-content\/uploads\/2023\/10\/Jubilados-e1697896122422.jpg?resize=525%2C300&ssl=1 1.5x, https:\/\/i0.wp.com\/www.grieta.org.mx\/wp-content\/uploads\/2023\/10\/Jubilados-e1697896122422.jpg?resize=700%2C400&ssl=1 2x"},"classes":[]},{"id":67383,"url":"https:\/\/www.grieta.org.mx\/index.php\/2023\/08\/03\/rectora-de-la-unacar-se-da-a-la-fuga-tras-manifestacion-de-sindicalizados-campeche\/","url_meta":{"origin":65729,"position":2},"title":"Rectora de la Unacar se da a la fuga tras manifestaci\u00f3n de sindicalizados (Campeche)","author":"grieta","date":"3 agosto, 2023","format":false,"excerpt":"Por Esto! As\u00ed huy\u00f3 la rectora de la Universidad Aut\u00f3noma del Carmen (Unacar), Sandra Martha Laff\u00f3n Leal, despu\u00e9s de que los extrabajadores cerraron los accesos a la rector\u00eda con candados y cadenas, en protesta por la falta de pago de hasta 14 quincenas Es decir, que la mayor\u00eda de los\u2026","rel":"","context":"En &quot;Campeche&quot;","block_context":{"text":"Campeche","link":"https:\/\/www.grieta.org.mx\/index.php\/category\/noticias-nacionales\/campeche\/"},"img":{"alt_text":"","src":"https:\/\/i0.wp.com\/www.grieta.org.mx\/wp-content\/uploads\/2023\/08\/Unacar-e1691365545385.jpg?resize=350%2C200&ssl=1","width":350,"height":200,"srcset":"https:\/\/i0.wp.com\/www.grieta.org.mx\/wp-content\/uploads\/2023\/08\/Unacar-e1691365545385.jpg?resize=350%2C200&ssl=1 1x, https:\/\/i0.wp.com\/www.grieta.org.mx\/wp-content\/uploads\/2023\/08\/Unacar-e1691365545385.jpg?resize=525%2C300&ssl=1 1.5x, https:\/\/i0.wp.com\/www.grieta.org.mx\/wp-content\/uploads\/2023\/08\/Unacar-e1691365545385.jpg?resize=700%2C400&ssl=1 2x"},"classes":[]},{"id":69322,"url":"https:\/\/www.grieta.org.mx\/index.php\/2024\/07\/07\/la-unacar-debe-siete-quincenas-a-trabajadores-jubilados-campeche\/","url_meta":{"origin":65729,"position":3},"title":"La Unacar debe siete quincenas a trabajadores jubilados (Campeche)","author":"grieta","date":"7 julio, 2024","format":false,"excerpt":"Fernando Kant\u00fan \/ La Comisi\u00f3n Mixta y el Consejo Universitario no han llegado a ning\u00fan acuerdo con los trabajadores universitarios porque la rectora de la M\u00e1xima Casa de Estudios de Ciudad del Carmen, no tienen ning\u00fan proyecto para solucionar este problema Ciudad del Carmen, Camp.__ En el mes de noviembre\u2026","rel":"","context":"En &quot;Campeche&quot;","block_context":{"text":"Campeche","link":"https:\/\/www.grieta.org.mx\/index.php\/category\/noticias-nacionales\/campeche\/"},"img":{"alt_text":"","src":"https:\/\/i0.wp.com\/www.grieta.org.mx\/wp-content\/uploads\/2024\/07\/Unacar-e1721651314746.jpg?resize=350%2C200&ssl=1","width":350,"height":200,"srcset":"https:\/\/i0.wp.com\/www.grieta.org.mx\/wp-content\/uploads\/2024\/07\/Unacar-e1721651314746.jpg?resize=350%2C200&ssl=1 1x, https:\/\/i0.wp.com\/www.grieta.org.mx\/wp-content\/uploads\/2024\/07\/Unacar-e1721651314746.jpg?resize=525%2C300&ssl=1 1.5x, https:\/\/i0.wp.com\/www.grieta.org.mx\/wp-content\/uploads\/2024\/07\/Unacar-e1721651314746.jpg?resize=700%2C400&ssl=1 2x"},"classes":[]},{"id":21239,"url":"https:\/\/www.grieta.org.mx\/index.php\/2016\/09\/09\/jubilados-exigen-pago-de-bonos-campeche\/","url_meta":{"origin":65729,"position":4},"title":"Jubilados exigen pago de bonos (Campeche)","author":"grieta","date":"9 septiembre, 2016","format":false,"excerpt":"Jubilados y pensionados del Issste se manifestaron a las puertas de la delegaci\u00f3n para exigir el pago de los conceptos 02 y 03 de previsi\u00f3n social m\u00faltiple y bono de despensa conforme lo establece la ley y que les adeudan desde el 2008. Portando pancartas los integrantes de la Coalici\u00f3n\u2026","rel":"","context":"En &quot;Campeche&quot;","block_context":{"text":"Campeche","link":"https:\/\/www.grieta.org.mx\/index.php\/category\/noticias-nacionales\/campeche\/"},"img":{"alt_text":"","src":"https:\/\/i0.wp.com\/www.grieta.org.mx\/wp-content\/uploads\/2018\/03\/14524434_1106112876131411_958039263622046936_o.jpg?resize=350%2C200&ssl=1","width":350,"height":200,"srcset":"https:\/\/i0.wp.com\/www.grieta.org.mx\/wp-content\/uploads\/2018\/03\/14524434_1106112876131411_958039263622046936_o.jpg?resize=350%2C200&ssl=1 1x, https:\/\/i0.wp.com\/www.grieta.org.mx\/wp-content\/uploads\/2018\/03\/14524434_1106112876131411_958039263622046936_o.jpg?resize=525%2C300&ssl=1 1.5x, https:\/\/i0.wp.com\/www.grieta.org.mx\/wp-content\/uploads\/2018\/03\/14524434_1106112876131411_958039263622046936_o.jpg?resize=700%2C400&ssl=1 2x"},"classes":[]},{"id":25560,"url":"https:\/\/www.grieta.org.mx\/index.php\/2018\/08\/15\/exigen-incremento-salarial-jubilados-y-pensionados-del-ic-campeche\/","url_meta":{"origin":65729,"position":5},"title":"Exigen incremento salarial jubilados y pensionados del IC (Campeche)","author":"grieta","date":"15 agosto, 2018","format":false,"excerpt":"Jubilados y pensionados del Instituto Campechano, encabezados por el presidente de esta agrupaci\u00f3n, Vicente Ram\u00f3n Guzm\u00e1n Vega, se manifestaron en el edificio central de esta instituci\u00f3n, solicitando al rector Fernando Sandoval Castellanos un incremento salarial. \u201c\u00c9l pensar\u00e1 que 2.5 que se nos otorg\u00f3 es mucho, pero para un intendente no\u2026","rel":"","context":"En &quot;Campeche&quot;","block_context":{"text":"Campeche","link":"https:\/\/www.grieta.org.mx\/index.php\/category\/noticias-nacionales\/campeche\/"},"img":{"alt_text":"","src":"https:\/\/i0.wp.com\/www.grieta.org.mx\/wp-content\/uploads\/2018\/08\/jubilado-pensionado-34522.jpg?resize=350%2C200&ssl=1","width":350,"height":200,"srcset":"https:\/\/i0.wp.com\/www.grieta.org.mx\/wp-content\/uploads\/2018\/08\/jubilado-pensionado-34522.jpg?resize=350%2C200&ssl=1 1x, https:\/\/i0.wp.com\/www.grieta.org.mx\/wp-content\/uploads\/2018\/08\/jubilado-pensionado-34522.jpg?resize=525%2C300&ssl=1 1.5x, https:\/\/i0.wp.com\/www.grieta.org.mx\/wp-content\/uploads\/2018\/08\/jubilado-pensionado-34522.jpg?resize=700%2C400&ssl=1 2x"},"classes":[]}],"_links":{"self":[{"href":"https:\/\/www.grieta.org.mx\/index.php\/wp-json\/wp\/v2\/posts\/65729","targetHints":{"allow":["GET"]}}],"collection":[{"href":"https:\/\/www.grieta.org.mx\/index.php\/wp-json\/wp\/v2\/posts"}],"about":[{"href":"https:\/\/www.grieta.org.mx\/index.php\/wp-json\/wp\/v2\/types\/post"}],"author":[{"embeddable":true,"href":"https:\/\/www.grieta.org.mx\/index.php\/wp-json\/wp\/v2\/users\/2"}],"replies":[{"embeddable":true,"href":"https:\/\/www.grieta.org.mx\/index.php\/wp-json\/wp\/v2\/comments?post=65729"}],"version-history":[{"count":1,"href":"https:\/\/www.grieta.org.mx\/index.php\/wp-json\/wp\/v2\/posts\/65729\/revisions"}],"predecessor-version":[{"id":65733,"href":"https:\/\/www.grieta.org.mx\/index.php\/wp-json\/wp\/v2\/posts\/65729\/revisions\/65733"}],"wp:featuredmedia":[{"embeddable":true,"href":"https:\/\/www.grieta.org.mx\/index.php\/wp-json\/wp\/v2\/media\/65730"}],"wp:attachment":[{"href":"https:\/\/www.grieta.org.mx\/index.php\/wp-json\/wp\/v2\/media?parent=65729"}],"wp:term":[{"taxonomy":"category","embeddable":true,"href":"https:\/\/www.grieta.org.mx\/index.php\/wp-json\/wp\/v2\/categories?post=65729"},{"taxonomy":"post_tag","embeddable":true,"href":"https:\/\/www.grieta.org.mx\/index.php\/wp-json\/wp\/v2\/tags?post=65729"}],"curies":[{"name":"wp","href":"https:\/\/api.w.org\/{rel}","templated":true}]}}