{"id":65724,"date":"2022-11-16T08:09:23","date_gmt":"2022-11-16T14:09:23","guid":{"rendered":"https:\/\/www.grieta.org.mx\/?p=65724"},"modified":"2022-11-20T08:34:31","modified_gmt":"2022-11-20T14:34:31","slug":"bachoco-se-aduena-del-25-del-municipio-de-hunucma-yucatan","status":"publish","type":"post","link":"https:\/\/www.grieta.org.mx\/index.php\/2022\/11\/16\/bachoco-se-aduena-del-25-del-municipio-de-hunucma-yucatan\/","title":{"rendered":"Bachoco se adue\u00f1a del 25% del municipio de Hunucm\u00e1 (Yucat\u00e1n)"},"content":{"rendered":"<p>D\u00eddier Madera- Jos\u00e9 L\u00f3pez Quintal \/ Fotos Mart\u00edn Zetina \/ Por Esto!<\/p>\n<p>El patrimonio de cerca de 500 familias de Hunucm\u00e1 est\u00e1 en riesgo debido a la ambici\u00f3n de la empresa Bachoco, que se ha apoderado de cerca del 25 por ciento de la cabecera municipal, denunciaron ejidatarios.<\/p>\n<p>La voracidad de la firma es tal que ha colocado cercas met\u00e1licas y ha construido muros infranqueables en calles con alumbrado p\u00fablico, as\u00ed como en parques e incluso, se ha apoderado del casco de una hacienda.<\/p>\n<p><img loading=\"lazy\" decoding=\"async\" data-attachment-id=\"65726\" data-permalink=\"https:\/\/www.grieta.org.mx\/index.php\/2022\/11\/16\/bachoco-se-aduena-del-25-del-municipio-de-hunucma-yucatan\/hunucma\/\" data-orig-file=\"https:\/\/www.grieta.org.mx\/wp-content\/uploads\/2022\/11\/Hunucma-e1668954537713.jpg\" data-orig-size=\"800,410\" data-comments-opened=\"0\" data-image-meta=\"{&quot;aperture&quot;:&quot;0&quot;,&quot;credit&quot;:&quot;&quot;,&quot;camera&quot;:&quot;&quot;,&quot;caption&quot;:&quot;&quot;,&quot;created_timestamp&quot;:&quot;0&quot;,&quot;copyright&quot;:&quot;&quot;,&quot;focal_length&quot;:&quot;0&quot;,&quot;iso&quot;:&quot;0&quot;,&quot;shutter_speed&quot;:&quot;0&quot;,&quot;title&quot;:&quot;&quot;,&quot;orientation&quot;:&quot;1&quot;}\" data-image-title=\"Hunucma\" data-image-description=\"\" data-image-caption=\"\" data-medium-file=\"https:\/\/www.grieta.org.mx\/wp-content\/uploads\/2022\/11\/Hunucma-e1668954537713-300x154.jpg\" data-large-file=\"https:\/\/www.grieta.org.mx\/wp-content\/uploads\/2022\/11\/Hunucma-1024x525.jpg\" src=\"http:\/\/www.grieta.org.mx\/wp-content\/uploads\/2022\/11\/Hunucma-e1668954537713.jpg\" alt=\"\" width=\"800\" height=\"410\" class=\"alignnone size-full wp-image-65726\" srcset=\"https:\/\/www.grieta.org.mx\/wp-content\/uploads\/2022\/11\/Hunucma-e1668954537713.jpg 800w, https:\/\/www.grieta.org.mx\/wp-content\/uploads\/2022\/11\/Hunucma-e1668954537713-300x154.jpg 300w, https:\/\/www.grieta.org.mx\/wp-content\/uploads\/2022\/11\/Hunucma-e1668954537713-768x394.jpg 768w\" sizes=\"auto, (max-width: 800px) 100vw, 800px\" \/><\/p>\n<p>Los quejosos manifestaron que la compa\u00f1\u00eda se apoder\u00f3 de cerca de 200 hect\u00e1reas de diversas colonias como San Vicente, la Estancia Ka, San Juan, San Eduardo, San Rom\u00e1n, y Tres Reyes, entre otras, por lo que pide una indemnizaci\u00f3n o que les devuelvan los terrenos, y de no tener una pronta respuesta, est\u00e1n dispuestos con derribar los muros.<\/p>\n<p>Ayer, por segundo d\u00eda consecutivo, los ejidatarios realizaron un plant\u00f3n frente a Palacio Municipal, y en punto de las 15:00 horas, sostuvieron una reuni\u00f3n a puertas cerradas con la alcaldesa Edna Franco Ceballos, que hab\u00eda de resulta infructuosa.<\/p>\n<p>Pero la autoridad no solo no escuch\u00f3 las demandas, sino que los amenaz\u00f3 con reprimirlos con la fuerza p\u00fablica si continuaban con las manifestaciones.<\/p>\n<p><img loading=\"lazy\" decoding=\"async\" data-attachment-id=\"65727\" data-permalink=\"https:\/\/www.grieta.org.mx\/index.php\/2022\/11\/16\/bachoco-se-aduena-del-25-del-municipio-de-hunucma-yucatan\/hunucma2\/\" data-orig-file=\"https:\/\/www.grieta.org.mx\/wp-content\/uploads\/2022\/11\/Hunucma2-e1668954623556.jpg\" data-orig-size=\"800,412\" data-comments-opened=\"0\" data-image-meta=\"{&quot;aperture&quot;:&quot;0&quot;,&quot;credit&quot;:&quot;&quot;,&quot;camera&quot;:&quot;&quot;,&quot;caption&quot;:&quot;&quot;,&quot;created_timestamp&quot;:&quot;0&quot;,&quot;copyright&quot;:&quot;&quot;,&quot;focal_length&quot;:&quot;0&quot;,&quot;iso&quot;:&quot;0&quot;,&quot;shutter_speed&quot;:&quot;0&quot;,&quot;title&quot;:&quot;&quot;,&quot;orientation&quot;:&quot;1&quot;}\" data-image-title=\"Hunucma2\" data-image-description=\"\" data-image-caption=\"\" data-medium-file=\"https:\/\/www.grieta.org.mx\/wp-content\/uploads\/2022\/11\/Hunucma2-e1668954623556-300x155.jpg\" data-large-file=\"https:\/\/www.grieta.org.mx\/wp-content\/uploads\/2022\/11\/Hunucma2-1024x528.jpg\" src=\"http:\/\/www.grieta.org.mx\/wp-content\/uploads\/2022\/11\/Hunucma2-e1668954623556.jpg\" alt=\"\" width=\"800\" height=\"412\" class=\"alignnone size-full wp-image-65727\" srcset=\"https:\/\/www.grieta.org.mx\/wp-content\/uploads\/2022\/11\/Hunucma2-e1668954623556.jpg 800w, https:\/\/www.grieta.org.mx\/wp-content\/uploads\/2022\/11\/Hunucma2-e1668954623556-300x155.jpg 300w, https:\/\/www.grieta.org.mx\/wp-content\/uploads\/2022\/11\/Hunucma2-e1668954623556-768x396.jpg 768w\" sizes=\"auto, (max-width: 800px) 100vw, 800px\" \/><\/p>\n<p>Despu\u00e9s del plant\u00f3n, los hombres del campo mostraron al periodista de POR ESTO! las bardas construidas que obstruyen las calles 20, 22, 24 y 26, a partir de la 37 hasta abarcar cuatro cuadras m\u00e1s.<\/p>\n<p>En todas ellas se observan lo delimitado de las calles, as\u00ed como las albarradas, e incluso, en el terreno invadido por Bachoco hay postes de alumbrado p\u00fablico, propiedad del Ayuntamiento de Hunucm\u00e1, solo que las l\u00e1mparas est\u00e1n rotas, por lo que es obvio que se trata de una v\u00eda p\u00fablica.<\/p>\n<p>Los inconformes manifestaron que, debido a la prepotencia de los empresarios, de cerrar la v\u00eda p\u00fablica, los pobladores tienen que caminar m\u00e1s calles para continuar con su trayecto, e incluso, ello ha provocado el abandono de la capilla de San Vicente; ahora, el lugar es usado como \u201cmotel\u201d: al llegar al sitio, una pareja sali\u00f3 de manera inmediata del sitio arregl\u00e1ndose la ropa.<\/p>\n<p>La calle fue construida en 1954, la cual conduc\u00eda a una desfibradora, pero en 2020, durante el momento m\u00e1s \u00e1lgido del COVID-19, la empresa construy\u00f3 los muros en dichas calles, pero la mun\u00edcipe se niega a recuperar las cuatro calles que son propiedad del poblado.<\/p>\n<p>Para colmo, la alcaldesa Franco Ceballos autoriz\u00f3 la pavimentaci\u00f3n de calles y la ampliaci\u00f3n de la red de agua potable en los l\u00edmites de los supuestos terrenos de dicha empresa av\u00edcola, para beneficiar a la firma, a pesar de que varias colonias llevan a\u00f1os solicitando dichos servicios.<\/p>\n<p>Ayer, por la tarde, la edil le dio la espalda a los pobladores al afirmar, sin documentos en la mano, que dichos terrenos son propiedad de negocio; dijo que no pod\u00eda nada a favor de los ejidatarios.<\/p>\n<p>La funcionaria tampoco le dio la cara a POR ESTO!, quien le solicit\u00f3 una entrevista para tener la versi\u00f3n de ambas partes en la reuni\u00f3n; algunos ejidatarios dijeron que la edil tiene el temor de que su nepotismo -casi toda su familia est\u00e1 en la n\u00f3mina municipal- salga a la luz. <\/p>\n<p><a href=\"https:\/\/www.poresto.net\/yucatan\/2022\/11\/16\/bachoco-se-aduena-del-25-del-municipio-de-hunucma-359688.html\" rel=\"noopener\" target=\"_blank\">https:\/\/www.poresto.net\/yucatan\/2022\/11\/16\/bachoco-se-aduena-del-25-del-municipio-de-hunucma-359688.html<\/a><\/p>\n","protected":false},"excerpt":{"rendered":"<p>D\u00eddier Madera- Jos\u00e9 L\u00f3pez Quintal \/ Fotos Mart\u00edn Zetina \/ Por Esto! El patrimonio de cerca de 500 familias de Hunucm\u00e1 est\u00e1 en riesgo debido a la ambici\u00f3n de la &hellip; <a href=\"https:\/\/www.grieta.org.mx\/index.php\/2022\/11\/16\/bachoco-se-aduena-del-25-del-municipio-de-hunucma-yucatan\/\" class=\"more-link\">Leer m\u00e1s<\/a><\/p>\n","protected":false},"author":2,"featured_media":65725,"comment_status":"closed","ping_status":"closed","sticky":false,"template":"","format":"standard","meta":{"ngg_post_thumbnail":0,"_jetpack_newsletter_access":"","_jetpack_dont_email_post_to_subs":false,"_jetpack_newsletter_tier_id":0,"_jetpack_memberships_contains_paywalled_content":false,"_jetpack_memberships_contains_paid_content":false,"footnotes":""},"categories":[42,80,1020,1023,3,922,952,2,36],"tags":[3778,2311,3779],"class_list":["post-65724","post","type-post","status-publish","format-standard","has-post-thumbnail","hentry","category-agroindustria","category-cintillo","category-granja-porcicola","category-lucha-contra-granja-porcicola","category-megaproyectos","category-megaproyectos-estados","category-mp-yucatan","category-noticias-nacionales","category-yucatan","tag-bachoco","tag-despojo-de-tierras","tag-granja-avicola","entry"],"jetpack_featured_media_url":"https:\/\/www.grieta.org.mx\/wp-content\/uploads\/2022\/11\/Bachoco-e1668954388230.jpg","jetpack_sharing_enabled":true,"jetpack_shortlink":"https:\/\/wp.me\/p7ZJR4-h64","jetpack_likes_enabled":false,"jetpack-related-posts":[{"id":68296,"url":"https:\/\/www.grieta.org.mx\/index.php\/2024\/01\/08\/bachoco-continua-bloqueo-contra-campesinos-a-tierras-ejidales-en-hunucma-yucatan\/","url_meta":{"origin":65724,"position":0},"title":"Bachoco contin\u00faa bloqueo contra campesinos a tierras ejidales en Hunucm\u00e1 (Yucat\u00e1n)","author":"grieta","date":"8 enero, 2024","format":false,"excerpt":"Armando P\u00e9rez \/ Por Esto! Luego de fallar en su intento de cercar un camino en San Eduardo, Bachoco no parece dispuesto cesar en su intento de limitar el acceso a tierras ejidales en Hunucm\u00e1, cuyos propietarios habitan y trabajan ah\u00ed todos los d\u00edas. Como POR ESTO!, inform\u00f3, la productora\u2026","rel":"","context":"En &quot;Agroindustria&quot;","block_context":{"text":"Agroindustria","link":"https:\/\/www.grieta.org.mx\/index.php\/category\/megaproyectos\/agroindustria\/"},"img":{"alt_text":"","src":"https:\/\/i0.wp.com\/www.grieta.org.mx\/wp-content\/uploads\/2024\/01\/Bachoco-e1704992026145.jpg?resize=350%2C200&ssl=1","width":350,"height":200,"srcset":"https:\/\/i0.wp.com\/www.grieta.org.mx\/wp-content\/uploads\/2024\/01\/Bachoco-e1704992026145.jpg?resize=350%2C200&ssl=1 1x, https:\/\/i0.wp.com\/www.grieta.org.mx\/wp-content\/uploads\/2024\/01\/Bachoco-e1704992026145.jpg?resize=525%2C300&ssl=1 1.5x, https:\/\/i0.wp.com\/www.grieta.org.mx\/wp-content\/uploads\/2024\/01\/Bachoco-e1704992026145.jpg?resize=700%2C400&ssl=1 2x"},"classes":[]},{"id":65875,"url":"https:\/\/www.grieta.org.mx\/index.php\/2022\/12\/05\/ejidatarios-de-hunucma-le-declaran-la-guerra-a-bachoco-la-tierra-es-de-quien-la-trabaja-dicen-yucatan\/","url_meta":{"origin":65724,"position":1},"title":"Ejidatarios de Hunucm\u00e1 le declaran la &#8220;guerra&#8221; a Bachoco: La tierra es de quien la trabaja, dicen (Yucat\u00e1n)","author":"grieta","date":"5 diciembre, 2022","format":false,"excerpt":"Didier Madera \/ Por Esto! Ejidatarios de Hunucm\u00e1 advirtieron a la empresa Bachoco que permanecer\u00e1n en la Estancia K para defender los cultivos que tienen desde hace m\u00e1s de una d\u00e9cada, incluso ya empezaron a cosechar c\u00edtricos y pl\u00e1tanos, y que \u201cla tierra es de quien la trabaja\u201d. Incluso, desconocieron\u2026","rel":"","context":"En &quot;Agroindustria&quot;","block_context":{"text":"Agroindustria","link":"https:\/\/www.grieta.org.mx\/index.php\/category\/megaproyectos\/agroindustria\/"},"img":{"alt_text":"","src":"https:\/\/i0.wp.com\/www.grieta.org.mx\/wp-content\/uploads\/2022\/12\/Hunucma-e1670418009641.jpg?resize=350%2C200&ssl=1","width":350,"height":200,"srcset":"https:\/\/i0.wp.com\/www.grieta.org.mx\/wp-content\/uploads\/2022\/12\/Hunucma-e1670418009641.jpg?resize=350%2C200&ssl=1 1x, https:\/\/i0.wp.com\/www.grieta.org.mx\/wp-content\/uploads\/2022\/12\/Hunucma-e1670418009641.jpg?resize=525%2C300&ssl=1 1.5x, https:\/\/i0.wp.com\/www.grieta.org.mx\/wp-content\/uploads\/2022\/12\/Hunucma-e1670418009641.jpg?resize=700%2C400&ssl=1 2x"},"classes":[]},{"id":66831,"url":"https:\/\/www.grieta.org.mx\/index.php\/2023\/04\/17\/vecinos-de-hunucma-acusan-a-la-alcaldesa-de-vender-sus-tierras-a-bachoco-yucatan\/","url_meta":{"origin":65724,"position":2},"title":"Vecinos de Hunucm\u00e1 acusan a la Alcaldesa de vender sus tierras a Bachoco (Yucat\u00e1n)","author":"grieta","date":"17 abril, 2023","format":false,"excerpt":"Jos\u00e9 Luis L\u00f3pez Quintal \/ Por Esto! Hace apenas unos meses, poco antes de que finalizara el a\u00f1o 2022, pobladores realizaron manifestaciones para solicitar la intervenci\u00f3n de las autoridades municipales y que se otorgaran terrenos de \u201cSan Eduardo\u201d sin ocupar a los vecinos de la comunidad que no cuentan con\u2026","rel":"","context":"En &quot;Agroindustria&quot;","block_context":{"text":"Agroindustria","link":"https:\/\/www.grieta.org.mx\/index.php\/category\/megaproyectos\/agroindustria\/"},"img":{"alt_text":"","src":"https:\/\/i0.wp.com\/www.grieta.org.mx\/wp-content\/uploads\/2023\/04\/Hunucma-e1681850851873.jpg?resize=350%2C200&ssl=1","width":350,"height":200,"srcset":"https:\/\/i0.wp.com\/www.grieta.org.mx\/wp-content\/uploads\/2023\/04\/Hunucma-e1681850851873.jpg?resize=350%2C200&ssl=1 1x, https:\/\/i0.wp.com\/www.grieta.org.mx\/wp-content\/uploads\/2023\/04\/Hunucma-e1681850851873.jpg?resize=525%2C300&ssl=1 1.5x, https:\/\/i0.wp.com\/www.grieta.org.mx\/wp-content\/uploads\/2023\/04\/Hunucma-e1681850851873.jpg?resize=700%2C400&ssl=1 2x"},"classes":[]},{"id":66899,"url":"https:\/\/www.grieta.org.mx\/index.php\/2023\/05\/03\/vecinos-de-hunucma-se-organizan-para-defenderse-de-bachoco-los-respaldan-organizaciones-yucatan\/","url_meta":{"origin":65724,"position":3},"title":"Vecinos de Hunucm\u00e1 se organizan para defenderse de Bachoco; los respaldan organizaciones (Yucat\u00e1n)","author":"grieta","date":"3 mayo, 2023","format":false,"excerpt":"Jos\u00e9 Luis L\u00f3pez Quintal \/ Por Esto! Ante los continuos cierres de calles e invasi\u00f3n de terrenos por parte de Bachoco en horas de la noche o la madrugada y la desidia de las autoridades municipales encabezadas por la alcaldesa Edna Marisa Franco Ceballos, vecinos de la colonia San Eduardo,\u2026","rel":"","context":"En &quot;Agroindustria&quot;","block_context":{"text":"Agroindustria","link":"https:\/\/www.grieta.org.mx\/index.php\/category\/megaproyectos\/agroindustria\/"},"img":{"alt_text":"","src":"https:\/\/i0.wp.com\/www.grieta.org.mx\/wp-content\/uploads\/2023\/05\/Hunucma-e1683341213286.jpg?resize=350%2C200&ssl=1","width":350,"height":200,"srcset":"https:\/\/i0.wp.com\/www.grieta.org.mx\/wp-content\/uploads\/2023\/05\/Hunucma-e1683341213286.jpg?resize=350%2C200&ssl=1 1x, https:\/\/i0.wp.com\/www.grieta.org.mx\/wp-content\/uploads\/2023\/05\/Hunucma-e1683341213286.jpg?resize=525%2C300&ssl=1 1.5x, https:\/\/i0.wp.com\/www.grieta.org.mx\/wp-content\/uploads\/2023\/05\/Hunucma-e1683341213286.jpg?resize=700%2C400&ssl=1 2x"},"classes":[]},{"id":68379,"url":"https:\/\/www.grieta.org.mx\/index.php\/2024\/01\/17\/hunucma-el-pueblo-indigena-en-guerra-contra-empresa-avicola-en-yucatan-reporta-agresiones\/","url_meta":{"origin":65724,"position":4},"title":"Hunucm\u00e1, el pueblo ind\u00edgena en guerra contra empresa av\u00edcola en Yucat\u00e1n; reporta agresiones","author":"grieta","date":"17 enero, 2024","format":false,"excerpt":"CLAUDIA ARRIAGA \/ CORRESPONSAL \/ La Silla Rota Hunucm\u00e1.- Hace 40 a\u00f1os que el pueblo de Hunucm\u00e1, en Yucat\u00e1n, lucha contra el despojo de sus tierras y la contaminaci\u00f3n de las industrias que se instalan en sus periferias. Un ejemplo son las agresiones de la empresa av\u00edcola Bachoco en contra\u2026","rel":"","context":"En &quot;Agroindustria&quot;","block_context":{"text":"Agroindustria","link":"https:\/\/www.grieta.org.mx\/index.php\/category\/megaproyectos\/agroindustria\/"},"img":{"alt_text":"","src":"https:\/\/i0.wp.com\/www.grieta.org.mx\/wp-content\/uploads\/2024\/01\/Hunucma-e1706290453524.jpg?resize=350%2C200&ssl=1","width":350,"height":200,"srcset":"https:\/\/i0.wp.com\/www.grieta.org.mx\/wp-content\/uploads\/2024\/01\/Hunucma-e1706290453524.jpg?resize=350%2C200&ssl=1 1x, https:\/\/i0.wp.com\/www.grieta.org.mx\/wp-content\/uploads\/2024\/01\/Hunucma-e1706290453524.jpg?resize=525%2C300&ssl=1 1.5x, https:\/\/i0.wp.com\/www.grieta.org.mx\/wp-content\/uploads\/2024\/01\/Hunucma-e1706290453524.jpg?resize=700%2C400&ssl=1 2x"},"classes":[]},{"id":68457,"url":"https:\/\/www.grieta.org.mx\/index.php\/2024\/02\/04\/bachoco-amenaza-con-desaparecer-a-ejidatario-de-yucatan-para-despojarlo-de-sus-tierras\/","url_meta":{"origin":65724,"position":5},"title":"Bachoco amenaza con desaparecer a ejidatario de Yucat\u00e1n para despojarlo de sus tierras","author":"grieta","date":"4 febrero, 2024","format":false,"excerpt":"Texto: Claudia V. Arriaga Dur\u00e1n \/ Fotos: Miguel \u00c1ngel Ceh Pacheco \/ Pie de P\u00e1gina Ocho empleados de la av\u00edcola Bachoco ingresaron a la tierra de Miguel \u00c1ngel para golpearlo e intentar secuestrarlo. Miguel vive en Hunucm\u00e1, y tambi\u00e9n es defensor del territorio y los recursos naturales de estos ejidos\u2026","rel":"","context":"En &quot;Agresiones y amenazas a defensor@s de derechos humanos y activistas en Yucat\u00e1n&quot;","block_context":{"text":"Agresiones y amenazas a defensor@s de derechos humanos y activistas en Yucat\u00e1n","link":"https:\/\/www.grieta.org.mx\/index.php\/category\/noticias-nacionales\/yucatan\/ataques-a-defensors-de-derechos-humanos-en-yucatan\/"},"img":{"alt_text":"","src":"https:\/\/i0.wp.com\/www.grieta.org.mx\/wp-content\/uploads\/2024\/02\/Bachoco-e1707159604274.jpg?resize=350%2C200&ssl=1","width":350,"height":200,"srcset":"https:\/\/i0.wp.com\/www.grieta.org.mx\/wp-content\/uploads\/2024\/02\/Bachoco-e1707159604274.jpg?resize=350%2C200&ssl=1 1x, https:\/\/i0.wp.com\/www.grieta.org.mx\/wp-content\/uploads\/2024\/02\/Bachoco-e1707159604274.jpg?resize=525%2C300&ssl=1 1.5x, https:\/\/i0.wp.com\/www.grieta.org.mx\/wp-content\/uploads\/2024\/02\/Bachoco-e1707159604274.jpg?resize=700%2C400&ssl=1 2x"},"classes":[]}],"_links":{"self":[{"href":"https:\/\/www.grieta.org.mx\/index.php\/wp-json\/wp\/v2\/posts\/65724","targetHints":{"allow":["GET"]}}],"collection":[{"href":"https:\/\/www.grieta.org.mx\/index.php\/wp-json\/wp\/v2\/posts"}],"about":[{"href":"https:\/\/www.grieta.org.mx\/index.php\/wp-json\/wp\/v2\/types\/post"}],"author":[{"embeddable":true,"href":"https:\/\/www.grieta.org.mx\/index.php\/wp-json\/wp\/v2\/users\/2"}],"replies":[{"embeddable":true,"href":"https:\/\/www.grieta.org.mx\/index.php\/wp-json\/wp\/v2\/comments?post=65724"}],"version-history":[{"count":1,"href":"https:\/\/www.grieta.org.mx\/index.php\/wp-json\/wp\/v2\/posts\/65724\/revisions"}],"predecessor-version":[{"id":65728,"href":"https:\/\/www.grieta.org.mx\/index.php\/wp-json\/wp\/v2\/posts\/65724\/revisions\/65728"}],"wp:featuredmedia":[{"embeddable":true,"href":"https:\/\/www.grieta.org.mx\/index.php\/wp-json\/wp\/v2\/media\/65725"}],"wp:attachment":[{"href":"https:\/\/www.grieta.org.mx\/index.php\/wp-json\/wp\/v2\/media?parent=65724"}],"wp:term":[{"taxonomy":"category","embeddable":true,"href":"https:\/\/www.grieta.org.mx\/index.php\/wp-json\/wp\/v2\/categories?post=65724"},{"taxonomy":"post_tag","embeddable":true,"href":"https:\/\/www.grieta.org.mx\/index.php\/wp-json\/wp\/v2\/tags?post=65724"}],"curies":[{"name":"wp","href":"https:\/\/api.w.org\/{rel}","templated":true}]}}