{"id":65720,"date":"2022-11-17T07:59:08","date_gmt":"2022-11-17T13:59:08","guid":{"rendered":"https:\/\/www.grieta.org.mx\/?p=65720"},"modified":"2022-11-20T08:09:03","modified_gmt":"2022-11-20T14:09:03","slug":"la-represion-del-9n-en-cancun-una-herida-que-no-se-cura-quintana-roo","status":"publish","type":"post","link":"https:\/\/www.grieta.org.mx\/index.php\/2022\/11\/17\/la-represion-del-9n-en-cancun-una-herida-que-no-se-cura-quintana-roo\/","title":{"rendered":"La represi\u00f3n del 9N en Canc\u00fan, una herida que no se cura (Quintana Roo)"},"content":{"rendered":"<p>Octavio Mart\u00ednez \/ Revista Proceso<\/p>\n<blockquote><p>A dos a\u00f1os de la agresi\u00f3n policial armada cometida contra manifestantes y periodistas en la explanada del palacio municipal de Benito Ju\u00e1rez, s\u00f3lo una agente de polic\u00eda se encuentra detenida. Para las v\u00edctimas, la apuesta de la entonces alcaldesa y ahora gobernadora, Mara Lezama, es el desgaste para continuar en la impunidad. Tambi\u00e9n otras instancias, como la CNDH, se mantienen en silencio, denuncian los agraviados.<\/p><\/blockquote>\n<p>Canc\u00fan, QR (Proceso).- La noche del 9 de noviembre de 2020, en la explanada del palacio municipal de esta ciudad, municipio de Benito Ju\u00e1rez, un grupo de personas que protestaba por un caso de feminicidio fue recibido a balazos por agentes policiacos del mando \u00fanico.<\/p>\n<p>Agresiones, abusos sexuales, lesiones por impacto de proyectil de arma de fuego, tortura f\u00edsica y psicol\u00f3gica fueron algunos de los tantos actos violentos a manos de polic\u00edas que sufrieron los manifestantes, entre quienes hab\u00eda feministas y periodistas que realizaban la cobertura del acto.<\/p>\n<p>Los mandos de los uniformados no han esclarecido qui\u00e9n orden\u00f3 el ataque; entre esas autoridades se encuentra la hoy gobernadora de Quintana Roo, Mara Lezama Espinosa (Morena), quien durante la represi\u00f3n era la alcaldesa de Benito Ju\u00e1rez.<\/p>\n<p>Hasta ahora las v\u00edctimas no han encontrado justicia ni reparaci\u00f3n del da\u00f1o que al menos les permita continuar su vida normal.<\/p>\n<p>Son 13 las personas que buscan que el Estado mexicano les repare el da\u00f1o. De ellas, tres fueron heridas de bala por polic\u00edas, ocho sufrieron detenci\u00f3n arbitraria y dos mujeres sufrieron agresiones sexuales durante la aprehensi\u00f3n policiaca; dos personas m\u00e1s tuvieron da\u00f1os colaterales, con lesiones f\u00edsicas sufridas al momento de huir de los balazos.<\/p>\n<p>La demanda es a\u00fan m\u00e1s grave pues las v\u00edctimas se\u00f1alan que esos actos de represi\u00f3n fueron realizados ante la presencia de efectivos de la Guardia Nacional, quienes s\u00f3lo observaron el ataque policial.<\/p>\n<p>Por los hechos violentos dos carpetas de investigaci\u00f3n han sido integradas en la Fiscal\u00eda General del Estado de Quintana Roo, con 14 polic\u00edas se\u00f1alados; una recomendaci\u00f3n de la Comisi\u00f3n de los Derechos Humanos de la entidad al municipio de Benito Ju\u00e1rez, que no satisfizo a las v\u00edctimas, y 13 demandas de amparo contra diversas autoridades responsables, que la justicia federal a\u00fan no resuelve de manera satisfactoria para los quejosos.<\/p>\n<p>Como resultado de las anteriores acciones legales, s\u00f3lo una mujer polic\u00eda ha sido detenida.<\/p>\n<p>Este texto es un adelanto del reportaje publicado en el n\u00famero 2402 de la edici\u00f3n impresa de Proceso, en circulaci\u00f3n desde el 13 de noviembre de 2022.<\/p>\n<p><a href=\"https:\/\/www.proceso.com.mx\/reportajes\/2022\/11\/17\/la-represion-del-9n-en-cancun-una-herida-que-no-se-cura-297152.html\" rel=\"noopener\" target=\"_blank\">https:\/\/www.proceso.com.mx\/reportajes\/2022\/11\/17\/la-represion-del-9n-en-cancun-una-herida-que-no-se-cura-297152.html<\/a><\/p>\n","protected":false},"excerpt":{"rendered":"<p>Octavio Mart\u00ednez \/ Revista Proceso A dos a\u00f1os de la agresi\u00f3n policial armada cometida contra manifestantes y periodistas en la explanada del palacio municipal de Benito Ju\u00e1rez, s\u00f3lo una agente &hellip; <a href=\"https:\/\/www.grieta.org.mx\/index.php\/2022\/11\/17\/la-represion-del-9n-en-cancun-una-herida-que-no-se-cura-quintana-roo\/\" class=\"more-link\">Leer m\u00e1s<\/a><\/p>\n","protected":false},"author":2,"featured_media":65722,"comment_status":"closed","ping_status":"closed","sticky":false,"template":"","format":"standard","meta":{"ngg_post_thumbnail":0,"_jetpack_newsletter_access":"","_jetpack_dont_email_post_to_subs":false,"_jetpack_newsletter_tier_id":0,"_jetpack_memberships_contains_paywalled_content":false,"_jetpack_memberships_contains_paid_content":false,"footnotes":""},"categories":[2809,80,3169,2,28],"tags":[3486,3473,3209],"class_list":["post-65720","post","type-post","status-publish","format-standard","has-post-thumbnail","hentry","category-abuso-policiaco-en-quintana-roo","category-cintillo","category-lucha-de-las-mujeres-en-quintana-roo","category-noticias-nacionales","category-quintana-roo","tag-brutalidad-policiaca","tag-impunidad-policiaca","tag-lucha-contra-la-violencia-contra-las-mujeres","entry"],"jetpack_featured_media_url":"https:\/\/www.grieta.org.mx\/wp-content\/uploads\/2022\/11\/Cancun9n-e1668953087965.jpg","jetpack_sharing_enabled":true,"jetpack_shortlink":"https:\/\/wp.me\/p7ZJR4-h60","jetpack_likes_enabled":false,"jetpack-related-posts":[{"id":54944,"url":"https:\/\/www.grieta.org.mx\/index.php\/2020\/11\/10\/represion-policiaca-de-protesta-en-cancun-fue-planeada-red-feminista\/","url_meta":{"origin":65720,"position":0},"title":"Represi\u00f3n policiaca de protesta en Canc\u00fan fue planeada: Red Feminista","author":"grieta","date":"10 noviembre, 2020","format":false,"excerpt":"Foto Claroscuro Animal Pol\u00edtico Feministas exigieron al gobierno de Quintana Roo la destituci\u00f3n de Alberto Capella, as\u00ed como una disculpa p\u00fablica y la reparaci\u00f3n del da\u00f1o a todas las v\u00edctimas de la brutalidad policiaca. La Red Feminista Quintanarroense afirm\u00f3 que la dispersi\u00f3n con balazos de la protesta que se realiz\u00f3\u2026","rel":"","context":"En &quot;Abuso policiaco en Quintana Roo&quot;","block_context":{"text":"Abuso policiaco en Quintana Roo","link":"https:\/\/www.grieta.org.mx\/index.php\/category\/noticias-nacionales\/quintana-roo\/abuso-policiaco-en-quintana-roo\/"},"img":{"alt_text":"","src":"https:\/\/i0.wp.com\/www.grieta.org.mx\/wp-content\/uploads\/2020\/11\/policia_cancun_disparos_protesta-e1605206205211.jpeg?resize=350%2C200&ssl=1","width":350,"height":200,"srcset":"https:\/\/i0.wp.com\/www.grieta.org.mx\/wp-content\/uploads\/2020\/11\/policia_cancun_disparos_protesta-e1605206205211.jpeg?resize=350%2C200&ssl=1 1x, https:\/\/i0.wp.com\/www.grieta.org.mx\/wp-content\/uploads\/2020\/11\/policia_cancun_disparos_protesta-e1605206205211.jpeg?resize=525%2C300&ssl=1 1.5x, https:\/\/i0.wp.com\/www.grieta.org.mx\/wp-content\/uploads\/2020\/11\/policia_cancun_disparos_protesta-e1605206205211.jpeg?resize=700%2C400&ssl=1 2x"},"classes":[]},{"id":56198,"url":"https:\/\/www.grieta.org.mx\/index.php\/2021\/01\/09\/feministas-se-manifiestan-para-recordar-represion-policial-en-cancun\/","url_meta":{"origin":65720,"position":1},"title":"Feministas se manifiestan para recordar represi\u00f3n policial en Canc\u00fan","author":"grieta","date":"9 enero, 2021","format":false,"excerpt":"Alonso Cupul \/ MegaNews CANC\u00daN.- Nuevamente el Palacio Municipal de Benito Ju\u00e1rez y la Plaza de la Reforma, se convirtieron en el escenario de una manifestaci\u00f3n feminista para recordar la represi\u00f3n policial del pasado 9 de noviembre del 2020, cuando decenas de mujeres y hombres ped\u00edan justicia por los feminicidios.\u2026","rel":"","context":"En &quot;CINTILLO&quot;","block_context":{"text":"CINTILLO","link":"https:\/\/www.grieta.org.mx\/index.php\/category\/cintillo\/"},"img":{"alt_text":"","src":"https:\/\/i0.wp.com\/www.grieta.org.mx\/wp-content\/uploads\/2021\/01\/FeministasCancun.png?resize=350%2C200&ssl=1","width":350,"height":200,"srcset":"https:\/\/i0.wp.com\/www.grieta.org.mx\/wp-content\/uploads\/2021\/01\/FeministasCancun.png?resize=350%2C200&ssl=1 1x, https:\/\/i0.wp.com\/www.grieta.org.mx\/wp-content\/uploads\/2021\/01\/FeministasCancun.png?resize=525%2C300&ssl=1 1.5x, https:\/\/i0.wp.com\/www.grieta.org.mx\/wp-content\/uploads\/2021\/01\/FeministasCancun.png?resize=700%2C400&ssl=1 2x"},"classes":[]},{"id":67072,"url":"https:\/\/www.grieta.org.mx\/index.php\/2023\/06\/09\/9n-cancun-tribunales-de-q-roo-buscan-suspender-el-caso-de-represion-contra-feministas\/","url_meta":{"origin":65720,"position":2},"title":"9N Canc\u00fan: Tribunales de Q.Roo buscan suspender el caso de represi\u00f3n contra feministas","author":"grieta","date":"9 junio, 2023","format":false,"excerpt":"Por Esto! El Comit\u00e9 de V\u00edctimas del 9N, denunci\u00f3 ayer que los Tribunales de Quintana Roo est\u00e1n buscando dar una suspensi\u00f3n condicional a su caso, por tercera ocasi\u00f3n, por lo que los polic\u00edas involucrados en la represi\u00f3n en la explanada del Ayuntamiento de Benito Ju\u00e1rez podr\u00edan salir libres en cualquier\u2026","rel":"","context":"En &quot;Abuso policiaco en Quintana Roo&quot;","block_context":{"text":"Abuso policiaco en Quintana Roo","link":"https:\/\/www.grieta.org.mx\/index.php\/category\/noticias-nacionales\/quintana-roo\/abuso-policiaco-en-quintana-roo\/"},"img":{"alt_text":"","src":"https:\/\/i0.wp.com\/www.grieta.org.mx\/wp-content\/uploads\/2023\/06\/9n-e1687545398698.jpg?resize=350%2C200&ssl=1","width":350,"height":200,"srcset":"https:\/\/i0.wp.com\/www.grieta.org.mx\/wp-content\/uploads\/2023\/06\/9n-e1687545398698.jpg?resize=350%2C200&ssl=1 1x, https:\/\/i0.wp.com\/www.grieta.org.mx\/wp-content\/uploads\/2023\/06\/9n-e1687545398698.jpg?resize=525%2C300&ssl=1 1.5x, https:\/\/i0.wp.com\/www.grieta.org.mx\/wp-content\/uploads\/2023\/06\/9n-e1687545398698.jpg?resize=700%2C400&ssl=1 2x"},"classes":[]},{"id":57296,"url":"https:\/\/www.grieta.org.mx\/index.php\/2021\/03\/03\/cancun-ante-negativa-del-congreso-feministas-reafirman-su-lucha-por-aborto\/","url_meta":{"origin":65720,"position":3},"title":"Canc\u00fan; Ante negativa del Congreso, feministas reafirman su lucha por aborto (Quintana Roo)","author":"grieta","date":"3 marzo, 2021","format":false,"excerpt":"SalasM \/ La Verdad Noticias. \u201cLa lucha sigue\u201d, dice integrante del colectivo Resistencia Sorora, tras la no despenalizaci\u00f3n del aborto en Quintana Roo; preparan una serie de eventos. Con m\u00e1s de nueve eventos programados en Canc\u00fan, feministas seguir\u00e1n luchando para que la despenalizaci\u00f3n del aborto sea una realidad en Quintana\u2026","rel":"","context":"En &quot;CINTILLO&quot;","block_context":{"text":"CINTILLO","link":"https:\/\/www.grieta.org.mx\/index.php\/category\/cintillo\/"},"img":{"alt_text":"","src":"https:\/\/i0.wp.com\/www.grieta.org.mx\/wp-content\/uploads\/2021\/03\/CancunFeministas.png?resize=350%2C200&ssl=1","width":350,"height":200,"srcset":"https:\/\/i0.wp.com\/www.grieta.org.mx\/wp-content\/uploads\/2021\/03\/CancunFeministas.png?resize=350%2C200&ssl=1 1x, https:\/\/i0.wp.com\/www.grieta.org.mx\/wp-content\/uploads\/2021\/03\/CancunFeministas.png?resize=525%2C300&ssl=1 1.5x, https:\/\/i0.wp.com\/www.grieta.org.mx\/wp-content\/uploads\/2021\/03\/CancunFeministas.png?resize=700%2C400&ssl=1 2x"},"classes":[]},{"id":63170,"url":"https:\/\/www.grieta.org.mx\/index.php\/2022\/01\/25\/periodismo-en-riesgo-desde-cancun-exigen-justicia-por-periodistas-asesinados-quintana-roo\/","url_meta":{"origin":65720,"position":4},"title":"&#8220;Periodismo en riesgo&#8221;: Desde Canc\u00fan, exigen justicia por periodistas asesinados (Quintana Roo)","author":"grieta","date":"25 enero, 2022","format":false,"excerpt":"Agencia SIM | Fotos: Infoqroo \/ Noticaribe CANC\u00daN, MX.- Reporteros, editores, fot\u00f3grafos y otros trabajadores de los medios de comunicaci\u00f3n se reunieron esta noche afuera del Palacio Municipal del Ayuntamiento de Benito Ju\u00e1rez, para sumarse al movimiento \u201cPeriodismo en Riesgo\u201d y exigir justicia por los tres colegas que fueron asesinados\u2026","rel":"","context":"En &quot;CINTILLO&quot;","block_context":{"text":"CINTILLO","link":"https:\/\/www.grieta.org.mx\/index.php\/category\/cintillo\/"},"img":{"alt_text":"","src":"https:\/\/i0.wp.com\/www.grieta.org.mx\/wp-content\/uploads\/2022\/01\/PeriodismoEnRiesgo.png?resize=350%2C200&ssl=1","width":350,"height":200,"srcset":"https:\/\/i0.wp.com\/www.grieta.org.mx\/wp-content\/uploads\/2022\/01\/PeriodismoEnRiesgo.png?resize=350%2C200&ssl=1 1x, https:\/\/i0.wp.com\/www.grieta.org.mx\/wp-content\/uploads\/2022\/01\/PeriodismoEnRiesgo.png?resize=525%2C300&ssl=1 1.5x, https:\/\/i0.wp.com\/www.grieta.org.mx\/wp-content\/uploads\/2022\/01\/PeriodismoEnRiesgo.png?resize=700%2C400&ssl=1 2x"},"classes":[]},{"id":67069,"url":"https:\/\/www.grieta.org.mx\/index.php\/2023\/01\/27\/periodista-ruben-dario-cruz-hernandez-sale-ileso-tras-un-ataque-en-cancun-quintana-roo\/","url_meta":{"origin":65720,"position":5},"title":"Periodista Rub\u00e9n Dar\u00edo Cruz Hern\u00e1ndez sale ileso tras un ataque en Canc\u00fan (Quintana Roo)","author":"grieta","date":"27 enero, 2023","format":false,"excerpt":"El Economista El periodista Rub\u00e9n Dar\u00edo Cruz Hern\u00e1ndez, del peri\u00f3dico \u201c\u00a1Por Esto!\u201d de Quintana Roo, fue atacado a balazos mientras viajaba a bordo de un veh\u00edculo en Canc\u00fan. Este jueves, el periodista Rub\u00e9n Dar\u00edo Cruz Hern\u00e1ndez, del peri\u00f3dico \u201c\u00a1Por Esto!\u201d de Quintana Roo, fue atacado a balazos mientras viajaba a\u2026","rel":"","context":"En &quot;CINTILLO&quot;","block_context":{"text":"CINTILLO","link":"https:\/\/www.grieta.org.mx\/index.php\/category\/cintillo\/"},"img":{"alt_text":"","src":"https:\/\/i0.wp.com\/www.grieta.org.mx\/wp-content\/uploads\/2023\/06\/Periodistas-e1687544648565.jpg?resize=350%2C200&ssl=1","width":350,"height":200,"srcset":"https:\/\/i0.wp.com\/www.grieta.org.mx\/wp-content\/uploads\/2023\/06\/Periodistas-e1687544648565.jpg?resize=350%2C200&ssl=1 1x, https:\/\/i0.wp.com\/www.grieta.org.mx\/wp-content\/uploads\/2023\/06\/Periodistas-e1687544648565.jpg?resize=525%2C300&ssl=1 1.5x, https:\/\/i0.wp.com\/www.grieta.org.mx\/wp-content\/uploads\/2023\/06\/Periodistas-e1687544648565.jpg?resize=700%2C400&ssl=1 2x"},"classes":[]}],"_links":{"self":[{"href":"https:\/\/www.grieta.org.mx\/index.php\/wp-json\/wp\/v2\/posts\/65720","targetHints":{"allow":["GET"]}}],"collection":[{"href":"https:\/\/www.grieta.org.mx\/index.php\/wp-json\/wp\/v2\/posts"}],"about":[{"href":"https:\/\/www.grieta.org.mx\/index.php\/wp-json\/wp\/v2\/types\/post"}],"author":[{"embeddable":true,"href":"https:\/\/www.grieta.org.mx\/index.php\/wp-json\/wp\/v2\/users\/2"}],"replies":[{"embeddable":true,"href":"https:\/\/www.grieta.org.mx\/index.php\/wp-json\/wp\/v2\/comments?post=65720"}],"version-history":[{"count":1,"href":"https:\/\/www.grieta.org.mx\/index.php\/wp-json\/wp\/v2\/posts\/65720\/revisions"}],"predecessor-version":[{"id":65723,"href":"https:\/\/www.grieta.org.mx\/index.php\/wp-json\/wp\/v2\/posts\/65720\/revisions\/65723"}],"wp:featuredmedia":[{"embeddable":true,"href":"https:\/\/www.grieta.org.mx\/index.php\/wp-json\/wp\/v2\/media\/65722"}],"wp:attachment":[{"href":"https:\/\/www.grieta.org.mx\/index.php\/wp-json\/wp\/v2\/media?parent=65720"}],"wp:term":[{"taxonomy":"category","embeddable":true,"href":"https:\/\/www.grieta.org.mx\/index.php\/wp-json\/wp\/v2\/categories?post=65720"},{"taxonomy":"post_tag","embeddable":true,"href":"https:\/\/www.grieta.org.mx\/index.php\/wp-json\/wp\/v2\/tags?post=65720"}],"curies":[{"name":"wp","href":"https:\/\/api.w.org\/{rel}","templated":true}]}}