{"id":65712,"date":"2022-04-27T18:34:41","date_gmt":"2022-04-27T23:34:41","guid":{"rendered":"https:\/\/www.grieta.org.mx\/?p=65712"},"modified":"2022-11-18T18:42:02","modified_gmt":"2022-11-19T00:42:02","slug":"prohiben-mineria-pueblos-nahuas-de-morelos-para-cerrar-caravana-por-el-agua-y-por-la-vida","status":"publish","type":"post","link":"https:\/\/www.grieta.org.mx\/index.php\/2022\/04\/27\/prohiben-mineria-pueblos-nahuas-de-morelos-para-cerrar-caravana-por-el-agua-y-por-la-vida\/","title":{"rendered":"Proh\u00edben miner\u00eda pueblos nahuas de Morelos para cerrar Caravana por el Agua y por la Vida"},"content":{"rendered":"<p>Redacci\u00f3n \/ Red Todos los Derechos Para Todos y Todas    <\/p>\n<p>Pueblos nahuas de Morelos decretaron que en su municipio est\u00e1 prohibida la miner\u00eda, pues una empresa canadiense amenaza con instalarse sobre su territorio. <\/p>\n<p>Con el decreto de prohibir la actividad minera, cierra la caravana por el agua y la vida que tuvo presencia en ocho estados del pa\u00eds.<\/p>\n<p>El 23 y 24 de abril se llev\u00f3 a cabo el cierre de la Caravana por el Agua y la Vida, Pueblos unidos contra el despojo capitalista, que recorri\u00f3 municipios en seis entidades del pa\u00eds: Puebla, Veracruz, Guerrero, Ciudad de M\u00e9xico, Oaxaca y Morelos. El decreto que emitieron las comunidades sobre prohibir la miner\u00eda se presentar\u00e1 de forma legal a trav\u00e9s del Congreso Nacional Ind\u00edgena (CNI), del que forma parte Cuentepec, un pueblo ubicado en el estado de Morelos que actualmente est\u00e1 concesionado a favor de la empresa Alamos Gold. Este recurso legal es una medida de protecci\u00f3n y defensa de la tierra y el agua. <\/p>\n<figure id=\"attachment_65713\" aria-describedby=\"caption-attachment-65713\" style=\"width: 675px\" class=\"wp-caption alignnone\"><img loading=\"lazy\" decoding=\"async\" data-attachment-id=\"65713\" data-permalink=\"https:\/\/www.grieta.org.mx\/index.php\/2022\/04\/27\/prohiben-mineria-pueblos-nahuas-de-morelos-para-cerrar-caravana-por-el-agua-y-por-la-vida\/screenshot-2022-11-18-at-18-36-00-prohiben-mineria-pueblos-nahuas-de-morelos-para-cerrar-caravana-por-el-agua-y-por-la-vida\/\" data-orig-file=\"https:\/\/www.grieta.org.mx\/wp-content\/uploads\/2022\/11\/Screenshot-2022-11-18-at-18-36-00-Prohiben-mineria-pueblos-nahuas-de-Morelos-para-cerrar-Caravana-por-el-Agua-y-por-la-Vida.png\" data-orig-size=\"675,484\" data-comments-opened=\"0\" data-image-meta=\"{&quot;aperture&quot;:&quot;0&quot;,&quot;credit&quot;:&quot;&quot;,&quot;camera&quot;:&quot;&quot;,&quot;caption&quot;:&quot;&quot;,&quot;created_timestamp&quot;:&quot;0&quot;,&quot;copyright&quot;:&quot;&quot;,&quot;focal_length&quot;:&quot;0&quot;,&quot;iso&quot;:&quot;0&quot;,&quot;shutter_speed&quot;:&quot;0&quot;,&quot;title&quot;:&quot;&quot;,&quot;orientation&quot;:&quot;0&quot;}\" data-image-title=\"Screenshot 2022-11-18 at 18-36-00 Proh\u00edben miner\u00eda pueblos nahuas de Morelos para cerrar Caravana por el Agua y por la Vida\" data-image-description=\"\" data-image-caption=\"&lt;p&gt;Fotograf\u00edas: Sandra Suaste\/ Red TDTT&lt;\/p&gt;\n\" data-medium-file=\"https:\/\/www.grieta.org.mx\/wp-content\/uploads\/2022\/11\/Screenshot-2022-11-18-at-18-36-00-Prohiben-mineria-pueblos-nahuas-de-Morelos-para-cerrar-Caravana-por-el-Agua-y-por-la-Vida-300x215.png\" data-large-file=\"https:\/\/www.grieta.org.mx\/wp-content\/uploads\/2022\/11\/Screenshot-2022-11-18-at-18-36-00-Prohiben-mineria-pueblos-nahuas-de-Morelos-para-cerrar-Caravana-por-el-Agua-y-por-la-Vida.png\" src=\"http:\/\/www.grieta.org.mx\/wp-content\/uploads\/2022\/11\/Screenshot-2022-11-18-at-18-36-00-Prohiben-mineria-pueblos-nahuas-de-Morelos-para-cerrar-Caravana-por-el-Agua-y-por-la-Vida.png\" alt=\"\" width=\"675\" height=\"484\" class=\"size-full wp-image-65713\" srcset=\"https:\/\/www.grieta.org.mx\/wp-content\/uploads\/2022\/11\/Screenshot-2022-11-18-at-18-36-00-Prohiben-mineria-pueblos-nahuas-de-Morelos-para-cerrar-Caravana-por-el-Agua-y-por-la-Vida.png 675w, https:\/\/www.grieta.org.mx\/wp-content\/uploads\/2022\/11\/Screenshot-2022-11-18-at-18-36-00-Prohiben-mineria-pueblos-nahuas-de-Morelos-para-cerrar-Caravana-por-el-Agua-y-por-la-Vida-300x215.png 300w\" sizes=\"auto, (max-width: 675px) 100vw, 675px\" \/><figcaption id=\"caption-attachment-65713\" class=\"wp-caption-text\">Fotograf\u00edas: Sandra Suaste\/ Red TDTT<\/figcaption><\/figure>\n<p>De acuerdo con datos proporcionados por la Unificaci\u00f3n de Pueblos y Colonias en Contra de la Miner\u00eda en Morelos, la mina afectar\u00eda a alrededor de 200 mil habitantes y destruir\u00eda el centro ceremonial nahua ubicado en la zona arqueol\u00f3gica de Xochicalco. La miner\u00eda est\u00e1 planteada a cielo abierto, por lo que representa una amenaza para el ecosistema y la subcuenca del R\u00edo Apatlaco, la cuenca del R\u00edo Amacuzac y el Acu\u00edfero de Cuernavaca, incluidas sus zonas de recarga h\u00eddrica y mantos fre\u00e1ticos,<\/p>\n<p>\u201cLa Madre Tierra, la vida que de ella se nace y nuestros territorios son sagrados para nuestro pueblo, para su historia y su memoria, as\u00ed como para todas nuestras generaciones pasadas, presentes y futuras. En consecuencia, se proh\u00edbe la miner\u00eda en los territorios sobre los que el pueblo nahua del estado de Morelos guarda una ocupaci\u00f3n tradicional, lo anterior con independencia del r\u00e9gimen de propiedad que pueda existir en dichos territorios\u201d dice el primer art\u00edculo del decreto del pueblo de Cuentepec. <\/p>\n<p><img loading=\"lazy\" decoding=\"async\" data-attachment-id=\"65714\" data-permalink=\"https:\/\/www.grieta.org.mx\/index.php\/2022\/04\/27\/prohiben-mineria-pueblos-nahuas-de-morelos-para-cerrar-caravana-por-el-agua-y-por-la-vida\/screenshot-2022-11-18-at-18-36-44-prohiben-mineria-pueblos-nahuas-de-morelos-para-cerrar-caravana-por-el-agua-y-por-la-vida\/\" data-orig-file=\"https:\/\/www.grieta.org.mx\/wp-content\/uploads\/2022\/11\/Screenshot-2022-11-18-at-18-36-44-Prohiben-mineria-pueblos-nahuas-de-Morelos-para-cerrar-Caravana-por-el-Agua-y-por-la-Vida.png\" data-orig-size=\"675,450\" data-comments-opened=\"0\" data-image-meta=\"{&quot;aperture&quot;:&quot;0&quot;,&quot;credit&quot;:&quot;&quot;,&quot;camera&quot;:&quot;&quot;,&quot;caption&quot;:&quot;&quot;,&quot;created_timestamp&quot;:&quot;0&quot;,&quot;copyright&quot;:&quot;&quot;,&quot;focal_length&quot;:&quot;0&quot;,&quot;iso&quot;:&quot;0&quot;,&quot;shutter_speed&quot;:&quot;0&quot;,&quot;title&quot;:&quot;&quot;,&quot;orientation&quot;:&quot;0&quot;}\" data-image-title=\"Screenshot 2022-11-18 at 18-36-44 Proh\u00edben miner\u00eda pueblos nahuas de Morelos para cerrar Caravana por el Agua y por la Vida\" data-image-description=\"\" data-image-caption=\"\" data-medium-file=\"https:\/\/www.grieta.org.mx\/wp-content\/uploads\/2022\/11\/Screenshot-2022-11-18-at-18-36-44-Prohiben-mineria-pueblos-nahuas-de-Morelos-para-cerrar-Caravana-por-el-Agua-y-por-la-Vida-300x200.png\" data-large-file=\"https:\/\/www.grieta.org.mx\/wp-content\/uploads\/2022\/11\/Screenshot-2022-11-18-at-18-36-44-Prohiben-mineria-pueblos-nahuas-de-Morelos-para-cerrar-Caravana-por-el-Agua-y-por-la-Vida.png\" src=\"http:\/\/www.grieta.org.mx\/wp-content\/uploads\/2022\/11\/Screenshot-2022-11-18-at-18-36-44-Prohiben-mineria-pueblos-nahuas-de-Morelos-para-cerrar-Caravana-por-el-Agua-y-por-la-Vida.png\" alt=\"\" width=\"675\" height=\"450\" class=\"alignnone size-full wp-image-65714\" srcset=\"https:\/\/www.grieta.org.mx\/wp-content\/uploads\/2022\/11\/Screenshot-2022-11-18-at-18-36-44-Prohiben-mineria-pueblos-nahuas-de-Morelos-para-cerrar-Caravana-por-el-Agua-y-por-la-Vida.png 675w, https:\/\/www.grieta.org.mx\/wp-content\/uploads\/2022\/11\/Screenshot-2022-11-18-at-18-36-44-Prohiben-mineria-pueblos-nahuas-de-Morelos-para-cerrar-Caravana-por-el-Agua-y-por-la-Vida-300x200.png 300w\" sizes=\"auto, (max-width: 675px) 100vw, 675px\" \/><\/p>\n<p>Este documento de decreto de los pueblos,  est\u00e1 basado en el apartado trece del Convenio N\u00famero 169 de la Organizaci\u00f3n Internacional del Trabajo \u201cSobre Pueblos Ind\u00edgenas y Tribales en Pa\u00edses Independientes\u201d respecto a la definici\u00f3n de \u201cterritorio\u201d. Las organizaciones, colectivos e integrantes del Congreso Nacional Ind\u00edgena, afirman que la ley del pueblo es la que se debe instaurar para decidir sobre la forma en que las comunidades originarias habitan sus espacios geogr\u00e1ficos.<\/p>\n<p>La Caravana por el Agua y por la Vida recorri\u00f3 distintos puntos, en donde atraviesan problem\u00e1ticas de despojo, saqueo y contaminaci\u00f3n del agua. En su cierre hacen un recuento:<br \/>\n\u201cDespu\u00e9s de estos a\u00f1os de pandemia salimos en caravana para encontrarnos, conocimos los dolores de los pueblos que son los mismos que los nuestros: desprecio, represi\u00f3n, despojo y explotaci\u00f3n que son las formas en que se manifiesta la guerra que impone el capitalismo en todo el mundo. Salimos a buscarnos en otras geograf\u00edas, en otras rabias y otras rebeld\u00edas, porque estamos conscientes que s\u00f3lo con la uni\u00f3n de los pueblos tendremos la fuerza necesaria para vencer a este sistema criminal\u201d<\/p>\n<p>La caravana por el agua y la vida trabaj\u00f3 en tres ejes fundamentales para los pueblos:  Agua, Defensa de territorio y Defensa ante la miner\u00eda.<\/p>\n<p><img loading=\"lazy\" decoding=\"async\" data-attachment-id=\"65715\" data-permalink=\"https:\/\/www.grieta.org.mx\/index.php\/2022\/04\/27\/prohiben-mineria-pueblos-nahuas-de-morelos-para-cerrar-caravana-por-el-agua-y-por-la-vida\/screenshot-2022-11-18-at-18-37-33-prohiben-mineria-pueblos-nahuas-de-morelos-para-cerrar-caravana-por-el-agua-y-por-la-vida\/\" data-orig-file=\"https:\/\/www.grieta.org.mx\/wp-content\/uploads\/2022\/11\/Screenshot-2022-11-18-at-18-37-33-Prohiben-mineria-pueblos-nahuas-de-Morelos-para-cerrar-Caravana-por-el-Agua-y-por-la-Vida.png\" data-orig-size=\"675,450\" data-comments-opened=\"0\" data-image-meta=\"{&quot;aperture&quot;:&quot;0&quot;,&quot;credit&quot;:&quot;&quot;,&quot;camera&quot;:&quot;&quot;,&quot;caption&quot;:&quot;&quot;,&quot;created_timestamp&quot;:&quot;0&quot;,&quot;copyright&quot;:&quot;&quot;,&quot;focal_length&quot;:&quot;0&quot;,&quot;iso&quot;:&quot;0&quot;,&quot;shutter_speed&quot;:&quot;0&quot;,&quot;title&quot;:&quot;&quot;,&quot;orientation&quot;:&quot;0&quot;}\" data-image-title=\"Screenshot 2022-11-18 at 18-37-33 Proh\u00edben miner\u00eda pueblos nahuas de Morelos para cerrar Caravana por el Agua y por la Vida\" data-image-description=\"\" data-image-caption=\"\" data-medium-file=\"https:\/\/www.grieta.org.mx\/wp-content\/uploads\/2022\/11\/Screenshot-2022-11-18-at-18-37-33-Prohiben-mineria-pueblos-nahuas-de-Morelos-para-cerrar-Caravana-por-el-Agua-y-por-la-Vida-300x200.png\" data-large-file=\"https:\/\/www.grieta.org.mx\/wp-content\/uploads\/2022\/11\/Screenshot-2022-11-18-at-18-37-33-Prohiben-mineria-pueblos-nahuas-de-Morelos-para-cerrar-Caravana-por-el-Agua-y-por-la-Vida.png\" src=\"http:\/\/www.grieta.org.mx\/wp-content\/uploads\/2022\/11\/Screenshot-2022-11-18-at-18-37-33-Prohiben-mineria-pueblos-nahuas-de-Morelos-para-cerrar-Caravana-por-el-Agua-y-por-la-Vida.png\" alt=\"\" width=\"675\" height=\"450\" class=\"alignnone size-full wp-image-65715\" srcset=\"https:\/\/www.grieta.org.mx\/wp-content\/uploads\/2022\/11\/Screenshot-2022-11-18-at-18-37-33-Prohiben-mineria-pueblos-nahuas-de-Morelos-para-cerrar-Caravana-por-el-Agua-y-por-la-Vida.png 675w, https:\/\/www.grieta.org.mx\/wp-content\/uploads\/2022\/11\/Screenshot-2022-11-18-at-18-37-33-Prohiben-mineria-pueblos-nahuas-de-Morelos-para-cerrar-Caravana-por-el-Agua-y-por-la-Vida-300x200.png 300w\" sizes=\"auto, (max-width: 675px) 100vw, 675px\" \/><\/p>\n<p>\u201cEl despojo de agua se hace de manera legal, pero no leg\u00edtima\u201d se\u00f1alan pueblos vecinos de Xochitepec y Tetlama, debido a la extracci\u00f3n que realizan las empresas en sus pozos. Las personas defensoras del territorio denuncian las agresiones y amenazas que viven debido a su labor. La imposici\u00f3n del Proyecto Integral Morelos es uno de los motivos por los que asesinan y amenazan a defensores de tierra y territorio, afirman.<\/p>\n<p>La Red Nacional de Organismos Civiles Todos los Derechos para Todas y Todos (RED TDTT) en conjunto con Peace Brigades International-M\u00e9xico (PBI) estuvieron presentes en la actividad para observar la asamblea y el cumplimiento del ejercicio del derecho a la libre determinaci\u00f3n de los pueblos originarios y las garant\u00edas de las personas defensoras de derechos humanos para ejercer su labor.<\/p>\n<p><img loading=\"lazy\" decoding=\"async\" data-attachment-id=\"65716\" data-permalink=\"https:\/\/www.grieta.org.mx\/index.php\/2022\/04\/27\/prohiben-mineria-pueblos-nahuas-de-morelos-para-cerrar-caravana-por-el-agua-y-por-la-vida\/screenshot-2022-11-18-at-18-38-10-prohiben-mineria-pueblos-nahuas-de-morelos-para-cerrar-caravana-por-el-agua-y-por-la-vida\/\" data-orig-file=\"https:\/\/www.grieta.org.mx\/wp-content\/uploads\/2022\/11\/Screenshot-2022-11-18-at-18-38-10-Prohiben-mineria-pueblos-nahuas-de-Morelos-para-cerrar-Caravana-por-el-Agua-y-por-la-Vida.png\" data-orig-size=\"675,483\" data-comments-opened=\"0\" data-image-meta=\"{&quot;aperture&quot;:&quot;0&quot;,&quot;credit&quot;:&quot;&quot;,&quot;camera&quot;:&quot;&quot;,&quot;caption&quot;:&quot;&quot;,&quot;created_timestamp&quot;:&quot;0&quot;,&quot;copyright&quot;:&quot;&quot;,&quot;focal_length&quot;:&quot;0&quot;,&quot;iso&quot;:&quot;0&quot;,&quot;shutter_speed&quot;:&quot;0&quot;,&quot;title&quot;:&quot;&quot;,&quot;orientation&quot;:&quot;0&quot;}\" data-image-title=\"Screenshot 2022-11-18 at 18-38-10 Proh\u00edben miner\u00eda pueblos nahuas de Morelos para cerrar Caravana por el Agua y por la Vida\" data-image-description=\"\" data-image-caption=\"\" data-medium-file=\"https:\/\/www.grieta.org.mx\/wp-content\/uploads\/2022\/11\/Screenshot-2022-11-18-at-18-38-10-Prohiben-mineria-pueblos-nahuas-de-Morelos-para-cerrar-Caravana-por-el-Agua-y-por-la-Vida-300x215.png\" data-large-file=\"https:\/\/www.grieta.org.mx\/wp-content\/uploads\/2022\/11\/Screenshot-2022-11-18-at-18-38-10-Prohiben-mineria-pueblos-nahuas-de-Morelos-para-cerrar-Caravana-por-el-Agua-y-por-la-Vida.png\" src=\"http:\/\/www.grieta.org.mx\/wp-content\/uploads\/2022\/11\/Screenshot-2022-11-18-at-18-38-10-Prohiben-mineria-pueblos-nahuas-de-Morelos-para-cerrar-Caravana-por-el-Agua-y-por-la-Vida.png\" alt=\"\" width=\"675\" height=\"483\" class=\"alignnone size-full wp-image-65716\" srcset=\"https:\/\/www.grieta.org.mx\/wp-content\/uploads\/2022\/11\/Screenshot-2022-11-18-at-18-38-10-Prohiben-mineria-pueblos-nahuas-de-Morelos-para-cerrar-Caravana-por-el-Agua-y-por-la-Vida.png 675w, https:\/\/www.grieta.org.mx\/wp-content\/uploads\/2022\/11\/Screenshot-2022-11-18-at-18-38-10-Prohiben-mineria-pueblos-nahuas-de-Morelos-para-cerrar-Caravana-por-el-Agua-y-por-la-Vida-300x215.png 300w\" sizes=\"auto, (max-width: 675px) 100vw, 675px\" \/><\/p>\n<p>Fotograf\u00edas: Sandra Suaste\/ Red TDTT<\/p>\n<p><a href=\"https:\/\/redtdt.org.mx\/archivos\/17302\" rel=\"noopener\" target=\"_blank\">https:\/\/redtdt.org.mx\/archivos\/17302<\/a><\/p>\n","protected":false},"excerpt":{"rendered":"<p>Redacci\u00f3n \/ Red Todos los Derechos Para Todos y Todas Pueblos nahuas de Morelos decretaron que en su municipio est\u00e1 prohibida la miner\u00eda, pues una empresa canadiense amenaza con instalarse &hellip; <a href=\"https:\/\/www.grieta.org.mx\/index.php\/2022\/04\/27\/prohiben-mineria-pueblos-nahuas-de-morelos-para-cerrar-caravana-por-el-agua-y-por-la-vida\/\" class=\"more-link\">Leer m\u00e1s<\/a><\/p>\n","protected":false},"author":2,"featured_media":65717,"comment_status":"closed","ping_status":"closed","sticky":false,"template":"","format":"standard","meta":{"ngg_post_thumbnail":0,"_jetpack_newsletter_access":"","_jetpack_dont_email_post_to_subs":false,"_jetpack_newsletter_tier_id":0,"_jetpack_memberships_contains_paywalled_content":false,"_jetpack_memberships_contains_paid_content":false,"footnotes":""},"categories":[80,3357,1764,22,2],"tags":[4089,2846,109],"class_list":["post-65712","post","type-post","status-publish","format-standard","has-post-thumbnail","hentry","category-cintillo","category-conflictos-por-agua-en-morelos","category-conflictos-sociales-y-ambientales-por-mineria-en-morelos","category-morelos","category-noticias-nacionales","tag-caravana-por-la-vida","tag-lucha-contra-la-mineria","tag-mineria","entry"],"jetpack_featured_media_url":"https:\/\/www.grieta.org.mx\/wp-content\/uploads\/2022\/11\/Screenshot-2022-11-18-at-18-39-25-Prohiben-mineria-pueblos-nahuas-de-Morelos-para-cerrar-Caravana-por-el-Agua-y-por-la-Vida.png","jetpack_sharing_enabled":true,"jetpack_shortlink":"https:\/\/wp.me\/p7ZJR4-h5S","jetpack_likes_enabled":false,"jetpack-related-posts":[{"id":69212,"url":"https:\/\/www.grieta.org.mx\/index.php\/2024\/06\/15\/celebraran-el-decreto-vs-mineria-con-evento-morelos\/","url_meta":{"origin":65712,"position":0},"title":"Celebrar\u00e1n el Decreto vs miner\u00eda con evento (Morelos)","author":"grieta","date":"15 junio, 2024","format":false,"excerpt":"Salvador Rosas \/ Diario de Morelos A dos a\u00f1os de que se firm\u00f3 el \u201cDecreto de los pueblos nahuas de Morelos contra la miner\u00eda\u201d, la comunidad de Cuentepec, Temixco, realizar\u00e1 una serie de actividades pol\u00edticas-culturales para reafirmar su rechazo a los megaproyectos y a la miner\u00eda de tajo abierto en\u2026","rel":"","context":"En &quot;CINTILLO&quot;","block_context":{"text":"CINTILLO","link":"https:\/\/www.grieta.org.mx\/index.php\/category\/cintillo\/"},"img":{"alt_text":"","src":"https:\/\/i0.wp.com\/www.grieta.org.mx\/wp-content\/uploads\/2024\/06\/Screenshot-2024-06-25-at-13-06-15-Celebraran-el-Decreto-vs-mineria-con-evento.png?resize=350%2C200&ssl=1","width":350,"height":200,"srcset":"https:\/\/i0.wp.com\/www.grieta.org.mx\/wp-content\/uploads\/2024\/06\/Screenshot-2024-06-25-at-13-06-15-Celebraran-el-Decreto-vs-mineria-con-evento.png?resize=350%2C200&ssl=1 1x, https:\/\/i0.wp.com\/www.grieta.org.mx\/wp-content\/uploads\/2024\/06\/Screenshot-2024-06-25-at-13-06-15-Celebraran-el-Decreto-vs-mineria-con-evento.png?resize=525%2C300&ssl=1 1.5x, https:\/\/i0.wp.com\/www.grieta.org.mx\/wp-content\/uploads\/2024\/06\/Screenshot-2024-06-25-at-13-06-15-Celebraran-el-Decreto-vs-mineria-con-evento.png?resize=700%2C400&ssl=1 2x, https:\/\/i0.wp.com\/www.grieta.org.mx\/wp-content\/uploads\/2024\/06\/Screenshot-2024-06-25-at-13-06-15-Celebraran-el-Decreto-vs-mineria-con-evento.png?resize=1050%2C600&ssl=1 3x"},"classes":[]},{"id":63102,"url":"https:\/\/www.grieta.org.mx\/index.php\/2022\/01\/11\/comunidades-rechazan-mina-a-cielo-abierto-en-xochicalco-morelos\/","url_meta":{"origin":65712,"position":1},"title":"Comunidades rechazan mina a cielo abierto en Xochicalco, Morelos","author":"grieta","date":"11 enero, 2022","format":false,"excerpt":"Redacci\u00f3n \/ La Coperacha Cierran carretera y exigen a alcaldesa morenista de Temixco, declarar Territorio Libre de Miner\u00eda. Habitantes de 16 comunidades ind\u00edgenas y colonias de los municipios de Temixco, Xochitepec, Miacatl\u00e1n y Coatetelco, en Morelos, bloquearon la carretera federal Iguala-Cuernavaca en rechazo del proyecto de la minera canadiense \u00c1lamos\u2026","rel":"","context":"En &quot;CINTILLO&quot;","block_context":{"text":"CINTILLO","link":"https:\/\/www.grieta.org.mx\/index.php\/category\/cintillo\/"},"img":{"alt_text":"","src":"https:\/\/i0.wp.com\/www.grieta.org.mx\/wp-content\/uploads\/2022\/01\/No-a-la-mina-Morelos.jpg?resize=350%2C200&ssl=1","width":350,"height":200,"srcset":"https:\/\/i0.wp.com\/www.grieta.org.mx\/wp-content\/uploads\/2022\/01\/No-a-la-mina-Morelos.jpg?resize=350%2C200&ssl=1 1x, https:\/\/i0.wp.com\/www.grieta.org.mx\/wp-content\/uploads\/2022\/01\/No-a-la-mina-Morelos.jpg?resize=525%2C300&ssl=1 1.5x, https:\/\/i0.wp.com\/www.grieta.org.mx\/wp-content\/uploads\/2022\/01\/No-a-la-mina-Morelos.jpg?resize=700%2C400&ssl=1 2x, https:\/\/i0.wp.com\/www.grieta.org.mx\/wp-content\/uploads\/2022\/01\/No-a-la-mina-Morelos.jpg?resize=1050%2C600&ssl=1 3x"},"classes":[]},{"id":63640,"url":"https:\/\/www.grieta.org.mx\/index.php\/2022\/01\/13\/pueblos-nahuas-se-unen-contra-minera-canadiense-en-temixco-morelos\/","url_meta":{"origin":65712,"position":2},"title":"Pueblos nahuas se unen contra minera canadiense en Temixco, Morelos","author":"grieta","date":"13 enero, 2022","format":false,"excerpt":"Daliri Oropeza \/ Pie de P\u00e1gina Fotos: Cortes\u00eda habitantes de Cuentepec Habitantes de m\u00e1s de 16 pueblos y colonias nahuas de Morelos marcharon para protestar por la entrada de la empresa canadiense Alamos Gold en el municipio de Temixco con la intenci\u00f3n de explotar oro y plata a tajo abierto.\u2026","rel":"","context":"En &quot;CINTILLO&quot;","block_context":{"text":"CINTILLO","link":"https:\/\/www.grieta.org.mx\/index.php\/category\/cintillo\/"},"img":{"alt_text":"","src":"https:\/\/i0.wp.com\/www.grieta.org.mx\/wp-content\/uploads\/2022\/03\/marcha-contra-la-mina_temixco_morelos.jpg?resize=350%2C200&ssl=1","width":350,"height":200,"srcset":"https:\/\/i0.wp.com\/www.grieta.org.mx\/wp-content\/uploads\/2022\/03\/marcha-contra-la-mina_temixco_morelos.jpg?resize=350%2C200&ssl=1 1x, https:\/\/i0.wp.com\/www.grieta.org.mx\/wp-content\/uploads\/2022\/03\/marcha-contra-la-mina_temixco_morelos.jpg?resize=525%2C300&ssl=1 1.5x, https:\/\/i0.wp.com\/www.grieta.org.mx\/wp-content\/uploads\/2022\/03\/marcha-contra-la-mina_temixco_morelos.jpg?resize=700%2C400&ssl=1 2x"},"classes":[]},{"id":63634,"url":"https:\/\/www.grieta.org.mx\/index.php\/2021\/07\/22\/movimiento-morelense-pide-a-autoridades-electas-cancelen-la-mineria-toxica-en-tetlama\/","url_meta":{"origin":65712,"position":3},"title":"Movimiento Morelense pide a autoridades electas cancelen la Miner\u00eda t\u00f3xica en Tetlama","author":"grieta","date":"22 julio, 2021","format":false,"excerpt":"Redacci\u00f3n \/ La Cr\u00f3nica Morelos Integrantes del Movimiento Morelense en Contra de la Miner\u00eda T\u00f3xica hicieron un llamado a las autoridades electas que intervengan y frenen la operaci\u00f3n de la mina a cielo abierto en Tetlama de la empresa Esperanza Silver porque el da\u00f1o al medio ambiente ser\u00e1 irreversible. En\u2026","rel":"","context":"En &quot;CINTILLO&quot;","block_context":{"text":"CINTILLO","link":"https:\/\/www.grieta.org.mx\/index.php\/category\/cintillo\/"},"img":{"alt_text":"","src":"https:\/\/i0.wp.com\/www.grieta.org.mx\/wp-content\/uploads\/2022\/03\/La-Cronica-de-Morelos-movimiento-morelense-pide-a-autoridades-electas-cancelen-la-mineria-toxica-en-tetlama-1024x640-1.jpg?resize=350%2C200&ssl=1","width":350,"height":200,"srcset":"https:\/\/i0.wp.com\/www.grieta.org.mx\/wp-content\/uploads\/2022\/03\/La-Cronica-de-Morelos-movimiento-morelense-pide-a-autoridades-electas-cancelen-la-mineria-toxica-en-tetlama-1024x640-1.jpg?resize=350%2C200&ssl=1 1x, https:\/\/i0.wp.com\/www.grieta.org.mx\/wp-content\/uploads\/2022\/03\/La-Cronica-de-Morelos-movimiento-morelense-pide-a-autoridades-electas-cancelen-la-mineria-toxica-en-tetlama-1024x640-1.jpg?resize=525%2C300&ssl=1 1.5x, https:\/\/i0.wp.com\/www.grieta.org.mx\/wp-content\/uploads\/2022\/03\/La-Cronica-de-Morelos-movimiento-morelense-pide-a-autoridades-electas-cancelen-la-mineria-toxica-en-tetlama-1024x640-1.jpg?resize=700%2C400&ssl=1 2x"},"classes":[]},{"id":63099,"url":"https:\/\/www.grieta.org.mx\/index.php\/2022\/01\/13\/declarar-temixco-como-territorio-libre-de-mineria-exigen-16-comunidades-indigenas-de-morelos\/","url_meta":{"origin":65712,"position":4},"title":"Declarar Temixco como Territorio Libre de Miner\u00eda, exigen 16 comunidades ind\u00edgenas de Morelos","author":"grieta","date":"13 enero, 2022","format":false,"excerpt":"Redacci\u00f3n \/ Educa Oaxaca La Unificaci\u00f3n de Pueblos y Colonias en contra de la Miner\u00eda de Morelos solicitaron por escrito a la presidenta municipal de Temixco, Juana Ocampo, que \u201creconozca y garantice el derecho de los pueblos y las comunidades ind\u00edgenas a la libre determinaci\u00f3n para preservar y enriquecer el\u2026","rel":"","context":"En &quot;CINTILLO&quot;","block_context":{"text":"CINTILLO","link":"https:\/\/www.grieta.org.mx\/index.php\/category\/cintillo\/"},"img":{"alt_text":"","src":"https:\/\/i0.wp.com\/www.grieta.org.mx\/wp-content\/uploads\/2022\/01\/photo_2022-01-10_19-52-06-800x720-1-768x691-1.jpg?resize=350%2C200&ssl=1","width":350,"height":200,"srcset":"https:\/\/i0.wp.com\/www.grieta.org.mx\/wp-content\/uploads\/2022\/01\/photo_2022-01-10_19-52-06-800x720-1-768x691-1.jpg?resize=350%2C200&ssl=1 1x, https:\/\/i0.wp.com\/www.grieta.org.mx\/wp-content\/uploads\/2022\/01\/photo_2022-01-10_19-52-06-800x720-1-768x691-1.jpg?resize=525%2C300&ssl=1 1.5x, https:\/\/i0.wp.com\/www.grieta.org.mx\/wp-content\/uploads\/2022\/01\/photo_2022-01-10_19-52-06-800x720-1-768x691-1.jpg?resize=700%2C400&ssl=1 2x"},"classes":[]},{"id":63620,"url":"https:\/\/www.grieta.org.mx\/index.php\/2022\/03\/03\/morelenses-recurren-a-la-semarnat-para-protestar-en-contra-de-la-mina-de-tetlama\/","url_meta":{"origin":65712,"position":5},"title":"Morelenses recurren a la Semarnat para protestar en contra de la mina de Tetlama","author":"grieta","date":"3 marzo, 2022","format":false,"excerpt":"Redacci\u00f3n \/ Cr\u00f3nica de Morelos Representantes de la Unificaci\u00f3n de Pueblos y Colonias contra la miner\u00eda, informaron que presentaron una denuncia ante la SEMARNAT contra la miner\u00eda a cielo abierto en Morelos, donde demandaron el estudio de impacto ambiental y entregaron firmas de su oposici\u00f3n a la mina de cielo\u2026","rel":"","context":"En &quot;CINTILLO&quot;","block_context":{"text":"CINTILLO","link":"https:\/\/www.grieta.org.mx\/index.php\/category\/cintillo\/"},"img":{"alt_text":"","src":"https:\/\/i0.wp.com\/www.grieta.org.mx\/wp-content\/uploads\/2022\/03\/WhatsApp-Image-2022-03-03-at-12.47.58-PM-1140x570-1.jpeg?resize=350%2C200&ssl=1","width":350,"height":200,"srcset":"https:\/\/i0.wp.com\/www.grieta.org.mx\/wp-content\/uploads\/2022\/03\/WhatsApp-Image-2022-03-03-at-12.47.58-PM-1140x570-1.jpeg?resize=350%2C200&ssl=1 1x, https:\/\/i0.wp.com\/www.grieta.org.mx\/wp-content\/uploads\/2022\/03\/WhatsApp-Image-2022-03-03-at-12.47.58-PM-1140x570-1.jpeg?resize=525%2C300&ssl=1 1.5x, https:\/\/i0.wp.com\/www.grieta.org.mx\/wp-content\/uploads\/2022\/03\/WhatsApp-Image-2022-03-03-at-12.47.58-PM-1140x570-1.jpeg?resize=700%2C400&ssl=1 2x, https:\/\/i0.wp.com\/www.grieta.org.mx\/wp-content\/uploads\/2022\/03\/WhatsApp-Image-2022-03-03-at-12.47.58-PM-1140x570-1.jpeg?resize=1050%2C600&ssl=1 3x"},"classes":[]}],"_links":{"self":[{"href":"https:\/\/www.grieta.org.mx\/index.php\/wp-json\/wp\/v2\/posts\/65712","targetHints":{"allow":["GET"]}}],"collection":[{"href":"https:\/\/www.grieta.org.mx\/index.php\/wp-json\/wp\/v2\/posts"}],"about":[{"href":"https:\/\/www.grieta.org.mx\/index.php\/wp-json\/wp\/v2\/types\/post"}],"author":[{"embeddable":true,"href":"https:\/\/www.grieta.org.mx\/index.php\/wp-json\/wp\/v2\/users\/2"}],"replies":[{"embeddable":true,"href":"https:\/\/www.grieta.org.mx\/index.php\/wp-json\/wp\/v2\/comments?post=65712"}],"version-history":[{"count":1,"href":"https:\/\/www.grieta.org.mx\/index.php\/wp-json\/wp\/v2\/posts\/65712\/revisions"}],"predecessor-version":[{"id":65718,"href":"https:\/\/www.grieta.org.mx\/index.php\/wp-json\/wp\/v2\/posts\/65712\/revisions\/65718"}],"wp:featuredmedia":[{"embeddable":true,"href":"https:\/\/www.grieta.org.mx\/index.php\/wp-json\/wp\/v2\/media\/65717"}],"wp:attachment":[{"href":"https:\/\/www.grieta.org.mx\/index.php\/wp-json\/wp\/v2\/media?parent=65712"}],"wp:term":[{"taxonomy":"category","embeddable":true,"href":"https:\/\/www.grieta.org.mx\/index.php\/wp-json\/wp\/v2\/categories?post=65712"},{"taxonomy":"post_tag","embeddable":true,"href":"https:\/\/www.grieta.org.mx\/index.php\/wp-json\/wp\/v2\/tags?post=65712"}],"curies":[{"name":"wp","href":"https:\/\/api.w.org\/{rel}","templated":true}]}}