{"id":65679,"date":"2022-11-09T12:48:30","date_gmt":"2022-11-09T18:48:30","guid":{"rendered":"https:\/\/www.grieta.org.mx\/?p=65679"},"modified":"2022-11-13T13:02:20","modified_gmt":"2022-11-13T19:02:20","slug":"marchan-en-oaxaca-para-exigir-justicia-por-activista-asesinado-que-se-opuso-al-interoceanico-oaxaca","status":"publish","type":"post","link":"https:\/\/www.grieta.org.mx\/index.php\/2022\/11\/09\/marchan-en-oaxaca-para-exigir-justicia-por-activista-asesinado-que-se-opuso-al-interoceanico-oaxaca\/","title":{"rendered":"Marchan en Oaxaca para exigir justicia por activista asesinado que se opuso al Interoce\u00e1nico (Oaxaca)"},"content":{"rendered":"<p>Imagen:<\/p>\n<p>Diana Manzo \/ Agencia de Noticias IstmoPress<\/p>\n<p>#Tehuantepec 09 Nov (#Istmopress) \u2013 Unos 500 integrantes del Frente de Organizaciones Oaxaque\u00f1as (Foro) marcharon en Tehuantepec, Oaxaca para exigir justicia por el asesinato del activista y comunero zapotea, Jes\u00fas Manuel Garc\u00eda Mart\u00ednez, ocurrido el pasado 27 de octubre.<\/p>\n<p>Tambi\u00e9n conocido como \u201cChu Pau\u201d, el comunero se opuso a la construcci\u00f3n de las obras del corredor interoce\u00e1nico, porque defend\u00eda sus tierras para que fueran para todos y no de unos cuantos.<\/p>\n<p>Durante la marcha realizaron pintas en paredes y pisos y recalcaron su oposici\u00f3n al Corredor Interoce\u00e1nico, una de las obras prioritarias del presidente Andr\u00e9s Manuel L\u00f3pez Obrador junto con el Tren Maya, gasolinera Dos Bocas en tabasco.<\/p>\n<p>\u201cLos beneficiados son la gente del gobierno, o los empresarios, pero el pueblo, los campesinos, no hay, ya vimos como le quitan su tierras, ac\u00e1 un ejemplo\u201d, recalcaron.<\/p>\n<p>El Foro re\u00fane a una docena de colectivos entre los que destacan la Uni\u00f3n de comunidades de la Zona Norte del Istmo, Sol rojo y la Codedi, quienes con pancartas en mano y algunas pintas reiteraron la exigencia de justicia.<\/p>\n<p>Esa noche del 27 de octubre, adem\u00e1s del asesinato del comunero, fue herido de gravedad por los impactos de arma de fuergo, Erick S\u00e1nchez Guti\u00e9rrez, comunero y dirigenre social del colectivo Sol Rojo, qui\u00e9n se recupera lento, pero favorable.<\/p>\n<p>La marcha que parti\u00f3 de las instalaciones del Horel Callie hasta llegar al juzgado de justicia de garant\u00eda fue recibida a puertas cerradas por el personal, qui\u00e9n lejos de atender la demanda, no les permiti\u00f3 el acceso.<\/p>\n<p>\u201cUrge la detenci\u00f3n de los autores intelectuales y materiales, nosotros responsabilizamos a Anastasio y Sergio Guti\u00e9rrez Garc\u00eda,conocidos como \u201cTacho Canasta y Sergio Canastilla\u201d,quienes forman junto con su gavilla ,el cartel del despojo de Santo Domingo Tehuantepec,quienes se pasean impunemente en el municipio,puesto que cuentan con una regidora dentro del ayuntamiento tehuano,Natasha ,hija de Anastasio\u201d, demandaron.<\/p>\n<p>Elliot Escolar, defensor de derechos humanos y coordinador de la corriente del pueblo Sol Rojo exigi\u00f3 una mesa estatal con la Fiscal\u00eda y su titular, Arturo Peimbert, para la atenci\u00f3n total de los casos.<\/p>\n<p>\u201cUrge dar protecci\u00f3n federal a nuestro comuneros, tambi\u00e9n a instalar mesas , que resuelvan el flagelo generador de la violencia sist\u00e9mica en el istmo de Tehuantepec,ante el arribo del corredor interoce\u00e1nico del istmo,como otros proyectos,donde no hay informaci\u00f3n e intereses oscuros violentan la vida comunitaria\u201d, recalc\u00f3.<\/p>\n<p>Por \u00faltimo, reconoci\u00f3 que la justicia es lenta e impune en Oaxaca, y recalc\u00f3 que seguir\u00e1n exigiendo \u00bfc\u00f3mo, cu\u00e1ndo y c\u00f3mo, mataron a su compa\u00f1ero comunero?, concluy\u00f3.<\/p>\n<p><a href=\"http:\/\/www.istmopress.com.mx\/istmo\/marchan-en-oaxaca-para-exigir-justicia-por-activista-asesinado-que-se-opuso-al-interoceanico\/\">http:\/\/www.istmopress.com.mx\/istmo\/marchan-en-oaxaca-para-exigir-justicia-por-activista-asesinado-que-se-opuso-al-interoceanico\/<\/a><\/p>\n","protected":false},"excerpt":{"rendered":"<p>Imagen: Diana Manzo \/ Agencia de Noticias IstmoPress #Tehuantepec 09 Nov (#Istmopress) \u2013 Unos 500 integrantes del Frente de Organizaciones Oaxaque\u00f1as (Foro) marcharon en Tehuantepec, Oaxaca para exigir justicia por &hellip; <a href=\"https:\/\/www.grieta.org.mx\/index.php\/2022\/11\/09\/marchan-en-oaxaca-para-exigir-justicia-por-activista-asesinado-que-se-opuso-al-interoceanico-oaxaca\/\" class=\"more-link\">Leer m\u00e1s<\/a><\/p>\n","protected":false},"author":2,"featured_media":65680,"comment_status":"closed","ping_status":"closed","sticky":false,"template":"","format":"standard","meta":{"ngg_post_thumbnail":0,"_jetpack_newsletter_access":"","_jetpack_dont_email_post_to_subs":false,"_jetpack_newsletter_tier_id":0,"_jetpack_memberships_contains_paywalled_content":false,"_jetpack_memberships_contains_paid_content":false,"footnotes":""},"categories":[80,1358,1708,1948,1605,1278,3,922,941,2,25,83],"tags":[4005,2140,3614,3703,3513,2528,2231],"class_list":["post-65679","post","type-post","status-publish","format-standard","has-post-thumbnail","hentry","category-cintillo","category-conflictos-por-megaproyectos-en-oaxaca","category-corredor-del-istmo-de-tehuantepec","category-corredor-transistmico","category-despojo-de-tierras-en-oaxaca","category-despojo-de-tierras-y-territorios","category-megaproyectos","category-megaproyectos-estados","category-mp-oaxaca","category-noticias-nacionales","category-oaxaca","category-temas-nacionales","tag-agresiones-a-defensores-y-activistas","tag-asesinato-de-activistas","tag-corredor-interoceanico","tag-lucha-contra-megapoyectos","tag-protestas-contra-megaproyectos","tag-resistencia-contra-megaproyectos","tag-violencia-por-megaproyectos","entry"],"jetpack_featured_media_url":"https:\/\/www.grieta.org.mx\/wp-content\/uploads\/2022\/11\/F0F99312-13C0-43F1-AD53-51254A5F415B-acb3ddb7-930x620-1.jpeg","jetpack_sharing_enabled":true,"jetpack_shortlink":"https:\/\/wp.me\/p7ZJR4-h5l","jetpack_likes_enabled":false,"jetpack-related-posts":[{"id":65676,"url":"https:\/\/www.grieta.org.mx\/index.php\/2022\/10\/28\/matan-a-comunero-y-atentan-contra-dirigente-del-colectivo-sol-rojo-en-el-istmo-oaxaqueno-ambos-opositores-del-corredor-interoceanico-oaxaca\/","url_meta":{"origin":65679,"position":0},"title":"Matan a comunero y atentan contra dirigente del colectivo \u201cSol Rojo\u201d en el Istmo oaxaque\u00f1o ; ambos opositores del corredor interoce\u00e1nico (Oaxaca)","author":"grieta","date":"28 octubre, 2022","format":false,"excerpt":"Imagen: Especial Diana Manzo \/ Agencia de Noticias IstmoPress #Tehuantepec 28 Oct (#Istmopress) \u2013 Ayer por la noche, Jes\u00fas Manuel Garc\u00eda Mart\u00ednez, comunero zapoteca de la comunidad agraria de Santa Cruz Tagolaba conocido tambi\u00e9n como \u201cChu Pau\u201d, fue asesinado por un grupo de personas armadas, quienes interrumpieron su domicilio en\u2026","rel":"","context":"En &quot;CINTILLO&quot;","block_context":{"text":"CINTILLO","link":"https:\/\/www.grieta.org.mx\/index.php\/category\/cintillo\/"},"img":{"alt_text":"","src":"https:\/\/i0.wp.com\/www.grieta.org.mx\/wp-content\/uploads\/2022\/11\/BSZASRZZ5NG2DO2KEHU5OFYRNI.webp?resize=350%2C200&ssl=1","width":350,"height":200,"srcset":"https:\/\/i0.wp.com\/www.grieta.org.mx\/wp-content\/uploads\/2022\/11\/BSZASRZZ5NG2DO2KEHU5OFYRNI.webp?resize=350%2C200&ssl=1 1x, https:\/\/i0.wp.com\/www.grieta.org.mx\/wp-content\/uploads\/2022\/11\/BSZASRZZ5NG2DO2KEHU5OFYRNI.webp?resize=525%2C300&ssl=1 1.5x, https:\/\/i0.wp.com\/www.grieta.org.mx\/wp-content\/uploads\/2022\/11\/BSZASRZZ5NG2DO2KEHU5OFYRNI.webp?resize=700%2C400&ssl=1 2x"},"classes":[]},{"id":67158,"url":"https:\/\/www.grieta.org.mx\/index.php\/2023\/07\/05\/localizan-sin-vida-al-activista-que-cuestionaba-pago-de-tierras-del-corredor-interoceanico-en-mixtequilla-oaxaca\/","url_meta":{"origin":65679,"position":1},"title":"Localizan sin vida al activista que cuestionaba pago de tierras del Corredor Interoce\u00e1nico en Mixtequilla, Oaxaca","author":"grieta","date":"5 julio, 2023","format":false,"excerpt":"Imagen: Ficha de b\u00fasqueda emitida para encontrar a Noel L\u00f3pez Gallegos - Pagina 3 Diana Manzo \/ P\u00e1gina 3 Mixtequilla, Oax.- Noel L\u00f3pez Gallegos, activista zapoteca de 52 a\u00f1os de edad, fue localizado sin vida la tarde de este martes, confirmaron las autoridades locales de este municipio asentado en el\u2026","rel":"","context":"En &quot;CINTILLO&quot;","block_context":{"text":"CINTILLO","link":"https:\/\/www.grieta.org.mx\/index.php\/category\/cintillo\/"},"img":{"alt_text":"","src":"https:\/\/i0.wp.com\/www.grieta.org.mx\/wp-content\/uploads\/2023\/07\/Acivista-Noel-Lopez-Gallegos.webp?resize=350%2C200&ssl=1","width":350,"height":200,"srcset":"https:\/\/i0.wp.com\/www.grieta.org.mx\/wp-content\/uploads\/2023\/07\/Acivista-Noel-Lopez-Gallegos.webp?resize=350%2C200&ssl=1 1x, https:\/\/i0.wp.com\/www.grieta.org.mx\/wp-content\/uploads\/2023\/07\/Acivista-Noel-Lopez-Gallegos.webp?resize=525%2C300&ssl=1 1.5x"},"classes":[]},{"id":69275,"url":"https:\/\/www.grieta.org.mx\/index.php\/2024\/06\/17\/despoja-marina-cerro-a-juchitan-oaxaca-para-beneficiar-obra-de-linea-k-del-interoceanico\/","url_meta":{"origin":65679,"position":2},"title":"Despoja Marina cerro a Juchit\u00e1n, Oaxaca para beneficiar obra de L\u00ednea K del Interoce\u00e1nico","author":"grieta","date":"17 junio, 2024","format":false,"excerpt":"Imagen: Edgar Mar\u00edn Diana Manzo \/ Agencia de Noticias IstmoPress #Juchit\u00e1n 17 Jun (#Istmopress) \u2013 Sin importar que exista un amparo federal que ordena la no extracci\u00f3n de roca del cerro del Estero Gui\u00e9 \u2013 hogar de aves y donde existe una amplia biodiversidad- en el municipio de Juchit\u00e1n, Oaxaca,\u2026","rel":"","context":"En &quot;5. Istmo&quot;","block_context":{"text":"5. Istmo","link":"https:\/\/www.grieta.org.mx\/index.php\/category\/espejos-de-la-resistencia\/5-istmo\/"},"img":{"alt_text":"","src":"https:\/\/i0.wp.com\/www.grieta.org.mx\/wp-content\/uploads\/2024\/07\/1718682209188-800x445-1.jpg?resize=350%2C200&ssl=1","width":350,"height":200,"srcset":"https:\/\/i0.wp.com\/www.grieta.org.mx\/wp-content\/uploads\/2024\/07\/1718682209188-800x445-1.jpg?resize=350%2C200&ssl=1 1x, https:\/\/i0.wp.com\/www.grieta.org.mx\/wp-content\/uploads\/2024\/07\/1718682209188-800x445-1.jpg?resize=525%2C300&ssl=1 1.5x, https:\/\/i0.wp.com\/www.grieta.org.mx\/wp-content\/uploads\/2024\/07\/1718682209188-800x445-1.jpg?resize=700%2C400&ssl=1 2x"},"classes":[]},{"id":69944,"url":"https:\/\/www.grieta.org.mx\/index.php\/2024\/09\/26\/con-violencia-impiden-que-se-cancele-banco-petreo-que-opera-ilegalmente-para-el-fc-interoceanico-oaxaca\/","url_meta":{"origin":65679,"position":3},"title":"Con violencia impiden que se cancele banco p\u00e9treo que opera ilegalmente para el FC interoce\u00e1nico (Oaxaca)","author":"grieta","date":"26 septiembre, 2024","format":false,"excerpt":"Imagen: P\u00e1gina 3 Diana Manzon \/ P\u00e1gina 3 \u00a0Oaxaca, Oax.- La violencia contra defensores en\u00a0\u00a0Oaxaca\u00a0va en aumento, y es que hace 10 d\u00edas, el pasado 15 de agosto, un grupo de civiles armados violent\u00f3 a funcionarios de la Procuradur\u00eda de Protecci\u00f3n al Ambiente del Estado de Oaxaca (PROPAEO) y al\u2026","rel":"","context":"En &quot;CINTILLO&quot;","block_context":{"text":"CINTILLO","link":"https:\/\/www.grieta.org.mx\/index.php\/category\/cintillo\/"},"img":{"alt_text":"","src":"https:\/\/i0.wp.com\/www.grieta.org.mx\/wp-content\/uploads\/2024\/10\/banco-petreo-ilegal-Istmo-0.jpeg?resize=350%2C200&ssl=1","width":350,"height":200,"srcset":"https:\/\/i0.wp.com\/www.grieta.org.mx\/wp-content\/uploads\/2024\/10\/banco-petreo-ilegal-Istmo-0.jpeg?resize=350%2C200&ssl=1 1x, https:\/\/i0.wp.com\/www.grieta.org.mx\/wp-content\/uploads\/2024\/10\/banco-petreo-ilegal-Istmo-0.jpeg?resize=525%2C300&ssl=1 1.5x, https:\/\/i0.wp.com\/www.grieta.org.mx\/wp-content\/uploads\/2024\/10\/banco-petreo-ilegal-Istmo-0.jpeg?resize=700%2C400&ssl=1 2x"},"classes":[]},{"id":66947,"url":"https:\/\/www.grieta.org.mx\/index.php\/2023\/05\/18\/amenazan-de-muerte-a-dos-defensores-en-oaxaca-por-denunciar-al-cartel-del-despojo\/","url_meta":{"origin":65679,"position":4},"title":"Amenazan de muerte a dos defensores en Oaxaca por denunciar al cartel del despojo","author":"grieta","date":"18 mayo, 2023","format":false,"excerpt":"Imagen: Diana Manzo Dos defensores del territorio en el Istmo de Tehuantepec recibieron amenaza por \u00abel c\u00e1rtel del despojo\u00bb, un grupo que arrebata tierras de uso com\u00fan para, presuntamente, entregarlas a las obras del Corredor Interoce\u00e1nico Diana Manzo \u00cftsmo Express \/ Pie de P\u00e1gina OAXACA. \u2013 Elliot Escobar G\u00f3mez y\u2026","rel":"","context":"En &quot;CINTILLO&quot;","block_context":{"text":"CINTILLO","link":"https:\/\/www.grieta.org.mx\/index.php\/category\/cintillo\/"},"img":{"alt_text":"","src":"https:\/\/i0.wp.com\/www.grieta.org.mx\/wp-content\/uploads\/2023\/05\/defensor_oaxaca_amenazas_Diana_manzo.jpg?resize=350%2C200&ssl=1","width":350,"height":200,"srcset":"https:\/\/i0.wp.com\/www.grieta.org.mx\/wp-content\/uploads\/2023\/05\/defensor_oaxaca_amenazas_Diana_manzo.jpg?resize=350%2C200&ssl=1 1x, https:\/\/i0.wp.com\/www.grieta.org.mx\/wp-content\/uploads\/2023\/05\/defensor_oaxaca_amenazas_Diana_manzo.jpg?resize=525%2C300&ssl=1 1.5x, https:\/\/i0.wp.com\/www.grieta.org.mx\/wp-content\/uploads\/2023\/05\/defensor_oaxaca_amenazas_Diana_manzo.jpg?resize=700%2C400&ssl=1 2x"},"classes":[]},{"id":68823,"url":"https:\/\/www.grieta.org.mx\/index.php\/2024\/04\/10\/denuncia-ambientalista-que-guardia-nacional-ceso-visitas-domiciliarias-por-su-activismo-contra-el-interoceanico-oaxaca\/","url_meta":{"origin":65679,"position":5},"title":"Denuncia ambientalista que Guardia Nacional ces\u00f3 visitas domiciliarias por su activismo contra \u00e9l interoce\u00e1nico (Oaxaca)","author":"grieta","date":"10 abril, 2024","format":false,"excerpt":"Imagen: IstmoPress Diana Manzo \/ Agencia de Noticias IstmoPress #Oaxaca 10 Abr (#Istmopress) \u2013 Por su lucha y defensa en contra de las obras que realiza el Corredor Interoce\u00e1nico, el activista zapoteca, Edgar Mart\u00edn Regalado denunci\u00f3 que elementos de la Guardia Nacional han cesado sus visitas domiciliarias, lo cual lo\u2026","rel":"","context":"En &quot;5. Istmo&quot;","block_context":{"text":"5. Istmo","link":"https:\/\/www.grieta.org.mx\/index.php\/category\/espejos-de-la-resistencia\/5-istmo\/"},"img":{"alt_text":"","src":"https:\/\/i0.wp.com\/www.grieta.org.mx\/wp-content\/uploads\/2024\/04\/1712783976385-800x445-1.jpg?resize=350%2C200&ssl=1","width":350,"height":200,"srcset":"https:\/\/i0.wp.com\/www.grieta.org.mx\/wp-content\/uploads\/2024\/04\/1712783976385-800x445-1.jpg?resize=350%2C200&ssl=1 1x, https:\/\/i0.wp.com\/www.grieta.org.mx\/wp-content\/uploads\/2024\/04\/1712783976385-800x445-1.jpg?resize=525%2C300&ssl=1 1.5x, https:\/\/i0.wp.com\/www.grieta.org.mx\/wp-content\/uploads\/2024\/04\/1712783976385-800x445-1.jpg?resize=700%2C400&ssl=1 2x"},"classes":[]}],"_links":{"self":[{"href":"https:\/\/www.grieta.org.mx\/index.php\/wp-json\/wp\/v2\/posts\/65679","targetHints":{"allow":["GET"]}}],"collection":[{"href":"https:\/\/www.grieta.org.mx\/index.php\/wp-json\/wp\/v2\/posts"}],"about":[{"href":"https:\/\/www.grieta.org.mx\/index.php\/wp-json\/wp\/v2\/types\/post"}],"author":[{"embeddable":true,"href":"https:\/\/www.grieta.org.mx\/index.php\/wp-json\/wp\/v2\/users\/2"}],"replies":[{"embeddable":true,"href":"https:\/\/www.grieta.org.mx\/index.php\/wp-json\/wp\/v2\/comments?post=65679"}],"version-history":[{"count":1,"href":"https:\/\/www.grieta.org.mx\/index.php\/wp-json\/wp\/v2\/posts\/65679\/revisions"}],"predecessor-version":[{"id":65681,"href":"https:\/\/www.grieta.org.mx\/index.php\/wp-json\/wp\/v2\/posts\/65679\/revisions\/65681"}],"wp:featuredmedia":[{"embeddable":true,"href":"https:\/\/www.grieta.org.mx\/index.php\/wp-json\/wp\/v2\/media\/65680"}],"wp:attachment":[{"href":"https:\/\/www.grieta.org.mx\/index.php\/wp-json\/wp\/v2\/media?parent=65679"}],"wp:term":[{"taxonomy":"category","embeddable":true,"href":"https:\/\/www.grieta.org.mx\/index.php\/wp-json\/wp\/v2\/categories?post=65679"},{"taxonomy":"post_tag","embeddable":true,"href":"https:\/\/www.grieta.org.mx\/index.php\/wp-json\/wp\/v2\/tags?post=65679"}],"curies":[{"name":"wp","href":"https:\/\/api.w.org\/{rel}","templated":true}]}}