{"id":65651,"date":"2022-11-02T12:43:51","date_gmt":"2022-11-02T18:43:51","guid":{"rendered":"https:\/\/www.grieta.org.mx\/?p=65651"},"modified":"2022-11-03T17:31:00","modified_gmt":"2022-11-03T23:31:00","slug":"ejidatarios-continuan-por-segundo-dia-con-el-bloqueo-vial-en-kantunilkin-quintana-roo","status":"publish","type":"post","link":"https:\/\/www.grieta.org.mx\/index.php\/2022\/11\/02\/ejidatarios-continuan-por-segundo-dia-con-el-bloqueo-vial-en-kantunilkin-quintana-roo\/","title":{"rendered":"Ejidatarios contin\u00faan por segundo d\u00eda con el bloqueo vial en Kantunilk\u00edn (Quintana Roo)"},"content":{"rendered":"<p>Luis Enrique Cauich \/ Por Esto!<\/p>\n<blockquote><p>Los ciudadanos mantienen bloqueada la carretera al puerto de Chiquil\u00e1, se permiti\u00f3 el paso de las unidades a las diez de la ma\u00f1ana para desahogar el congestionamiento<\/p><\/blockquote>\n<p>Por segundo d\u00eda, los ejidatarios de Kantunilkin mantienen bloqueada la carretera al puerto de Chiquil\u00e1, en exigencia al pago de indemnizaci\u00f3n por tierras afectadas que realiza la CFE por el tendido el\u00e9ctrico que abastecer\u00e1 la l\u00ednea submarina de Holbox.<\/p>\n<p>Desde ayer los ejidatarios tomaron esta v\u00eda de comunicaci\u00f3n, a la altura de la colonia Xamankah; sin embargo, hoy ya decidieron hacerlo a m\u00e1s de cinco kil\u00f3metros, donde se encuentra una carretera de terracota que era utilizado para bordear el bloqueo en la entrada a Kantunilkin.<\/p>\n<p>Los ejidatarios han anunciado el paso de las unidades a las diez de la ma\u00f1ana para desahogar el congestionamiento; sin embargo, de continuar la negativa de la dependencia, ir\u00e1n alargando el horario hasta llegar al cierre total.<\/p>\n<p><a href=\"https:\/\/www.poresto.net\/quintana-roo\/2022\/11\/2\/ejidatarios-continuan-por-segundo-dia-con-el-bloqueo-vial-en-kantunilkin-357909.html\" rel=\"noopener\" target=\"_blank\">https:\/\/www.poresto.net\/quintana-roo\/2022\/11\/2\/ejidatarios-continuan-por-segundo-dia-con-el-bloqueo-vial-en-kantunilkin-357909.html<\/a><\/p>\n","protected":false},"excerpt":{"rendered":"<p>Luis Enrique Cauich \/ Por Esto! Los ciudadanos mantienen bloqueada la carretera al puerto de Chiquil\u00e1, se permiti\u00f3 el paso de las unidades a las diez de la ma\u00f1ana para &hellip; <a href=\"https:\/\/www.grieta.org.mx\/index.php\/2022\/11\/02\/ejidatarios-continuan-por-segundo-dia-con-el-bloqueo-vial-en-kantunilkin-quintana-roo\/\" class=\"more-link\">Leer m\u00e1s<\/a><\/p>\n","protected":false},"author":2,"featured_media":65653,"comment_status":"closed","ping_status":"closed","sticky":false,"template":"","format":"standard","meta":{"ngg_post_thumbnail":0,"_jetpack_newsletter_access":"","_jetpack_dont_email_post_to_subs":false,"_jetpack_newsletter_tier_id":0,"_jetpack_memberships_contains_paywalled_content":false,"_jetpack_memberships_contains_paid_content":false,"footnotes":""},"categories":[80,2905,2,28],"tags":[291,2849,175,1817],"class_list":["post-65651","post","type-post","status-publish","format-standard","has-post-thumbnail","hentry","category-cintillo","category-conflictos-con-la-cfe-en-quintana-roo","category-noticias-nacionales","category-quintana-roo","tag-cfe","tag-conflictos-con-la-cfe","tag-ejidatarios","tag-tierras-ejidales","entry"],"jetpack_featured_media_url":"https:\/\/www.grieta.org.mx\/wp-content\/uploads\/2022\/11\/Kantunilkin-e1667518119835.jpg","jetpack_sharing_enabled":true,"jetpack_shortlink":"https:\/\/wp.me\/p7ZJR4-h4T","jetpack_likes_enabled":false,"jetpack-related-posts":[{"id":65427,"url":"https:\/\/www.grieta.org.mx\/index.php\/2022\/09\/29\/ejidatarios-de-kantunilkin-frenan-trabajo-de-la-cfe-exigen-indemnizaciones-por-predios-afectados-quintana-roo\/","url_meta":{"origin":65651,"position":0},"title":"Ejidatarios de Kantunilk\u00edn frenan trabajo de la CFE; exigen indemnizaciones por predios afectados (Quintana Roo)","author":"grieta","date":"29 septiembre, 2022","format":false,"excerpt":"Luis Enrique Cauich \/ Por Esto! Ejidatarios de Kantunilk\u00edn detuvieron los trabajos de sustituci\u00f3n de postes y tendido el\u00e9ctrico que forman parte del proyecto de l\u00ednea submarina que llegara hasta la isla de Holbox, en exigencia a la Comisi\u00f3n Federal de Electricidad a llegar a un acuerdo de indemnizaci\u00f3n por\u2026","rel":"","context":"En &quot;CINTILLO&quot;","block_context":{"text":"CINTILLO","link":"https:\/\/www.grieta.org.mx\/index.php\/category\/cintillo\/"},"img":{"alt_text":"","src":"https:\/\/i0.wp.com\/www.grieta.org.mx\/wp-content\/uploads\/2022\/10\/Kantunilkil-e1665182685284.jpg?resize=350%2C200&ssl=1","width":350,"height":200,"srcset":"https:\/\/i0.wp.com\/www.grieta.org.mx\/wp-content\/uploads\/2022\/10\/Kantunilkil-e1665182685284.jpg?resize=350%2C200&ssl=1 1x, https:\/\/i0.wp.com\/www.grieta.org.mx\/wp-content\/uploads\/2022\/10\/Kantunilkil-e1665182685284.jpg?resize=525%2C300&ssl=1 1.5x, https:\/\/i0.wp.com\/www.grieta.org.mx\/wp-content\/uploads\/2022\/10\/Kantunilkil-e1665182685284.jpg?resize=700%2C400&ssl=1 2x"},"classes":[]},{"id":3649,"url":"https:\/\/www.grieta.org.mx\/index.php\/2015\/09\/15\/ejidatarios-cierran-carretera-en-protesta-contra-la-cfe-en-quintana-roo\/","url_meta":{"origin":65651,"position":1},"title":"Ejidatarios cierran carretera en protesta contra la CFE en Quintana Roo","author":"grieta","date":"15 septiembre, 2015","format":false,"excerpt":"15\/09\/15. Cierran ejidatarios carretera en Quintana Roo: bloquean v\u00eda a JMM en la zona Maya por reclamo contra CFE por afectaci\u00f3n de tierrasNoticaribe","rel":"","context":"En &quot;NOTICIAS NACIONALES&quot;","block_context":{"text":"NOTICIAS NACIONALES","link":"https:\/\/www.grieta.org.mx\/index.php\/category\/noticias-nacionales\/"},"img":{"alt_text":"","src":"https:\/\/i0.wp.com\/www.grieta.org.mx\/wp-content\/uploads\/2018\/03\/14524434_1106112876131411_958039263622046936_o.jpg?resize=350%2C200&ssl=1","width":350,"height":200,"srcset":"https:\/\/i0.wp.com\/www.grieta.org.mx\/wp-content\/uploads\/2018\/03\/14524434_1106112876131411_958039263622046936_o.jpg?resize=350%2C200&ssl=1 1x, https:\/\/i0.wp.com\/www.grieta.org.mx\/wp-content\/uploads\/2018\/03\/14524434_1106112876131411_958039263622046936_o.jpg?resize=525%2C300&ssl=1 1.5x, https:\/\/i0.wp.com\/www.grieta.org.mx\/wp-content\/uploads\/2018\/03\/14524434_1106112876131411_958039263622046936_o.jpg?resize=700%2C400&ssl=1 2x"},"classes":[]},{"id":65910,"url":"https:\/\/www.grieta.org.mx\/index.php\/2022\/12\/08\/ejidatarios-de-kantunilkin-reviran-a-funcionario-estatal-tras-llamarlos-criminales-quintana-roo\/","url_meta":{"origin":65651,"position":2},"title":"Ejidatarios de Kantunilk\u00edn reviran a Funcionario Estatal tras llamarlos criminales (Quintana Roo)","author":"grieta","date":"8 diciembre, 2022","format":false,"excerpt":"Luis Enrique Cauich \/ Por Esto! Como temerarias e irresponsables, califican los ejidatarios de Kantunilkin, las declaraciones de Arturo Abreu Mar\u00edn coordinador de delegaciones federales en Quintana Roo, al afirmar que la delincuencia organizada se encuentra inmiscuida en el n\u00facleo agrario, por lo que deber\u00e1 comprobar sus denuncias. El comisariado\u2026","rel":"","context":"En &quot;CINTILLO&quot;","block_context":{"text":"CINTILLO","link":"https:\/\/www.grieta.org.mx\/index.php\/category\/cintillo\/"},"img":{"alt_text":"","src":"https:\/\/i0.wp.com\/www.grieta.org.mx\/wp-content\/uploads\/2022\/12\/Kantulinkin-e1671023318122.jpg?resize=350%2C200&ssl=1","width":350,"height":200,"srcset":"https:\/\/i0.wp.com\/www.grieta.org.mx\/wp-content\/uploads\/2022\/12\/Kantulinkin-e1671023318122.jpg?resize=350%2C200&ssl=1 1x, https:\/\/i0.wp.com\/www.grieta.org.mx\/wp-content\/uploads\/2022\/12\/Kantulinkin-e1671023318122.jpg?resize=525%2C300&ssl=1 1.5x, https:\/\/i0.wp.com\/www.grieta.org.mx\/wp-content\/uploads\/2022\/12\/Kantulinkin-e1671023318122.jpg?resize=700%2C400&ssl=1 2x"},"classes":[]},{"id":66198,"url":"https:\/\/www.grieta.org.mx\/index.php\/2023\/02\/09\/lazaro-cardenas-habitantes-de-chiquila-protestan-en-contra-de-la-cfe-quintana-roo\/","url_meta":{"origin":65651,"position":3},"title":"L\u00e1zaro C\u00e1rdenas: Habitantes de Chiquil\u00e1 protestan en contra de la CFE (Quintana Roo)","author":"grieta","date":"9 febrero, 2023","format":false,"excerpt":"Luis Enrique Cauich \/ Por Esto! Habitantes del puerto de Chiquil\u00e1\u00a0salieron a protestar esta ma\u00f1ana en contra de la Comisi\u00f3n Federal de Electricidad, que hace y deshace a su voluntad sin que ninguna autoridad intervenga para solucionar los problemas que causa con sus obras de introducci\u00f3n de la l\u00ednea submarina\u2026","rel":"","context":"En &quot;CINTILLO&quot;","block_context":{"text":"CINTILLO","link":"https:\/\/www.grieta.org.mx\/index.php\/category\/cintillo\/"},"img":{"alt_text":"","src":"https:\/\/i0.wp.com\/www.grieta.org.mx\/wp-content\/uploads\/2023\/02\/Holbox-1-e1676051285295.jpg?resize=350%2C200&ssl=1","width":350,"height":200,"srcset":"https:\/\/i0.wp.com\/www.grieta.org.mx\/wp-content\/uploads\/2023\/02\/Holbox-1-e1676051285295.jpg?resize=350%2C200&ssl=1 1x, https:\/\/i0.wp.com\/www.grieta.org.mx\/wp-content\/uploads\/2023\/02\/Holbox-1-e1676051285295.jpg?resize=525%2C300&ssl=1 1.5x, https:\/\/i0.wp.com\/www.grieta.org.mx\/wp-content\/uploads\/2023\/02\/Holbox-1-e1676051285295.jpg?resize=700%2C400&ssl=1 2x"},"classes":[]},{"id":3651,"url":"https:\/\/www.grieta.org.mx\/index.php\/2015\/09\/15\/cierran-ejidatarios-carretera-en-quintana-roo-bloquean-via-a-jmm-en-la-zona-maya-por-reclamo-contra-cfe-por-afectacion-de-tierras\/","url_meta":{"origin":65651,"position":4},"title":"Cierran ejidatarios carretera en Quintana Roo: bloquean v\u00eda a JMM en la zona Maya por reclamo contra CFE por afectaci\u00f3n de tierras","author":"grieta","date":"15 septiembre, 2015","format":false,"excerpt":"JOSE MARIA MORELOS.- Ejidatarios del kil\u00f3metro 50 determinaron tomar la carretera federal 307, tramo Polyuc-Morelos entrada la noche de este lunes, pero ofreciendo el acceso de los automovilistas si pagaban una cuota, luego de haber sido enga\u00f1ado el comisariado ejidal, Francisco Uc C\u00e1ceres por el superintendente de la Comisi\u00f3n Federal\u2026","rel":"","context":"En &quot;CINTILLO&quot;","block_context":{"text":"CINTILLO","link":"https:\/\/www.grieta.org.mx\/index.php\/category\/cintillo\/"},"img":{"alt_text":"","src":"https:\/\/i0.wp.com\/www.grieta.org.mx\/wp-content\/uploads\/2018\/03\/14524434_1106112876131411_958039263622046936_o.jpg?resize=350%2C200&ssl=1","width":350,"height":200,"srcset":"https:\/\/i0.wp.com\/www.grieta.org.mx\/wp-content\/uploads\/2018\/03\/14524434_1106112876131411_958039263622046936_o.jpg?resize=350%2C200&ssl=1 1x, https:\/\/i0.wp.com\/www.grieta.org.mx\/wp-content\/uploads\/2018\/03\/14524434_1106112876131411_958039263622046936_o.jpg?resize=525%2C300&ssl=1 1.5x, https:\/\/i0.wp.com\/www.grieta.org.mx\/wp-content\/uploads\/2018\/03\/14524434_1106112876131411_958039263622046936_o.jpg?resize=700%2C400&ssl=1 2x"},"classes":[]},{"id":72230,"url":"https:\/\/www.grieta.org.mx\/index.php\/2025\/08\/16\/bloquean-carretera-tras-apagones-constantes-quintana-roo\/","url_meta":{"origin":65651,"position":5},"title":"Bloquean carretera tras apagones constantes (Quintana Roo)","author":"grieta","date":"16 agosto, 2025","format":false,"excerpt":"Sol Quintana Roo Habitantes de Bacalar bloquean la v\u00eda corta en protesta por constantes apagones y mal servicio el\u00e9ctrico, por lo que exigen a la CFE soluciones inmediatas para garantizar suministro estable Bacalar.\u2014 Habitantes de la comunidad Divorciados mantienen bloqueada la carretera de la v\u00eda corta, como protesta ante los\u2026","rel":"","context":"En &quot;CINTILLO&quot;","block_context":{"text":"CINTILLO","link":"https:\/\/www.grieta.org.mx\/index.php\/category\/cintillo\/"},"img":{"alt_text":"","src":"https:\/\/i0.wp.com\/www.grieta.org.mx\/wp-content\/uploads\/2025\/08\/Bloquean-e1755898483617.jpg?resize=350%2C200&ssl=1","width":350,"height":200,"srcset":"https:\/\/i0.wp.com\/www.grieta.org.mx\/wp-content\/uploads\/2025\/08\/Bloquean-e1755898483617.jpg?resize=350%2C200&ssl=1 1x, https:\/\/i0.wp.com\/www.grieta.org.mx\/wp-content\/uploads\/2025\/08\/Bloquean-e1755898483617.jpg?resize=525%2C300&ssl=1 1.5x, https:\/\/i0.wp.com\/www.grieta.org.mx\/wp-content\/uploads\/2025\/08\/Bloquean-e1755898483617.jpg?resize=700%2C400&ssl=1 2x"},"classes":[]}],"_links":{"self":[{"href":"https:\/\/www.grieta.org.mx\/index.php\/wp-json\/wp\/v2\/posts\/65651","targetHints":{"allow":["GET"]}}],"collection":[{"href":"https:\/\/www.grieta.org.mx\/index.php\/wp-json\/wp\/v2\/posts"}],"about":[{"href":"https:\/\/www.grieta.org.mx\/index.php\/wp-json\/wp\/v2\/types\/post"}],"author":[{"embeddable":true,"href":"https:\/\/www.grieta.org.mx\/index.php\/wp-json\/wp\/v2\/users\/2"}],"replies":[{"embeddable":true,"href":"https:\/\/www.grieta.org.mx\/index.php\/wp-json\/wp\/v2\/comments?post=65651"}],"version-history":[{"count":1,"href":"https:\/\/www.grieta.org.mx\/index.php\/wp-json\/wp\/v2\/posts\/65651\/revisions"}],"predecessor-version":[{"id":65655,"href":"https:\/\/www.grieta.org.mx\/index.php\/wp-json\/wp\/v2\/posts\/65651\/revisions\/65655"}],"wp:featuredmedia":[{"embeddable":true,"href":"https:\/\/www.grieta.org.mx\/index.php\/wp-json\/wp\/v2\/media\/65653"}],"wp:attachment":[{"href":"https:\/\/www.grieta.org.mx\/index.php\/wp-json\/wp\/v2\/media?parent=65651"}],"wp:term":[{"taxonomy":"category","embeddable":true,"href":"https:\/\/www.grieta.org.mx\/index.php\/wp-json\/wp\/v2\/categories?post=65651"},{"taxonomy":"post_tag","embeddable":true,"href":"https:\/\/www.grieta.org.mx\/index.php\/wp-json\/wp\/v2\/tags?post=65651"}],"curies":[{"name":"wp","href":"https:\/\/api.w.org\/{rel}","templated":true}]}}