{"id":65617,"date":"2022-10-23T10:33:54","date_gmt":"2022-10-23T15:33:54","guid":{"rendered":"https:\/\/www.grieta.org.mx\/?p=65617"},"modified":"2022-10-24T10:40:29","modified_gmt":"2022-10-24T15:40:29","slug":"comunidad-lgbtiq-se-manifestara-por-homicidio-de-michel-rodriguez","status":"publish","type":"post","link":"https:\/\/www.grieta.org.mx\/index.php\/2022\/10\/23\/comunidad-lgbtiq-se-manifestara-por-homicidio-de-michel-rodriguez\/","title":{"rendered":"Comunidad LGBTIQ+ se manifestar\u00e1 por homicidio de Michel Rodr\u00edguez"},"content":{"rendered":"<p>Mayra Trist\u00e1n\/El Sol de San Luis<br \/>\n23 octubre 2022<\/p>\n<blockquote><p>En el 2019 fue privada de la vida de una forma muy atroz. La madre de la victima s\u00f3lo pide justicia para su ni\u00f1a<\/p><\/blockquote>\n<p>El 70% de los cr\u00edmenes contra la comunidad LGBTIQ+ son cometidos contra mujeres trans, como el homicidio de Michel Rodr\u00edguez, por quien este lunes, integrantes de la comunidad LGBTIQ+ de San Luis Potos\u00ed, se manifestar\u00e1n en el Centro Integral de Justicia ubicado en La Pila para exigir justicia.<\/p>\n<p>Liderazgos de la comunidad LGBTIQ+ se dijeron preocupados por el acceso a la justicia para este sector de la poblaci\u00f3n, &#8220;pues se cuenta con antecedentes que en algunos casos judiciales en donde debe ponderar la visi\u00f3n de la perspectiva de g\u00e9nero por parte de las autoridades, ha sido invisibilizada&#8221;.<\/p>\n<p>Como ejemplo se\u00f1alaron el caso de Michel Rodr\u00edguez, quien fue privada de la vida el 18 de julio del 2019 de forma atroz, &#8220;pues fue un crimen de odio en raz\u00f3n de g\u00e9nero; primero de forma cruel le causan heridas en su cuerpo con una navaja, insult\u00e1ndola y denigr\u00e1ndola, para posteriormente pasarle una camioneta encima de forma reiterada&#8221;.<\/p>\n<p>Manifestaron que Karina Rodr\u00edguez, madre de Michel, solo pide que se haga justicia para su hija, que era una adolescente 17 a\u00f1os de edad, &#8220;y contaba con una familia y amigos y amigas que la am\u00e1bamos&#8221;.<\/p>\n<p>Este lunes 24 de octubre inicia el Juicio Oral en contra del imputado, en el cual piden a la Fiscal\u00eda General del Estado y al Poder Judicial, que &#8220;cumplan con los fines del sistema, como lo son que el culpable no quede impune, el esclarecimiento de los hechos, proteger al inocente y reparar los da\u00f1os causados&#8221;.<\/p>\n<p>As\u00ed mismo, solicitaron a las autoridades que se haga justicia por los hechos de violencia contra las mujeres trans, y que dicho caso sea trabajado con perspectiva de g\u00e9nero, &#8220;as\u00ed como atendiendo a los est\u00e1ndares internacionales poniendo fin a la discriminaci\u00f3n y violencia que sufre nuestra comunidad; las mujeres trans son las que m\u00e1s sufren violencia extrema, el 70.5% de total de los cr\u00edmenes perpetrados hacia las poblaciones LGBTIQ+&#8221;.<\/p>\n<p>Por lo anterior, tambi\u00e9n exigieron al Congreso del Estado, en especial a la Comisi\u00f3n de Justicia, dictaminar la iniciativa para tipificar los delitos por raz\u00f3n de odio.<\/p>\n<p><a href=\"https:\/\/www.elsoldesanluis.com.mx\/local\/comunidad-lgbtiq-se-manifestara-por-homicidio-de-michel-rodriguez-en-san-luis-potosi-9080374.html\" rel=\"noopener\" target=\"_blank\">https:\/\/www.elsoldesanluis.com.mx\/local\/comunidad-lgbtiq-se-manifestara-por-homicidio-de-michel-rodriguez-en-san-luis-potosi-9080374.html<\/a><\/p>\n","protected":false},"excerpt":{"rendered":"<p>Mayra Trist\u00e1n\/El Sol de San Luis 23 octubre 2022 En el 2019 fue privada de la vida de una forma muy atroz. La madre de la victima s\u00f3lo pide justicia &hellip; <a href=\"https:\/\/www.grieta.org.mx\/index.php\/2022\/10\/23\/comunidad-lgbtiq-se-manifestara-por-homicidio-de-michel-rodriguez\/\" class=\"more-link\">Leer m\u00e1s<\/a><\/p>\n","protected":false},"author":2,"featured_media":65618,"comment_status":"closed","ping_status":"closed","sticky":false,"template":"","format":"standard","meta":{"ngg_post_thumbnail":0,"_jetpack_newsletter_access":"","_jetpack_dont_email_post_to_subs":false,"_jetpack_newsletter_tier_id":0,"_jetpack_memberships_contains_paywalled_content":false,"_jetpack_memberships_contains_paid_content":false,"footnotes":""},"categories":[80,84,1284,3719,2,29,83],"tags":[4095,3370,3396,81,4128,1226],"class_list":["post-65617","post","type-post","status-publish","format-standard","has-post-thumbnail","hentry","category-cintillo","category-feminicidios","category-feminicidios-en-san-luis-potosi","category-movilizaciones-de-la-comunidad-de-la-diversidad-sexual","category-noticias-nacionales","category-san-luis-potosi","category-temas-nacionales","tag-asesinatos-mujeres-trans","tag-comunidad-trans","tag-crimenes-de-odio","tag-feminicidios","tag-manifestaciones-de-la-comunidad-lgbttti","tag-violencia-contra-la-comunidad-lgbttti","entry"],"jetpack_featured_media_url":"https:\/\/www.grieta.org.mx\/wp-content\/uploads\/2022\/10\/justicia-fabiola-rivera.jpg","jetpack_sharing_enabled":true,"jetpack_shortlink":"https:\/\/wp.me\/p7ZJR4-h4l","jetpack_likes_enabled":false,"jetpack-related-posts":[{"id":70017,"url":"https:\/\/www.grieta.org.mx\/index.php\/2024\/10\/02\/exigen-justicia-por-asesinato-de-mayte-lopez-mujer-trans-e-integrante-de-la-comunidad-muxe-en-juchitan-oaxaca\/","url_meta":{"origin":65617,"position":0},"title":"Exigen justicia por asesinato de Mayte L\u00f3pez, mujer trans e integrante de la comunidad muxe, en Juchit\u00e1n, Oaxaca","author":"grieta","date":"2 octubre, 2024","format":false,"excerpt":"Imagen: Francisco Ramos \/\u00a0 La cadera de Eva Integrantes de las comunidades LGBTIQ+ exigieron justicia por el asesinato de Mayte L\u00f3pez, el cual se\u00f1alaron que forma parte de una ola de violencia que ha afectado a la comunidad muxe y de la diversidad sexual en Oaxaca y el pa\u00eds. Redacci\u00f3n\u2026","rel":"","context":"En &quot;CINTILLO&quot;","block_context":{"text":"CINTILLO","link":"https:\/\/www.grieta.org.mx\/index.php\/category\/cintillo\/"},"img":{"alt_text":"","src":"https:\/\/i0.wp.com\/www.grieta.org.mx\/wp-content\/uploads\/2024\/10\/mayte-lopez-la-cadera-de-eva-focus-0-0-1260-1050.jpg?resize=350%2C200&ssl=1","width":350,"height":200,"srcset":"https:\/\/i0.wp.com\/www.grieta.org.mx\/wp-content\/uploads\/2024\/10\/mayte-lopez-la-cadera-de-eva-focus-0-0-1260-1050.jpg?resize=350%2C200&ssl=1 1x, https:\/\/i0.wp.com\/www.grieta.org.mx\/wp-content\/uploads\/2024\/10\/mayte-lopez-la-cadera-de-eva-focus-0-0-1260-1050.jpg?resize=525%2C300&ssl=1 1.5x, https:\/\/i0.wp.com\/www.grieta.org.mx\/wp-content\/uploads\/2024\/10\/mayte-lopez-la-cadera-de-eva-focus-0-0-1260-1050.jpg?resize=700%2C400&ssl=1 2x, https:\/\/i0.wp.com\/www.grieta.org.mx\/wp-content\/uploads\/2024\/10\/mayte-lopez-la-cadera-de-eva-focus-0-0-1260-1050.jpg?resize=1050%2C600&ssl=1 3x"},"classes":[]},{"id":65270,"url":"https:\/\/www.grieta.org.mx\/index.php\/2022\/09\/18\/feminicido-exigen-justicia-para-chuyita-de-14-anos-y-asesinada-en-san-luis-potosi\/","url_meta":{"origin":65617,"position":1},"title":"Feminicido: Exigen justicia para Chuyita, de 14 a\u00f1os y asesinada en San Luis Potos\u00ed","author":"grieta","date":"18 septiembre, 2022","format":false,"excerpt":"Redacci\u00f3n\/SDP Noticias 18 septiembre 2022 Chuyita Lelixia Rodr\u00edguez desapareci\u00f3 el 14 de septiembre cuando se dirig\u00eda la prepa en la comunidad de Derramaderos en Villa de Arista, San Luis Potos\u00ed Con el hashtag Justicia para Chuyita, su familia y la comunidad de Derramaderos en San Luis Potos\u00ed exigen que el\u2026","rel":"","context":"En &quot;CINTILLO&quot;","block_context":{"text":"CINTILLO","link":"https:\/\/www.grieta.org.mx\/index.php\/category\/cintillo\/"},"img":{"alt_text":"","src":"https:\/\/i0.wp.com\/www.grieta.org.mx\/wp-content\/uploads\/2022\/09\/H5NNK33YCRBHFKUH7EPDVYJ6LM.jpg?resize=350%2C200&ssl=1","width":350,"height":200,"srcset":"https:\/\/i0.wp.com\/www.grieta.org.mx\/wp-content\/uploads\/2022\/09\/H5NNK33YCRBHFKUH7EPDVYJ6LM.jpg?resize=350%2C200&ssl=1 1x, https:\/\/i0.wp.com\/www.grieta.org.mx\/wp-content\/uploads\/2022\/09\/H5NNK33YCRBHFKUH7EPDVYJ6LM.jpg?resize=525%2C300&ssl=1 1.5x"},"classes":[]},{"id":67002,"url":"https:\/\/www.grieta.org.mx\/index.php\/2023\/05\/30\/desaparece-ruben-castro-activista-sordo-de-la-comunidad-colectivos-hacen-llamado-a-las-autoridades-lgbtiq-jalisco\/","url_meta":{"origin":65617,"position":2},"title":"Desaparece Rub\u00e9n Castro, activista sordo de la comunidad, colectivos hacen llamado a las autoridades LGBTIQ (Jalisco),","author":"grieta","date":"30 mayo, 2023","format":false,"excerpt":"Imagen Vive Puerto Vallarta Redacci\u00f3n \/Vive Puerto Vallarta Piden ayuda para localizar a Rub\u00e9n Michel Castro, desapareci\u00f3 tras marcha del orgullo, en marco del Pride de Puerto Vallarta. A pesar de que las 72 horas de desaparici\u00f3n se cumplieron el domingo por la noche, a\u00fan no se ha emitido una\u2026","rel":"","context":"En &quot;CINTILLO&quot;","block_context":{"text":"CINTILLO","link":"https:\/\/www.grieta.org.mx\/index.php\/category\/cintillo\/"},"img":{"alt_text":"","src":"https:\/\/i0.wp.com\/www.grieta.org.mx\/wp-content\/uploads\/2023\/06\/Camionazo-Jala-Compostela-2-1.webp?resize=350%2C200&ssl=1","width":350,"height":200,"srcset":"https:\/\/i0.wp.com\/www.grieta.org.mx\/wp-content\/uploads\/2023\/06\/Camionazo-Jala-Compostela-2-1.webp?resize=350%2C200&ssl=1 1x, https:\/\/i0.wp.com\/www.grieta.org.mx\/wp-content\/uploads\/2023\/06\/Camionazo-Jala-Compostela-2-1.webp?resize=525%2C300&ssl=1 1.5x, https:\/\/i0.wp.com\/www.grieta.org.mx\/wp-content\/uploads\/2023\/06\/Camionazo-Jala-Compostela-2-1.webp?resize=700%2C400&ssl=1 2x, https:\/\/i0.wp.com\/www.grieta.org.mx\/wp-content\/uploads\/2023\/06\/Camionazo-Jala-Compostela-2-1.webp?resize=1050%2C600&ssl=1 3x, https:\/\/i0.wp.com\/www.grieta.org.mx\/wp-content\/uploads\/2023\/06\/Camionazo-Jala-Compostela-2-1.webp?resize=1400%2C800&ssl=1 4x"},"classes":[]},{"id":69070,"url":"https:\/\/www.grieta.org.mx\/index.php\/2024\/05\/16\/10-mujeres-trans-han-sido-asesinadas-en-jalisco-desde-2020\/","url_meta":{"origin":65617,"position":3},"title":"10 mujeres trans han sido asesinadas en Jalisco desde 2020","author":"grieta","date":"16 mayo, 2024","format":false,"excerpt":"Imagen: Zona Docs En el marco del 17 de mayo,\u00a0D\u00eda Internacional contra la Homofobia, Lesbofobia, Transfobia y Bifobia, la organizaci\u00f3n\u00a0Uni\u00f3n Diversa Jalisco\u00a0denunci\u00f3 la falta de iniciativas gubernamentales destinadas a prevenir, atender, sancionar y erradicar la violencia contra la poblaci\u00f3n LGBTIQ+. Aletse Torres \/ Zona Docs El pasado\u00a013 de mayo\u00a0 una\u2026","rel":"","context":"En &quot;CINTILLO&quot;","block_context":{"text":"CINTILLO","link":"https:\/\/www.grieta.org.mx\/index.php\/category\/cintillo\/"},"img":{"alt_text":"","src":"https:\/\/i0.wp.com\/www.grieta.org.mx\/wp-content\/uploads\/2024\/06\/DSC01107-scaled-1-1536x1021-1.jpg?resize=350%2C200&ssl=1","width":350,"height":200,"srcset":"https:\/\/i0.wp.com\/www.grieta.org.mx\/wp-content\/uploads\/2024\/06\/DSC01107-scaled-1-1536x1021-1.jpg?resize=350%2C200&ssl=1 1x, https:\/\/i0.wp.com\/www.grieta.org.mx\/wp-content\/uploads\/2024\/06\/DSC01107-scaled-1-1536x1021-1.jpg?resize=525%2C300&ssl=1 1.5x, https:\/\/i0.wp.com\/www.grieta.org.mx\/wp-content\/uploads\/2024\/06\/DSC01107-scaled-1-1536x1021-1.jpg?resize=700%2C400&ssl=1 2x, https:\/\/i0.wp.com\/www.grieta.org.mx\/wp-content\/uploads\/2024\/06\/DSC01107-scaled-1-1536x1021-1.jpg?resize=1050%2C600&ssl=1 3x, https:\/\/i0.wp.com\/www.grieta.org.mx\/wp-content\/uploads\/2024\/06\/DSC01107-scaled-1-1536x1021-1.jpg?resize=1400%2C800&ssl=1 4x"},"classes":[]},{"id":28627,"url":"https:\/\/www.grieta.org.mx\/index.php\/2019\/01\/28\/feminicidios-y-violaciones-azotan-a-slp-san-luis-potosi\/","url_meta":{"origin":65617,"position":4},"title":"Feminicidios y violaciones azotan a SLP (San Luis Potos\u00ed)","author":"grieta","date":"28 enero, 2019","format":false,"excerpt":"Jaime Hern\u00e1ndez \/ Pulso En ambos delitos, la entidad se ubic\u00f3 entre los diez estados con mayor incidencia del pa\u00eds Durante 2018, 93 potosinas fueron v\u00edctimas de homicidio. De esos cr\u00edmenes, 27 fueron considerados como feminicidios, ubicando a San Luis Potos\u00ed en el d\u00e9cimo lugar entre los estados con mayor\u2026","rel":"","context":"En &quot;CINTILLO&quot;","block_context":{"text":"CINTILLO","link":"https:\/\/www.grieta.org.mx\/index.php\/category\/cintillo\/"},"img":{"alt_text":"","src":"https:\/\/i0.wp.com\/www.grieta.org.mx\/wp-content\/uploads\/2019\/01\/Feminicidios-y-violaciones-azotan-a-SLP.jpg?resize=350%2C200&ssl=1","width":350,"height":200,"srcset":"https:\/\/i0.wp.com\/www.grieta.org.mx\/wp-content\/uploads\/2019\/01\/Feminicidios-y-violaciones-azotan-a-SLP.jpg?resize=350%2C200&ssl=1 1x, https:\/\/i0.wp.com\/www.grieta.org.mx\/wp-content\/uploads\/2019\/01\/Feminicidios-y-violaciones-azotan-a-SLP.jpg?resize=525%2C300&ssl=1 1.5x"},"classes":[]},{"id":72303,"url":"https:\/\/www.grieta.org.mx\/index.php\/2025\/08\/17\/ni-una-activista-trans-menos-exigen-organizaciones-justicia-para-katia-medina-en-jalisco-y-tipificacion-de-los-transfeminicidios\/","url_meta":{"origin":65617,"position":5},"title":"\u201cNi una activista trans menos\u201d exigen organizaciones justicia para Katia Medina en Jalisco y tipificaci\u00f3n de los transfeminicidios","author":"grieta","date":"17 agosto, 2025","format":false,"excerpt":"Imagen: Zona Docs El transfeminicidio de la activista Katia Daniela Medina, directora del colectivo\u00a0Zapotl\u00e1n Diverso\u00a0en Zapotl\u00e1n el Grande en Zapotl\u00e1n el Grande, Jalisco dej\u00f3 en evidencia la falta de empat\u00eda, perspectiva de derechos humanos y de diversidad sexual que prevalece en los medios de comunicaci\u00f3n al reportar cr\u00edmenes en contra\u2026","rel":"","context":"En &quot;Amenazas contra activistas en Jalisco&quot;","block_context":{"text":"Amenazas contra activistas en Jalisco","link":"https:\/\/www.grieta.org.mx\/index.php\/category\/noticias-nacionales\/jalisco\/amenazas-contra-activistas-en-jalisco\/"},"img":{"alt_text":"","src":"https:\/\/i0.wp.com\/www.grieta.org.mx\/wp-content\/uploads\/2025\/09\/IMG_1932.jpeg?resize=350%2C200&ssl=1","width":350,"height":200},"classes":[]}],"_links":{"self":[{"href":"https:\/\/www.grieta.org.mx\/index.php\/wp-json\/wp\/v2\/posts\/65617","targetHints":{"allow":["GET"]}}],"collection":[{"href":"https:\/\/www.grieta.org.mx\/index.php\/wp-json\/wp\/v2\/posts"}],"about":[{"href":"https:\/\/www.grieta.org.mx\/index.php\/wp-json\/wp\/v2\/types\/post"}],"author":[{"embeddable":true,"href":"https:\/\/www.grieta.org.mx\/index.php\/wp-json\/wp\/v2\/users\/2"}],"replies":[{"embeddable":true,"href":"https:\/\/www.grieta.org.mx\/index.php\/wp-json\/wp\/v2\/comments?post=65617"}],"version-history":[{"count":1,"href":"https:\/\/www.grieta.org.mx\/index.php\/wp-json\/wp\/v2\/posts\/65617\/revisions"}],"predecessor-version":[{"id":65619,"href":"https:\/\/www.grieta.org.mx\/index.php\/wp-json\/wp\/v2\/posts\/65617\/revisions\/65619"}],"wp:featuredmedia":[{"embeddable":true,"href":"https:\/\/www.grieta.org.mx\/index.php\/wp-json\/wp\/v2\/media\/65618"}],"wp:attachment":[{"href":"https:\/\/www.grieta.org.mx\/index.php\/wp-json\/wp\/v2\/media?parent=65617"}],"wp:term":[{"taxonomy":"category","embeddable":true,"href":"https:\/\/www.grieta.org.mx\/index.php\/wp-json\/wp\/v2\/categories?post=65617"},{"taxonomy":"post_tag","embeddable":true,"href":"https:\/\/www.grieta.org.mx\/index.php\/wp-json\/wp\/v2\/tags?post=65617"}],"curies":[{"name":"wp","href":"https:\/\/api.w.org\/{rel}","templated":true}]}}