{"id":65606,"date":"2022-10-18T10:04:20","date_gmt":"2022-10-18T15:04:20","guid":{"rendered":"https:\/\/www.grieta.org.mx\/?p=65606"},"modified":"2022-10-24T10:09:18","modified_gmt":"2022-10-24T15:09:18","slug":"incrementa-hasta-500-por-ciento-llegada-de-migrantes-a-aguascalientes","status":"publish","type":"post","link":"https:\/\/www.grieta.org.mx\/index.php\/2022\/10\/18\/incrementa-hasta-500-por-ciento-llegada-de-migrantes-a-aguascalientes\/","title":{"rendered":"Incrementa hasta 500 por ciento llegada de migrantes a Aguascalientes"},"content":{"rendered":"<p>Juan Pablo Garc\u00eda\/El Heraldo de M\u00e9xico<br \/>\n18 octubre 2022<\/p>\n<p>El a\u00f1o pasado se tuvo una importante llegada de personas indocumentadas a nuestro estado y se espera que en estos meses incremente la cifra, por lo que es necesario que se cuente con un albergue m\u00e1s grande para migrantes de paso, esto de acuerdo con Pavel Cardona, coordinador de la Casa del Migrante.<\/p>\n<p>&#8220;Est\u00e1 Incrementando mucho la migraci\u00f3n como ocurri\u00f3 el a\u00f1o pasado, los \u00faltimos meses del a\u00f1o increment\u00f3 bastante y llegaron muchos hermanos haitianos y en este a\u00f1o est\u00e1n llegando muchos venezolanos y aqu\u00ed el detalle es que se requiere una casa alterna que el gobierno la pueda coordinar, la pueda administrar para migrantes&#8221;.<\/p>\n<p>Pavel Cardona asegura que desde septiembre de este a\u00f1o hasta la fecha, ha aumentado la llegada de migrantes a nuestro estado.<\/p>\n<p>&#8220;Todav\u00eda no rebasa el porcentaje, el a\u00f1o pasado, por ejemplo aument\u00f3 un 500 por ciento comparado con el 2020, aproximadamente. No hemos llegado a esos niveles, pero he notado que de septiembre para ac\u00e1, ha estado llegando m\u00e1s gente&#8221;.<\/p>\n<p><a href=\"https:\/\/heraldodemexico.com.mx\/aguascalientes\/2022\/10\/18\/incrementa-hasta-500-por-ciento-llegada-de-migrantes-aguascalientes-449617.html?utm_source=pocket_mylist\" rel=\"noopener\" target=\"_blank\">https:\/\/heraldodemexico.com.mx\/aguascalientes\/2022\/10\/18\/incrementa-hasta-500-por-ciento-llegada-de-migrantes-aguascalientes-449617.html?utm_source=pocket_mylist<\/a><\/p>\n","protected":false},"excerpt":{"rendered":"<p>Juan Pablo Garc\u00eda\/El Heraldo de M\u00e9xico 18 octubre 2022 El a\u00f1o pasado se tuvo una importante llegada de personas indocumentadas a nuestro estado y se espera que en estos meses &hellip; <a href=\"https:\/\/www.grieta.org.mx\/index.php\/2022\/10\/18\/incrementa-hasta-500-por-ciento-llegada-de-migrantes-a-aguascalientes\/\" class=\"more-link\">Leer m\u00e1s<\/a><\/p>\n","protected":false},"author":2,"featured_media":65608,"comment_status":"closed","ping_status":"closed","sticky":false,"template":"","format":"standard","meta":{"ngg_post_thumbnail":0,"_jetpack_newsletter_access":"","_jetpack_dont_email_post_to_subs":false,"_jetpack_newsletter_tier_id":0,"_jetpack_memberships_contains_paywalled_content":false,"_jetpack_memberships_contains_paid_content":false,"footnotes":""},"categories":[4,80,86,1188,2,83],"tags":[3598,3006],"class_list":["post-65606","post","type-post","status-publish","format-standard","has-post-thumbnail","hentry","category-aguascalientes","category-cintillo","category-migrantes","category-migrantes-en-aguascalientes","category-noticias-nacionales","category-temas-nacionales","tag-albergues-migrantes","tag-aumento-migracion","entry"],"jetpack_featured_media_url":"https:\/\/www.grieta.org.mx\/wp-content\/uploads\/2022\/10\/f960x540-598099_672174_0.jpg","jetpack_sharing_enabled":true,"jetpack_shortlink":"https:\/\/wp.me\/p7ZJR4-h4a","jetpack_likes_enabled":false,"jetpack-related-posts":[{"id":35025,"url":"https:\/\/www.grieta.org.mx\/index.php\/2019\/06\/18\/escala-detencion-de-los-migrantes\/","url_meta":{"origin":65606,"position":0},"title":"Escala detenci\u00f3n de los migrantes","author":"grieta","date":"18 junio, 2019","format":false,"excerpt":"Tom\u00e1s D\u00e1valos Olvera\/El Sol del Centro Aumenta la detenci\u00f3n de migrantes en Aguascalientes, seg\u00fan estad\u00edsticas publicadas por la Unidad de Pol\u00edtica Migratoria adscrita a la Secretar\u00eda de Gobernaci\u00f3n Aumenta la detenci\u00f3n de migrantes en Aguascalientes, seg\u00fan estad\u00edsticas publicadas por la Unidad de Pol\u00edtica Migratoria adscrita a la Secretar\u00eda de Gobernaci\u00f3n,\u2026","rel":"","context":"En &quot;Aguascalientes&quot;","block_context":{"text":"Aguascalientes","link":"https:\/\/www.grieta.org.mx\/index.php\/category\/noticias-nacionales\/aguascalientes\/"},"img":{"alt_text":"","src":"https:\/\/i0.wp.com\/www.grieta.org.mx\/wp-content\/uploads\/2019\/06\/Migrantes.jpg?resize=350%2C200&ssl=1","width":350,"height":200,"srcset":"https:\/\/i0.wp.com\/www.grieta.org.mx\/wp-content\/uploads\/2019\/06\/Migrantes.jpg?resize=350%2C200&ssl=1 1x, https:\/\/i0.wp.com\/www.grieta.org.mx\/wp-content\/uploads\/2019\/06\/Migrantes.jpg?resize=525%2C300&ssl=1 1.5x, https:\/\/i0.wp.com\/www.grieta.org.mx\/wp-content\/uploads\/2019\/06\/Migrantes.jpg?resize=700%2C400&ssl=1 2x"},"classes":[]},{"id":58797,"url":"https:\/\/www.grieta.org.mx\/index.php\/2021\/04\/15\/aumenta-el-numero-de-migrantes-en-aguascalientes-y-desapariciones-en-la-frontera\/","url_meta":{"origin":65606,"position":1},"title":"AUMENTA EL N\u00daMERO DE MIGRANTES EN AGUASCALIENTES Y DESAPARICIONES EN LA FRONTERA","author":"grieta","date":"15 abril, 2021","format":false,"excerpt":"Gabriel Soriano\/La Jornada Aguascalientes 15 abril 2021 Hay 70% m\u00e1s de flujo de migrantes en Aguascalientes Estos \u00faltimos meses se han presentado m\u00e1s casos de desaparecidos acompa\u00f1ados por Asociaci\u00f3n de Brazos Unidos con Fronteras Hermanas Ha aumentado en un setenta por ciento el flujo de migrantes aguascalentenses que buscan ingresar\u2026","rel":"","context":"En &quot;Aguascalientes&quot;","block_context":{"text":"Aguascalientes","link":"https:\/\/www.grieta.org.mx\/index.php\/category\/noticias-nacionales\/aguascalientes\/"},"img":{"alt_text":"","src":"","width":0,"height":0},"classes":[]},{"id":51766,"url":"https:\/\/www.grieta.org.mx\/index.php\/2020\/07\/06\/migrantes-olvidados-y-desprotegidos-durante-la-pandemia-en-aguascalientes\/","url_meta":{"origin":65606,"position":2},"title":"Migrantes, olvidados y desprotegidos durante la pandemia en Aguascalientes","author":"grieta","date":"6 julio, 2020","format":false,"excerpt":"Adrian Javier Flores Nieves\/La Jornada Aguascalientes 6 julio 2020 A lo largo de estos cuatro meses las autoridades de salud no tuvieron acercamiento ni brindaron apoyo para la Casa del Migrante, donde personas de otros pa\u00edses han buscado asilo para seguir movi\u00e9ndose S\u00ed han recibido ayuda por parte del Alto\u2026","rel":"","context":"En &quot;Aguascalientes&quot;","block_context":{"text":"Aguascalientes","link":"https:\/\/www.grieta.org.mx\/index.php\/category\/noticias-nacionales\/aguascalientes\/"},"img":{"alt_text":"","src":"https:\/\/i0.wp.com\/www.grieta.org.mx\/wp-content\/uploads\/2020\/07\/48626567228_841d8253bb_b.jpg?resize=350%2C200&ssl=1","width":350,"height":200,"srcset":"https:\/\/i0.wp.com\/www.grieta.org.mx\/wp-content\/uploads\/2020\/07\/48626567228_841d8253bb_b.jpg?resize=350%2C200&ssl=1 1x, https:\/\/i0.wp.com\/www.grieta.org.mx\/wp-content\/uploads\/2020\/07\/48626567228_841d8253bb_b.jpg?resize=525%2C300&ssl=1 1.5x, https:\/\/i0.wp.com\/www.grieta.org.mx\/wp-content\/uploads\/2020\/07\/48626567228_841d8253bb_b.jpg?resize=700%2C400&ssl=1 2x"},"classes":[]},{"id":44379,"url":"https:\/\/www.grieta.org.mx\/index.php\/2020\/02\/02\/baja-flujo-migrante-por-aguascalientes-hasta-en-un-50-por-ciento-cardona\/","url_meta":{"origin":65606,"position":3},"title":"Baja flujo migrante por Aguascalientes hasta en un 50 por ciento: Cardona","author":"grieta","date":"2 febrero, 2020","format":false,"excerpt":"Gilberto Valdez\/El Clarinete 2 febrero 2020 Aguascalientes, Ags.- El reforzamiento en las pol\u00edticas migratorias ha ocasionado una disminuci\u00f3n en cuanto al flujo de personas coment\u00f3 Xicotencatl Cardona Campos, director de la Casa del Migrante de Aguascalientes. \u201cYa no hay la misma recepci\u00f3n. Nosotros en Casa Migrante seguimos atendiendo a los\u2026","rel":"","context":"En &quot;Aguascalientes&quot;","block_context":{"text":"Aguascalientes","link":"https:\/\/www.grieta.org.mx\/index.php\/category\/noticias-nacionales\/aguascalientes\/"},"img":{"alt_text":"","src":"https:\/\/i0.wp.com\/www.grieta.org.mx\/wp-content\/uploads\/2020\/02\/migrantes-35.jpg?resize=350%2C200&ssl=1","width":350,"height":200,"srcset":"https:\/\/i0.wp.com\/www.grieta.org.mx\/wp-content\/uploads\/2020\/02\/migrantes-35.jpg?resize=350%2C200&ssl=1 1x, https:\/\/i0.wp.com\/www.grieta.org.mx\/wp-content\/uploads\/2020\/02\/migrantes-35.jpg?resize=525%2C300&ssl=1 1.5x"},"classes":[]},{"id":34596,"url":"https:\/\/www.grieta.org.mx\/index.php\/2019\/06\/03\/deportan-1801-por-matamoros-tamaulipas\/","url_meta":{"origin":65606,"position":4},"title":"Deportan 1,801 por Matamoros (Tamaulipas)","author":"grieta","date":"3 junio, 2019","format":false,"excerpt":"Miguel Jim\u00e9nez \/ El Ma\u00f1ana La mayor\u00eda se va en cuanto los regresan Matamoros, Tam.- El director del Instituto Tamaulipeco del Migrante inform\u00f3 que durante mayo se deportaron a mil 801 connacionales por parte de las autoridades migratorias de los Estados Unidos. Enrique Maciel Cervantes se\u00f1al\u00f3 que todav\u00eda el viernes\u2026","rel":"","context":"En &quot;CINTILLO&quot;","block_context":{"text":"CINTILLO","link":"https:\/\/www.grieta.org.mx\/index.php\/category\/cintillo\/"},"img":{"alt_text":"","src":"https:\/\/i0.wp.com\/www.grieta.org.mx\/wp-content\/uploads\/2019\/06\/Deportan-1801-por-Matamoros-tama-jun.jpg?resize=350%2C200&ssl=1","width":350,"height":200,"srcset":"https:\/\/i0.wp.com\/www.grieta.org.mx\/wp-content\/uploads\/2019\/06\/Deportan-1801-por-Matamoros-tama-jun.jpg?resize=350%2C200&ssl=1 1x, https:\/\/i0.wp.com\/www.grieta.org.mx\/wp-content\/uploads\/2019\/06\/Deportan-1801-por-Matamoros-tama-jun.jpg?resize=525%2C300&ssl=1 1.5x"},"classes":[]},{"id":42771,"url":"https:\/\/www.grieta.org.mx\/index.php\/2019\/11\/23\/mas-de-14-mil-personas-atendieron-en-la-casa-del-migrante-este-ano-slp\/","url_meta":{"origin":65606,"position":5},"title":"M\u00e1s de 14 mil personas atendieron en la Casa del Migrante este a\u00f1o (SLP)","author":"grieta","date":"23 noviembre, 2019","format":false,"excerpt":"Se tuvo un incremento en el n\u00famero de personas que atend\u00edan, derivado de las Caravanas de Migrantes que se llevaron a cabo Daniela Aranda\/El Sol de San Luis 23 diciembre 2019 En este 2019 se registr\u00f3 un incremento en el flujo de la Casa del Migrante de San Luis Potos\u00ed,\u2026","rel":"","context":"En &quot;CINTILLO&quot;","block_context":{"text":"CINTILLO","link":"https:\/\/www.grieta.org.mx\/index.php\/category\/cintillo\/"},"img":{"alt_text":"","src":"https:\/\/i0.wp.com\/www.grieta.org.mx\/wp-content\/uploads\/2020\/01\/sacerdote.png?resize=350%2C200&ssl=1","width":350,"height":200,"srcset":"https:\/\/i0.wp.com\/www.grieta.org.mx\/wp-content\/uploads\/2020\/01\/sacerdote.png?resize=350%2C200&ssl=1 1x, https:\/\/i0.wp.com\/www.grieta.org.mx\/wp-content\/uploads\/2020\/01\/sacerdote.png?resize=525%2C300&ssl=1 1.5x, https:\/\/i0.wp.com\/www.grieta.org.mx\/wp-content\/uploads\/2020\/01\/sacerdote.png?resize=700%2C400&ssl=1 2x"},"classes":[]}],"_links":{"self":[{"href":"https:\/\/www.grieta.org.mx\/index.php\/wp-json\/wp\/v2\/posts\/65606","targetHints":{"allow":["GET"]}}],"collection":[{"href":"https:\/\/www.grieta.org.mx\/index.php\/wp-json\/wp\/v2\/posts"}],"about":[{"href":"https:\/\/www.grieta.org.mx\/index.php\/wp-json\/wp\/v2\/types\/post"}],"author":[{"embeddable":true,"href":"https:\/\/www.grieta.org.mx\/index.php\/wp-json\/wp\/v2\/users\/2"}],"replies":[{"embeddable":true,"href":"https:\/\/www.grieta.org.mx\/index.php\/wp-json\/wp\/v2\/comments?post=65606"}],"version-history":[{"count":1,"href":"https:\/\/www.grieta.org.mx\/index.php\/wp-json\/wp\/v2\/posts\/65606\/revisions"}],"predecessor-version":[{"id":65607,"href":"https:\/\/www.grieta.org.mx\/index.php\/wp-json\/wp\/v2\/posts\/65606\/revisions\/65607"}],"wp:featuredmedia":[{"embeddable":true,"href":"https:\/\/www.grieta.org.mx\/index.php\/wp-json\/wp\/v2\/media\/65608"}],"wp:attachment":[{"href":"https:\/\/www.grieta.org.mx\/index.php\/wp-json\/wp\/v2\/media?parent=65606"}],"wp:term":[{"taxonomy":"category","embeddable":true,"href":"https:\/\/www.grieta.org.mx\/index.php\/wp-json\/wp\/v2\/categories?post=65606"},{"taxonomy":"post_tag","embeddable":true,"href":"https:\/\/www.grieta.org.mx\/index.php\/wp-json\/wp\/v2\/tags?post=65606"}],"curies":[{"name":"wp","href":"https:\/\/api.w.org\/{rel}","templated":true}]}}