{"id":65602,"date":"2022-10-13T09:57:45","date_gmt":"2022-10-13T14:57:45","guid":{"rendered":"https:\/\/www.grieta.org.mx\/?p=65602"},"modified":"2022-10-24T10:04:16","modified_gmt":"2022-10-24T15:04:16","slug":"padres-de-familia-se-manifiestan-por-violacion-a-nina-en-kinder-de-aguascalientes","status":"publish","type":"post","link":"https:\/\/www.grieta.org.mx\/index.php\/2022\/10\/13\/padres-de-familia-se-manifiestan-por-violacion-a-nina-en-kinder-de-aguascalientes\/","title":{"rendered":"Padres de familia se manifiestan por violaci\u00f3n a ni\u00f1a en k\u00ednder de Aguascalientes"},"content":{"rendered":"<p>Daniela Lomel\u00ed\/Newsweek Aguascalientes<br \/>\n13 octubre 2022<\/p>\n<p>Una madre de familia, acompa\u00f1ada de su esposo y m\u00e1s padres del Jard\u00edn de Ni\u00f1os \u201cFelipe Pescador\u201d se manifestaron este jueves en la instituci\u00f3n, ubicada en el fraccionamiento Bonagens, del municipio de Aguascalientes, para dar a conocer el presunto caso de abuso sexual en contra de una menor de 3 a\u00f1os dentro de las aulas.<\/p>\n<p>La madre de la alumna afectada, coment\u00f3 momentos antes de la manifestaci\u00f3n que el hecho se dio el pasado 15 de septiembre dentro del k\u00ednder, cuando se hicieron los festejos patrios. Ese d\u00eda, hab\u00eda al menos tres hombres dentro del jard\u00edn de ni\u00f1os: el intendente, el maestro de educaci\u00f3n f\u00edsica y un fot\u00f3grafo que hab\u00eda sido contratado para el evento.<\/p>\n<p>Mencion\u00f3 que despu\u00e9s de ese d\u00eda, su hija hizo un esfuerzo por explicarle lo que le hab\u00eda pasado dentro de una bodega ubicada dentro del k\u00ednder. Al conocer lo sucedido, la madre se comunic\u00f3 con la maestra de la ni\u00f1a y con la directora de la instituci\u00f3n para informarlas sobre los hechos, sin embargo, al parecer, esta \u00faltima le habr\u00eda recomendado no interponer denuncias ante la Fiscal\u00eda General del Estado, a fin de tratar el asunto con cautela.<\/p>\n<p>\u201cMe dijeron \u2018no se\u00f1ora, no levante la denuncia, no va a proceder\u2019, as\u00ed ella me dijo y yo le pregunt\u00e9 el motivo, me dijo \u2018porque esto pas\u00f3 dentro del plantel y yo primero tengo que hacer un escrito al IEA (Instituto de Educaci\u00f3n de Aguascalientes), algo as\u00ed, para que ellos vengan, investiguen\u201d, record\u00f3.<\/p>\n<p>Pese a dichos comentarios, la mujer decidi\u00f3 presentarse ante la FGE para presentar su denuncia. Dentro de este proceso, mencion\u00f3 que su hija fue sometida a ex\u00e1menes m\u00e9dicos, los cuales confirmaron un da\u00f1o psicol\u00f3gico. Con el paso del tiempo y sin respuesta alguna, fue hasta este jueves 13 de octubre cuando decidi\u00f3 convocar a una manifestaci\u00f3n para exigir justicia por su peque\u00f1a.<\/p>\n<p>En este evento se present\u00f3 el director jur\u00eddico del IEA, Rub\u00e9n Cardona Rivera, quien manifest\u00f3 que el \u00e1rea tambi\u00e9n realizar\u00eda las investigaciones internas correspondientes en contra de la directora del plantel, el maestro de educaci\u00f3n f\u00edsica y el intendente, siendo estos dos \u00faltimos los principales sospechosos. Los tres se\u00f1alados fueron separados de sus cargos mientras se lleva a cabo este proceso.<\/p>\n<p>\u201cYa nos dimos cuenta de la situaci\u00f3n y de oficio vamos a iniciar el procedimiento, como si nosotros del jur\u00eddico fu\u00e9ramos los quejosos. A partir de este procedimiento, las personas involucradas que se se\u00f1alan quedan separadas del plantel por seguridad de los ni\u00f1os y para cuidar el aspecto de la investigaci\u00f3n\u201d, dijo.<\/p>\n<p><a href=\"https:\/\/newsweekespanol.com\/2022\/10\/investigan-presunto-abuso-sexual-dentro-de-un-jardin-de-ninos-en-aguascalientes\/\" rel=\"noopener\" target=\"_blank\">https:\/\/newsweekespanol.com\/2022\/10\/investigan-presunto-abuso-sexual-dentro-de-un-jardin-de-ninos-en-aguascalientes\/<\/a><\/p>\n","protected":false},"excerpt":{"rendered":"<p>Daniela Lomel\u00ed\/Newsweek Aguascalientes 13 octubre 2022 Una madre de familia, acompa\u00f1ada de su esposo y m\u00e1s padres del Jard\u00edn de Ni\u00f1os \u201cFelipe Pescador\u201d se manifestaron este jueves en la instituci\u00f3n, &hellip; <a href=\"https:\/\/www.grieta.org.mx\/index.php\/2022\/10\/13\/padres-de-familia-se-manifiestan-por-violacion-a-nina-en-kinder-de-aguascalientes\/\" class=\"more-link\">Leer m\u00e1s<\/a><\/p>\n","protected":false},"author":2,"featured_media":65605,"comment_status":"closed","ping_status":"closed","sticky":false,"template":"","format":"standard","meta":{"ngg_post_thumbnail":0,"_jetpack_newsletter_access":"","_jetpack_dont_email_post_to_subs":false,"_jetpack_newsletter_tier_id":0,"_jetpack_memberships_contains_paywalled_content":false,"_jetpack_memberships_contains_paid_content":false,"footnotes":""},"categories":[4,80,1827,1187,2,83],"tags":[3776,4126,3855,3065,381],"class_list":["post-65602","post","type-post","status-publish","format-standard","has-post-thumbnail","hentry","category-aguascalientes","category-cintillo","category-la-ninez-en-la-tormenta-capitalista","category-explotacion-y-abuso-infantil-en-aguascalientes","category-noticias-nacionales","category-temas-nacionales","tag-la-ninez-en-la-tormenta-capitalista","tag-violacion-a-ninos","tag-violacion-de-derechos-de-la-infancia","tag-violencia-contra-la-ninez","tag-violencia-de-genero","entry"],"jetpack_featured_media_url":"https:\/\/www.grieta.org.mx\/wp-content\/uploads\/2022\/10\/WhatsApp-Image-2022-10-13-at-7.30.09-PM-1-1140x570-1.jpeg","jetpack_sharing_enabled":true,"jetpack_shortlink":"https:\/\/wp.me\/p7ZJR4-h46","jetpack_likes_enabled":false,"jetpack-related-posts":[{"id":43005,"url":"https:\/\/www.grieta.org.mx\/index.php\/2020\/01\/07\/al-menos-once-ninas-fueron-victimas-de-corrupcion-de-menores-en-aguascalientes\/","url_meta":{"origin":65602,"position":0},"title":"Al menos once ni\u00f1as fueron v\u00edctimas de corrupci\u00f3n de menores en Aguascalientes","author":"grieta","date":"7 enero, 2020","format":false,"excerpt":"Sandra Mac\u00edas\/Newsweek Aguascalientes 7 enero 2020 Hasta el cierre oficial de noviembre 2019, en Aguascalientes fueron denunciados 11 casos de ni\u00f1as v\u00edctimas de corrupci\u00f3n de menores y en el pa\u00eds la cifra ascendi\u00f3 a mil 379, de acuerdo con las cifras reveladas por el Secretariado Ejecutivo del Sistema Nacional de\u2026","rel":"","context":"En &quot;Aguascalientes&quot;","block_context":{"text":"Aguascalientes","link":"https:\/\/www.grieta.org.mx\/index.php\/category\/noticias-nacionales\/aguascalientes\/"},"img":{"alt_text":"","src":"https:\/\/i0.wp.com\/www.grieta.org.mx\/wp-content\/uploads\/2020\/01\/2018-12-08-16-23-40-1200x800-750x530.jpg?resize=350%2C200&ssl=1","width":350,"height":200,"srcset":"https:\/\/i0.wp.com\/www.grieta.org.mx\/wp-content\/uploads\/2020\/01\/2018-12-08-16-23-40-1200x800-750x530.jpg?resize=350%2C200&ssl=1 1x, https:\/\/i0.wp.com\/www.grieta.org.mx\/wp-content\/uploads\/2020\/01\/2018-12-08-16-23-40-1200x800-750x530.jpg?resize=525%2C300&ssl=1 1.5x, https:\/\/i0.wp.com\/www.grieta.org.mx\/wp-content\/uploads\/2020\/01\/2018-12-08-16-23-40-1200x800-750x530.jpg?resize=700%2C400&ssl=1 2x"},"classes":[]},{"id":40565,"url":"https:\/\/www.grieta.org.mx\/index.php\/2019\/10\/24\/detienen-a-exfuncionario-del-dif-san-luis-potosi-por-violacion\/","url_meta":{"origin":65602,"position":1},"title":"Detienen a exfuncionario del DIF San Luis Potos\u00ed por violaci\u00f3n","author":"grieta","date":"24 octubre, 2019","format":false,"excerpt":"Redacci\u00f3n\/Uno TV 24 octubre La Fiscal\u00eda General del Estado de San Luis Potos\u00ed (FGESLP) realiz\u00f3 la detenci\u00f3n del ahora exfuncionario p\u00fablico Alejandro \"N\" por una presunta violaci\u00f3n. Se desempe\u00f1aba como titular de la Procuradur\u00eda de la Defensa de las Personas Adultas Mayores, Gesti\u00f3n y Participaci\u00f3n Social del Sistema Nacional para\u2026","rel":"","context":"En &quot;CINTILLO&quot;","block_context":{"text":"CINTILLO","link":"https:\/\/www.grieta.org.mx\/index.php\/category\/cintillo\/"},"img":{"alt_text":"","src":"https:\/\/i0.wp.com\/www.grieta.org.mx\/wp-content\/uploads\/2019\/10\/202681-Principal.jpg?resize=350%2C200&ssl=1","width":350,"height":200,"srcset":"https:\/\/i0.wp.com\/www.grieta.org.mx\/wp-content\/uploads\/2019\/10\/202681-Principal.jpg?resize=350%2C200&ssl=1 1x, https:\/\/i0.wp.com\/www.grieta.org.mx\/wp-content\/uploads\/2019\/10\/202681-Principal.jpg?resize=525%2C300&ssl=1 1.5x, https:\/\/i0.wp.com\/www.grieta.org.mx\/wp-content\/uploads\/2019\/10\/202681-Principal.jpg?resize=700%2C400&ssl=1 2x"},"classes":[]},{"id":56188,"url":"https:\/\/www.grieta.org.mx\/index.php\/2021\/01\/02\/vulnera-droga-a-ninos-en-zona-rural-de-colima\/","url_meta":{"origin":65602,"position":2},"title":"Vulnera droga a ni\u00f1os en zona rural de Colima","author":"grieta","date":"2 enero, 2021","format":false,"excerpt":"Foto: Especial Carlos Rafael Mart\u00ednez Vald\u00e9s \/El Noticiero de Colima La situaci\u00f3n en la zona norte y rural del municipio de Comala ha alcanzado niveles alarmantes, ya que se ha detectado que alumnos de secundaria han empezado a consumir drogas duras como la llamada \u201ccristal\u201d o \u201cfoco\u201d, seg\u00fan datos proporcionados\u2026","rel":"","context":"En &quot;CINTILLO&quot;","block_context":{"text":"CINTILLO","link":"https:\/\/www.grieta.org.mx\/index.php\/category\/cintillo\/"},"img":{"alt_text":"","src":"https:\/\/i0.wp.com\/www.grieta.org.mx\/wp-content\/uploads\/2018\/03\/14524434_1106112876131411_958039263622046936_o.jpg?resize=350%2C200&ssl=1","width":350,"height":200,"srcset":"https:\/\/i0.wp.com\/www.grieta.org.mx\/wp-content\/uploads\/2018\/03\/14524434_1106112876131411_958039263622046936_o.jpg?resize=350%2C200&ssl=1 1x, https:\/\/i0.wp.com\/www.grieta.org.mx\/wp-content\/uploads\/2018\/03\/14524434_1106112876131411_958039263622046936_o.jpg?resize=525%2C300&ssl=1 1.5x, https:\/\/i0.wp.com\/www.grieta.org.mx\/wp-content\/uploads\/2018\/03\/14524434_1106112876131411_958039263622046936_o.jpg?resize=700%2C400&ssl=1 2x"},"classes":[]},{"id":32792,"url":"https:\/\/www.grieta.org.mx\/index.php\/2019\/04\/26\/reportan-mas-de-4-mil-menores-asesinados-en-tres-anos-en-mexico\/","url_meta":{"origin":65602,"position":3},"title":"Reportan m\u00e1s de 4 mil menores asesinados en tres a\u00f1os en M\u00e9xico","author":"grieta","date":"26 abril, 2019","format":false,"excerpt":"Lizett Ximena Mej\u00eda\/Excelsior CIUDAD DE M\u00c9XICO. Desde el 2015 hasta el d\u00eda de hoy han sido asesinados 4 mil 299 ni\u00f1os, ni\u00f1as y adolescentes en M\u00e9xico. De acuerdo con la Red por los Derechos de la Infancia en M\u00e9xico (REDIM), los homicidios aumentaron 42% en estos \u00faltimos tres a\u00f1os debido\u2026","rel":"","context":"En &quot;CINTILLO&quot;","block_context":{"text":"CINTILLO","link":"https:\/\/www.grieta.org.mx\/index.php\/category\/cintillo\/"},"img":{"alt_text":"","src":"https:\/\/i0.wp.com\/www.grieta.org.mx\/wp-content\/uploads\/2019\/05\/2137754.jpg?resize=350%2C200&ssl=1","width":350,"height":200},"classes":[]},{"id":32687,"url":"https:\/\/www.grieta.org.mx\/index.php\/2019\/04\/27\/guanajuato-tiene-el-mayor-numero-de-asesinatos-de-menores\/","url_meta":{"origin":65602,"position":4},"title":"Guanajuato tiene el mayor n\u00famero de asesinatos de menores","author":"grieta","date":"27 abril, 2019","format":false,"excerpt":"Durante los primeros meses de este a\u00f1o, en el pa\u00eds 285 menores fueron v\u00edctimas de homicidio y Guanajuato cuenta con el mayor n\u00famero de casos, con 35 AM, Le\u00f3n Guanajuato\/ Redacci\u00f3n, 27 de Abril de 2019 Durante el primer trimestre del a\u00f1o, 285 menores de edad fueron asesinados en el\u2026","rel":"","context":"En &quot;Chihuahua&quot;","block_context":{"text":"Chihuahua","link":"https:\/\/www.grieta.org.mx\/index.php\/category\/noticias-nacionales\/chihuahua\/"},"img":{"alt_text":"","src":"https:\/\/i0.wp.com\/www.grieta.org.mx\/wp-content\/uploads\/2018\/03\/14524434_1106112876131411_958039263622046936_o.jpg?resize=350%2C200&ssl=1","width":350,"height":200,"srcset":"https:\/\/i0.wp.com\/www.grieta.org.mx\/wp-content\/uploads\/2018\/03\/14524434_1106112876131411_958039263622046936_o.jpg?resize=350%2C200&ssl=1 1x, https:\/\/i0.wp.com\/www.grieta.org.mx\/wp-content\/uploads\/2018\/03\/14524434_1106112876131411_958039263622046936_o.jpg?resize=525%2C300&ssl=1 1.5x, https:\/\/i0.wp.com\/www.grieta.org.mx\/wp-content\/uploads\/2018\/03\/14524434_1106112876131411_958039263622046936_o.jpg?resize=700%2C400&ssl=1 2x"},"classes":[]},{"id":68882,"url":"https:\/\/www.grieta.org.mx\/index.php\/2024\/05\/08\/bajo-en-colima-del-70-al-50-tasa-de-sobrevivencia-de-ninos-con-cancer\/","url_meta":{"origin":65602,"position":5},"title":"Baj\u00f3 en Colima del 70 al 50% tasa de sobrevivencia de ni\u00f1os con c\u00e1ncer","author":"grieta","date":"8 mayo, 2024","format":false,"excerpt":"Imagen: El Comentario Francis Bravo \/ El Comentario En el estado de Colima, de 2020 a la fecha, la tasa de sobrevivencia de ni\u00f1os y ni\u00f1as con\u00a0c\u00e1ncer\u00a0baj\u00f3 de un 70 a un 50%, de acuerdo a informaci\u00f3n registrada por la\u00a0Asociaci\u00f3n Mexicana de Apoyo a Ni\u00f1os con C\u00e1ncer\u00a0(Amanc). En una entrevista,\u2026","rel":"","context":"En &quot;CINTILLO&quot;","block_context":{"text":"CINTILLO","link":"https:\/\/www.grieta.org.mx\/index.php\/category\/cintillo\/"},"img":{"alt_text":"","src":"https:\/\/i0.wp.com\/www.grieta.org.mx\/wp-content\/uploads\/2024\/05\/347244296_802027911135309_3749736937323892131_n.webp?resize=350%2C200&ssl=1","width":350,"height":200,"srcset":"https:\/\/i0.wp.com\/www.grieta.org.mx\/wp-content\/uploads\/2024\/05\/347244296_802027911135309_3749736937323892131_n.webp?resize=350%2C200&ssl=1 1x, https:\/\/i0.wp.com\/www.grieta.org.mx\/wp-content\/uploads\/2024\/05\/347244296_802027911135309_3749736937323892131_n.webp?resize=525%2C300&ssl=1 1.5x, https:\/\/i0.wp.com\/www.grieta.org.mx\/wp-content\/uploads\/2024\/05\/347244296_802027911135309_3749736937323892131_n.webp?resize=700%2C400&ssl=1 2x, https:\/\/i0.wp.com\/www.grieta.org.mx\/wp-content\/uploads\/2024\/05\/347244296_802027911135309_3749736937323892131_n.webp?resize=1050%2C600&ssl=1 3x, https:\/\/i0.wp.com\/www.grieta.org.mx\/wp-content\/uploads\/2024\/05\/347244296_802027911135309_3749736937323892131_n.webp?resize=1400%2C800&ssl=1 4x"},"classes":[]}],"_links":{"self":[{"href":"https:\/\/www.grieta.org.mx\/index.php\/wp-json\/wp\/v2\/posts\/65602","targetHints":{"allow":["GET"]}}],"collection":[{"href":"https:\/\/www.grieta.org.mx\/index.php\/wp-json\/wp\/v2\/posts"}],"about":[{"href":"https:\/\/www.grieta.org.mx\/index.php\/wp-json\/wp\/v2\/types\/post"}],"author":[{"embeddable":true,"href":"https:\/\/www.grieta.org.mx\/index.php\/wp-json\/wp\/v2\/users\/2"}],"replies":[{"embeddable":true,"href":"https:\/\/www.grieta.org.mx\/index.php\/wp-json\/wp\/v2\/comments?post=65602"}],"version-history":[{"count":1,"href":"https:\/\/www.grieta.org.mx\/index.php\/wp-json\/wp\/v2\/posts\/65602\/revisions"}],"predecessor-version":[{"id":65604,"href":"https:\/\/www.grieta.org.mx\/index.php\/wp-json\/wp\/v2\/posts\/65602\/revisions\/65604"}],"wp:featuredmedia":[{"embeddable":true,"href":"https:\/\/www.grieta.org.mx\/index.php\/wp-json\/wp\/v2\/media\/65605"}],"wp:attachment":[{"href":"https:\/\/www.grieta.org.mx\/index.php\/wp-json\/wp\/v2\/media?parent=65602"}],"wp:term":[{"taxonomy":"category","embeddable":true,"href":"https:\/\/www.grieta.org.mx\/index.php\/wp-json\/wp\/v2\/categories?post=65602"},{"taxonomy":"post_tag","embeddable":true,"href":"https:\/\/www.grieta.org.mx\/index.php\/wp-json\/wp\/v2\/tags?post=65602"}],"curies":[{"name":"wp","href":"https:\/\/api.w.org\/{rel}","templated":true}]}}