{"id":65585,"date":"2022-08-23T17:03:15","date_gmt":"2022-08-23T22:03:15","guid":{"rendered":"https:\/\/www.grieta.org.mx\/?p=65585"},"modified":"2022-10-23T17:37:36","modified_gmt":"2022-10-23T22:37:36","slug":"ex-preso-politico-de-eloxochitlan-enfrenta-nueva-orden-de-aprehension-oaxaca","status":"publish","type":"post","link":"https:\/\/www.grieta.org.mx\/index.php\/2022\/08\/23\/ex-preso-politico-de-eloxochitlan-enfrenta-nueva-orden-de-aprehension-oaxaca\/","title":{"rendered":"Ex preso pol\u00edtico de Eloxochitl\u00e1n enfrenta nueva orden de aprehensi\u00f3n (Oaxaca)"},"content":{"rendered":"<p>Imagen: Avispa Media<\/p>\n<p>\u00d1ani Pinto \/ Avispa Media<\/p>\n<p>Miguel Peralta Betanzos, ex preso pol\u00edtico originario de Eloxochitl\u00e1n de Flores Mag\u00f3n, Oaxaca, quien en 2019 consigui\u00f3 su libertad despu\u00e9s de cuatro a\u00f1os de prisi\u00f3n pol\u00edtica debido a su labor de denuncia de los abusos de poder por grupos caciquiles en la Sierra Mazateca, enfrenta una nueva orden de aprehensi\u00f3n.<\/p>\n<p>Esta vez, la Tercera Sala Penal del Tribunal Superior de Justicia del Estado de Oaxaca, al sur de M\u00e9xico, le impuso una sentencia condenatoria de 50 a\u00f1os acusado por los delitos de homicidio y tentativa de homicidio.<\/p>\n<p>As\u00ed lo inform\u00f3 el\u00a0<em>Grupo de apoyo en solidaridad con Miguel Peralta Betanzos<\/em>, el cual mediante comunicado se\u00f1ala que dichos cargos han sido fabricados desde diciembre de 2014 para perseguir pol\u00edticamente a \u201cMiguel y las personas ind\u00edgenas que defienden sus propias formas de organizaci\u00f3n frente a un sistema de partidos pol\u00edticos que ostentan los grupos caciquiles en Oaxaca, en complicidad con el sistema de justicia estatal y nacional\u201d.<\/p>\n<p id=\"h-caciquismo\" class=\"has-black-color has-text-color\"><strong>Caciquismo<\/strong><\/p>\n<p>Peralta Betanzos fue detenido por primera vez, sin orden de aprehensi\u00f3n, en abril de 2015 en la Ciudad de M\u00e9xico y recluido acusado por los delitos de homicidio y tentativa de homicidio contra Elisa Zepeda Lagunas, ex diputada estatal por el partido Movimiento de Regeneraci\u00f3n Nacional (MORENA).<\/p>\n<p>Elisa es hija de Manuel Zepeda Cort\u00e9s ex pri\u00edsta quien consigui\u00f3 ocupar la presidencia municipal de Eloxochitl\u00e1n a partir de 2010. Tres a\u00f1os despu\u00e9s, tras una serie de abusos de poder por parte del alcalde, la Asamblea Comunitaria de Eloxochitl\u00e1n decidi\u00f3 participar en el proceso para la elecci\u00f3n de los nuevos cargos en la presidencia municipal, lo que fue respondido por el edil con ilegalidad y represi\u00f3n.<\/p>\n<p>En diciembre de 2014, en medio de un acto de renovaci\u00f3n de alcalde municipal se desataron hechos violentos donde muri\u00f3 el hermano de Elisa Zepeda Lagunas. Desde entonces, Miguel Peralta Betanzos, junto a otros 34 miembros de la Asamblea Comunitaria fueron acusados por el homicidio de Manuel Zepeda.<\/p>\n<p>Pese a que Peralta Betanzos obtuvo su libertad en octubre de 2019, el\u00a0<em>Grupo de apoyo en solidaridad con Miguel Peralta Betanzos\u00a0<\/em>alerta que, tras la reactivaci\u00f3n de las \u00f3rdenes de aprehensi\u00f3n en un juicio plagado de irregularidades, se encuentra la colusi\u00f3n de la ex diputada Elisa Zepeda Lagunas.<\/p>\n<p>\u201c\u00bfBajo qu\u00e9 elementos jur\u00eddicos, teniendo m\u00e1s de 24 resoluciones judiciales, incluyendo resoluciones de ese mismo tribunal, en favor de las 35 personas se\u00f1aladas en el expediente, por uno u otro delito, sea Miguel el \u00fanico al que le revoquen su libertad, le reafirmen los dos delitos que le han fabricado y le condenen a prisi\u00f3n con una pena de medio siglo?\u201d, cuestiona el comunicado, en el cual se hace \u00e9nfasis en que no existe una sola prueba judicial consistente en el expediente, \u201cpero s\u00ed la prueba pol\u00edtica de un castigo ejemplar ante la defensa comunitaria y la autodeterminaci\u00f3n\u201d.<\/p>\n<p>Actualmente siete miembros de la comunidad mazateca de Eloxochitl\u00e1n a\u00fan permanecen en prisi\u00f3n acusados por los mismos delitos, pese a la exigencia de mujeres mazatecas quienes mantienen un campamento en la Ciudad de M\u00e9xico de casi un a\u00f1o y tres meses para demandar su libertad inmediata.<\/p>\n<p class=\"has-black-color has-text-color\"><strong>Persecuci\u00f3n<\/strong><\/p>\n<p>A su salida de prisi\u00f3n, Miguel Peralta Betanzos continu\u00f3 realizando denuncias sobre la fabricaci\u00f3n de delitos y el encarcelamiento injusto de los siete presos pol\u00edticos de Eloxochitl\u00e1n, adem\u00e1s de otros miembros de la Asamblea Comunitaria quienes tambi\u00e9n cuentan con ordenes de aprehensi\u00f3n.<\/p>\n<p>De acuerdo al comunicado, estas acciones son la causa de que Peralta Betanzos contin\u00fae siendo objeto de criminalizaci\u00f3n por m\u00e1s de 10 a\u00f1os de parte del grupo caciquil, quienes \u201chan logrado la ruptura del tejido comunitario, la desintegraci\u00f3n de familias, el desplazamiento forzado, la persecuci\u00f3n con \u00f3rdenes de aprehensi\u00f3n y el encarcelamiento por la fabricaci\u00f3n de delitos\u201d.<\/p>\n<p>El\u00a0<em>Grupo de apoyo en solidaridad con Miguel Peralta Betanzos\u00a0<\/em>se\u00f1ala que desde el momento en que Betanzos obtuvo su libertad, han existido se\u00f1alamientos contra su persona por parte del gobernador de Oaxaca, Alejandro Murat y por Elisa Zepeda Lagunas lo cual muestra \u201cla intromisi\u00f3n en el aparato judicial, desde su posici\u00f3n de poder\u201d.<\/p>\n<p>Adem\u00e1s, el 29 de octubre de 2019, 42 diputados y diputadas de MORENA y del Partido del Trabajo del Congreso Federal, firmaron un punto de acuerdo para validar la versi\u00f3n p\u00fablica de la ex diputada, \u201csin fundamentos jur\u00eddicos conforme al expediente y cuestionan descaradamente una resoluci\u00f3n judicial sin conocimiento de la Causa Penal 02\/2015, ya que lo se\u00f1alan de hechos que no constan en ninguno de los tomos\u201d.<\/p>\n<p>\u201cAnte el contexto de impunidad y criminalizaci\u00f3n que se vive en Oaxaca y en el pa\u00eds en general, responsabilizamos a Elisa Zepeda Lagunas, a su padre Manuel Zepeda Cort\u00e9s y a su grupo caciquil-partidista, de la persecuci\u00f3n pol\u00edtica y actos de hostigamiento y represi\u00f3n que se han desatado en contra de Miguel con esta nueva sentencia\u201d, se\u00f1ala el comunicado.<\/p>\n<p><a href=\"https:\/\/avispa.org\/ex-preso-politico-de-eloxochitlan-enfrenta-nueva-orden-de-aprehension\/\">https:\/\/avispa.org\/ex-preso-politico-de-eloxochitlan-enfrenta-nueva-orden-de-aprehension\/<\/a><\/p>\n","protected":false},"excerpt":{"rendered":"<p>Imagen: Avispa Media \u00d1ani Pinto \/ Avispa Media Miguel Peralta Betanzos, ex preso pol\u00edtico originario de Eloxochitl\u00e1n de Flores Mag\u00f3n, Oaxaca, quien en 2019 consigui\u00f3 su libertad despu\u00e9s de cuatro &hellip; <a href=\"https:\/\/www.grieta.org.mx\/index.php\/2022\/08\/23\/ex-preso-politico-de-eloxochitlan-enfrenta-nueva-orden-de-aprehension-oaxaca\/\" class=\"more-link\">Leer m\u00e1s<\/a><\/p>\n","protected":false},"author":2,"featured_media":65586,"comment_status":"closed","ping_status":"closed","sticky":false,"template":"","format":"standard","meta":{"ngg_post_thumbnail":0,"_jetpack_newsletter_access":"","_jetpack_dont_email_post_to_subs":false,"_jetpack_newsletter_tier_id":0,"_jetpack_memberships_contains_paywalled_content":false,"_jetpack_memberships_contains_paid_content":false,"footnotes":""},"categories":[80,2,25,3798],"tags":[4005,2860,1652,4008,131,130],"class_list":["post-65585","post","type-post","status-publish","format-standard","has-post-thumbnail","hentry","category-cintillo","category-noticias-nacionales","category-oaxaca","category-presas-y-presos-politicps-en-oaxaca","tag-agresiones-a-defensores-y-activistas","tag-amenazas-contra-activistas","tag-morena","tag-persecucion","tag-presos-politicos","tag-represion","entry"],"jetpack_featured_media_url":"https:\/\/www.grieta.org.mx\/wp-content\/uploads\/2022\/10\/Protesta-en-exigencia-de-libertad-de-Miguel-Peralta_2019.jpg","jetpack_sharing_enabled":true,"jetpack_shortlink":"https:\/\/wp.me\/p7ZJR4-h3P","jetpack_likes_enabled":false,"jetpack-related-posts":[{"id":71996,"url":"https:\/\/www.grieta.org.mx\/index.php\/2025\/06\/24\/mujeres-mazatecas-por-la-libertad-denuncian-la-reactivacion-de-ordenes-de-aprehension-como-una-maniobra-politica-para-criminalizar-a-la-poblacion-nueve-anos-despues-oaxaca\/","url_meta":{"origin":65585,"position":0},"title":"Mujeres Mazatecas por la Libertad denuncian la reactivaci\u00f3n de \u00f3rdenes de aprehensi\u00f3n como una \u2018maniobra pol\u00edtica\u2019 para criminalizar a la poblaci\u00f3n, nueve a\u00f1os despu\u00e9s (Oaxaca)","author":"grieta","date":"24 junio, 2025","format":false,"excerpt":"Imagen: Somos El Medio Redacci\u00f3n \/ Somos El Medio Ciudad de M\u00e9xico, 24 de junio 2025.- Este 24 de junio, la\u00a0Segunda Sala Penal del Tribunal de Justicia de Oaxaca\u00a0confirm\u00f3 la existencia de\u00a0200 \u00f3rdenes de aprehensi\u00f3n\u00a0contra miembros de la comunidad mazateca de\u00a0Eloxochitl\u00e1n de Flores Mag\u00f3n, incluyendo a\u00a08 mujeres defensoras\u00a0de derechos humanos,\u2026","rel":"","context":"En &quot;CINTILLO&quot;","block_context":{"text":"CINTILLO","link":"https:\/\/www.grieta.org.mx\/index.php\/category\/cintillo\/"},"img":{"alt_text":"","src":"https:\/\/i0.wp.com\/www.grieta.org.mx\/wp-content\/uploads\/2025\/07\/509628555_17969673878863848_832171058551084938_n-e1750808759826.webp?resize=350%2C200&ssl=1","width":350,"height":200,"srcset":"https:\/\/i0.wp.com\/www.grieta.org.mx\/wp-content\/uploads\/2025\/07\/509628555_17969673878863848_832171058551084938_n-e1750808759826.webp?resize=350%2C200&ssl=1 1x, https:\/\/i0.wp.com\/www.grieta.org.mx\/wp-content\/uploads\/2025\/07\/509628555_17969673878863848_832171058551084938_n-e1750808759826.webp?resize=525%2C300&ssl=1 1.5x, https:\/\/i0.wp.com\/www.grieta.org.mx\/wp-content\/uploads\/2025\/07\/509628555_17969673878863848_832171058551084938_n-e1750808759826.webp?resize=700%2C400&ssl=1 2x, https:\/\/i0.wp.com\/www.grieta.org.mx\/wp-content\/uploads\/2025\/07\/509628555_17969673878863848_832171058551084938_n-e1750808759826.webp?resize=1050%2C600&ssl=1 3x"},"classes":[]},{"id":61257,"url":"https:\/\/www.grieta.org.mx\/index.php\/2021\/08\/11\/mujeres-mazatecas-sostienen-resistencia-por-libertad-de-presos-politicos-oaxaca\/","url_meta":{"origin":65585,"position":1},"title":"Mujeres mazatecas sostienen resistencia por libertad de presos pol\u00edticos (Oaxaca)","author":"grieta","date":"11 agosto, 2021","format":false,"excerpt":"Avispa Midia \/ \u00c1ngel Huerta. *Desde el a\u00f1o 2010, en Eloxochitl\u00e1n de Flores Mag\u00f3n se vive un ambiente represivo. Caciques y pol\u00edticos locales, bajo la mirada de las instituciones y desde ellas, han desatado una persecuci\u00f3n pol\u00edtica y jur\u00eddica contra l@s representantes de la Asamblea Comunitaria. A continuaci\u00f3n, presentamos un\u2026","rel":"","context":"En &quot;CINTILLO&quot;","block_context":{"text":"CINTILLO","link":"https:\/\/www.grieta.org.mx\/index.php\/category\/cintillo\/"},"img":{"alt_text":"","src":"https:\/\/i0.wp.com\/www.grieta.org.mx\/wp-content\/uploads\/2021\/08\/a-3.jpg?resize=350%2C200&ssl=1","width":350,"height":200,"srcset":"https:\/\/i0.wp.com\/www.grieta.org.mx\/wp-content\/uploads\/2021\/08\/a-3.jpg?resize=350%2C200&ssl=1 1x, https:\/\/i0.wp.com\/www.grieta.org.mx\/wp-content\/uploads\/2021\/08\/a-3.jpg?resize=525%2C300&ssl=1 1.5x, https:\/\/i0.wp.com\/www.grieta.org.mx\/wp-content\/uploads\/2021\/08\/a-3.jpg?resize=700%2C400&ssl=1 2x, https:\/\/i0.wp.com\/www.grieta.org.mx\/wp-content\/uploads\/2021\/08\/a-3.jpg?resize=1050%2C600&ssl=1 3x"},"classes":[]},{"id":2067,"url":"https:\/\/www.grieta.org.mx\/index.php\/2015\/12\/17\/luego-de18-anos-de-prision-buscaran-libertad-de-presos-loxicha\/","url_meta":{"origin":65585,"position":2},"title":"Luego de18 a\u00f1os de prisi\u00f3n buscar\u00e1n libertad de presos loxicha","author":"grieta","date":"17 diciembre, 2015","format":false,"excerpt":"Jazm\u00edn Morales, Oaxaca Oaxaca,Oax.- Despu\u00e9s de 18 a\u00f1os de permanecer encarcelados \u00c1lvaro Sebasti\u00e1n Ram\u00edrez y Miguel \u00c1ngel Peralta, presos pol\u00edticos Loxichas, familiares buscar\u00e1n su libertad, La detenci\u00f3n ocurri\u00f3 en 1997 y en este mes de diciembre cumplen 18 a\u00f1os de permanecer encarcelados, sin embargo, \u00c9rica Sebasti\u00e1n Luis hija de Sebasti\u00e1n\u2026","rel":"","context":"En &quot;CINTILLO&quot;","block_context":{"text":"CINTILLO","link":"https:\/\/www.grieta.org.mx\/index.php\/category\/cintillo\/"},"img":{"alt_text":"","src":"https:\/\/i0.wp.com\/www.grieta.org.mx\/wp-content\/uploads\/2018\/03\/14524434_1106112876131411_958039263622046936_o.jpg?resize=350%2C200&ssl=1","width":350,"height":200,"srcset":"https:\/\/i0.wp.com\/www.grieta.org.mx\/wp-content\/uploads\/2018\/03\/14524434_1106112876131411_958039263622046936_o.jpg?resize=350%2C200&ssl=1 1x, https:\/\/i0.wp.com\/www.grieta.org.mx\/wp-content\/uploads\/2018\/03\/14524434_1106112876131411_958039263622046936_o.jpg?resize=525%2C300&ssl=1 1.5x, https:\/\/i0.wp.com\/www.grieta.org.mx\/wp-content\/uploads\/2018\/03\/14524434_1106112876131411_958039263622046936_o.jpg?resize=700%2C400&ssl=1 2x"},"classes":[]},{"id":41777,"url":"https:\/\/www.grieta.org.mx\/index.php\/2019\/11\/28\/eurodiputados-exigen-liberar-a-activista-preso-en-oaxaca\/","url_meta":{"origin":65585,"position":3},"title":"Eurodiputados exigen liberar a activista preso en Oaxaca","author":"grieta","date":"28 noviembre, 2019","format":false,"excerpt":"Proceso \/ Pedro Mat\u00edas. Diversas organizaciones han abogado por el defensor ambientalista Pablo L\u00f3pez Alavez. Foto: Twitter @FLDAmericas. Oaxaca, Oax. (apro).- Un grupo de 15 eurodiputados se sum\u00f3 a la exigencia de libertad para el defensor ambientalista Pablo L\u00f3pez Alavez, detenido arbitraria y violentamente el 15 de agosto del 2010,\u2026","rel":"","context":"En &quot;CINTILLO&quot;","block_context":{"text":"CINTILLO","link":"https:\/\/www.grieta.org.mx\/index.php\/category\/cintillo\/"},"img":{"alt_text":"","src":"https:\/\/i0.wp.com\/www.grieta.org.mx\/wp-content\/uploads\/2019\/12\/alavez.jpg?resize=350%2C200&ssl=1","width":350,"height":200,"srcset":"https:\/\/i0.wp.com\/www.grieta.org.mx\/wp-content\/uploads\/2019\/12\/alavez.jpg?resize=350%2C200&ssl=1 1x, https:\/\/i0.wp.com\/www.grieta.org.mx\/wp-content\/uploads\/2019\/12\/alavez.jpg?resize=525%2C300&ssl=1 1.5x, https:\/\/i0.wp.com\/www.grieta.org.mx\/wp-content\/uploads\/2019\/12\/alavez.jpg?resize=700%2C400&ssl=1 2x"},"classes":[]},{"id":2066,"url":"https:\/\/www.grieta.org.mx\/index.php\/2015\/12\/17\/situacion-de-presos-loxicha-en-oaxaca\/","url_meta":{"origin":65585,"position":4},"title":"Situaci\u00f3n de presos loxicha en Oaxaca","author":"grieta","date":"17 diciembre, 2015","format":false,"excerpt":"17\/12\/15. Luego de18 a\u00f1os de prisi\u00f3n buscar\u00e1n libertad de presos loxicha Despertar de Oaxaca 17\/12\/15. Piden libertad para \u201cex guerrillero\u201d tras 18 a\u00f1os Noticias Net","rel":"","context":"En &quot;NOTICIAS NACIONALES&quot;","block_context":{"text":"NOTICIAS NACIONALES","link":"https:\/\/www.grieta.org.mx\/index.php\/category\/noticias-nacionales\/"},"img":{"alt_text":"","src":"https:\/\/i0.wp.com\/www.grieta.org.mx\/wp-content\/uploads\/2018\/03\/14524434_1106112876131411_958039263622046936_o.jpg?resize=350%2C200&ssl=1","width":350,"height":200,"srcset":"https:\/\/i0.wp.com\/www.grieta.org.mx\/wp-content\/uploads\/2018\/03\/14524434_1106112876131411_958039263622046936_o.jpg?resize=350%2C200&ssl=1 1x, https:\/\/i0.wp.com\/www.grieta.org.mx\/wp-content\/uploads\/2018\/03\/14524434_1106112876131411_958039263622046936_o.jpg?resize=525%2C300&ssl=1 1.5x, https:\/\/i0.wp.com\/www.grieta.org.mx\/wp-content\/uploads\/2018\/03\/14524434_1106112876131411_958039263622046936_o.jpg?resize=700%2C400&ssl=1 2x"},"classes":[]},{"id":49094,"url":"https:\/\/www.grieta.org.mx\/index.php\/2020\/04\/14\/agua-para-ayutla-ya-comunidad-en-oaxaca-enfrenta-al-covid-19-sin-agua-oaxaca\/","url_meta":{"origin":65585,"position":5},"title":"Agua para Ayutla ya: comunidad en Oaxaca enfrenta al COVID-19 sin agua (Oaxaca)","author":"grieta","date":"14 abril, 2020","format":false,"excerpt":"ANIMAL POL\u00cdTICO Ante la actual pandemia por COVID-19 los cerca de 5 mil habitantes de San Pedro y San Pablo Ayutla, Oaxaca exigen que ya se resuelva esta problem\u00e1tica. Ayutla lleva casi tres a\u00f1os sin agua desde que un grupo armado de Tamazulapan, un municipio vecino, se adue\u00f1\u00f3 del manantial\u2026","rel":"","context":"En &quot;CINTILLO&quot;","block_context":{"text":"CINTILLO","link":"https:\/\/www.grieta.org.mx\/index.php\/category\/cintillo\/"},"img":{"alt_text":"","src":"https:\/\/i0.wp.com\/www.grieta.org.mx\/wp-content\/uploads\/2018\/03\/14524434_1106112876131411_958039263622046936_o.jpg?resize=350%2C200&ssl=1","width":350,"height":200,"srcset":"https:\/\/i0.wp.com\/www.grieta.org.mx\/wp-content\/uploads\/2018\/03\/14524434_1106112876131411_958039263622046936_o.jpg?resize=350%2C200&ssl=1 1x, https:\/\/i0.wp.com\/www.grieta.org.mx\/wp-content\/uploads\/2018\/03\/14524434_1106112876131411_958039263622046936_o.jpg?resize=525%2C300&ssl=1 1.5x, https:\/\/i0.wp.com\/www.grieta.org.mx\/wp-content\/uploads\/2018\/03\/14524434_1106112876131411_958039263622046936_o.jpg?resize=700%2C400&ssl=1 2x"},"classes":[]}],"_links":{"self":[{"href":"https:\/\/www.grieta.org.mx\/index.php\/wp-json\/wp\/v2\/posts\/65585","targetHints":{"allow":["GET"]}}],"collection":[{"href":"https:\/\/www.grieta.org.mx\/index.php\/wp-json\/wp\/v2\/posts"}],"about":[{"href":"https:\/\/www.grieta.org.mx\/index.php\/wp-json\/wp\/v2\/types\/post"}],"author":[{"embeddable":true,"href":"https:\/\/www.grieta.org.mx\/index.php\/wp-json\/wp\/v2\/users\/2"}],"replies":[{"embeddable":true,"href":"https:\/\/www.grieta.org.mx\/index.php\/wp-json\/wp\/v2\/comments?post=65585"}],"version-history":[{"count":1,"href":"https:\/\/www.grieta.org.mx\/index.php\/wp-json\/wp\/v2\/posts\/65585\/revisions"}],"predecessor-version":[{"id":65587,"href":"https:\/\/www.grieta.org.mx\/index.php\/wp-json\/wp\/v2\/posts\/65585\/revisions\/65587"}],"wp:featuredmedia":[{"embeddable":true,"href":"https:\/\/www.grieta.org.mx\/index.php\/wp-json\/wp\/v2\/media\/65586"}],"wp:attachment":[{"href":"https:\/\/www.grieta.org.mx\/index.php\/wp-json\/wp\/v2\/media?parent=65585"}],"wp:term":[{"taxonomy":"category","embeddable":true,"href":"https:\/\/www.grieta.org.mx\/index.php\/wp-json\/wp\/v2\/categories?post=65585"},{"taxonomy":"post_tag","embeddable":true,"href":"https:\/\/www.grieta.org.mx\/index.php\/wp-json\/wp\/v2\/tags?post=65585"}],"curies":[{"name":"wp","href":"https:\/\/api.w.org\/{rel}","templated":true}]}}