{"id":65573,"date":"2022-10-17T21:34:56","date_gmt":"2022-10-18T02:34:56","guid":{"rendered":"https:\/\/www.grieta.org.mx\/?p=65573"},"modified":"2022-10-21T21:40:31","modified_gmt":"2022-10-22T02:40:31","slug":"localizaron-69-fosas-clandestinas-con-70-cuerpos-y-10-restos-oseos-colima","status":"publish","type":"post","link":"https:\/\/www.grieta.org.mx\/index.php\/2022\/10\/17\/localizaron-69-fosas-clandestinas-con-70-cuerpos-y-10-restos-oseos-colima\/","title":{"rendered":"Localizaron 69 fosas clandestinas con 70 cuerpos y 10 restos \u00f3seos (Colima)"},"content":{"rendered":"<p>Imagen: Diario Avanzada<\/p>\n<p>Heidi de Le\u00f3n Guti\u00e9rrez \/ Diario Avanzada<\/p>\n<p>Colima, M\u00e9xico, Avanzada (17\/10\/2022).- En lo que va de este a\u00f1o, 70 cuerpos fueron localizados en fosas clandestinas en la entidad, principalmente en el municipio de Tecom\u00e1n y Manzanillo.<\/p>\n<p>Los datos oficiales revelan que entre enero y el pasado mes de septiembre, se encontraron un total de 63 fosas clandestinas de donde se exhumaron 70 cad\u00e1veres y 10 restos \u00f3seos que hasta la semana anterior no hab\u00edan sido identificados.<\/p>\n<p>El vicefiscal en Colima, Adri\u00e1n Joya Cervera inform\u00f3 que el proceso de identificaci\u00f3n de los cad\u00e1veres es lento, por lo tanto, algunos de los cuerpos encontrados recientemente, tardar\u00e1n varias semanas m\u00e1s en ser identificados.<\/p>\n<p>Hasta el pasado mes de julio, los municipios que concentran el mayor n\u00famero de cuerpos encontrados en fosas clandestinas en el periodo de diciembre de 2018 \u2013 y hasta el primer semestre de 2022, se encuentran en los estados de Jalisco, Colima, Sinaloa, Guanajuato y Sonora.<\/p>\n<p>Incluso, Tecom\u00e1n encabeza la lista de los\u00a0municipios con el mayor n\u00famero de fosas localizadas en el pa\u00eds, de acuerdo al m\u00e1s reciente reporte que elabor\u00f3 la Comisi\u00f3n Nacional de B\u00fasqueda de Personas y el Gobierno Federal.<\/p>\n<p>Debido a los hallazgos en las fosas clandestinas, el Comit\u00e9 de Personas Desaparecidas en la entidad convoc\u00f3 a los familiares de personas desaparecidas a la jornada para la toma de ADN misma que llevaron a cabo la semana pasada, elementos de la Fiscal\u00eda del Estado.<\/p>\n<p>En Colima, se tienen m\u00e1s de mil 700 personas desaparecidas y una crisis en el sistema forense seg\u00fan revel\u00f3 la organizaci\u00f3n M\u00e9xico Eval\u00faa.<\/p>\n<p><a href=\"https:\/\/www.diarioavanzada.com.mx\/?p=37252\">https:\/\/www.diarioavanzada.com.mx\/?p=37252<\/a><\/p>\n","protected":false},"excerpt":{"rendered":"<p>Imagen: Diario Avanzada Heidi de Le\u00f3n Guti\u00e9rrez \/ Diario Avanzada Colima, M\u00e9xico, Avanzada (17\/10\/2022).- En lo que va de este a\u00f1o, 70 cuerpos fueron localizados en fosas clandestinas en la &hellip; <a href=\"https:\/\/www.grieta.org.mx\/index.php\/2022\/10\/17\/localizaron-69-fosas-clandestinas-con-70-cuerpos-y-10-restos-oseos-colima\/\" class=\"more-link\">Leer m\u00e1s<\/a><\/p>\n","protected":false},"author":2,"featured_media":65574,"comment_status":"closed","ping_status":"closed","sticky":false,"template":"","format":"standard","meta":{"ngg_post_thumbnail":0,"_jetpack_newsletter_access":"","_jetpack_dont_email_post_to_subs":false,"_jetpack_newsletter_tier_id":0,"_jetpack_memberships_contains_paywalled_content":false,"_jetpack_memberships_contains_paid_content":false,"footnotes":""},"categories":[80,13,87,1829,2,83],"tags":[3937,3775,856],"class_list":["post-65573","post","type-post","status-publish","format-standard","has-post-thumbnail","hentry","category-cintillo","category-colima","category-desaparecidos","category-desaparecidos-en-colima","category-noticias-nacionales","category-temas-nacionales","tag-desaparecdios","tag-estadisticas-de-desaparecidos","tag-fosas-clandestinas","entry"],"jetpack_featured_media_url":"https:\/\/www.grieta.org.mx\/wp-content\/uploads\/2022\/10\/Fosas-Clandestinas.jpg","jetpack_sharing_enabled":true,"jetpack_shortlink":"https:\/\/wp.me\/p7ZJR4-h3D","jetpack_likes_enabled":false,"jetpack-related-posts":[{"id":66049,"url":"https:\/\/www.grieta.org.mx\/index.php\/2022\/12\/30\/colima-cierra-2022-con-117-cadaveres-localizados-en-fosas-clandestinas\/","url_meta":{"origin":65573,"position":0},"title":"Colima cierra 2022 con 117 cad\u00e1veres localizados en fosas clandestinas","author":"grieta","date":"30 diciembre, 2022","format":false,"excerpt":"Imagen: Diario Avanzada Redacci\u00f3n \/ Diario Avanzada Colima, M\u00e9xico, Avanzada (30\/12\/2022).- Durante 2022 en el estado de Colima fueron encontrados los cuerpos y restos de 117 personas en el interior de 97 fosas clandestinas, de acuerdo con informaci\u00f3n oficial. El pasado 15 de diciembre, Francisco Javier Almaz\u00e1n Torres, vocero de\u2026","rel":"","context":"En &quot;CINTILLO&quot;","block_context":{"text":"CINTILLO","link":"https:\/\/www.grieta.org.mx\/index.php\/category\/cintillo\/"},"img":{"alt_text":"","src":"https:\/\/i0.wp.com\/www.grieta.org.mx\/wp-content\/uploads\/2023\/01\/Fosas-clandestinas-Colima.jpg?resize=350%2C200&ssl=1","width":350,"height":200,"srcset":"https:\/\/i0.wp.com\/www.grieta.org.mx\/wp-content\/uploads\/2023\/01\/Fosas-clandestinas-Colima.jpg?resize=350%2C200&ssl=1 1x, https:\/\/i0.wp.com\/www.grieta.org.mx\/wp-content\/uploads\/2023\/01\/Fosas-clandestinas-Colima.jpg?resize=525%2C300&ssl=1 1.5x, https:\/\/i0.wp.com\/www.grieta.org.mx\/wp-content\/uploads\/2023\/01\/Fosas-clandestinas-Colima.jpg?resize=700%2C400&ssl=1 2x"},"classes":[]},{"id":66941,"url":"https:\/\/www.grieta.org.mx\/index.php\/2023\/05\/18\/incrementa-a-45-los-cadaveres-exhumados-de-fosas-clandestinas-en-cerro-de-ortega\/","url_meta":{"origin":65573,"position":1},"title":"Incrementa a 45, los cad\u00e1veres exhumados de fosas clandestinas en Cerro de Ortega (Colima)","author":"grieta","date":"18 mayo, 2023","format":false,"excerpt":"Imagen: Diario avanzada Redacci\u00f3n\u00a0 \/ Diario Avanzada Colima, M\u00e9xico, Comunicado (18\/05\/2023).- La Fiscal\u00eda General del Estado (FGE), a trav\u00e9s de la Fiscal\u00eda Especializada en Desaparici\u00f3n de Personas y en coordinaci\u00f3n con la Comisi\u00f3n Estatal de B\u00fasqueda de Personas, como es del conocimiento de la poblaci\u00f3n, intervino una zona para b\u00fasqueda\u2026","rel":"","context":"En &quot;CINTILLO&quot;","block_context":{"text":"CINTILLO","link":"https:\/\/www.grieta.org.mx\/index.php\/category\/cintillo\/"},"img":{"alt_text":"","src":"https:\/\/i0.wp.com\/www.grieta.org.mx\/wp-content\/uploads\/2023\/05\/image-237.png?resize=350%2C200&ssl=1","width":350,"height":200,"srcset":"https:\/\/i0.wp.com\/www.grieta.org.mx\/wp-content\/uploads\/2023\/05\/image-237.png?resize=350%2C200&ssl=1 1x, https:\/\/i0.wp.com\/www.grieta.org.mx\/wp-content\/uploads\/2023\/05\/image-237.png?resize=525%2C300&ssl=1 1.5x"},"classes":[]},{"id":60405,"url":"https:\/\/www.grieta.org.mx\/index.php\/2021\/07\/09\/encontraron-188-cadaveres-en-fosas-clandestinas-en-tecoman-en-tres-anos-colima\/","url_meta":{"origin":65573,"position":2},"title":"Encontraron 188 cad\u00e1veres en fosas clandestinas en Tecom\u00e1n en tres a\u00f1os (Colima)","author":"grieta","date":"9 julio, 2021","format":false,"excerpt":"Foto: Diario Avanzada Heidi de Le\u00f3n Guti\u00e9rrez \/ Diario Avanzada Colima, M\u00e9xico, Avanzada (09\/07\/2021).- Los municipios que concentran el mayor n\u00famero de cuerpos encontrados en fosas clandestinas en el periodo de diciembre de 2018 \u2013 junio de 2021, se encuentran en los estados de Jalisco, Colima, Sinaloa, Guanajuato y Sonora.\u2026","rel":"","context":"En &quot;CINTILLO&quot;","block_context":{"text":"CINTILLO","link":"https:\/\/www.grieta.org.mx\/index.php\/category\/cintillo\/"},"img":{"alt_text":"","src":"https:\/\/i0.wp.com\/www.grieta.org.mx\/wp-content\/uploads\/2021\/07\/Fosas-Clandestinas.jpg?resize=350%2C200&ssl=1","width":350,"height":200,"srcset":"https:\/\/i0.wp.com\/www.grieta.org.mx\/wp-content\/uploads\/2021\/07\/Fosas-Clandestinas.jpg?resize=350%2C200&ssl=1 1x, https:\/\/i0.wp.com\/www.grieta.org.mx\/wp-content\/uploads\/2021\/07\/Fosas-Clandestinas.jpg?resize=525%2C300&ssl=1 1.5x, https:\/\/i0.wp.com\/www.grieta.org.mx\/wp-content\/uploads\/2021\/07\/Fosas-Clandestinas.jpg?resize=700%2C400&ssl=1 2x"},"classes":[]},{"id":71649,"url":"https:\/\/www.grieta.org.mx\/index.php\/2025\/04\/29\/fiscalia-de-colima-mas-fosas-mas-silencio\/","url_meta":{"origin":65573,"position":3},"title":"Fiscal\u00eda de Colima: m\u00e1s fosas, m\u00e1s silencio","author":"grieta","date":"29 abril, 2025","format":false,"excerpt":"Imagen: Diario Avanzada Heidi de Le\u00f3n Guti\u00e9rrez \/ Diario Avanzada Colima, M\u00e9xico, Avanzada (29\/04\/2025).- A m\u00e1s de una semana de que se confirm\u00f3 el hallazgo de seis fosas clandestinas en la capital de Colima, la Fiscal\u00eda General del Estado no ha proporcionado informaci\u00f3n actualizada sobre el n\u00famero de cuerpos o\u2026","rel":"","context":"En &quot;CINTILLO&quot;","block_context":{"text":"CINTILLO","link":"https:\/\/www.grieta.org.mx\/index.php\/category\/cintillo\/"},"img":{"alt_text":"","src":"https:\/\/i0.wp.com\/www.grieta.org.mx\/wp-content\/uploads\/2025\/05\/img_1201-1.jpg?resize=350%2C200&ssl=1","width":350,"height":200,"srcset":"https:\/\/i0.wp.com\/www.grieta.org.mx\/wp-content\/uploads\/2025\/05\/img_1201-1.jpg?resize=350%2C200&ssl=1 1x, https:\/\/i0.wp.com\/www.grieta.org.mx\/wp-content\/uploads\/2025\/05\/img_1201-1.jpg?resize=525%2C300&ssl=1 1.5x, https:\/\/i0.wp.com\/www.grieta.org.mx\/wp-content\/uploads\/2025\/05\/img_1201-1.jpg?resize=700%2C400&ssl=1 2x, https:\/\/i0.wp.com\/www.grieta.org.mx\/wp-content\/uploads\/2025\/05\/img_1201-1.jpg?resize=1050%2C600&ssl=1 3x, https:\/\/i0.wp.com\/www.grieta.org.mx\/wp-content\/uploads\/2025\/05\/img_1201-1.jpg?resize=1400%2C800&ssl=1 4x"},"classes":[]},{"id":71695,"url":"https:\/\/www.grieta.org.mx\/index.php\/2025\/05\/03\/localizan-44-restos-oseos-en-fosas-clandestinas-del-municipio-de-ixtlahuacan-colima\/","url_meta":{"origin":65573,"position":4},"title":"Localizan 44 restos \u00f3seos en fosas clandestinas del municipio de Ixtlahuac\u00e1n (Colima)","author":"grieta","date":"3 mayo, 2025","format":false,"excerpt":"Imagen: Diario Avanzada Redacci\u00f3n \/ Diario Avanzada Colima, M\u00e9xico, Avanzada (03\/05\/2025).- La Fiscal\u00eda General del Estado (FGE) confirm\u00f3 su participaci\u00f3n en una reuni\u00f3n convocada por la Fiscal\u00eda General de la Rep\u00fablica (FGR) para compartir informaci\u00f3n relacionada con la localizaci\u00f3n de fosas clandestinas en el municipio de Ixtlahuac\u00e1n, Colima, como parte\u2026","rel":"","context":"En &quot;CINTILLO&quot;","block_context":{"text":"CINTILLO","link":"https:\/\/www.grieta.org.mx\/index.php\/category\/cintillo\/"},"img":{"alt_text":"","src":"https:\/\/i0.wp.com\/www.grieta.org.mx\/wp-content\/uploads\/2025\/05\/fosas-clandestinas.jpeg?resize=350%2C200&ssl=1","width":350,"height":200,"srcset":"https:\/\/i0.wp.com\/www.grieta.org.mx\/wp-content\/uploads\/2025\/05\/fosas-clandestinas.jpeg?resize=350%2C200&ssl=1 1x, https:\/\/i0.wp.com\/www.grieta.org.mx\/wp-content\/uploads\/2025\/05\/fosas-clandestinas.jpeg?resize=525%2C300&ssl=1 1.5x"},"classes":[]},{"id":65142,"url":"https:\/\/www.grieta.org.mx\/index.php\/2022\/09\/05\/tecoman-el-municipio-con-mas-fosas-clandestinas-en-el-pais-colima\/","url_meta":{"origin":65573,"position":5},"title":"Tecom\u00e1n, el municipio con m\u00e1s fosas clandestinas en el pa\u00eds (Colima)","author":"grieta","date":"5 septiembre, 2022","format":false,"excerpt":"Imagen: Diario Avanzada Redacci\u00f3n \/ Diario Avanzada Colima, M\u00e9xico, Avanzada (05\/09\/2022).- Este fin de semana, la Fiscal\u00eda General del Estado reconoci\u00f3 la localizaci\u00f3n de seis cuerpos sin vida y restos humanos en fosas clandestinas en la comunidad de Caleras,\u00a0en el municipio de Tecom\u00e1n. Unos meses antes,\u00a0en Tecolapa, en el mismo\u2026","rel":"","context":"En &quot;CINTILLO&quot;","block_context":{"text":"CINTILLO","link":"https:\/\/www.grieta.org.mx\/index.php\/category\/cintillo\/"},"img":{"alt_text":"","src":"https:\/\/i0.wp.com\/www.grieta.org.mx\/wp-content\/uploads\/2022\/09\/Fosas-Clandestinas.jpg?resize=350%2C200&ssl=1","width":350,"height":200,"srcset":"https:\/\/i0.wp.com\/www.grieta.org.mx\/wp-content\/uploads\/2022\/09\/Fosas-Clandestinas.jpg?resize=350%2C200&ssl=1 1x, https:\/\/i0.wp.com\/www.grieta.org.mx\/wp-content\/uploads\/2022\/09\/Fosas-Clandestinas.jpg?resize=525%2C300&ssl=1 1.5x, https:\/\/i0.wp.com\/www.grieta.org.mx\/wp-content\/uploads\/2022\/09\/Fosas-Clandestinas.jpg?resize=700%2C400&ssl=1 2x"},"classes":[]}],"_links":{"self":[{"href":"https:\/\/www.grieta.org.mx\/index.php\/wp-json\/wp\/v2\/posts\/65573","targetHints":{"allow":["GET"]}}],"collection":[{"href":"https:\/\/www.grieta.org.mx\/index.php\/wp-json\/wp\/v2\/posts"}],"about":[{"href":"https:\/\/www.grieta.org.mx\/index.php\/wp-json\/wp\/v2\/types\/post"}],"author":[{"embeddable":true,"href":"https:\/\/www.grieta.org.mx\/index.php\/wp-json\/wp\/v2\/users\/2"}],"replies":[{"embeddable":true,"href":"https:\/\/www.grieta.org.mx\/index.php\/wp-json\/wp\/v2\/comments?post=65573"}],"version-history":[{"count":1,"href":"https:\/\/www.grieta.org.mx\/index.php\/wp-json\/wp\/v2\/posts\/65573\/revisions"}],"predecessor-version":[{"id":65575,"href":"https:\/\/www.grieta.org.mx\/index.php\/wp-json\/wp\/v2\/posts\/65573\/revisions\/65575"}],"wp:featuredmedia":[{"embeddable":true,"href":"https:\/\/www.grieta.org.mx\/index.php\/wp-json\/wp\/v2\/media\/65574"}],"wp:attachment":[{"href":"https:\/\/www.grieta.org.mx\/index.php\/wp-json\/wp\/v2\/media?parent=65573"}],"wp:term":[{"taxonomy":"category","embeddable":true,"href":"https:\/\/www.grieta.org.mx\/index.php\/wp-json\/wp\/v2\/categories?post=65573"},{"taxonomy":"post_tag","embeddable":true,"href":"https:\/\/www.grieta.org.mx\/index.php\/wp-json\/wp\/v2\/tags?post=65573"}],"curies":[{"name":"wp","href":"https:\/\/api.w.org\/{rel}","templated":true}]}}