{"id":65527,"date":"2022-10-09T16:47:55","date_gmt":"2022-10-09T21:47:55","guid":{"rendered":"https:\/\/www.grieta.org.mx\/?p=65527"},"modified":"2022-10-16T17:02:05","modified_gmt":"2022-10-16T22:02:05","slug":"en-guadalajara-desaparecen-15-personas-al-mes-4-son-mujeres-jalisco","status":"publish","type":"post","link":"https:\/\/www.grieta.org.mx\/index.php\/2022\/10\/09\/en-guadalajara-desaparecen-15-personas-al-mes-4-son-mujeres-jalisco\/","title":{"rendered":"En Guadalajara desaparecen 15 personas al mes, 4 son mujeres (Jalisco)"},"content":{"rendered":"<p>Imagen: Cuartoscuro<\/p>\n<p>Isaura L\u00f3pez \/ El Occidental<\/p>\n<p>Al mes en Guadalajara se registran 15 desapariciones de personas. En lo que va del a\u00f1o, hay un registro de 157 personas desaparecidas, no localizadas y localizadas: 107 son hombres y 41 son mujeres.<\/p>\n<p>Del total de los casos, 52 est\u00e1n bajo el estatus de localizadas, esto es, siete de cada diez casos no han sido localizados.<b><\/b><\/p>\n<p>De las 30 colonias con registro de personas desaparecidas y no localizadas, el Registro Nacional de Personas Desaparecidas, No localizadas y Localizadas (RNPED) del Gobierno Federal refiere que en donde hay m\u00e1s registro de mujeres desaparecidas es en la zona de Miravalle, la Perla, L\u00f3pez Portillo y Del Sur.<\/p>\n<p>En uno de los municipios m\u00e1s importante a nivel nacional en la producci\u00f3n bruta se han registrado cuatro mil 662 desapariciones del a\u00f1o 2000 a la fecha.<\/p>\n<p>De las 450 colonias que comprende el municipio, en 30 hay registro de personas desaparecidas y no localizadas.<\/p>\n<p>El RNPED muestra que en cuatro de cada diez casos registrados fueron localizados durante estos 22 a\u00f1os.<\/p>\n<p>Las 30 colonias identificadas con mayor n\u00famero de personas desaparecidas, segregado por sexo durante esta trayectoria del Siglo XXI son: Miravalle con cuatro hombres y cinco mujeres; Lomas de Polanco con 4 hombres 3 mujeres, Belisario Dom\u00ednguez con 3 hombres y seis mujeres, Huentit\u00e1n el Bajo con 3 hombres y dos mujeres.<\/p>\n<p>Mientras que, en Rancho Nuevo y San Jos\u00e9 del Rio Verde con 2 dos hombres y dos mujeres en cada una de las colonias; en el rango de un hombre y una mujer son las colonias: Ladr\u00f3n de Guevara, Mariano Otero, Jardines de la Cruz, Los Colorines, Guadalajara Oriente, La Loma, La Nogalera, Analco y Loma Linda.<\/p>\n<p>Mientras que, con un caso de masculino desaparecido son: Mariano Otero, La Aurora, Zona Industrial, Col\u00f3n, Lomas de Pedregal, Tetl\u00e1n, Santa Rosa, Barrera, San Juan de Dios y con diez casos: Guadalajara Oriente y 5 de Mayo.<\/p>\n<p>En Jalisco el n\u00famero hist\u00f3rico de personas desaparecidas son 15 mil 035 a nivel nacional.<\/p>\n<p><a href=\"https:\/\/www.eloccidental.com.mx\/policiaca\/en-guadalajara-desaparecen-15-personas-al-mes-4-son-mujeres-registro-nacional-de-personas-desaparecidas-9009122.html\">https:\/\/www.eloccidental.com.mx\/policiaca\/en-guadalajara-desaparecen-15-personas-al-mes-4-son-mujeres-registro-nacional-de-personas-desaparecidas-9009122.html<\/a><\/p>\n","protected":false},"excerpt":{"rendered":"<p>Imagen: Cuartoscuro Isaura L\u00f3pez \/ El Occidental Al mes en Guadalajara se registran 15 desapariciones de personas. En lo que va del a\u00f1o, hay un registro de 157 personas desaparecidas, &hellip; <a href=\"https:\/\/www.grieta.org.mx\/index.php\/2022\/10\/09\/en-guadalajara-desaparecen-15-personas-al-mes-4-son-mujeres-jalisco\/\" class=\"more-link\">Leer m\u00e1s<\/a><\/p>\n","protected":false},"author":2,"featured_media":65528,"comment_status":"closed","ping_status":"closed","sticky":false,"template":"","format":"standard","meta":{"ngg_post_thumbnail":0,"_jetpack_newsletter_access":"","_jetpack_dont_email_post_to_subs":false,"_jetpack_newsletter_tier_id":0,"_jetpack_memberships_contains_paywalled_content":false,"_jetpack_memberships_contains_paid_content":false,"footnotes":""},"categories":[80,87,1032,20,2,83],"tags":[3700,1828,631,121,3775],"class_list":["post-65527","post","type-post","status-publish","format-standard","has-post-thumbnail","hentry","category-cintillo","category-desaparecidos","category-desaparecidos-en-jalisco","category-jalisco","category-noticias-nacionales","category-temas-nacionales","tag-aumento-desaparecidos","tag-busqueda-de-desaparecidos","tag-desaparecidas","tag-desaparecidos","tag-estadisticas-de-desaparecidos","entry"],"jetpack_featured_media_url":"https:\/\/www.grieta.org.mx\/wp-content\/uploads\/2022\/10\/Desaparecidos-cuartoscuro.jpeg","jetpack_sharing_enabled":true,"jetpack_shortlink":"https:\/\/wp.me\/p7ZJR4-h2T","jetpack_likes_enabled":false,"jetpack-related-posts":[{"id":62940,"url":"https:\/\/www.grieta.org.mx\/index.php\/2021\/12\/22\/huellas-de-amor-cuelga-50-fotos-de-desaparecidos-en-arbol-navideno-en-jalisco\/","url_meta":{"origin":65527,"position":0},"title":"Huellas de amor cuelga 50 fotos de desaparecidos en \u00e1rbol navide\u00f1o en Jalisco","author":"grieta","date":"22 diciembre, 2021","format":false,"excerpt":"Foto: Rosario \u00c1lvarez Rosario \u00c1lvarez \/ Telediario En Jalisco 15 mil 148 familias tienen alg\u00fan familiar desaparecido, de acuerdo al \u00faltimo corte del Registro Nacional de Personas Desaparecidas y No Localizadas. Tras este dato, el colectivo Huellas de Amor,\u00a0colg\u00f3 m\u00e1s de 50 fichas de b\u00fasqueda de hombres y mujeres alrededor\u2026","rel":"","context":"En &quot;CINTILLO&quot;","block_context":{"text":"CINTILLO","link":"https:\/\/www.grieta.org.mx\/index.php\/category\/cintillo\/"},"img":{"alt_text":"","src":"https:\/\/i0.wp.com\/www.grieta.org.mx\/wp-content\/uploads\/2021\/12\/arbol-navidad-instalado-plaza-liberacion.jpg?resize=350%2C200&ssl=1","width":350,"height":200,"srcset":"https:\/\/i0.wp.com\/www.grieta.org.mx\/wp-content\/uploads\/2021\/12\/arbol-navidad-instalado-plaza-liberacion.jpg?resize=350%2C200&ssl=1 1x, https:\/\/i0.wp.com\/www.grieta.org.mx\/wp-content\/uploads\/2021\/12\/arbol-navidad-instalado-plaza-liberacion.jpg?resize=525%2C300&ssl=1 1.5x, https:\/\/i0.wp.com\/www.grieta.org.mx\/wp-content\/uploads\/2021\/12\/arbol-navidad-instalado-plaza-liberacion.jpg?resize=700%2C400&ssl=1 2x"},"classes":[]},{"id":62919,"url":"https:\/\/www.grieta.org.mx\/index.php\/2021\/12\/08\/el-tamano-de-la-pesadilla-jalisco-rebasa-los-15-mil-desaparecidos-en-el-rnpdno\/","url_meta":{"origin":65527,"position":1},"title":"El tama\u00f1o de la pesadilla: Jalisco rebasa los 15 mil desaparecidos en el Rnpdno","author":"grieta","date":"8 diciembre, 2021","format":false,"excerpt":"Foto: Archivo NTR Juan Levario \/ El Diario NTR La cantidad de personas desaparecidas y no localizadas en Jalisco\u00a0rebas\u00f3\u00a0las\u00a015 mil\u00a0este martes, seg\u00fan\u00a0datos oficiales del Registro Nacional de Personas Desaparecidas y No Localizadas (Rnpdno). La cifra\u00a0equivale al aforo estimado para la Arena VFG. Los municipios con mayor cantidad de personas desaparecidas\u2026","rel":"","context":"En &quot;CINTILLO&quot;","block_context":{"text":"CINTILLO","link":"https:\/\/www.grieta.org.mx\/index.php\/category\/cintillo\/"},"img":{"alt_text":"","src":"https:\/\/i0.wp.com\/www.grieta.org.mx\/wp-content\/uploads\/2021\/12\/2021-12-07_10-12-42___4592.jpg?resize=350%2C200&ssl=1","width":350,"height":200,"srcset":"https:\/\/i0.wp.com\/www.grieta.org.mx\/wp-content\/uploads\/2021\/12\/2021-12-07_10-12-42___4592.jpg?resize=350%2C200&ssl=1 1x, https:\/\/i0.wp.com\/www.grieta.org.mx\/wp-content\/uploads\/2021\/12\/2021-12-07_10-12-42___4592.jpg?resize=525%2C300&ssl=1 1.5x, https:\/\/i0.wp.com\/www.grieta.org.mx\/wp-content\/uploads\/2021\/12\/2021-12-07_10-12-42___4592.jpg?resize=700%2C400&ssl=1 2x"},"classes":[]},{"id":64403,"url":"https:\/\/www.grieta.org.mx\/index.php\/2022\/06\/06\/rebasa-colima-la-cifra-de-cuatro-mil-personas-desaparecidas\/","url_meta":{"origin":65527,"position":2},"title":"Rebasa Colima la cifra de cuatro mil personas desaparecidas","author":"grieta","date":"6 junio, 2022","format":false,"excerpt":"Imagen: Diario Avanzada Redacci\u00f3n \/ Diario Avanzada Colima, M\u00e9xico, Avanzada (06\/06\/2022).- Colima lleg\u00f3 a la cifra de 4 mil 011 personas desaparecidas, de las que 2 mil 562 (63.87 por ciento) han sido localizadas, 2 mil 339 con vida y 223 sin vida, de acuerdo con datos del Registro Nacional\u2026","rel":"","context":"En &quot;CINTILLO&quot;","block_context":{"text":"CINTILLO","link":"https:\/\/www.grieta.org.mx\/index.php\/category\/cintillo\/"},"img":{"alt_text":"","src":"https:\/\/i0.wp.com\/www.grieta.org.mx\/wp-content\/uploads\/2022\/06\/image-7-1024x1024-1.png?resize=350%2C200&ssl=1","width":350,"height":200,"srcset":"https:\/\/i0.wp.com\/www.grieta.org.mx\/wp-content\/uploads\/2022\/06\/image-7-1024x1024-1.png?resize=350%2C200&ssl=1 1x, https:\/\/i0.wp.com\/www.grieta.org.mx\/wp-content\/uploads\/2022\/06\/image-7-1024x1024-1.png?resize=525%2C300&ssl=1 1.5x, https:\/\/i0.wp.com\/www.grieta.org.mx\/wp-content\/uploads\/2022\/06\/image-7-1024x1024-1.png?resize=700%2C400&ssl=1 2x"},"classes":[]},{"id":51868,"url":"https:\/\/www.grieta.org.mx\/index.php\/2020\/07\/13\/jalisco-el-segundo-estado-con-mas-desapariciones-en-mexico\/","url_meta":{"origin":65527,"position":3},"title":"Jalisco: el segundo estado con m\u00e1s desapariciones en M\u00e9xico","author":"grieta","date":"13 julio, 2020","format":false,"excerpt":"Foto: Zona Docs Con 10 mil 230 personas desaparecidas y representando el 15% del total de las desapariciones en el pa\u00eds, Jalisco es la segunda entidad con mayor n\u00famero de personas desaparecidas, seg\u00fan lo dio a conocer este lunes 13 de julio la Secretar\u00eda de Gobernaci\u00f3n, a trav\u00e9s del Informe\u2026","rel":"","context":"En &quot;CINTILLO&quot;","block_context":{"text":"CINTILLO","link":"https:\/\/www.grieta.org.mx\/index.php\/category\/cintillo\/"},"img":{"alt_text":"","src":"https:\/\/i0.wp.com\/www.grieta.org.mx\/wp-content\/uploads\/2020\/07\/photo5715283397508704184-1080x640.jpg?resize=350%2C200&ssl=1","width":350,"height":200,"srcset":"https:\/\/i0.wp.com\/www.grieta.org.mx\/wp-content\/uploads\/2020\/07\/photo5715283397508704184-1080x640.jpg?resize=350%2C200&ssl=1 1x, https:\/\/i0.wp.com\/www.grieta.org.mx\/wp-content\/uploads\/2020\/07\/photo5715283397508704184-1080x640.jpg?resize=525%2C300&ssl=1 1.5x, https:\/\/i0.wp.com\/www.grieta.org.mx\/wp-content\/uploads\/2020\/07\/photo5715283397508704184-1080x640.jpg?resize=700%2C400&ssl=1 2x, https:\/\/i0.wp.com\/www.grieta.org.mx\/wp-content\/uploads\/2020\/07\/photo5715283397508704184-1080x640.jpg?resize=1050%2C600&ssl=1 3x"},"classes":[]},{"id":64242,"url":"https:\/\/www.grieta.org.mx\/index.php\/2022\/05\/19\/nos-faltan-mas-de-100-mil-personas-desaparecidas-reclaman-en-guadalajara-familiares-a-autoridades-jalisco\/","url_meta":{"origin":65527,"position":4},"title":"\u201cNos faltan m\u00e1s de 100 mil personas desaparecidas: reclaman en Guadalajara familiares a autoridades (Jalisco)","author":"grieta","date":"19 mayo, 2022","format":false,"excerpt":"Foto: Zona Docs En la Glorieta de las y los Desaparecidos de Guadalajara, colectivos de personas desaparecidas se reunieron este mi\u00e9rcoles 18 de mayo, para denunciar que en M\u00e9xico hay m\u00e1s de 100 mil personas desaparecidas. Mario Marlos \/ Zona Docs Acompa\u00f1adas de los retratos de sus seres queridos, los\u2026","rel":"","context":"En &quot;CINTILLO&quot;","block_context":{"text":"CINTILLO","link":"https:\/\/www.grieta.org.mx\/index.php\/category\/cintillo\/"},"img":{"alt_text":"","src":"https:\/\/i0.wp.com\/www.grieta.org.mx\/wp-content\/uploads\/2022\/05\/photo5490347735354812367.jpg?resize=350%2C200&ssl=1","width":350,"height":200,"srcset":"https:\/\/i0.wp.com\/www.grieta.org.mx\/wp-content\/uploads\/2022\/05\/photo5490347735354812367.jpg?resize=350%2C200&ssl=1 1x, https:\/\/i0.wp.com\/www.grieta.org.mx\/wp-content\/uploads\/2022\/05\/photo5490347735354812367.jpg?resize=525%2C300&ssl=1 1.5x, https:\/\/i0.wp.com\/www.grieta.org.mx\/wp-content\/uploads\/2022\/05\/photo5490347735354812367.jpg?resize=700%2C400&ssl=1 2x, https:\/\/i0.wp.com\/www.grieta.org.mx\/wp-content\/uploads\/2022\/05\/photo5490347735354812367.jpg?resize=1050%2C600&ssl=1 3x"},"classes":[]},{"id":44249,"url":"https:\/\/www.grieta.org.mx\/index.php\/2020\/02\/07\/desaparecidas-8-mil-735-personas-en-jalisco\/","url_meta":{"origin":65527,"position":5},"title":"Desaparecidas, 8 mil 735 personas en Jalisco","author":"grieta","date":"7 febrero, 2020","format":false,"excerpt":"Foto: Jorge Alberto Mendoza Redacci\u00f3n \/ El Diario NTR De enero de 1995 al 31 de diciembre de 2019, 8 mil 735 personas est\u00e1n pendientes de localizar, se\u00f1ala un reporte de personas desaparecidas y no localizadas realizado por el Instituto de Informaci\u00f3n, Estad\u00edstica y Geograf\u00eda de Jalisco (IIEG). \u201cEl incremento\u2026","rel":"","context":"En &quot;CINTILLO&quot;","block_context":{"text":"CINTILLO","link":"https:\/\/www.grieta.org.mx\/index.php\/category\/cintillo\/"},"img":{"alt_text":"","src":"https:\/\/i0.wp.com\/www.grieta.org.mx\/wp-content\/uploads\/2020\/02\/2020-02-07_03-02-58___7600.jpg?resize=350%2C200&ssl=1","width":350,"height":200,"srcset":"https:\/\/i0.wp.com\/www.grieta.org.mx\/wp-content\/uploads\/2020\/02\/2020-02-07_03-02-58___7600.jpg?resize=350%2C200&ssl=1 1x, https:\/\/i0.wp.com\/www.grieta.org.mx\/wp-content\/uploads\/2020\/02\/2020-02-07_03-02-58___7600.jpg?resize=525%2C300&ssl=1 1.5x, https:\/\/i0.wp.com\/www.grieta.org.mx\/wp-content\/uploads\/2020\/02\/2020-02-07_03-02-58___7600.jpg?resize=700%2C400&ssl=1 2x"},"classes":[]}],"_links":{"self":[{"href":"https:\/\/www.grieta.org.mx\/index.php\/wp-json\/wp\/v2\/posts\/65527","targetHints":{"allow":["GET"]}}],"collection":[{"href":"https:\/\/www.grieta.org.mx\/index.php\/wp-json\/wp\/v2\/posts"}],"about":[{"href":"https:\/\/www.grieta.org.mx\/index.php\/wp-json\/wp\/v2\/types\/post"}],"author":[{"embeddable":true,"href":"https:\/\/www.grieta.org.mx\/index.php\/wp-json\/wp\/v2\/users\/2"}],"replies":[{"embeddable":true,"href":"https:\/\/www.grieta.org.mx\/index.php\/wp-json\/wp\/v2\/comments?post=65527"}],"version-history":[{"count":1,"href":"https:\/\/www.grieta.org.mx\/index.php\/wp-json\/wp\/v2\/posts\/65527\/revisions"}],"predecessor-version":[{"id":65529,"href":"https:\/\/www.grieta.org.mx\/index.php\/wp-json\/wp\/v2\/posts\/65527\/revisions\/65529"}],"wp:featuredmedia":[{"embeddable":true,"href":"https:\/\/www.grieta.org.mx\/index.php\/wp-json\/wp\/v2\/media\/65528"}],"wp:attachment":[{"href":"https:\/\/www.grieta.org.mx\/index.php\/wp-json\/wp\/v2\/media?parent=65527"}],"wp:term":[{"taxonomy":"category","embeddable":true,"href":"https:\/\/www.grieta.org.mx\/index.php\/wp-json\/wp\/v2\/categories?post=65527"},{"taxonomy":"post_tag","embeddable":true,"href":"https:\/\/www.grieta.org.mx\/index.php\/wp-json\/wp\/v2\/tags?post=65527"}],"curies":[{"name":"wp","href":"https:\/\/api.w.org\/{rel}","templated":true}]}}