{"id":65521,"date":"2022-10-13T15:24:25","date_gmt":"2022-10-13T20:24:25","guid":{"rendered":"https:\/\/www.grieta.org.mx\/?p=65521"},"modified":"2022-10-16T15:37:14","modified_gmt":"2022-10-16T20:37:14","slug":"despues-de-70-asesinatos-de-mujeres-fiscalia-crea-unidad-para-perseguir-y-sancionar-a-feminicidas-colima","status":"publish","type":"post","link":"https:\/\/www.grieta.org.mx\/index.php\/2022\/10\/13\/despues-de-70-asesinatos-de-mujeres-fiscalia-crea-unidad-para-perseguir-y-sancionar-a-feminicidas-colima\/","title":{"rendered":"Despu\u00e9s de 70 asesinatos de mujeres, Fiscal\u00eda crea unidad para perseguir y sancionar a feminicidas (Colima)"},"content":{"rendered":"<p>Imagen: Diario Avanzada<\/p>\n<p>Heidi de Le\u00f3n Guti\u00e9rrez \/ Diario Avanzada<\/p>\n<p>Colima, M\u00e9xico, Avanzada (15\/10\/2022).- Despu\u00e9s de 70 asesinatos de mujeres en lo que va del a\u00f1o, entre ellas ni\u00f1as de entre 12 y 15 a\u00f1os de edad, la Fiscal\u00eda General del Estado instaur\u00f3 la Unidad Especializada para la investigaci\u00f3n y persecuci\u00f3n del Feminicidio y otras muertes violentas de mujeres, ni\u00f1as y adolescentes de Colima.<\/p>\n<p>Seg\u00fan el acuerdo publicado en el Peri\u00f3dico Oficial del Estado, la nueva unidad deber\u00e1 contar con personal capacitado y con presupuesto, para investigar y sancionar los feminicidios.<\/p>\n<p>La organizaci\u00f3n \u201cImpunidad Cero\u201d document\u00f3 que en Colima el 80 por ciento de los feminicidios quedan en la impunidad. Mientras que el INEGI advirti\u00f3 que desde 2013 se han quintuplicado los asesinatos de mujeres en el estado.<\/p>\n<p>La nueva Unidad que investigar\u00e1 los asesinatos de mujeres depender\u00e1 de la Fiscal\u00eda Especializada en Delitos por Razones de G\u00e9nero y Trata de Personas; adem\u00e1s de que tendr\u00e1 a su cargo la investigaci\u00f3n y persecuci\u00f3n del delito de feminicidio y otras muertes violentas de mujeres.<\/p>\n<p>Tendr\u00e1 competencia para conocer, integrar y diligenciar los asuntos de su competencia y deber\u00e1 realizarlo de oficio, es decir, independientemente de si hay alguna denuncia penal interpuesta por alg\u00fan particular.<\/p>\n<p>Refiere que la investigaci\u00f3n deber\u00e1 apegarse en todo momento al Protocolo de Actuaci\u00f3n con Perspectiva de G\u00e9nero de la FGE, para la investigaci\u00f3n del delito de feminicidio, publicado en el Peri\u00f3dico Oficial El Estado de Colima, el 14 de diciembre de 2019.<\/p>\n<p>El Fiscal General, Bryant Garc\u00eda ser\u00e1 el encargado de nombrar a la persona titular de la Unidad y deber\u00e1 ser un Agente del Ministerio P\u00fablico, quien contar\u00e1 con los Agentes del MP, Secretarios Auxiliares, Peritos, Agentes de la Polic\u00eda Investigadora, as\u00ed como personal que se requiera para el cumplimiento y fin de sus funciones.<\/p>\n<p><a href=\"https:\/\/www.diarioavanzada.com.mx\/?p=37235\">https:\/\/www.diarioavanzada.com.mx\/?p=37235<\/a><\/p>\n","protected":false},"excerpt":{"rendered":"<p>Imagen: Diario Avanzada Heidi de Le\u00f3n Guti\u00e9rrez \/ Diario Avanzada Colima, M\u00e9xico, Avanzada (15\/10\/2022).- Despu\u00e9s de 70 asesinatos de mujeres en lo que va del a\u00f1o, entre ellas ni\u00f1as de &hellip; <a href=\"https:\/\/www.grieta.org.mx\/index.php\/2022\/10\/13\/despues-de-70-asesinatos-de-mujeres-fiscalia-crea-unidad-para-perseguir-y-sancionar-a-feminicidas-colima\/\" class=\"more-link\">Leer m\u00e1s<\/a><\/p>\n","protected":false},"author":2,"featured_media":65522,"comment_status":"closed","ping_status":"closed","sticky":false,"template":"","format":"standard","meta":{"ngg_post_thumbnail":0,"_jetpack_newsletter_access":"","_jetpack_dont_email_post_to_subs":false,"_jetpack_newsletter_tier_id":0,"_jetpack_memberships_contains_paywalled_content":false,"_jetpack_memberships_contains_paid_content":false,"footnotes":""},"categories":[80,13,84,1016,1827,3112,2,83],"tags":[2959,2999,81,3776,2193,3065],"class_list":["post-65521","post","type-post","status-publish","format-standard","has-post-thumbnail","hentry","category-cintillo","category-colima","category-feminicidios","category-feminicidios-en-colima","category-la-ninez-en-la-tormenta-capitalista","category-la-ninez-en-la-tormenta-en-colima","category-noticias-nacionales","category-temas-nacionales","tag-estadisticas-de-feminicidio","tag-feminicidio-violencia-contra-las-mujeres","tag-feminicidios","tag-la-ninez-en-la-tormenta-capitalista","tag-ninas-asesinadas","tag-violencia-contra-la-ninez","entry"],"jetpack_featured_media_url":"https:\/\/www.grieta.org.mx\/wp-content\/uploads\/2022\/10\/01-27-feminicidios.png","jetpack_sharing_enabled":true,"jetpack_shortlink":"https:\/\/wp.me\/p7ZJR4-h2N","jetpack_likes_enabled":false,"jetpack-related-posts":[{"id":65945,"url":"https:\/\/www.grieta.org.mx\/index.php\/2022\/12\/04\/colima-entre-los-estados-mas-inseguros-para-ninas-y-adolescentes\/","url_meta":{"origin":65521,"position":0},"title":"Colima, entre los estados m\u00e1s inseguros para ni\u00f1as y adolescentes","author":"grieta","date":"4 diciembre, 2022","format":false,"excerpt":"Imagen: Diario Avanzada Heidi de Le\u00f3n Guti\u00e9rrez \/ Diario Avanzada Colima, M\u00e9xico, Avanzada (04\/12\/2022).- Colima se encuentra entre los 14 estados m\u00e1s inseguros para las ni\u00f1as y adolescentes, de acuerdo al monitoreo que realiz\u00f3 la organizaci\u00f3n: Aqu\u00ed estamos: feminicidio infantil en M\u00e9xico. El reporte fue elaborado por un grupo de\u2026","rel":"","context":"En &quot;CINTILLO&quot;","block_context":{"text":"CINTILLO","link":"https:\/\/www.grieta.org.mx\/index.php\/category\/cintillo\/"},"img":{"alt_text":"","src":"https:\/\/i0.wp.com\/www.grieta.org.mx\/wp-content\/uploads\/2022\/12\/image-25-1.png?resize=350%2C200&ssl=1","width":350,"height":200,"srcset":"https:\/\/i0.wp.com\/www.grieta.org.mx\/wp-content\/uploads\/2022\/12\/image-25-1.png?resize=350%2C200&ssl=1 1x, https:\/\/i0.wp.com\/www.grieta.org.mx\/wp-content\/uploads\/2022\/12\/image-25-1.png?resize=525%2C300&ssl=1 1.5x"},"classes":[]},{"id":59386,"url":"https:\/\/www.grieta.org.mx\/index.php\/2021\/05\/11\/no-fue-accidente-fue-un-feminicidio-exigen-justicia-para-julissa-colima\/","url_meta":{"origin":65521,"position":1},"title":"\u201cNo fue accidente, fue un feminicidio\u201d; exigen justicia para Julissa (Colima)","author":"grieta","date":"11 mayo, 2021","format":false,"excerpt":"Foto: Diario Avanzada Heidi de Le\u00f3n Guti\u00e9rrez \/ Diario Avanzada Colima, M\u00e9xico, Avanzada (11\/05\/2021).- Julissa ten\u00eda 15 a\u00f1os de edad y el pasado jueves se inform\u00f3 que hab\u00eda fallecido a consecuencia de las quemaduras que sufri\u00f3 en el incendio de una casa, sin embargo, tres d\u00edas despu\u00e9s del hecho, amigos\u2026","rel":"","context":"En &quot;CINTILLO&quot;","block_context":{"text":"CINTILLO","link":"https:\/\/www.grieta.org.mx\/index.php\/category\/cintillo\/"},"img":{"alt_text":"","src":"https:\/\/i0.wp.com\/www.grieta.org.mx\/wp-content\/uploads\/2021\/05\/Julissa.png?resize=350%2C200&ssl=1","width":350,"height":200,"srcset":"https:\/\/i0.wp.com\/www.grieta.org.mx\/wp-content\/uploads\/2021\/05\/Julissa.png?resize=350%2C200&ssl=1 1x, https:\/\/i0.wp.com\/www.grieta.org.mx\/wp-content\/uploads\/2021\/05\/Julissa.png?resize=525%2C300&ssl=1 1.5x, https:\/\/i0.wp.com\/www.grieta.org.mx\/wp-content\/uploads\/2021\/05\/Julissa.png?resize=700%2C400&ssl=1 2x"},"classes":[]},{"id":57840,"url":"https:\/\/www.grieta.org.mx\/index.php\/2021\/03\/16\/hay-399-mujeres-desaparecidas-en-colima-segun-el-fiscal-ninguna-es-por-trata\/","url_meta":{"origin":65521,"position":2},"title":"Hay 399 mujeres desaparecidas en Colima, seg\u00fan el Fiscal ninguna es por trata","author":"grieta","date":"16 marzo, 2021","format":false,"excerpt":"Imagen: Diario Avanzada Heidi de Le\u00f3n Guti\u00e9rrez \/ Diario Avanzada Colima, M\u00e9xico, Avanzada (16\/03\/2021).- En el estado de Colima existen 399 mujeres desaparecidas, de las cuales 105 son adolescentes o menores de edad, seg\u00fan los datos m\u00e1s actualizados con los que cuenta la secretar\u00eda de Gobernaci\u00f3n. La cifra anterior se\u2026","rel":"","context":"En &quot;CINTILLO&quot;","block_context":{"text":"CINTILLO","link":"https:\/\/www.grieta.org.mx\/index.php\/category\/cintillo\/"},"img":{"alt_text":"","src":"https:\/\/i0.wp.com\/www.grieta.org.mx\/wp-content\/uploads\/2021\/03\/159821306_436976120888799_9136011263406433812_n.jpg?resize=350%2C200&ssl=1","width":350,"height":200,"srcset":"https:\/\/i0.wp.com\/www.grieta.org.mx\/wp-content\/uploads\/2021\/03\/159821306_436976120888799_9136011263406433812_n.jpg?resize=350%2C200&ssl=1 1x, https:\/\/i0.wp.com\/www.grieta.org.mx\/wp-content\/uploads\/2021\/03\/159821306_436976120888799_9136011263406433812_n.jpg?resize=525%2C300&ssl=1 1.5x, https:\/\/i0.wp.com\/www.grieta.org.mx\/wp-content\/uploads\/2021\/03\/159821306_436976120888799_9136011263406433812_n.jpg?resize=700%2C400&ssl=1 2x, https:\/\/i0.wp.com\/www.grieta.org.mx\/wp-content\/uploads\/2021\/03\/159821306_436976120888799_9136011263406433812_n.jpg?resize=1050%2C600&ssl=1 3x"},"classes":[]},{"id":67839,"url":"https:\/\/www.grieta.org.mx\/index.php\/2023\/09\/26\/colima-no-garantiza-la-reparacion-del-dano-a-familiares-de-las-victimas-de-feminicidio\/","url_meta":{"origin":65521,"position":3},"title":"Colima no garantiza la reparaci\u00f3n del da\u00f1o a familiares de las v\u00edctimas de feminicidio","author":"grieta","date":"26 septiembre, 2023","format":false,"excerpt":"Imagen: Tomada de la Red Heidi de Le\u00f3n Guti\u00e9rrez \/ Diario Avanzada Colima, M\u00e9xico, Avanzada (26\/09\/2023).- Para la Comisi\u00f3n Nacional de Derechos Humanos, el Gobierno de Colima tiene pendiente\u00a0garantizar la reparaci\u00f3n del da\u00f1o a las v\u00edctimas indirectas menores de edad del delito de feminicidio. El organismo destaca que en 14\u2026","rel":"","context":"En &quot;CINTILLO&quot;","block_context":{"text":"CINTILLO","link":"https:\/\/www.grieta.org.mx\/index.php\/category\/cintillo\/"},"img":{"alt_text":"","src":"https:\/\/i0.wp.com\/www.grieta.org.mx\/wp-content\/uploads\/2023\/10\/feminicidio-mexico.webp?resize=350%2C200&ssl=1","width":350,"height":200,"srcset":"https:\/\/i0.wp.com\/www.grieta.org.mx\/wp-content\/uploads\/2023\/10\/feminicidio-mexico.webp?resize=350%2C200&ssl=1 1x, https:\/\/i0.wp.com\/www.grieta.org.mx\/wp-content\/uploads\/2023\/10\/feminicidio-mexico.webp?resize=525%2C300&ssl=1 1.5x, https:\/\/i0.wp.com\/www.grieta.org.mx\/wp-content\/uploads\/2023\/10\/feminicidio-mexico.webp?resize=700%2C400&ssl=1 2x"},"classes":[]},{"id":71623,"url":"https:\/\/www.grieta.org.mx\/index.php\/2025\/04\/30\/dia-del-nino-en-colima-mas-balas-que-juegos\/","url_meta":{"origin":65521,"position":4},"title":"D\u00eda del Ni\u00f1o en Colima: m\u00e1s balas que juegos","author":"grieta","date":"30 abril, 2025","format":false,"excerpt":"Imagen: Diario Avanzada Heidi de Le\u00f3n Guti\u00e9rrez \/ Diario Avanzada Colima, M\u00e9xico, Avanzada (30\/04\/2025).- En el marco de la celebraci\u00f3n del D\u00eda del Ni\u00f1o, Colima no tiene mucho que festejar. Las infancias en la entidad enfrentan \u00a0la violencia, el crimen organizado y la desaparici\u00f3n. Los hechos anteriores se han convertido\u2026","rel":"","context":"En &quot;CINTILLO&quot;","block_context":{"text":"CINTILLO","link":"https:\/\/www.grieta.org.mx\/index.php\/category\/cintillo\/"},"img":{"alt_text":"","src":"https:\/\/i0.wp.com\/www.grieta.org.mx\/wp-content\/uploads\/2025\/05\/35f04a10-6e20-4b56-93db-5e43b3ac4158-1.png?resize=350%2C200&ssl=1","width":350,"height":200,"srcset":"https:\/\/i0.wp.com\/www.grieta.org.mx\/wp-content\/uploads\/2025\/05\/35f04a10-6e20-4b56-93db-5e43b3ac4158-1.png?resize=350%2C200&ssl=1 1x, https:\/\/i0.wp.com\/www.grieta.org.mx\/wp-content\/uploads\/2025\/05\/35f04a10-6e20-4b56-93db-5e43b3ac4158-1.png?resize=525%2C300&ssl=1 1.5x, https:\/\/i0.wp.com\/www.grieta.org.mx\/wp-content\/uploads\/2025\/05\/35f04a10-6e20-4b56-93db-5e43b3ac4158-1.png?resize=700%2C400&ssl=1 2x"},"classes":[]},{"id":54765,"url":"https:\/\/www.grieta.org.mx\/index.php\/2020\/11\/03\/feminicidio-incremento-100-en-colima\/","url_meta":{"origin":65521,"position":5},"title":"Feminicidio increment\u00f3 100% en Colima","author":"grieta","date":"3 noviembre, 2020","format":false,"excerpt":"Imagen: Diario Avanzada Heidi de Le\u00f3n Guti\u00e9rrez \/ Diario Avanzada Colima, M\u00e9xico, Avanzada (03\/11\/2020).- Durante los primeros nueve meses de este a\u00f1o, el feminicidio en la entidad aument\u00f3 en un 100 por ciento, en comparaci\u00f3n con el mismo periodo, pero de 2019. Adem\u00e1s, la entidad tiene la tasa m\u00e1s alta\u2026","rel":"","context":"En &quot;CINTILLO&quot;","block_context":{"text":"CINTILLO","link":"https:\/\/www.grieta.org.mx\/index.php\/category\/cintillo\/"},"img":{"alt_text":"","src":"https:\/\/i0.wp.com\/www.grieta.org.mx\/wp-content\/uploads\/2020\/11\/image-48.png?resize=350%2C200&ssl=1","width":350,"height":200},"classes":[]}],"_links":{"self":[{"href":"https:\/\/www.grieta.org.mx\/index.php\/wp-json\/wp\/v2\/posts\/65521","targetHints":{"allow":["GET"]}}],"collection":[{"href":"https:\/\/www.grieta.org.mx\/index.php\/wp-json\/wp\/v2\/posts"}],"about":[{"href":"https:\/\/www.grieta.org.mx\/index.php\/wp-json\/wp\/v2\/types\/post"}],"author":[{"embeddable":true,"href":"https:\/\/www.grieta.org.mx\/index.php\/wp-json\/wp\/v2\/users\/2"}],"replies":[{"embeddable":true,"href":"https:\/\/www.grieta.org.mx\/index.php\/wp-json\/wp\/v2\/comments?post=65521"}],"version-history":[{"count":1,"href":"https:\/\/www.grieta.org.mx\/index.php\/wp-json\/wp\/v2\/posts\/65521\/revisions"}],"predecessor-version":[{"id":65523,"href":"https:\/\/www.grieta.org.mx\/index.php\/wp-json\/wp\/v2\/posts\/65521\/revisions\/65523"}],"wp:featuredmedia":[{"embeddable":true,"href":"https:\/\/www.grieta.org.mx\/index.php\/wp-json\/wp\/v2\/media\/65522"}],"wp:attachment":[{"href":"https:\/\/www.grieta.org.mx\/index.php\/wp-json\/wp\/v2\/media?parent=65521"}],"wp:term":[{"taxonomy":"category","embeddable":true,"href":"https:\/\/www.grieta.org.mx\/index.php\/wp-json\/wp\/v2\/categories?post=65521"},{"taxonomy":"post_tag","embeddable":true,"href":"https:\/\/www.grieta.org.mx\/index.php\/wp-json\/wp\/v2\/tags?post=65521"}],"curies":[{"name":"wp","href":"https:\/\/api.w.org\/{rel}","templated":true}]}}