{"id":65515,"date":"2022-10-13T14:33:28","date_gmt":"2022-10-13T19:33:28","guid":{"rendered":"https:\/\/www.grieta.org.mx\/?p=65515"},"modified":"2022-10-16T15:01:05","modified_gmt":"2022-10-16T20:01:05","slug":"faltan-muestras-de-familiares-de-desaparecidos-en-banco-genetico-red-de-desaparecidos-colima","status":"publish","type":"post","link":"https:\/\/www.grieta.org.mx\/index.php\/2022\/10\/13\/faltan-muestras-de-familiares-de-desaparecidos-en-banco-genetico-red-de-desaparecidos-colima\/","title":{"rendered":"Faltan muestras de familiares de desaparecidos en banco gen\u00e9tico: Red de Desaparecidos (Colima)"},"content":{"rendered":"<p>Imagen: El Noticiero en L\u00ednea<\/p>\n<p>Elizabeth Bautista \/ El Noticiero en L\u00ednea<\/p>\n<p>La organizaci\u00f3n Red de Desaparecidos por Colima pide aprovechar las herramientas tecnol\u00f3gicas de la Fiscal\u00eda del Estado<\/p>\n<p>Carmen Sep\u00falveda G\u00f3mez, integrante de la organizaci\u00f3n civil Red de Desaparecidos de Colima, alert\u00f3 que la falta de muestras de material gen\u00e9tico, por parte de familiares de desaparecidos, ha generado un rezago en el banco gen\u00e9tico que impide agilizar el trabajo de identificaci\u00f3n.<\/p>\n<p>\u201cVa lento, avanzando. Hay mucho rezago, pero tambi\u00e9n mucha gente (familiares de desaparecidos) que no ponen denuncia y que tampoco va a donar las muestras de ADN\u201d, declar\u00f3 la activista y cuyo hijo tambi\u00e9n se encuentra desaparecido.<\/p>\n<p>Pidi\u00f3 a la sociedad tener un mayor compromiso, pues si bien hay rezago en la Fiscal\u00eda General del Estado (FGE) y en la Semefo, entender que en gran parte se debe a la falta de muestras de ADN.<\/p>\n<p>Sep\u00falveda G\u00f3mez consider\u00f3 que hay buenas herramientas tecnol\u00f3gicas en la FGE, pero lament\u00f3 que muchos de los cuerpos depositados en las morgues no se pueden identificar por la falta de estas muestras de material gen\u00e9tico de familias, por lo que luego los restos humanos son enterrados en la fosa com\u00fan.<\/p>\n<p>Record\u00f3 el caso de una joven, denunciada como desaparecida, cuyo cuerpo estuvo en la Semefo por m\u00e1s de un a\u00f1o y luego depositado en la fosa com\u00fan, el cual fue identificado posteriormente gracias al material gen\u00e9tico de un familiar.<\/p>\n<p>\u201cTenemos que presionar los protocolos en cuesti\u00f3n de gen\u00e9tica. Seg\u00fan yo s\u00e9, me han dicho otras compa\u00f1eras, que en Colima tenemos lo mejor de gen\u00e9tica y los mejores aparatos, pero como sociedad no tenemos el h\u00e1bito de donar nuestra muestra de ADN cuando tenemos un desaparecido. Realmente es muy importante esto\u201d, concluy\u00f3.<br \/>\n<a href=\"https:\/\/www.elnoticieroenlinea.com\/faltan-muestras-de-familiares-de-desaparecidos-en-banco-genetico\/\">https:\/\/www.elnoticieroenlinea.com\/faltan-muestras-de-familiares-de-desaparecidos-en-banco-genetico\/<\/a><\/p>\n","protected":false},"excerpt":{"rendered":"<p>Imagen: El Noticiero en L\u00ednea Elizabeth Bautista \/ El Noticiero en L\u00ednea La organizaci\u00f3n Red de Desaparecidos por Colima pide aprovechar las herramientas tecnol\u00f3gicas de la Fiscal\u00eda del Estado Carmen &hellip; <a href=\"https:\/\/www.grieta.org.mx\/index.php\/2022\/10\/13\/faltan-muestras-de-familiares-de-desaparecidos-en-banco-genetico-red-de-desaparecidos-colima\/\" class=\"more-link\">Leer m\u00e1s<\/a><\/p>\n","protected":false},"author":2,"featured_media":65516,"comment_status":"closed","ping_status":"closed","sticky":false,"template":"","format":"standard","meta":{"ngg_post_thumbnail":0,"_jetpack_newsletter_access":"","_jetpack_dont_email_post_to_subs":false,"_jetpack_newsletter_tier_id":0,"_jetpack_memberships_contains_paywalled_content":false,"_jetpack_memberships_contains_paid_content":false,"footnotes":""},"categories":[80,13,87,1829,2,83],"tags":[3791,1828,3018,121,1668,3660,3975,3509],"class_list":["post-65515","post","type-post","status-publish","format-standard","has-post-thumbnail","hentry","category-cintillo","category-colima","category-desaparecidos","category-desaparecidos-en-colima","category-noticias-nacionales","category-temas-nacionales","tag-acciones-por-desaparecidos","tag-busqueda-de-desaparecidos","tag-colectivos-de-busqueda-de-desaparecidos","tag-desaparecidos","tag-familiares-de-desaparecidos","tag-fiscalia","tag-madres-de-desaparecidos","tag-red-de-desaparecidos","entry"],"jetpack_featured_media_url":"https:\/\/www.grieta.org.mx\/wp-content\/uploads\/2022\/10\/p02-t1-9-777x437-1.jpg","jetpack_sharing_enabled":true,"jetpack_shortlink":"https:\/\/wp.me\/p7ZJR4-h2H","jetpack_likes_enabled":false,"jetpack-related-posts":[{"id":45612,"url":"https:\/\/www.grieta.org.mx\/index.php\/2020\/03\/02\/mas-de-37-cuerpos-permanecen-en-calidad-de-no-identificados-en-el-servicio-medico-forense-colima\/","url_meta":{"origin":65515,"position":0},"title":"M\u00e1s de 37 cuerpos permanecen en calidad de no identificados en el Servicio M\u00e9dico Forense (Colima)","author":"grieta","date":"2 marzo, 2020","format":false,"excerpt":"Foto: Diario Avanzada Heidi de Le\u00f3n Gui\u00e9ttez \/ Diario Avanzada Colima, M\u00e9xico, Avanzada (02\/02\/2020).- M\u00e1s de 37 cuerpos permanecen en calidad de no identificados en el Servicio M\u00e9dico Forense de la entidad, por ello, la Red de B\u00fasqueda de Personas Desaparecidos convoc\u00f3 a los familiares de las v\u00edctimas de este\u2026","rel":"","context":"En &quot;CINTILLO&quot;","block_context":{"text":"CINTILLO","link":"https:\/\/www.grieta.org.mx\/index.php\/category\/cintillo\/"},"img":{"alt_text":"","src":"https:\/\/i0.wp.com\/www.grieta.org.mx\/wp-content\/uploads\/2020\/03\/Masacre-de-Santa-Rosa.jpg?resize=350%2C200&ssl=1","width":350,"height":200,"srcset":"https:\/\/i0.wp.com\/www.grieta.org.mx\/wp-content\/uploads\/2020\/03\/Masacre-de-Santa-Rosa.jpg?resize=350%2C200&ssl=1 1x, https:\/\/i0.wp.com\/www.grieta.org.mx\/wp-content\/uploads\/2020\/03\/Masacre-de-Santa-Rosa.jpg?resize=525%2C300&ssl=1 1.5x, https:\/\/i0.wp.com\/www.grieta.org.mx\/wp-content\/uploads\/2020\/03\/Masacre-de-Santa-Rosa.jpg?resize=700%2C400&ssl=1 2x"},"classes":[]},{"id":64648,"url":"https:\/\/www.grieta.org.mx\/index.php\/2022\/07\/31\/familia-de-joven-desaparecido-bloquea-el-libramiento-frente-a-fge-colima\/","url_meta":{"origin":65515,"position":1},"title":"Familia de joven desaparecido bloquea el libramiento frente a FGE (Colima)","author":"grieta","date":"31 julio, 2022","format":false,"excerpt":"Imagen: El Noticiero en L\u00ednea Anil\u00fa Salazar Mej\u00eda \/ EL Noticiero en L\u00ednea Familiares y amigos de Francisco Rodr\u00edguez Ballesteros, desaparecido desde el 27 de julio, bloquearon el Libramiento Ej\u00e9rcito Mexicano frente a las instalaciones de la Fiscal\u00eda General de Justicia del Estado para exigir informaci\u00f3n. Aunque se dijo que\u2026","rel":"","context":"En &quot;CINTILLO&quot;","block_context":{"text":"CINTILLO","link":"https:\/\/www.grieta.org.mx\/index.php\/category\/cintillo\/"},"img":{"alt_text":"","src":"https:\/\/i0.wp.com\/www.grieta.org.mx\/wp-content\/uploads\/2022\/07\/p01-t3-15-777x399-1.jpg?resize=350%2C200&ssl=1","width":350,"height":200,"srcset":"https:\/\/i0.wp.com\/www.grieta.org.mx\/wp-content\/uploads\/2022\/07\/p01-t3-15-777x399-1.jpg?resize=350%2C200&ssl=1 1x, https:\/\/i0.wp.com\/www.grieta.org.mx\/wp-content\/uploads\/2022\/07\/p01-t3-15-777x399-1.jpg?resize=525%2C300&ssl=1 1.5x, https:\/\/i0.wp.com\/www.grieta.org.mx\/wp-content\/uploads\/2022\/07\/p01-t3-15-777x399-1.jpg?resize=700%2C400&ssl=1 2x"},"classes":[]},{"id":71951,"url":"https:\/\/www.grieta.org.mx\/index.php\/2025\/07\/03\/sospecha-red-de-desaparecidos-de-colima-que-en-jalisco-se-encuentran-sus-familiares\/","url_meta":{"origin":65515,"position":2},"title":"Sospecha Red de Desaparecidos de Colima que en Jalisco se encuentran sus familiares","author":"grieta","date":"3 julio, 2025","format":false,"excerpt":"Imagen: Tomada de Redes Sociales C\u00e9sar Barrera \/ El Comentario, Colima a\u00a0Red de Desaparecidos del Estado de Colima\u00a0expres\u00f3 su preocupaci\u00f3n por la posibilidad de que\u00a0personas desaparecidas\u00a0en territorio colimense est\u00e9n siendo trasladadas a Jalisco, estado al que apuntan diversos indicios recabados por integrantes del colectivo. Blanca Estela Ram\u00edrez, vocera de la\u2026","rel":"","context":"En &quot;CINTILLO&quot;","block_context":{"text":"CINTILLO","link":"https:\/\/www.grieta.org.mx\/index.php\/category\/cintillo\/"},"img":{"alt_text":"","src":"https:\/\/i0.wp.com\/www.grieta.org.mx\/wp-content\/uploads\/2025\/07\/desaparecidos.webp?resize=350%2C200&ssl=1","width":350,"height":200,"srcset":"https:\/\/i0.wp.com\/www.grieta.org.mx\/wp-content\/uploads\/2025\/07\/desaparecidos.webp?resize=350%2C200&ssl=1 1x, https:\/\/i0.wp.com\/www.grieta.org.mx\/wp-content\/uploads\/2025\/07\/desaparecidos.webp?resize=525%2C300&ssl=1 1.5x, https:\/\/i0.wp.com\/www.grieta.org.mx\/wp-content\/uploads\/2025\/07\/desaparecidos.webp?resize=700%2C400&ssl=1 2x"},"classes":[]},{"id":58973,"url":"https:\/\/www.grieta.org.mx\/index.php\/2021\/04\/24\/roban-herramientas-a-colectivo-de-desaparecidos-de-colima\/","url_meta":{"origin":65515,"position":3},"title":"Roban herramientas a colectivo de desaparecidos de Colima","author":"grieta","date":"24 abril, 2021","format":false,"excerpt":"Foto: Facebook @reddesaparecidoscolima Pedro Zamora Brise\u00f1o \/ Proceso COLIMA, Col. (proceso.com.mx).\u2013 La presidenta de la Red Desaparecidos en Colima A.C., Carmen Sep\u00falveda G\u00f3mez, denunci\u00f3 que ese colectivo sufri\u00f3 el allanamiento de sus instalaciones y el robo de gran parte de herramientas y otros implementos que necesitan para las labores de\u2026","rel":"","context":"En &quot;CINTILLO&quot;","block_context":{"text":"CINTILLO","link":"https:\/\/www.grieta.org.mx\/index.php\/category\/cintillo\/"},"img":{"alt_text":"","src":"https:\/\/i0.wp.com\/www.grieta.org.mx\/wp-content\/uploads\/2021\/04\/f800x450-126379_177825_5050.jpg?resize=350%2C200&ssl=1","width":350,"height":200,"srcset":"https:\/\/i0.wp.com\/www.grieta.org.mx\/wp-content\/uploads\/2021\/04\/f800x450-126379_177825_5050.jpg?resize=350%2C200&ssl=1 1x, https:\/\/i0.wp.com\/www.grieta.org.mx\/wp-content\/uploads\/2021\/04\/f800x450-126379_177825_5050.jpg?resize=525%2C300&ssl=1 1.5x, https:\/\/i0.wp.com\/www.grieta.org.mx\/wp-content\/uploads\/2021\/04\/f800x450-126379_177825_5050.jpg?resize=700%2C400&ssl=1 2x"},"classes":[]},{"id":61336,"url":"https:\/\/www.grieta.org.mx\/index.php\/2021\/08\/25\/permanecen-sin-identificar-cuerpos-de-las-fosas-clandestinas-de-santa-rosa-red-de-desaparecidos-colima\/","url_meta":{"origin":65515,"position":4},"title":"Permanecen sin identificar cuerpos de las fosas clandestinas de Santa Rosa: Red de Desaparecidos (Colima)","author":"grieta","date":"25 agosto, 2021","format":false,"excerpt":"Foto: El Comentario Francis Bravo \/ El Comentario Aunque no precis\u00f3 el n\u00famero, la presidenta de la\u00a0Red de Desaparecidos\u00a0en\u00a0Colima,\u00a0Mar\u00eda del Carmen Sep\u00falveda G\u00f3mez, inform\u00f3 que todav\u00eda hay cuerpos sin ser identificados, los cuales fueron localizados en las fosas clandestinas de la comunidad de\u00a0Santa Rosa, en el municipio de\u00a0Tecom\u00e1n\u00a0en\u00a0febrero\u00a0de\u00a02019. \u201cLamentablemente, de\u2026","rel":"","context":"En &quot;CINTILLO&quot;","block_context":{"text":"CINTILLO","link":"https:\/\/www.grieta.org.mx\/index.php\/category\/cintillo\/"},"img":{"alt_text":"","src":"https:\/\/i0.wp.com\/www.grieta.org.mx\/wp-content\/uploads\/2021\/08\/e571b045697d6c923b7e4487896bc777.jpg?resize=350%2C200&ssl=1","width":350,"height":200,"srcset":"https:\/\/i0.wp.com\/www.grieta.org.mx\/wp-content\/uploads\/2021\/08\/e571b045697d6c923b7e4487896bc777.jpg?resize=350%2C200&ssl=1 1x, https:\/\/i0.wp.com\/www.grieta.org.mx\/wp-content\/uploads\/2021\/08\/e571b045697d6c923b7e4487896bc777.jpg?resize=525%2C300&ssl=1 1.5x, https:\/\/i0.wp.com\/www.grieta.org.mx\/wp-content\/uploads\/2021\/08\/e571b045697d6c923b7e4487896bc777.jpg?resize=700%2C400&ssl=1 2x"},"classes":[]},{"id":55994,"url":"https:\/\/www.grieta.org.mx\/index.php\/2020\/12\/19\/sin-recursos-para-apoyar-trabajos-de-busqueda-red-de-desaparecidos-colima\/","url_meta":{"origin":65515,"position":5},"title":"Sin recursos para apoyar trabajos de b\u00fasqueda: Red de Desaparecidos (Colima)","author":"grieta","date":"19 diciembre, 2020","format":false,"excerpt":"Foto: El Comentario C\u00e9sar Barreda V\u00e1zquez \/ El Comentario Integrantes de la\u00a0Red de Desaparecidos en Colima\u00a0acusaron a\u00a0Rosa Evelia P\u00e9rez Valdivia,\u00a0comisionada estatal\u00a0de B\u00fasqueda, de no haber gestionado oportunamente los recursos para los trabajos de b\u00fasqueda de desaparecidos, lo que\u00a0limit\u00f3 y\u00a0complic\u00f3 los trabajos\u00a0este a\u00f1o. Encabezados por\u00a0Mar\u00eda del Carmen Sep\u00falveda G\u00f3mez,\u00a0presidenta\u00a0de este colectivo,\u2026","rel":"","context":"En &quot;CINTILLO&quot;","block_context":{"text":"CINTILLO","link":"https:\/\/www.grieta.org.mx\/index.php\/category\/cintillo\/"},"img":{"alt_text":"","src":"https:\/\/i0.wp.com\/www.grieta.org.mx\/wp-content\/uploads\/2020\/12\/669244a6d4c7dbf83453fcbb3d545baf.jpg?resize=350%2C200&ssl=1","width":350,"height":200,"srcset":"https:\/\/i0.wp.com\/www.grieta.org.mx\/wp-content\/uploads\/2020\/12\/669244a6d4c7dbf83453fcbb3d545baf.jpg?resize=350%2C200&ssl=1 1x, https:\/\/i0.wp.com\/www.grieta.org.mx\/wp-content\/uploads\/2020\/12\/669244a6d4c7dbf83453fcbb3d545baf.jpg?resize=525%2C300&ssl=1 1.5x, https:\/\/i0.wp.com\/www.grieta.org.mx\/wp-content\/uploads\/2020\/12\/669244a6d4c7dbf83453fcbb3d545baf.jpg?resize=700%2C400&ssl=1 2x"},"classes":[]}],"_links":{"self":[{"href":"https:\/\/www.grieta.org.mx\/index.php\/wp-json\/wp\/v2\/posts\/65515","targetHints":{"allow":["GET"]}}],"collection":[{"href":"https:\/\/www.grieta.org.mx\/index.php\/wp-json\/wp\/v2\/posts"}],"about":[{"href":"https:\/\/www.grieta.org.mx\/index.php\/wp-json\/wp\/v2\/types\/post"}],"author":[{"embeddable":true,"href":"https:\/\/www.grieta.org.mx\/index.php\/wp-json\/wp\/v2\/users\/2"}],"replies":[{"embeddable":true,"href":"https:\/\/www.grieta.org.mx\/index.php\/wp-json\/wp\/v2\/comments?post=65515"}],"version-history":[{"count":1,"href":"https:\/\/www.grieta.org.mx\/index.php\/wp-json\/wp\/v2\/posts\/65515\/revisions"}],"predecessor-version":[{"id":65517,"href":"https:\/\/www.grieta.org.mx\/index.php\/wp-json\/wp\/v2\/posts\/65515\/revisions\/65517"}],"wp:featuredmedia":[{"embeddable":true,"href":"https:\/\/www.grieta.org.mx\/index.php\/wp-json\/wp\/v2\/media\/65516"}],"wp:attachment":[{"href":"https:\/\/www.grieta.org.mx\/index.php\/wp-json\/wp\/v2\/media?parent=65515"}],"wp:term":[{"taxonomy":"category","embeddable":true,"href":"https:\/\/www.grieta.org.mx\/index.php\/wp-json\/wp\/v2\/categories?post=65515"},{"taxonomy":"post_tag","embeddable":true,"href":"https:\/\/www.grieta.org.mx\/index.php\/wp-json\/wp\/v2\/tags?post=65515"}],"curies":[{"name":"wp","href":"https:\/\/api.w.org\/{rel}","templated":true}]}}