{"id":65494,"date":"2022-10-07T11:01:55","date_gmt":"2022-10-07T16:01:55","guid":{"rendered":"https:\/\/www.grieta.org.mx\/?p=65494"},"modified":"2022-10-10T11:07:19","modified_gmt":"2022-10-10T16:07:19","slug":"nuevo-censo-migrante-hay-miles-y-llegan-mas-tamaulipas","status":"publish","type":"post","link":"https:\/\/www.grieta.org.mx\/index.php\/2022\/10\/07\/nuevo-censo-migrante-hay-miles-y-llegan-mas-tamaulipas\/","title":{"rendered":"Nuevo censo migrante: hay miles y llegan m\u00e1s (Tamaulipas)"},"content":{"rendered":"<p>Viviana Cervantes\/El Ma\u00f1ana<br \/>\n7 octubre 2022<\/p>\n<blockquote><p>De acuerdo a los datos preliminares, en Reynosa hay m\u00e1s de 10 mil migrantes, la mayor\u00eda de nacionalidad haitiana<\/p><\/blockquote>\n<p>El Ma\u00f1ana \/ Staff .- Ante la llegada de nuevos migrantes y los miles que permanecen a la espera de cruzar a Estados Unidos, en Reynosa se elabora un nuevo censo para evidenciar la cantidad y nacionalidades. <\/p>\n<p>EJERCICIO<br \/>\nEl ejercicio se organiza a las orillas del r\u00edo Bravo por directivos del albergue \u00b4Senda de Vida\u00b4, quienes apoyan a esta comunidad con las gestiones legales. <\/p>\n<p>En la fila se observan menores de edad, embarazadas, hombres y mujeres. &#8220;Llegamos hace dos semanas aqu\u00ed a Reynosa, y bueno, la intenci\u00f3n es llegar a Estados Unidos con mi hermana; ella cruz\u00f3 legalmente con su esposo, ahorita tienen una buena vida all\u00e1, es lo que tambi\u00e9n queremos para nuestros hijos. Fue dif\u00edcil dejar todo en Venezuela, pero no ten\u00edamos otra opci\u00f3n, no hay econom\u00eda ni condiciones para seguir all\u00e1&#8221;, dijo Mar\u00eda Teresa, migrante venezolana. <\/p>\n<p>De acuerdo a los datos preliminares, en Reynosa hay m\u00e1s de 10 mil migrantes, la mayor\u00eda de nacionalidad haitiana.<br \/>\nCon el censo se pretenden actualizar las solicitudes y sacar a quienes en la desesperaci\u00f3n se han ido a otras fronteras para cruzar o han renunciado al sue\u00f1o americano. &#8220;Les pedimos por favor que tengan un orden; los solteros deben hacer s\u00f3lo una fila y las familias otra, todos van a recibir un n\u00famero&#8221;, coment\u00f3 el titular del refugio \u00b4Senda de Vida\u00b4, Hector Silva de Luna. <\/p>\n<p>La saturaci\u00f3n migratoria en Reynosa es evidente dentro y fuera de las casas de asistencia, donde ya no hay cupo. <\/p>\n<p>Por ello es que se han formado nuevos campamentos con casas de campa\u00f1a y techos improvisados en los alrededores de colonia como Aquiles Serd\u00e1n o Carmen Serd\u00e1n. &#8220;Nosotros quisi\u00e9ramos que todos tuvieran un espacio para dormir y alimentarse con sus familias, pero esta situaci\u00f3n ya nos ha rebasado; ahorita tenemos much\u00edsima necesidad de alimento, ropa, productos de higiene y para ni\u00f1os&#8221;, agreg\u00f3 el directivo. <\/p>\n<p>El nuevo conteo inici\u00f3 en esta semana y se prev\u00e9 que se prolongue por lo menos hasta inicios de la pr\u00f3xima, debido a la gran cantidad de personas que hay, aunado a la constante llegada de nuevas familias.    &#8220;Tenemos salidas de autobuses de algunos que ya son llamados para seguir su proceso all\u00e1, pero no es algo que represente un cambio, porque todos, los dos, est\u00e1n llegando nuevos, as\u00ed que hay necesidad de volver a contar y hacer las listas&#8221;, concluy\u00f3 Silva de Luna. <\/p>\n<p><a href=\"https:\/\/www.elmanana.com\/local\/reynosa\/censan-a-migrantes\/5610587?utm_source=pocket_mylist\" rel=\"noopener\" target=\"_blank\">https:\/\/www.elmanana.com\/local\/reynosa\/censan-a-migrantes\/5610587?utm_source=pocket_mylist<\/a><\/p>\n","protected":false},"excerpt":{"rendered":"<p>Viviana Cervantes\/El Ma\u00f1ana 7 octubre 2022 De acuerdo a los datos preliminares, en Reynosa hay m\u00e1s de 10 mil migrantes, la mayor\u00eda de nacionalidad haitiana El Ma\u00f1ana \/ Staff .- &hellip; <a href=\"https:\/\/www.grieta.org.mx\/index.php\/2022\/10\/07\/nuevo-censo-migrante-hay-miles-y-llegan-mas-tamaulipas\/\" class=\"more-link\">Leer m\u00e1s<\/a><\/p>\n","protected":false},"author":2,"featured_media":65495,"comment_status":"closed","ping_status":"closed","sticky":false,"template":"","format":"standard","meta":{"ngg_post_thumbnail":0,"_jetpack_newsletter_access":"","_jetpack_dont_email_post_to_subs":false,"_jetpack_newsletter_tier_id":0,"_jetpack_memberships_contains_paywalled_content":false,"_jetpack_memberships_contains_paid_content":false,"footnotes":""},"categories":[80,86,2124,2,33,83],"tags":[3598,3575,158,2650,2940],"class_list":["post-65494","post","type-post","status-publish","format-standard","has-post-thumbnail","hentry","category-cintillo","category-migrantes","category-migrantes-en-tamaulipas","category-noticias-nacionales","category-tamaulipas","category-temas-nacionales","tag-albergues-migrantes","tag-campamentos-de-migrantes","tag-migrantes","tag-migrantes-en-la-frontera-norte","tag-migrantes-haitianos","entry"],"jetpack_featured_media_url":"https:\/\/www.grieta.org.mx\/wp-content\/uploads\/2022\/10\/crop-w1058-h883-a-orillas-724fc529-focus-0-0-628-524.jpg","jetpack_sharing_enabled":true,"jetpack_shortlink":"https:\/\/wp.me\/p7ZJR4-h2m","jetpack_likes_enabled":false,"jetpack-related-posts":[{"id":32454,"url":"https:\/\/www.grieta.org.mx\/index.php\/2019\/04\/23\/por-saturacion-cierran-albergue-senda-de-vida-a-mas-migrantes-en-reynosa-tamaulipas\/","url_meta":{"origin":65494,"position":0},"title":"Por saturaci\u00f3n, cierran albergue Senda de Vida a m\u00e1s migrantes en Reynosa (Tamaulipas)","author":"grieta","date":"23 abril, 2019","format":false,"excerpt":"Viviana Cervantes \/ El Ma\u00f1ana Siguen llegando y les niegan acceso; les piden se vayan a Nuevo Laredo Reynosa, Tam.- Debido a la saturaci\u00f3n del albergue \"Senda de Vida\" los directivos han decidido no recibir a m\u00e1s migrantes. Llegan migrantes y les niegan el acceso por falta de espacio; les\u2026","rel":"","context":"En &quot;CINTILLO&quot;","block_context":{"text":"CINTILLO","link":"https:\/\/www.grieta.org.mx\/index.php\/category\/cintillo\/"},"img":{"alt_text":"","src":"https:\/\/i0.wp.com\/www.grieta.org.mx\/wp-content\/uploads\/2019\/04\/Por-saturaci%C3%B3n-cierran-albergue-Senda-de-Vida-a-m%C3%A1s-migrantes-en-Reynosa-tama-abr.jpg?resize=350%2C200&ssl=1","width":350,"height":200,"srcset":"https:\/\/i0.wp.com\/www.grieta.org.mx\/wp-content\/uploads\/2019\/04\/Por-saturaci%C3%B3n-cierran-albergue-Senda-de-Vida-a-m%C3%A1s-migrantes-en-Reynosa-tama-abr.jpg?resize=350%2C200&ssl=1 1x, https:\/\/i0.wp.com\/www.grieta.org.mx\/wp-content\/uploads\/2019\/04\/Por-saturaci%C3%B3n-cierran-albergue-Senda-de-Vida-a-m%C3%A1s-migrantes-en-Reynosa-tama-abr.jpg?resize=525%2C300&ssl=1 1.5x"},"classes":[]},{"id":35910,"url":"https:\/\/www.grieta.org.mx\/index.php\/2019\/07\/03\/en-nuevo-laredo-esperan-a-miles-de-migrantes-tamaulipas\/","url_meta":{"origin":65494,"position":1},"title":"En Nuevo Laredo esperan a miles de migrantes (Tamaulipas)","author":"grieta","date":"3 julio, 2019","format":false,"excerpt":"El Bravo El pr\u00f3ximo 8 de julio a m\u00e1s tardar, el Gobierno de Estados Unidos va deportar y retornar\u00e1 a cerca de 3 mil migrantes por la frontera con Nuevo Laredo y no hay recursos p\u00fablicos federales o una estrategia para enfrentar este fen\u00f3meno social. Con lo anterior se espera\u2026","rel":"","context":"En &quot;CINTILLO&quot;","block_context":{"text":"CINTILLO","link":"https:\/\/www.grieta.org.mx\/index.php\/category\/cintillo\/"},"img":{"alt_text":"","src":"https:\/\/i0.wp.com\/www.grieta.org.mx\/wp-content\/uploads\/2019\/07\/En-Nuevo-Laredo-esperan-a-miles-de-migrantes-tama-jul.jpg?resize=350%2C200&ssl=1","width":350,"height":200,"srcset":"https:\/\/i0.wp.com\/www.grieta.org.mx\/wp-content\/uploads\/2019\/07\/En-Nuevo-Laredo-esperan-a-miles-de-migrantes-tama-jul.jpg?resize=350%2C200&ssl=1 1x, https:\/\/i0.wp.com\/www.grieta.org.mx\/wp-content\/uploads\/2019\/07\/En-Nuevo-Laredo-esperan-a-miles-de-migrantes-tama-jul.jpg?resize=525%2C300&ssl=1 1.5x"},"classes":[]},{"id":34058,"url":"https:\/\/www.grieta.org.mx\/index.php\/2019\/05\/29\/rescatan-a-19-migrantes-en-reynosa-tamaulipas\/","url_meta":{"origin":65494,"position":2},"title":"Rescatan a 19 migrantes en Reynosa, Tamaulipas","author":"grieta","date":"29 mayo, 2019","format":false,"excerpt":"Tamaulipas en l\u00ednea Reynosa, Tamaulipas.- La Secretar\u00eda de Seguridad P\u00fablica inform\u00f3 que la tarde de este martes rescat\u00f3 a 19 migrantes, tres de ellos menores de edad y cuatro mujeres, cuya intenci\u00f3n era cruzar hacia Estados Unidos. De acuerdo con reportes policiales, cerca de las 16:55 horas, tiempo local, elementos\u2026","rel":"","context":"En &quot;CINTILLO&quot;","block_context":{"text":"CINTILLO","link":"https:\/\/www.grieta.org.mx\/index.php\/category\/cintillo\/"},"img":{"alt_text":"","src":"https:\/\/i0.wp.com\/www.grieta.org.mx\/wp-content\/uploads\/2019\/06\/Rescatan-a-19-migrantes-en-Reynosa-Tamaulipas-jun.jpg?resize=350%2C200&ssl=1","width":350,"height":200,"srcset":"https:\/\/i0.wp.com\/www.grieta.org.mx\/wp-content\/uploads\/2019\/06\/Rescatan-a-19-migrantes-en-Reynosa-Tamaulipas-jun.jpg?resize=350%2C200&ssl=1 1x, https:\/\/i0.wp.com\/www.grieta.org.mx\/wp-content\/uploads\/2019\/06\/Rescatan-a-19-migrantes-en-Reynosa-Tamaulipas-jun.jpg?resize=525%2C300&ssl=1 1.5x, https:\/\/i0.wp.com\/www.grieta.org.mx\/wp-content\/uploads\/2019\/06\/Rescatan-a-19-migrantes-en-Reynosa-Tamaulipas-jun.jpg?resize=700%2C400&ssl=1 2x"},"classes":[]},{"id":31598,"url":"https:\/\/www.grieta.org.mx\/index.php\/2019\/03\/30\/han-interceptado-a-779-migrantes-en-tamaulipas\/","url_meta":{"origin":65494,"position":3},"title":"Han interceptado a 779 migrantes en Tamaulipas","author":"grieta","date":"30 marzo, 2019","format":false,"excerpt":"Alfredo Pe\u00f1a \/ Excelsior En lo que ha sido la ciudad de Reynosa se han asegurado 491 personas mientras que Nuevo Laredo hay 209 y recientemente en lo que es Ciudad Victoria fueron 35 indocumentados REYNOSA, Tamaulipas. En lo que a sido estos dos meses el Instituto Nacional de Migraci\u00f3n\u2026","rel":"","context":"En &quot;CINTILLO&quot;","block_context":{"text":"CINTILLO","link":"https:\/\/www.grieta.org.mx\/index.php\/category\/cintillo\/"},"img":{"alt_text":"","src":"https:\/\/i0.wp.com\/www.grieta.org.mx\/wp-content\/uploads\/2019\/04\/Han-interceptado-a-779-migrantes-en-Tamaulipas-abr.jpg?resize=350%2C200&ssl=1","width":350,"height":200,"srcset":"https:\/\/i0.wp.com\/www.grieta.org.mx\/wp-content\/uploads\/2019\/04\/Han-interceptado-a-779-migrantes-en-Tamaulipas-abr.jpg?resize=350%2C200&ssl=1 1x, https:\/\/i0.wp.com\/www.grieta.org.mx\/wp-content\/uploads\/2019\/04\/Han-interceptado-a-779-migrantes-en-Tamaulipas-abr.jpg?resize=525%2C300&ssl=1 1.5x"},"classes":[]},{"id":65371,"url":"https:\/\/www.grieta.org.mx\/index.php\/2022\/09\/27\/viven-en-hacinamiento-cientos-de-migrantes-haitianos-en-reynosa-tamaulipas\/","url_meta":{"origin":65494,"position":4},"title":"Viven en hacinamiento cientos de migrantes haitianos en Reynosa (Tamaulipas)","author":"grieta","date":"27 septiembre, 2022","format":false,"excerpt":"Rosal\u00eda Quint\u00e1\/Hoy Tamaulipas 27 septiembre 2022 Reynosa, Tamaulipas. \u2013 Cientos de migrantes haitianos viven en las calles aleda\u00f1as al albergue Senda de Vida, mientras esperan poder cruzar legalmente a Estados Unidos. Sin poder ingresar al albergue, porque no hay cupo seg\u00fan sus directivos, los migrantes han colocado peque\u00f1as carpas para\u2026","rel":"","context":"En &quot;CINTILLO&quot;","block_context":{"text":"CINTILLO","link":"https:\/\/www.grieta.org.mx\/index.php\/category\/cintillo\/"},"img":{"alt_text":"","src":"https:\/\/i0.wp.com\/www.grieta.org.mx\/wp-content\/uploads\/2022\/09\/Viven-en-hacinamiento-cientos-de-migrantes-haitianos-en-Reynosa.jpg?resize=350%2C200&ssl=1","width":350,"height":200,"srcset":"https:\/\/i0.wp.com\/www.grieta.org.mx\/wp-content\/uploads\/2022\/09\/Viven-en-hacinamiento-cientos-de-migrantes-haitianos-en-Reynosa.jpg?resize=350%2C200&ssl=1 1x, https:\/\/i0.wp.com\/www.grieta.org.mx\/wp-content\/uploads\/2022\/09\/Viven-en-hacinamiento-cientos-de-migrantes-haitianos-en-Reynosa.jpg?resize=525%2C300&ssl=1 1.5x, https:\/\/i0.wp.com\/www.grieta.org.mx\/wp-content\/uploads\/2022\/09\/Viven-en-hacinamiento-cientos-de-migrantes-haitianos-en-Reynosa.jpg?resize=700%2C400&ssl=1 2x"},"classes":[]},{"id":65154,"url":"https:\/\/www.grieta.org.mx\/index.php\/2022\/09\/05\/se-manifiestan-migrantes-en-senda-de-vida-en-reynosa-quieren-respuesta-de-abogados-tamaulipas\/","url_meta":{"origin":65494,"position":5},"title":"Se manifiestan migrantes en Senda de Vida en Reynosa; quieren respuesta de abogados (Tamaulipas)","author":"grieta","date":"5 septiembre, 2022","format":false,"excerpt":"Rosal\u00eda Quint\u00e1\/Hoy Tamaulipas 5 septiembre 2022 Reynosa, Tamaulipas. - Migrantes haitianos se manifestaron en la entrada del Albergue Senda de Vida en Reynosa, en demanda de una respuesta r\u00e1pida para que puedan cruzar hacia los Estados Unidos. Uno de los manifestantes coment\u00f3 que desde hace una semana est\u00e1n solicitando al\u2026","rel":"","context":"En &quot;CINTILLO&quot;","block_context":{"text":"CINTILLO","link":"https:\/\/www.grieta.org.mx\/index.php\/category\/cintillo\/"},"img":{"alt_text":"","src":"https:\/\/i0.wp.com\/www.grieta.org.mx\/wp-content\/uploads\/2022\/09\/Se-manifiestan-migrantes-en-Senda-de-Vida-en-Reynosa-quieren-respuesta-de-abogados.jpg?resize=350%2C200&ssl=1","width":350,"height":200,"srcset":"https:\/\/i0.wp.com\/www.grieta.org.mx\/wp-content\/uploads\/2022\/09\/Se-manifiestan-migrantes-en-Senda-de-Vida-en-Reynosa-quieren-respuesta-de-abogados.jpg?resize=350%2C200&ssl=1 1x, https:\/\/i0.wp.com\/www.grieta.org.mx\/wp-content\/uploads\/2022\/09\/Se-manifiestan-migrantes-en-Senda-de-Vida-en-Reynosa-quieren-respuesta-de-abogados.jpg?resize=525%2C300&ssl=1 1.5x, https:\/\/i0.wp.com\/www.grieta.org.mx\/wp-content\/uploads\/2022\/09\/Se-manifiestan-migrantes-en-Senda-de-Vida-en-Reynosa-quieren-respuesta-de-abogados.jpg?resize=700%2C400&ssl=1 2x"},"classes":[]}],"_links":{"self":[{"href":"https:\/\/www.grieta.org.mx\/index.php\/wp-json\/wp\/v2\/posts\/65494","targetHints":{"allow":["GET"]}}],"collection":[{"href":"https:\/\/www.grieta.org.mx\/index.php\/wp-json\/wp\/v2\/posts"}],"about":[{"href":"https:\/\/www.grieta.org.mx\/index.php\/wp-json\/wp\/v2\/types\/post"}],"author":[{"embeddable":true,"href":"https:\/\/www.grieta.org.mx\/index.php\/wp-json\/wp\/v2\/users\/2"}],"replies":[{"embeddable":true,"href":"https:\/\/www.grieta.org.mx\/index.php\/wp-json\/wp\/v2\/comments?post=65494"}],"version-history":[{"count":1,"href":"https:\/\/www.grieta.org.mx\/index.php\/wp-json\/wp\/v2\/posts\/65494\/revisions"}],"predecessor-version":[{"id":65496,"href":"https:\/\/www.grieta.org.mx\/index.php\/wp-json\/wp\/v2\/posts\/65494\/revisions\/65496"}],"wp:featuredmedia":[{"embeddable":true,"href":"https:\/\/www.grieta.org.mx\/index.php\/wp-json\/wp\/v2\/media\/65495"}],"wp:attachment":[{"href":"https:\/\/www.grieta.org.mx\/index.php\/wp-json\/wp\/v2\/media?parent=65494"}],"wp:term":[{"taxonomy":"category","embeddable":true,"href":"https:\/\/www.grieta.org.mx\/index.php\/wp-json\/wp\/v2\/categories?post=65494"},{"taxonomy":"post_tag","embeddable":true,"href":"https:\/\/www.grieta.org.mx\/index.php\/wp-json\/wp\/v2\/tags?post=65494"}],"curies":[{"name":"wp","href":"https:\/\/api.w.org\/{rel}","templated":true}]}}