{"id":65458,"date":"2022-10-04T11:00:49","date_gmt":"2022-10-04T16:00:49","guid":{"rendered":"https:\/\/www.grieta.org.mx\/?p=65458"},"modified":"2022-10-09T11:37:37","modified_gmt":"2022-10-09T16:37:37","slug":"exigen-jubilados-del-imss-que-gobierno-federal-les-regrese-ahorros-del-afore","status":"publish","type":"post","link":"https:\/\/www.grieta.org.mx\/index.php\/2022\/10\/04\/exigen-jubilados-del-imss-que-gobierno-federal-les-regrese-ahorros-del-afore\/","title":{"rendered":"Exigen jubilados del IMSS que Gobierno federal les regrese ahorros del Afore"},"content":{"rendered":"<p>imagen: El Comentario<\/p>\n<p>Jubilados del\u00a0<strong>Instituto Mexicano del Seguro Social<\/strong>\u00a0(IMSS) se manifestaron en contra de la Afore Siglo XXI de Banorte, a quien acusan de no entregarles sus ahorros del rubro de \u201cCesant\u00eda y vejez\u201d, afectando a m\u00e1s de mil\u00a0<strong>trabajadores colimenses<\/strong>, aunque a nivel nacional ser\u00edan m\u00e1s de 90 mil.<\/p>\n<p>Los manifestantes, integrantes del movimiento \u201cJubilados pie de lucha\u201d, exigieron afuera de una sucursal de la referida Afore, que la\u00a0<strong>Suprema Corte de Justicia de la Naci\u00f3n<\/strong>\u00a0dar marcha atr\u00e1s a la jurisprudencia 185\/2008, la cual ha afectado a m\u00e1s de 90 mil personas jubiladas a nivel nacional, pues con ella se niegan la entrega de ahorros captados por el rubro \u201cCesant\u00eda y vejez\u201d.<\/p>\n<p>En una entrevista con reporteros,\u00a0<strong>Leticia Aldrete Ramos<\/strong>, coordinadora estatal de \u201cJubilados pie de lucha\u201d, indic\u00f3 que la o el trabajador jubilado del Seguro Social afectado ahorr\u00f3 por el citado concepto, al menos, 300 mil pesos, y el mayor llega al mill\u00f3n. \u201cEstamos hablando de millones y millones de pesos\u201d, indic\u00f3.<\/p>\n<p>Explic\u00f3 que\u00a0<strong>Afore Siglo XXI Banorte<\/strong>\u00a0es una instituci\u00f3n del Seguro Social y la mayor\u00eda de los trabajadores tienen ah\u00ed sus ahorros. \u201cYa estamos agotando todas las instancias aqu\u00ed en el pa\u00eds; queremos que nos devuelvan nuestros ahorros de toda la vida de trabajo\u201d, indic\u00f3.<\/p>\n<p>Aldrete Ramos se\u00f1al\u00f3 que permanecen en esa situaci\u00f3n desde el a\u00f1o 2015 y que ya interpusieron amparos y demandas, pero la SCJN no les ha dado respuesta porque los\u00a0<strong>magistrados<\/strong>\u00a0dicen \u201cno tener un tiempo l\u00edmite\u201d para dar respuesta.<\/p>\n<p>Refiri\u00f3 que el presidente\u00a0<strong>Andr\u00e9s Manuel L\u00f3pez Obrador,<\/strong>\u00a0en el discurso, pone las necesidades de los\u00a0<strong>adultos mayores<\/strong>\u00a0como prioritarias, sin embargo, en los hechos no los apoya. \u201cAqu\u00ed resulta que no nos est\u00e1 apoyando, al contrario, nos dicen que lo que queremos es una doble pensi\u00f3n, y no es as\u00ed porque nosotros, como trabajadores del IMSS, no tenemos derecho a una pensi\u00f3n, lo que nos queda es que el Afore nos regrese lo que ya ahorre\u201d.<\/p>\n<p>Manifest\u00f3 que es el ahorro de los trabajadores que durante toda su\u00a0<strong>vida laboral<\/strong>\u00a0les estuvieron descontando y ahora \u201cla SCJN les dice que ese dinero no es suyo\u201d.<\/p>\n<p>Cuestion\u00f3 que sus ahorros, el Gobierno federal los disponga para labor social. \u201cNosotros no tenemos la culpa de que el Gobierno est\u00e9 repartiendo todo nuestro dinero. No es posible que ahora que estamos viejitos y achacosos estemos peleando lo que ahorramos toda la vida\u201d.<\/p>\n<p>De igual manera, Alicia Aldrete denunci\u00f3 que, si acuden a la\u00a0<strong>Afore Siglo XXI<\/strong>\u00a0antes de cumplir los 60 a\u00f1os, les dicen: \u201cCuando cumplas los 60 a\u00f1os vienes por tu dinero. Los cumplimos y regresamos, pero en nuestro estado de cuenta ya no hay ning\u00fan cinco. Nos dicen que \u2018autorizaste en autom\u00e1tico la transferencia a Gobierno federal\u2019. Estamos hablando de 300, 400, 500, 600, 800 mil pesos y algunos m\u00e1s, por cada jubilado\u201d.<\/p>\n<p>Leticia Aldrete Ramos, coordinadora estatal de \u201cJubilados pie de lucha\u201d, reiter\u00f3 que ellos y ellas en ning\u00fan momento firmaron para que se hiciera dicha transferencia al Gobierno federal.<\/p>\n<p><a href=\"https:\/\/elcomentario.ucol.mx\/exigen-jubilados-del-imss-que-gobierno-federal-les-regrese-ahorros-del-afore\/\">https:\/\/elcomentario.ucol.mx\/exigen-jubilados-del-imss-que-gobierno-federal-les-regrese-ahorros-del-afore\/<\/a><\/p>\n","protected":false},"excerpt":{"rendered":"<p>imagen: El Comentario Jubilados del\u00a0Instituto Mexicano del Seguro Social\u00a0(IMSS) se manifestaron en contra de la Afore Siglo XXI de Banorte, a quien acusan de no entregarles sus ahorros del rubro &hellip; <a href=\"https:\/\/www.grieta.org.mx\/index.php\/2022\/10\/04\/exigen-jubilados-del-imss-que-gobierno-federal-les-regrese-ahorros-del-afore\/\" class=\"more-link\">Leer m\u00e1s<\/a><\/p>\n","protected":false},"author":2,"featured_media":65459,"comment_status":"closed","ping_status":"closed","sticky":false,"template":"","format":"standard","meta":{"ngg_post_thumbnail":0,"_jetpack_newsletter_access":"","_jetpack_dont_email_post_to_subs":false,"_jetpack_newsletter_tier_id":0,"_jetpack_memberships_contains_paywalled_content":false,"_jetpack_memberships_contains_paid_content":false,"footnotes":""},"categories":[80,13,910,2192,2,83],"tags":[892,2841,2281,166,3792,3790,3642],"class_list":["post-65458","post","type-post","status-publish","format-standard","has-post-thumbnail","hentry","category-cintillo","category-colima","category-explotacion-y-precariedad-laboral","category-explotacion-y-precariedad-laboral-en-colima","category-noticias-nacionales","category-temas-nacionales","tag-afores","tag-explotacion-y-precariedad-laboral","tag-falta-de-pago-de-jubilaciones","tag-imss","tag-protestas-de-jubilados-y-pensionados","tag-protestas-por-falta-de-pagos","tag-sistema-de-pensiones","entry"],"jetpack_featured_media_url":"https:\/\/www.grieta.org.mx\/wp-content\/uploads\/2022\/10\/LOCAL-8-780x470-1.jpg","jetpack_sharing_enabled":true,"jetpack_shortlink":"https:\/\/wp.me\/p7ZJR4-h1M","jetpack_likes_enabled":false,"jetpack-related-posts":[{"id":59627,"url":"https:\/\/www.grieta.org.mx\/index.php\/2021\/05\/29\/jubilados-del-imss-exigen-pago-de-afore-nayarit\/","url_meta":{"origin":65458,"position":0},"title":"Jubilados del IMSS exigen pago de Afore (Nayarit)","author":"grieta","date":"29 mayo, 2021","format":false,"excerpt":"Foto: Realidades de Nayarit 80 mil trabajadores jubilados y pensionados del pa\u00eds que a\u00fan no\u00a0 pueden recuperar ese dinero Ver\u00f3nica Ram\u00edrez \/ Realidades de Nayarit Tepic, Nayarit.- S\u00e1bado 29 de mayo del 2021.- Trabajadores jubilados y pensionados del IMSS exigen al Gobierno Federal,\u00a0 les pague lo correspondiente al\u00a0 \u00a0Afore\u00a0 que\u2026","rel":"","context":"En &quot;CINTILLO&quot;","block_context":{"text":"CINTILLO","link":"https:\/\/www.grieta.org.mx\/index.php\/category\/cintillo\/"},"img":{"alt_text":"","src":"https:\/\/i0.wp.com\/www.grieta.org.mx\/wp-content\/uploads\/2021\/05\/jubilados-768x479-1.jpg?resize=350%2C200&ssl=1","width":350,"height":200,"srcset":"https:\/\/i0.wp.com\/www.grieta.org.mx\/wp-content\/uploads\/2021\/05\/jubilados-768x479-1.jpg?resize=350%2C200&ssl=1 1x, https:\/\/i0.wp.com\/www.grieta.org.mx\/wp-content\/uploads\/2021\/05\/jubilados-768x479-1.jpg?resize=525%2C300&ssl=1 1.5x, https:\/\/i0.wp.com\/www.grieta.org.mx\/wp-content\/uploads\/2021\/05\/jubilados-768x479-1.jpg?resize=700%2C400&ssl=1 2x"},"classes":[]},{"id":21184,"url":"https:\/\/www.grieta.org.mx\/index.php\/2016\/09\/05\/se-manifiestan-jubilados-imss-contra-afore-banorte-colima\/","url_meta":{"origin":65458,"position":1},"title":"Se manifiestan jubilados IMSS contra Afore Banorte (Colima)","author":"grieta","date":"5 septiembre, 2016","format":false,"excerpt":"*No quiere seguir pagando el concepto de cesant\u00eda y vejez a 500 personas que tienen tambi\u00e9n cuentas desde 70 mil a 600 mil pesos por a\u00f1os de servicio. Oscar Cervantes|COLIMANOTICIAS Colima, Col.- M\u00e1s de cien jubilados del Instituto Mexicano del Seguro Social se manifestaron est\u00e1 ma\u00f1ana en las oficinas de\u2026","rel":"","context":"En &quot;CINTILLO&quot;","block_context":{"text":"CINTILLO","link":"https:\/\/www.grieta.org.mx\/index.php\/category\/cintillo\/"},"img":{"alt_text":"","src":"https:\/\/i0.wp.com\/www.grieta.org.mx\/wp-content\/uploads\/2018\/03\/14524434_1106112876131411_958039263622046936_o.jpg?resize=350%2C200&ssl=1","width":350,"height":200,"srcset":"https:\/\/i0.wp.com\/www.grieta.org.mx\/wp-content\/uploads\/2018\/03\/14524434_1106112876131411_958039263622046936_o.jpg?resize=350%2C200&ssl=1 1x, https:\/\/i0.wp.com\/www.grieta.org.mx\/wp-content\/uploads\/2018\/03\/14524434_1106112876131411_958039263622046936_o.jpg?resize=525%2C300&ssl=1 1.5x, https:\/\/i0.wp.com\/www.grieta.org.mx\/wp-content\/uploads\/2018\/03\/14524434_1106112876131411_958039263622046936_o.jpg?resize=700%2C400&ssl=1 2x"},"classes":[]},{"id":58835,"url":"https:\/\/www.grieta.org.mx\/index.php\/2021\/04\/13\/exigen-jubilados-y-trabajadores-en-activo-del-imss-que-se-les-regrese-el-ahorro-de-cesantia-y-vejez-jalisco\/","url_meta":{"origin":65458,"position":2},"title":"Exigen jubilados y trabajadores en activo del IMSS que se les regrese el ahorro de cesant\u00eda y vejez (Jalisco)","author":"grieta","date":"13 abril, 2021","format":false,"excerpt":"Foto: Aurelio Maga\u00f1a Rosario Bare\u00f1o \/ El Occidental Trabajadores en activo y jubilados del Instituto Mexicano del Seguro Social (IMSS) se manifestaron frente a Expo Guadalajara. En el lugar, se desarrolla la reuni\u00f3n del Consejo Nacional del Sindicato de Trabajadores del IMSS y l\u00edderes sindicales de seccionales, en la que\u2026","rel":"","context":"En &quot;CINTILLO&quot;","block_context":{"text":"CINTILLO","link":"https:\/\/www.grieta.org.mx\/index.php\/category\/cintillo\/"},"img":{"alt_text":"","src":"https:\/\/i0.wp.com\/www.grieta.org.mx\/wp-content\/uploads\/2021\/04\/Jubilados.jpeg?resize=350%2C200&ssl=1","width":350,"height":200,"srcset":"https:\/\/i0.wp.com\/www.grieta.org.mx\/wp-content\/uploads\/2021\/04\/Jubilados.jpeg?resize=350%2C200&ssl=1 1x, https:\/\/i0.wp.com\/www.grieta.org.mx\/wp-content\/uploads\/2021\/04\/Jubilados.jpeg?resize=525%2C300&ssl=1 1.5x, https:\/\/i0.wp.com\/www.grieta.org.mx\/wp-content\/uploads\/2021\/04\/Jubilados.jpeg?resize=700%2C400&ssl=1 2x"},"classes":[]},{"id":1045,"url":"https:\/\/www.grieta.org.mx\/index.php\/2015\/12\/08\/exigen-jubilados-del-imss-pago-de-sus-ahorros-a-afore-siglo-xxi\/","url_meta":{"origin":65458,"position":3},"title":"Exigen jubilados del IMSS pago de sus ahorros a Afore siglo XXI","author":"grieta","date":"8 diciembre, 2015","format":false,"excerpt":"Rogelio F\u00e9lix, Sinaloa Por tercera ocasi\u00f3n, jubilados y pensionados del Instituto Mexicano del Seguro Social se manifestaron en las oficinas de Afore Banorte Siglo XXI para exigir el pago de sus ahorros que les corresponden y que demandan desde hace varios a\u00f1os. Los inconformes pidieron la intervenci\u00f3n de su dirigente\u2026","rel":"","context":"En &quot;CINTILLO&quot;","block_context":{"text":"CINTILLO","link":"https:\/\/www.grieta.org.mx\/index.php\/category\/cintillo\/"},"img":{"alt_text":"","src":"https:\/\/i0.wp.com\/www.grieta.org.mx\/wp-content\/uploads\/2018\/03\/14524434_1106112876131411_958039263622046936_o.jpg?resize=350%2C200&ssl=1","width":350,"height":200,"srcset":"https:\/\/i0.wp.com\/www.grieta.org.mx\/wp-content\/uploads\/2018\/03\/14524434_1106112876131411_958039263622046936_o.jpg?resize=350%2C200&ssl=1 1x, https:\/\/i0.wp.com\/www.grieta.org.mx\/wp-content\/uploads\/2018\/03\/14524434_1106112876131411_958039263622046936_o.jpg?resize=525%2C300&ssl=1 1.5x, https:\/\/i0.wp.com\/www.grieta.org.mx\/wp-content\/uploads\/2018\/03\/14524434_1106112876131411_958039263622046936_o.jpg?resize=700%2C400&ssl=1 2x"},"classes":[]},{"id":62406,"url":"https:\/\/www.grieta.org.mx\/index.php\/2021\/10\/15\/pensionados-y-jubilados-embargan-y-quieren-rematar-casa-de-gobierno-colima\/","url_meta":{"origin":65458,"position":4},"title":"Pensionados y jubilados embargan y quieren rematar Casa de Gobierno (Colima)","author":"grieta","date":"15 octubre, 2021","format":false,"excerpt":"Foto: El Comentario Carlos A. Ar\u00e9valo \/ El Comentario Un grupo de jubilados y pensionados de confianza del Gobierno del estado, de manera simb\u00f3lica embargaron la Casa de Gobierno, ubicada en la ciudad de Colima, para rematar el inmueble y con ese recurso se les pague sus quincenas atrasadas. La\u2026","rel":"","context":"En &quot;CINTILLO&quot;","block_context":{"text":"CINTILLO","link":"https:\/\/www.grieta.org.mx\/index.php\/category\/cintillo\/"},"img":{"alt_text":"","src":"https:\/\/i0.wp.com\/www.grieta.org.mx\/wp-content\/uploads\/2021\/10\/37057b1468d8a49389439a93ab2be3c1.jpeg?resize=350%2C200&ssl=1","width":350,"height":200,"srcset":"https:\/\/i0.wp.com\/www.grieta.org.mx\/wp-content\/uploads\/2021\/10\/37057b1468d8a49389439a93ab2be3c1.jpeg?resize=350%2C200&ssl=1 1x, https:\/\/i0.wp.com\/www.grieta.org.mx\/wp-content\/uploads\/2021\/10\/37057b1468d8a49389439a93ab2be3c1.jpeg?resize=525%2C300&ssl=1 1.5x, https:\/\/i0.wp.com\/www.grieta.org.mx\/wp-content\/uploads\/2021\/10\/37057b1468d8a49389439a93ab2be3c1.jpeg?resize=700%2C400&ssl=1 2x"},"classes":[]},{"id":21043,"url":"https:\/\/www.grieta.org.mx\/index.php\/2016\/09\/05\/jubilados-exigen-sus-ahorros-a-afore-xxi-sinaloa\/","url_meta":{"origin":65458,"position":5},"title":"Jubilados exigen sus ahorros a Afore XXI (Sinaloa)","author":"grieta","date":"5 septiembre, 2016","format":false,"excerpt":"Los Mochis, Sinaloa.- Jubilados del IMSS toman de nueva cuenta las instalaciones de Afores XXI Banorte con la finalidad de exigir sus ahorros. En noviembre del 2015 y por seis meses mantuvieron tomadas las instalaciones en espera de un resultado favorable. La junta de conciliaci\u00f3n y arbitraje #35 les otorg\u00f3\u2026","rel":"","context":"En &quot;CINTILLO&quot;","block_context":{"text":"CINTILLO","link":"https:\/\/www.grieta.org.mx\/index.php\/category\/cintillo\/"},"img":{"alt_text":"","src":"https:\/\/i0.wp.com\/www.grieta.org.mx\/wp-content\/uploads\/2018\/03\/14524434_1106112876131411_958039263622046936_o.jpg?resize=350%2C200&ssl=1","width":350,"height":200,"srcset":"https:\/\/i0.wp.com\/www.grieta.org.mx\/wp-content\/uploads\/2018\/03\/14524434_1106112876131411_958039263622046936_o.jpg?resize=350%2C200&ssl=1 1x, https:\/\/i0.wp.com\/www.grieta.org.mx\/wp-content\/uploads\/2018\/03\/14524434_1106112876131411_958039263622046936_o.jpg?resize=525%2C300&ssl=1 1.5x, https:\/\/i0.wp.com\/www.grieta.org.mx\/wp-content\/uploads\/2018\/03\/14524434_1106112876131411_958039263622046936_o.jpg?resize=700%2C400&ssl=1 2x"},"classes":[]}],"_links":{"self":[{"href":"https:\/\/www.grieta.org.mx\/index.php\/wp-json\/wp\/v2\/posts\/65458","targetHints":{"allow":["GET"]}}],"collection":[{"href":"https:\/\/www.grieta.org.mx\/index.php\/wp-json\/wp\/v2\/posts"}],"about":[{"href":"https:\/\/www.grieta.org.mx\/index.php\/wp-json\/wp\/v2\/types\/post"}],"author":[{"embeddable":true,"href":"https:\/\/www.grieta.org.mx\/index.php\/wp-json\/wp\/v2\/users\/2"}],"replies":[{"embeddable":true,"href":"https:\/\/www.grieta.org.mx\/index.php\/wp-json\/wp\/v2\/comments?post=65458"}],"version-history":[{"count":1,"href":"https:\/\/www.grieta.org.mx\/index.php\/wp-json\/wp\/v2\/posts\/65458\/revisions"}],"predecessor-version":[{"id":65460,"href":"https:\/\/www.grieta.org.mx\/index.php\/wp-json\/wp\/v2\/posts\/65458\/revisions\/65460"}],"wp:featuredmedia":[{"embeddable":true,"href":"https:\/\/www.grieta.org.mx\/index.php\/wp-json\/wp\/v2\/media\/65459"}],"wp:attachment":[{"href":"https:\/\/www.grieta.org.mx\/index.php\/wp-json\/wp\/v2\/media?parent=65458"}],"wp:term":[{"taxonomy":"category","embeddable":true,"href":"https:\/\/www.grieta.org.mx\/index.php\/wp-json\/wp\/v2\/categories?post=65458"},{"taxonomy":"post_tag","embeddable":true,"href":"https:\/\/www.grieta.org.mx\/index.php\/wp-json\/wp\/v2\/tags?post=65458"}],"curies":[{"name":"wp","href":"https:\/\/api.w.org\/{rel}","templated":true}]}}