{"id":65435,"date":"2022-09-29T10:32:35","date_gmt":"2022-09-29T15:32:35","guid":{"rendered":"https:\/\/www.grieta.org.mx\/?p=65435"},"modified":"2022-10-08T10:55:03","modified_gmt":"2022-10-08T15:55:03","slug":"aborto-legal-ya-feministas-exigen-su-derecho-a-decidir-en-puerto-vallarta-jalisco","status":"publish","type":"post","link":"https:\/\/www.grieta.org.mx\/index.php\/2022\/09\/29\/aborto-legal-ya-feministas-exigen-su-derecho-a-decidir-en-puerto-vallarta-jalisco\/","title":{"rendered":"\u201cAborto legal ya\u201d: feministas exigen su derecho a decidir en Puerto Vallarta (Jalisco)"},"content":{"rendered":"<p>Imagen: Zona Docs:<\/p>\n<p><strong>Decenas de feministas en Puerto Vallarta, Jalisco se unieron a la marea verde este 28 de septiembre en conmemoraci\u00f3n del\u00a0<em>D\u00eda de Acci\u00f3n Global por un aborto legal, seguro<\/em>\u00a0y gratuito para exigir que este derecho sea garantizado a las mujeres y personas con capacidad de gestar en la entidad, as\u00ed como sucede en nueve estados de M\u00e9xico<\/strong><\/p>\n<p>Leslie Zepeda \/ Zona Docs<\/p>\n<p>Por casi tres kil\u00f3metros, 2.8 exactamente, decenas de feministas soportaron el sol abrasador de Puerto Vallarta para\u00a0<strong>salir a marchar y exigir la despenalizaci\u00f3n del aborto en Jalisco<\/strong>; es decir,\u00a0<strong>que sea legal, seguro y gratuito<\/strong>\u00a0para mujeres y personas con capacidad de gestar en el estado.<\/p>\n<p>Herova Olmos, representante de la colectiva\u00a0<em>Vallarta Fem,<\/em>\u00a0quienes convocaron a la marcha de este 28 de septiembre, reconoci\u00f3 que los contextos de cada mujer en el pa\u00eds son diversos y, con ello,\u00a0<strong>las posibilidades y\/o imposibilidades de acceder a un aborto que no atente contra su bienestar f\u00edsico y mental,<\/strong>\u00a0por ello decidieron tomar otro a\u00f1o m\u00e1s las calles del municipio costero:<\/p>\n<p><em>\u201cCreemos tanto en los derechos de las dem\u00e1s personas, que sabemos que aunque nosotras tener el privilegio de acceder a un aborto seguro, sabemos que muchas otras no lo tienen, es m\u00e1s, que ni siquiera pueden acceder a los anticonceptivos, mucho menos a informaci\u00f3n. Ninguna es libre hasta que todas seamos libres\u201d.<\/em><\/p>\n<p>El recorrido que realizaron las asistentes convocadas por la organizaci\u00f3n feminista comenz\u00f3 en el\u00a0<strong>Parque de las Mujeres<\/strong>, un espacio apropiado por todas ellas desde varias manifestaciones atr\u00e1s, donde precisamente\u00a0<strong>mantienen la antimonumenta y memorial para las v\u00edctimas de feminicidio en Puerto Vallarta.<\/strong><\/p>\n<p>\u201cPorque el aborto legal, seguro y gratuito no es un capricho, es un tema de salud p\u00fablica, es un tema de justicia social y es un tema de igualdad,\u00a0<strong>por qu\u00e9 si las morras de Ciudad de M\u00e9xico pueden acceder a uno, por qu\u00e9 las morras de Jalisco no podemos hacerlo<\/strong>\u201d, estas fueron algunas de las consignas que las manifestantes colocaron en sus pancartas bajo\u00a0<strong>la reivindicaci\u00f3n a sus derechos sexuales\u00a0<\/strong><strong>y reproductivos.<\/strong><\/p>\n<p>El recorrido finaliz\u00f3 hasta Los Arcos en el malec\u00f3n de Puerto Vallarta, donde todas se concentraron a micr\u00f3fono abierto para poder compartir experiencias. En este espacio Herova Olmos extern\u00f3 que\u00a0<strong>salir a tomar las calles es la mejor forma de presionar a las y los legisladores para avanzar en la exigencia por la despenalizaci\u00f3n del derecho a decidir<\/strong><\/p>\n<p><em>\u201cLo que hace falta es que nuestras diputadas y nuestros diputados tengan las ganas, la voluntad de hablar m\u00e1s all\u00e1 de su privilegio, del curul y del dinero que ganan por parte del recurso p\u00fablico. Que puedan hablar por todas las mujeres, no s\u00f3lo por un sector privilegiado que puede movilizarse hasta la Ciudad de M\u00e9xico para realizarse un aborto seguro\u201d.<\/em><\/p>\n<p>Al arribar a Los Arcos, en el centro de la ciudad, la colectiva hab\u00eda planeado una presentaci\u00f3n musical, sin embargo,\u00a0<strong>fue imposible porque no funcion\u00f3 la conexi\u00f3n de electricidad;\u00a0<\/strong>a decir de las colectivas,\u00a0<strong>la falla pudo haber sido provocada de manera intencional por el municipio para impedir la concentraci\u00f3n<\/strong>.<\/p>\n<p>Sin embargo, la conmemoraci\u00f3n del\u00a0<em>D\u00eda de Acci\u00f3n Global por un aborto legal, seguro ygratuito<\/em>\u00a0en Puerto Vallarta culmin\u00f3 entre la uni\u00f3n de las asistentes\u00a0<strong>quienes entonaron a capela la\u00a0<em>Canci\u00f3n sin miedo<\/em>, de Vivir Quintana, un himno de representaci\u00f3n para las feministas.<\/strong><\/p>\n<p>Las acciones de la colectiva\u00a0<em>Vallarta Fem<\/em>\u00a0van m\u00e1s all\u00e1 de las movilizaciones por el 8 de marzo, (D\u00eda Internacional de las Mujeres); el 28 de septiembre (D\u00eda de Acci\u00f3n Global por un aborto legal, seguro y gratuito) o del 25 de noviembre (D\u00eda por la eliminaci\u00f3n de la violencia contra las mujeres). De manera activa realizan labores de incidencia permanente; por ejemplo, en esta fecha decidieron realizar\u00a0<strong>una colecta de productos para la gesti\u00f3n menstrual de las mujeres que permanecen privadas de la libertad<\/strong>\u00a0en el centro penitenciario de Ixtapa en Puerto Vallarta.<\/p>\n<p><a href=\"https:\/\/www.zonadocs.mx\/2022\/09\/29\/aborto-legal-ya-feministas-exigen-su-derecho-a-decidir-en-puerto-vallarta\/\">https:\/\/www.zonadocs.mx\/2022\/09\/29\/aborto-legal-ya-feministas-exigen-su-derecho-a-decidir-en-puerto-vallarta\/<\/a><\/p>\n","protected":false},"excerpt":{"rendered":"<p>Imagen: Zona Docs: Decenas de feministas en Puerto Vallarta, Jalisco se unieron a la marea verde este 28 de septiembre en conmemoraci\u00f3n del\u00a0D\u00eda de Acci\u00f3n Global por un aborto legal, &hellip; <a href=\"https:\/\/www.grieta.org.mx\/index.php\/2022\/09\/29\/aborto-legal-ya-feministas-exigen-su-derecho-a-decidir-en-puerto-vallarta-jalisco\/\" class=\"more-link\">Leer m\u00e1s<\/a><\/p>\n","protected":false},"author":2,"featured_media":65436,"comment_status":"closed","ping_status":"closed","sticky":false,"template":"","format":"standard","meta":{"ngg_post_thumbnail":0,"_jetpack_newsletter_access":"","_jetpack_dont_email_post_to_subs":false,"_jetpack_newsletter_tier_id":0,"_jetpack_memberships_contains_paywalled_content":false,"_jetpack_memberships_contains_paid_content":false,"footnotes":""},"categories":[80,20,2,2504],"tags":[3042,3148,3715,2248,3208],"class_list":["post-65435","post","type-post","status-publish","format-standard","has-post-thumbnail","hentry","category-cintillo","category-jalisco","category-noticias-nacionales","category-violencia-contra-las-mujeres-en-jalisco","tag-colectivos-feministas","tag-lucha-feminista","tag-lucha-por-legalizacion-del-aborto","tag-luchas-de-las-mujeres","tag-marcha-de-mujeres","entry"],"jetpack_featured_media_url":"https:\/\/www.grieta.org.mx\/wp-content\/uploads\/2022\/10\/photo1664426560-1-1068x801-1.jpeg","jetpack_sharing_enabled":true,"jetpack_shortlink":"https:\/\/wp.me\/p7ZJR4-h1p","jetpack_likes_enabled":false,"jetpack-related-posts":[{"id":62100,"url":"https:\/\/www.grieta.org.mx\/index.php\/2021\/09\/27\/ahora-es-cuando-marchan-por-la-despenalizacion-del-aborto-en-jalisco\/","url_meta":{"origin":65435,"position":0},"title":"\u00a1Ahora es cuando! Marchan por la despenalizaci\u00f3n del aborto en Jalisco","author":"grieta","date":"27 septiembre, 2021","format":false,"excerpt":"Foto: Dalia Souza - Ximena Torres En medio de una fuerte tormenta, la marea verde en Guadalajara march\u00f3 este domingo 26 de septiembre recorriendo las calles del centro de la capital de Jalisco para decirle a las y los legisladores que el momento de despenalizar el aborto en el estado\u2026","rel":"","context":"En &quot;CINTILLO&quot;","block_context":{"text":"CINTILLO","link":"https:\/\/www.grieta.org.mx\/index.php\/category\/cintillo\/"},"img":{"alt_text":"","src":"https:\/\/i0.wp.com\/www.grieta.org.mx\/wp-content\/uploads\/2021\/10\/photo5082717964159003119-1068x801-1.jpg?resize=350%2C200&ssl=1","width":350,"height":200,"srcset":"https:\/\/i0.wp.com\/www.grieta.org.mx\/wp-content\/uploads\/2021\/10\/photo5082717964159003119-1068x801-1.jpg?resize=350%2C200&ssl=1 1x, https:\/\/i0.wp.com\/www.grieta.org.mx\/wp-content\/uploads\/2021\/10\/photo5082717964159003119-1068x801-1.jpg?resize=525%2C300&ssl=1 1.5x, https:\/\/i0.wp.com\/www.grieta.org.mx\/wp-content\/uploads\/2021\/10\/photo5082717964159003119-1068x801-1.jpg?resize=700%2C400&ssl=1 2x, https:\/\/i0.wp.com\/www.grieta.org.mx\/wp-content\/uploads\/2021\/10\/photo5082717964159003119-1068x801-1.jpg?resize=1050%2C600&ssl=1 3x"},"classes":[]},{"id":61594,"url":"https:\/\/www.grieta.org.mx\/index.php\/2021\/09\/05\/una-rodada-por-la-despenalizacion-del-aborto-jalisco\/","url_meta":{"origin":65435,"position":1},"title":"Una rodada por la despenalizaci\u00f3n del aborto (Jalisco)","author":"grieta","date":"5 septiembre, 2021","format":false,"excerpt":"Foto: Zona Docs Camino al D\u00eda de Acci\u00f3n Global por un aborto legal, gratuito y seguro, que se celebra el 18 de septiembre, la colectiva Arp\u00edas GDL organiz\u00f3 \u201cLa Rodada por Derecho a Decidir\u201d, con la que se busc\u00f3 visibilizar que las mujeres y s\u00f3lo ellas pueden decidir sobre su\u2026","rel":"","context":"En &quot;CINTILLO&quot;","block_context":{"text":"CINTILLO","link":"https:\/\/www.grieta.org.mx\/index.php\/category\/cintillo\/"},"img":{"alt_text":"","src":"https:\/\/i0.wp.com\/www.grieta.org.mx\/wp-content\/uploads\/2021\/09\/rodda3.jpg?resize=350%2C200&ssl=1","width":350,"height":200,"srcset":"https:\/\/i0.wp.com\/www.grieta.org.mx\/wp-content\/uploads\/2021\/09\/rodda3.jpg?resize=350%2C200&ssl=1 1x, https:\/\/i0.wp.com\/www.grieta.org.mx\/wp-content\/uploads\/2021\/09\/rodda3.jpg?resize=525%2C300&ssl=1 1.5x, https:\/\/i0.wp.com\/www.grieta.org.mx\/wp-content\/uploads\/2021\/09\/rodda3.jpg?resize=700%2C400&ssl=1 2x, https:\/\/i0.wp.com\/www.grieta.org.mx\/wp-content\/uploads\/2021\/09\/rodda3.jpg?resize=1050%2C600&ssl=1 3x"},"classes":[]},{"id":63695,"url":"https:\/\/www.grieta.org.mx\/index.php\/2022\/03\/08\/marchan-mujeres-de-vallarta-para-exigir-respeto-y-seguridad-jalisco\/","url_meta":{"origin":65435,"position":2},"title":"Marchan mujeres de Vallarta para exigir respeto y seguridad (Jalisco)","author":"grieta","date":"8 marzo, 2022","format":false,"excerpt":"Foto: Tribuna de la Bah\u00eda Brenda Beltr\u00e1n \/ Tribuna de la Bah\u00eda Cientos de mujeres, pertenecientes a colectivos de\u00a0Puerto Vallarta, estudiantes, madres de familias y m\u00e1s, salieron a\u00a0marchar este 8 de marzo\u00a0de forma pac\u00edfica, exigiendo a las autoridades que sean escuchadas ante la violencia que se vive en la ciudad.\u2026","rel":"","context":"En &quot;CINTILLO&quot;","block_context":{"text":"CINTILLO","link":"https:\/\/www.grieta.org.mx\/index.php\/category\/cintillo\/"},"img":{"alt_text":"","src":"https:\/\/i0.wp.com\/www.grieta.org.mx\/wp-content\/uploads\/2022\/03\/marcha-8m-cover.jpg?resize=350%2C200&ssl=1","width":350,"height":200,"srcset":"https:\/\/i0.wp.com\/www.grieta.org.mx\/wp-content\/uploads\/2022\/03\/marcha-8m-cover.jpg?resize=350%2C200&ssl=1 1x, https:\/\/i0.wp.com\/www.grieta.org.mx\/wp-content\/uploads\/2022\/03\/marcha-8m-cover.jpg?resize=525%2C300&ssl=1 1.5x, https:\/\/i0.wp.com\/www.grieta.org.mx\/wp-content\/uploads\/2022\/03\/marcha-8m-cover.jpg?resize=700%2C400&ssl=1 2x"},"classes":[]},{"id":69955,"url":"https:\/\/www.grieta.org.mx\/index.php\/2024\/09\/29\/fuera-el-aborto-del-codigo-penal-de-jalisco-es-el-reclamo-de-quienes-tomaron-el-congreso-del-estado-este-28s\/","url_meta":{"origin":65435,"position":3},"title":"\u201cFuera el aborto del C\u00f3digo Penal de Jalisco\u201d es el reclamo de quienes tomaron el Congreso del Estado este #28S","author":"grieta","date":"29 septiembre, 2024","format":false,"excerpt":"Imagen: Dalia Souza \/ Zona Docs Con la consigna \u201cFuera el aborto del C\u00f3digo Penal\u201d colectivas, mujeres y disidencias accionaron a las afueras del Congreso de Jalisco este s\u00e1bado para reclamar la despenalizaci\u00f3n del aborto en el estado.En el marco del\u00a0D\u00eda de Acci\u00f3n Global por un Aborto Legal y Seguro,\u2026","rel":"","context":"En &quot;CINTILLO&quot;","block_context":{"text":"CINTILLO","link":"https:\/\/www.grieta.org.mx\/index.php\/category\/cintillo\/"},"img":{"alt_text":"","src":"https:\/\/i0.wp.com\/www.grieta.org.mx\/wp-content\/uploads\/2024\/10\/photo_5174790092911389973_y.jpg?resize=350%2C200&ssl=1","width":350,"height":200,"srcset":"https:\/\/i0.wp.com\/www.grieta.org.mx\/wp-content\/uploads\/2024\/10\/photo_5174790092911389973_y.jpg?resize=350%2C200&ssl=1 1x, https:\/\/i0.wp.com\/www.grieta.org.mx\/wp-content\/uploads\/2024\/10\/photo_5174790092911389973_y.jpg?resize=525%2C300&ssl=1 1.5x, https:\/\/i0.wp.com\/www.grieta.org.mx\/wp-content\/uploads\/2024\/10\/photo_5174790092911389973_y.jpg?resize=700%2C400&ssl=1 2x, https:\/\/i0.wp.com\/www.grieta.org.mx\/wp-content\/uploads\/2024\/10\/photo_5174790092911389973_y.jpg?resize=1050%2C600&ssl=1 3x"},"classes":[]},{"id":38837,"url":"https:\/\/www.grieta.org.mx\/index.php\/2019\/09\/02\/feministas-de-vallarta-exigiran-a-enrique-alfaro-acciones-contra-feminicidios-jalisco\/","url_meta":{"origin":65435,"position":4},"title":"Feministas de Vallarta exigir\u00e1n a Enrique Alfaro acciones contra feminicidios (Jalisco)","author":"grieta","date":"2 septiembre, 2019","format":false,"excerpt":"Foto: Vallarta Opina Jos\u00e9 Luis Burgos \/ Vallarta Opina El colectivo de activistas mujeres \u201cVallarta Fem\u201d ha anunciado su intenci\u00f3n de enviar un pliego petitorio al Gobierno de Jalisco para que tome cartas en la crisis de feminicidios y trata de mujeres que existe en Puerto Vallarta. Esto, luego de\u2026","rel":"","context":"En &quot;CINTILLO&quot;","block_context":{"text":"CINTILLO","link":"https:\/\/www.grieta.org.mx\/index.php\/category\/cintillo\/"},"img":{"alt_text":"","src":"https:\/\/i0.wp.com\/www.grieta.org.mx\/wp-content\/uploads\/2019\/09\/Manifestaci%C3%B3n-feminista-en-Puerto-Vallarta-1.jpeg?resize=350%2C200&ssl=1","width":350,"height":200,"srcset":"https:\/\/i0.wp.com\/www.grieta.org.mx\/wp-content\/uploads\/2019\/09\/Manifestaci%C3%B3n-feminista-en-Puerto-Vallarta-1.jpeg?resize=350%2C200&ssl=1 1x, https:\/\/i0.wp.com\/www.grieta.org.mx\/wp-content\/uploads\/2019\/09\/Manifestaci%C3%B3n-feminista-en-Puerto-Vallarta-1.jpeg?resize=525%2C300&ssl=1 1.5x, https:\/\/i0.wp.com\/www.grieta.org.mx\/wp-content\/uploads\/2019\/09\/Manifestaci%C3%B3n-feminista-en-Puerto-Vallarta-1.jpeg?resize=700%2C400&ssl=1 2x"},"classes":[]},{"id":52647,"url":"https:\/\/www.grieta.org.mx\/index.php\/2020\/08\/12\/https-www-somoselmedio-com-2020-08-12-colectivas-feministas-declaran-en-semaforo-rojo-a-los-municipios-de-puerto-vallarta-y-bahia-de-banderas-por-violencia-sexual-y-feminicida\/","url_meta":{"origin":65435,"position":5},"title":"Colectivas feministas declaran en Sem\u00e1foro Rojo a los municipios de Puerto Vallarta y Bah\u00eda de Banderas por violencia sexual y feminicida (Nayarit, Jalisco)","author":"grieta","date":"12 agosto, 2020","format":false,"excerpt":"Foto: Somos el Medio Redacci\u00f3n \/ @Somoselmeio Esta tarde, el Comit\u00e9 para Am\u00e9rica Latina y el Caribe para la Defensa de los Derechos de las Mujeres (Cladem), el Colectivo Mujeres Puerto Vallarta, el Colectivo MAM y mujeres feministas, declararon en\u00a0Sem\u00e1foro Rojo a los municipios de Puerto Vallarta y Bah\u00eda de\u2026","rel":"","context":"En &quot;CINTILLO&quot;","block_context":{"text":"CINTILLO","link":"https:\/\/www.grieta.org.mx\/index.php\/category\/cintillo\/"},"img":{"alt_text":"","src":"https:\/\/i0.wp.com\/www.grieta.org.mx\/wp-content\/uploads\/2020\/08\/feminicidios-768x1024.jpg?resize=350%2C200&ssl=1","width":350,"height":200,"srcset":"https:\/\/i0.wp.com\/www.grieta.org.mx\/wp-content\/uploads\/2020\/08\/feminicidios-768x1024.jpg?resize=350%2C200&ssl=1 1x, https:\/\/i0.wp.com\/www.grieta.org.mx\/wp-content\/uploads\/2020\/08\/feminicidios-768x1024.jpg?resize=525%2C300&ssl=1 1.5x, https:\/\/i0.wp.com\/www.grieta.org.mx\/wp-content\/uploads\/2020\/08\/feminicidios-768x1024.jpg?resize=700%2C400&ssl=1 2x"},"classes":[]}],"_links":{"self":[{"href":"https:\/\/www.grieta.org.mx\/index.php\/wp-json\/wp\/v2\/posts\/65435","targetHints":{"allow":["GET"]}}],"collection":[{"href":"https:\/\/www.grieta.org.mx\/index.php\/wp-json\/wp\/v2\/posts"}],"about":[{"href":"https:\/\/www.grieta.org.mx\/index.php\/wp-json\/wp\/v2\/types\/post"}],"author":[{"embeddable":true,"href":"https:\/\/www.grieta.org.mx\/index.php\/wp-json\/wp\/v2\/users\/2"}],"replies":[{"embeddable":true,"href":"https:\/\/www.grieta.org.mx\/index.php\/wp-json\/wp\/v2\/comments?post=65435"}],"version-history":[{"count":1,"href":"https:\/\/www.grieta.org.mx\/index.php\/wp-json\/wp\/v2\/posts\/65435\/revisions"}],"predecessor-version":[{"id":65437,"href":"https:\/\/www.grieta.org.mx\/index.php\/wp-json\/wp\/v2\/posts\/65435\/revisions\/65437"}],"wp:featuredmedia":[{"embeddable":true,"href":"https:\/\/www.grieta.org.mx\/index.php\/wp-json\/wp\/v2\/media\/65436"}],"wp:attachment":[{"href":"https:\/\/www.grieta.org.mx\/index.php\/wp-json\/wp\/v2\/media?parent=65435"}],"wp:term":[{"taxonomy":"category","embeddable":true,"href":"https:\/\/www.grieta.org.mx\/index.php\/wp-json\/wp\/v2\/categories?post=65435"},{"taxonomy":"post_tag","embeddable":true,"href":"https:\/\/www.grieta.org.mx\/index.php\/wp-json\/wp\/v2\/tags?post=65435"}],"curies":[{"name":"wp","href":"https:\/\/api.w.org\/{rel}","templated":true}]}}