{"id":65424,"date":"2022-09-29T15:36:51","date_gmt":"2022-09-29T20:36:51","guid":{"rendered":"https:\/\/www.grieta.org.mx\/?p=65424"},"modified":"2022-10-07T17:27:43","modified_gmt":"2022-10-07T22:27:43","slug":"maestros-bloquean-el-centro-de-merida-para-exigir-aumento-en-su-salario-y-la-eliminacion-de-la-ley-del-isstey-yucatan","status":"publish","type":"post","link":"https:\/\/www.grieta.org.mx\/index.php\/2022\/09\/29\/maestros-bloquean-el-centro-de-merida-para-exigir-aumento-en-su-salario-y-la-eliminacion-de-la-ley-del-isstey-yucatan\/","title":{"rendered":"Maestros bloquean el Centro de M\u00e9rida para exigir aumento en su salario y la eliminaci\u00f3n de la Ley del Isstey (Yucat\u00e1n)"},"content":{"rendered":"<p>Daniel Santiago \/ Por Esto!<\/p>\n<p>La tarde de hoy, maestros y Personal de Apoyo y Asistencia a la Educaci\u00f3n (PAAES), realizaron una manifestaci\u00f3n pac\u00edfica en el Centro de M\u00e9rida, pidiendo la intervenci\u00f3n del Gobierno del Estado para que se les cumpla el acuerdo de subirles un 70 por ciento el sueldo acorde a la inflaci\u00f3n, asimismo, por la eliminaci\u00f3n de la nueva Ley del Isstey que les afectar\u00e1.<\/p>\n<p>Limberth Santoyo, representante de los paaes, present\u00f3 el oficio en el que piden los siguientes puntos: aumento salarial a todo el personal educativo del 70 % que va a acorde con el salario m\u00ednimo y con la Inflaci\u00f3n que golpea su econom\u00eda, ya que desde el 2007 a la fecha solo nos han incrementado entre un 4.8 % y un 4.5 %.<\/p>\n<p>Otro punto es que al personal paaes se le cumpla el incremento del 60 % y 70% que el mes de mayo del presente a\u00f1o del presente a\u00f1o el l\u00edder nacional del SNTE, Alfonso Cepeda, hizo menci\u00f3n en una entrevista, el cual dijo que fue autorizado por el presidente de la Rep\u00fablica, Andr\u00e9s Manuel L\u00f3pez Obrador, y que a partir del 16 de mayo se ver\u00eda reflejado hasta llegar a un tope de 12 mil pesos el cual a la fecha no se refleja en el Fone. <\/p>\n<p>Tambi\u00e9n pidieron la derogaci\u00f3n de la nueva del Isstey, emitida 21 de julio por los legisladores del Congreso local del PAN, Verde Ecologista e independiente, ya que afecta los derechos laborales de los trabajadores del estado y adem\u00e1s el proceso est\u00e1 viciado y por \u00faltimo eliminaci\u00f3n de los UMAS para poder llegar a una jubilaci\u00f3n digna. <\/p>\n<p><a href=\"https:\/\/www.poresto.net\/yucatan\/2022\/9\/29\/maestros-bloquean-el-centro-de-merida-para-exigir-aumento-en-su-salario-la-eliminacion-de-la-ley-del-isstey-353982.html\" rel=\"noopener\" target=\"_blank\">https:\/\/www.poresto.net\/yucatan\/2022\/9\/29\/maestros-bloquean-el-centro-de-merida-para-exigir-aumento-en-su-salario-la-eliminacion-de-la-ley-del-isstey-353982.html<\/a><\/p>\n","protected":false},"excerpt":{"rendered":"<p>Daniel Santiago \/ Por Esto! La tarde de hoy, maestros y Personal de Apoyo y Asistencia a la Educaci\u00f3n (PAAES), realizaron una manifestaci\u00f3n pac\u00edfica en el Centro de M\u00e9rida, pidiendo &hellip; <a href=\"https:\/\/www.grieta.org.mx\/index.php\/2022\/09\/29\/maestros-bloquean-el-centro-de-merida-para-exigir-aumento-en-su-salario-y-la-eliminacion-de-la-ley-del-isstey-yucatan\/\" class=\"more-link\">Leer m\u00e1s<\/a><\/p>\n","protected":false},"author":2,"featured_media":65425,"comment_status":"closed","ping_status":"closed","sticky":false,"template":"","format":"standard","meta":{"ngg_post_thumbnail":0,"_jetpack_newsletter_access":"","_jetpack_dont_email_post_to_subs":false,"_jetpack_newsletter_tier_id":0,"_jetpack_memberships_contains_paywalled_content":false,"_jetpack_memberships_contains_paid_content":false,"footnotes":""},"categories":[80,1072,910,2,83,36],"tags":[113,105,492,2114,2453],"class_list":["post-65424","post","type-post","status-publish","format-standard","has-post-thumbnail","hentry","category-cintillo","category-conflictos-laborales-en-yucatan","category-explotacion-y-precariedad-laboral","category-noticias-nacionales","category-temas-nacionales","category-yucatan","tag-conflictos-laborales","tag-derechos-laborales","tag-issste","tag-lucha-por-salarios","tag-manifestacion-de-maestros","entry"],"jetpack_featured_media_url":"https:\/\/www.grieta.org.mx\/wp-content\/uploads\/2022\/10\/MaestrosBloquean-e1665181455149.jpg","jetpack_sharing_enabled":true,"jetpack_shortlink":"https:\/\/wp.me\/p7ZJR4-h1e","jetpack_likes_enabled":false,"jetpack-related-posts":[{"id":71825,"url":"https:\/\/www.grieta.org.mx\/index.php\/2025\/06\/05\/maestros-bloquean-acceso-al-aeropuerto-de-merida-yucatan\/","url_meta":{"origin":65424,"position":0},"title":"Maestros bloquean acceso al aeropuerto de M\u00e9rida (Yucat\u00e1n)","author":"grieta","date":"5 junio, 2025","format":false,"excerpt":"Herbeth Escalante \/ Haz Ruido Desde temprana hora, docentes de la CNTE han tomado la avenida Aviaci\u00f3n e incluso protestaron en las puertas del aeropuerto. M\u00e9rida, Yucat\u00e1n, 5 de junio de 2025.- Aproximadamente 3 mil maestros de la Coordinadora Nacional de Trabajadores de la Educaci\u00f3n (CNTE) mantienen bloqueado el acceso\u2026","rel":"","context":"En &quot;CINTILLO&quot;","block_context":{"text":"CINTILLO","link":"https:\/\/www.grieta.org.mx\/index.php\/category\/cintillo\/"},"img":{"alt_text":"","src":"https:\/\/i0.wp.com\/www.grieta.org.mx\/wp-content\/uploads\/2025\/06\/Maestros-e1749477518770.jpg?resize=350%2C200&ssl=1","width":350,"height":200,"srcset":"https:\/\/i0.wp.com\/www.grieta.org.mx\/wp-content\/uploads\/2025\/06\/Maestros-e1749477518770.jpg?resize=350%2C200&ssl=1 1x, https:\/\/i0.wp.com\/www.grieta.org.mx\/wp-content\/uploads\/2025\/06\/Maestros-e1749477518770.jpg?resize=525%2C300&ssl=1 1.5x, https:\/\/i0.wp.com\/www.grieta.org.mx\/wp-content\/uploads\/2025\/06\/Maestros-e1749477518770.jpg?resize=700%2C400&ssl=1 2x"},"classes":[]},{"id":68632,"url":"https:\/\/www.grieta.org.mx\/index.php\/2024\/03\/12\/sindicato-progresista-obtiene-amparo-contra-la-ley-del-isstey-yucatan\/","url_meta":{"origin":65424,"position":1},"title":"Sindicato Progresista obtiene amparo contra la Ley del Isstey (Yucat\u00e1n)","author":"grieta","date":"12 marzo, 2024","format":false,"excerpt":"Haz Ruido A los 399 agremiados no se les aplicar\u00e1 la figura de salario regulador en sus pensiones y jubilaciones, pues con esa ley se les pretend\u00eda pagar menos al momento de retirarse. M\u00e9rida, Yucat\u00e1n, 12 de marzo de 2024.-Las trabajadoras y los trabajadores judiciales agremiados al Sindicato Progresista obtuvieron\u2026","rel":"","context":"En &quot;CINTILLO&quot;","block_context":{"text":"CINTILLO","link":"https:\/\/www.grieta.org.mx\/index.php\/category\/cintillo\/"},"img":{"alt_text":"","src":"https:\/\/i0.wp.com\/www.grieta.org.mx\/wp-content\/uploads\/2024\/03\/Issstey-e1710769794736.jpg?resize=350%2C200&ssl=1","width":350,"height":200,"srcset":"https:\/\/i0.wp.com\/www.grieta.org.mx\/wp-content\/uploads\/2024\/03\/Issstey-e1710769794736.jpg?resize=350%2C200&ssl=1 1x, https:\/\/i0.wp.com\/www.grieta.org.mx\/wp-content\/uploads\/2024\/03\/Issstey-e1710769794736.jpg?resize=525%2C300&ssl=1 1.5x, https:\/\/i0.wp.com\/www.grieta.org.mx\/wp-content\/uploads\/2024\/03\/Issstey-e1710769794736.jpg?resize=700%2C400&ssl=1 2x"},"classes":[]},{"id":69028,"url":"https:\/\/www.grieta.org.mx\/index.php\/2024\/05\/27\/mas-de-300-maestros-protestan-en-la-secretaria-de-educacion-en-merida-exigen-aumento-salarial-yucatan\/","url_meta":{"origin":65424,"position":2},"title":"M\u00e1s de 300 maestros protestan en la Secretar\u00eda de Educaci\u00f3n en M\u00e9rida; exigen aumento salarial (Yucat\u00e1n)","author":"grieta","date":"27 mayo, 2024","format":false,"excerpt":"Iridiany Mart\u00edn \/ Foto Sara\u00ed Manzo \/ Por Esto! Aumento salarial y entrega de plazas, son las exigencias que los maestros hacen a la Secretar\u00eda de Educaci\u00f3n de Yucat\u00e1n durante una protesta afuera de las instalaciones M\u00e1s de 300 maestros de diversos municipios del estado se manifestaron esta tarde de\u2026","rel":"","context":"En &quot;CINTILLO&quot;","block_context":{"text":"CINTILLO","link":"https:\/\/www.grieta.org.mx\/index.php\/category\/cintillo\/"},"img":{"alt_text":"","src":"https:\/\/i0.wp.com\/www.grieta.org.mx\/wp-content\/uploads\/2024\/05\/Maestros-e1716856147612.jpg?resize=350%2C200&ssl=1","width":350,"height":200,"srcset":"https:\/\/i0.wp.com\/www.grieta.org.mx\/wp-content\/uploads\/2024\/05\/Maestros-e1716856147612.jpg?resize=350%2C200&ssl=1 1x, https:\/\/i0.wp.com\/www.grieta.org.mx\/wp-content\/uploads\/2024\/05\/Maestros-e1716856147612.jpg?resize=525%2C300&ssl=1 1.5x, https:\/\/i0.wp.com\/www.grieta.org.mx\/wp-content\/uploads\/2024\/05\/Maestros-e1716856147612.jpg?resize=700%2C400&ssl=1 2x"},"classes":[]},{"id":69101,"url":"https:\/\/www.grieta.org.mx\/index.php\/2024\/06\/04\/maestros-toman-instalaciones-de-la-seccion-33-del-snte-en-yucatan\/","url_meta":{"origin":65424,"position":3},"title":"Maestros toman instalaciones de la Secci\u00f3n 33 del SNTE en Yucat\u00e1n","author":"grieta","date":"4 junio, 2024","format":false,"excerpt":"Yazm\u00edn Rodr\u00edguez Galaz \/ El Universal M\u00e9rida.- Unos 60 profesores tomaron las instalaciones de la Secci\u00f3n 33 del Sindicato Nacional de los Trabajadores de la Educaci\u00f3n (SNTE), ubicado en la colonia Yucalpet\u00e9n de M\u00e9rida, para exigir el pago de la homologaci\u00f3n que prometi\u00f3 el presidente Andr\u00e9s Manuel L\u00f3pez Obrador desde\u2026","rel":"","context":"En &quot;CINTILLO&quot;","block_context":{"text":"CINTILLO","link":"https:\/\/www.grieta.org.mx\/index.php\/category\/cintillo\/"},"img":{"alt_text":"","src":"https:\/\/i0.wp.com\/www.grieta.org.mx\/wp-content\/uploads\/2024\/06\/Maestroe-e1717976976401.jpg?resize=350%2C200&ssl=1","width":350,"height":200,"srcset":"https:\/\/i0.wp.com\/www.grieta.org.mx\/wp-content\/uploads\/2024\/06\/Maestroe-e1717976976401.jpg?resize=350%2C200&ssl=1 1x, https:\/\/i0.wp.com\/www.grieta.org.mx\/wp-content\/uploads\/2024\/06\/Maestroe-e1717976976401.jpg?resize=525%2C300&ssl=1 1.5x, https:\/\/i0.wp.com\/www.grieta.org.mx\/wp-content\/uploads\/2024\/06\/Maestroe-e1717976976401.jpg?resize=700%2C400&ssl=1 2x"},"classes":[]},{"id":71764,"url":"https:\/\/www.grieta.org.mx\/index.php\/2025\/05\/27\/maestros-protestan-en-merida-e-intentan-arrollarlos-yucatan\/","url_meta":{"origin":65424,"position":4},"title":"Maestros protestan en M\u00e9rida e intentan arrollarlos (Yucat\u00e1n)","author":"grieta","date":"27 mayo, 2025","format":false,"excerpt":"Herbeth Escalante \/ Haz Ruido Las y los maestros yucatecos se han sumado a la huelga nacional convocada por la CNTE, aunque tambi\u00e9n est\u00e1n protestando profesores del SNTE. M\u00e1s de 180 escuelas de Yucat\u00e1n est\u00e1n en paro desde hace una semana. M\u00e9rida, Yucat\u00e1n, 27 de mayo de 2025.- M\u00e1s de\u2026","rel":"","context":"En &quot;CINTILLO&quot;","block_context":{"text":"CINTILLO","link":"https:\/\/www.grieta.org.mx\/index.php\/category\/cintillo\/"},"img":{"alt_text":"","src":"https:\/\/i0.wp.com\/www.grieta.org.mx\/wp-content\/uploads\/2025\/06\/Paro-e1749035806353.jpg?resize=350%2C200&ssl=1","width":350,"height":200,"srcset":"https:\/\/i0.wp.com\/www.grieta.org.mx\/wp-content\/uploads\/2025\/06\/Paro-e1749035806353.jpg?resize=350%2C200&ssl=1 1x, https:\/\/i0.wp.com\/www.grieta.org.mx\/wp-content\/uploads\/2025\/06\/Paro-e1749035806353.jpg?resize=525%2C300&ssl=1 1.5x, https:\/\/i0.wp.com\/www.grieta.org.mx\/wp-content\/uploads\/2025\/06\/Paro-e1749035806353.jpg?resize=700%2C400&ssl=1 2x"},"classes":[]},{"id":71828,"url":"https:\/\/www.grieta.org.mx\/index.php\/2025\/06\/10\/ahora-la-utm-se-une-al-paro-yucatan\/","url_meta":{"origin":65424,"position":5},"title":"Ahora la UTM se une al paro (Yucat\u00e1n)","author":"grieta","date":"10 junio, 2025","format":false,"excerpt":"Herbeth Escalante \/ Haz Ruido Los docentes y el personal administrativo exigen mejores condiciones laborales y mejorar la infraestructura para sus estudiantes M\u00e9rida, Yucat\u00e1n, 10 de junio de 2025.- Desde temprana hora, docentes y personal administrativo cerraron con candados las rejas de las instalaciones de la Universidad Tecnol\u00f3gica Metropolitana (UTM)\u2026","rel":"","context":"En &quot;CINTILLO&quot;","block_context":{"text":"CINTILLO","link":"https:\/\/www.grieta.org.mx\/index.php\/category\/cintillo\/"},"img":{"alt_text":"","src":"https:\/\/i0.wp.com\/www.grieta.org.mx\/wp-content\/uploads\/2025\/06\/Utm-e1749645096482.jpg?resize=350%2C200&ssl=1","width":350,"height":200,"srcset":"https:\/\/i0.wp.com\/www.grieta.org.mx\/wp-content\/uploads\/2025\/06\/Utm-e1749645096482.jpg?resize=350%2C200&ssl=1 1x, https:\/\/i0.wp.com\/www.grieta.org.mx\/wp-content\/uploads\/2025\/06\/Utm-e1749645096482.jpg?resize=525%2C300&ssl=1 1.5x, https:\/\/i0.wp.com\/www.grieta.org.mx\/wp-content\/uploads\/2025\/06\/Utm-e1749645096482.jpg?resize=700%2C400&ssl=1 2x"},"classes":[]}],"_links":{"self":[{"href":"https:\/\/www.grieta.org.mx\/index.php\/wp-json\/wp\/v2\/posts\/65424","targetHints":{"allow":["GET"]}}],"collection":[{"href":"https:\/\/www.grieta.org.mx\/index.php\/wp-json\/wp\/v2\/posts"}],"about":[{"href":"https:\/\/www.grieta.org.mx\/index.php\/wp-json\/wp\/v2\/types\/post"}],"author":[{"embeddable":true,"href":"https:\/\/www.grieta.org.mx\/index.php\/wp-json\/wp\/v2\/users\/2"}],"replies":[{"embeddable":true,"href":"https:\/\/www.grieta.org.mx\/index.php\/wp-json\/wp\/v2\/comments?post=65424"}],"version-history":[{"count":1,"href":"https:\/\/www.grieta.org.mx\/index.php\/wp-json\/wp\/v2\/posts\/65424\/revisions"}],"predecessor-version":[{"id":65426,"href":"https:\/\/www.grieta.org.mx\/index.php\/wp-json\/wp\/v2\/posts\/65424\/revisions\/65426"}],"wp:featuredmedia":[{"embeddable":true,"href":"https:\/\/www.grieta.org.mx\/index.php\/wp-json\/wp\/v2\/media\/65425"}],"wp:attachment":[{"href":"https:\/\/www.grieta.org.mx\/index.php\/wp-json\/wp\/v2\/media?parent=65424"}],"wp:term":[{"taxonomy":"category","embeddable":true,"href":"https:\/\/www.grieta.org.mx\/index.php\/wp-json\/wp\/v2\/categories?post=65424"},{"taxonomy":"post_tag","embeddable":true,"href":"https:\/\/www.grieta.org.mx\/index.php\/wp-json\/wp\/v2\/tags?post=65424"}],"curies":[{"name":"wp","href":"https:\/\/api.w.org\/{rel}","templated":true}]}}