{"id":65406,"date":"2022-09-19T16:28:16","date_gmt":"2022-09-19T21:28:16","guid":{"rendered":"https:\/\/www.grieta.org.mx\/?p=65406"},"modified":"2022-10-03T16:33:42","modified_gmt":"2022-10-03T21:33:42","slug":"tribunal-de-los-pueblos-sentencia-a-mexico-por-crimen-contra-el-periodista-milo-vela-y-su-familia-veracruz","status":"publish","type":"post","link":"https:\/\/www.grieta.org.mx\/index.php\/2022\/09\/19\/tribunal-de-los-pueblos-sentencia-a-mexico-por-crimen-contra-el-periodista-milo-vela-y-su-familia-veracruz\/","title":{"rendered":"Tribunal de los Pueblos sentencia a M\u00e9xico por crimen contra el periodista Milo Vela y su familia (Veracruz)"},"content":{"rendered":"<p><strong>Se celebr\u00f3 la Audiencia Final del Tribunal de los Pueblos para los Periodistas Asesinados en el centro hist\u00f3rico de Veracruz, donde el Estado Mexicano fue sentenciado. Martina Forti dijo que tejer alianzas en el gremio ha sido una f\u00f3rmula que ha ayudado a ejercer el oficio.<\/strong><\/p>\n<p>Texto y foto: Roxana Aguirre \/ La Marea<\/p>\n<p>VERACRUZ.- El Tribunal de los Pueblos para los Periodistas Asesinados responsabiliz\u00f3 al Estado Mexicano por el asesinato del periodista de Notiver, Miguel \u00c1ngel L\u00f3pez Velazco, y su familia, sucedido hace 11 a\u00f1os en la ciudad de Veracruz.<\/p>\n<p>Ya pas\u00f3 m\u00e1s de una d\u00e9cada desde que un grupo armado entr\u00f3 a casa de la familia L\u00f3pez y asesin\u00f3 a Miguel \u00c1ngel L\u00f3pez, a su esposa Agustina Solana y a uno de sus hijos, Misael L\u00f3pez Solana dentro de su casa en la ciudad de Veracruz, cuando dorm\u00edan.<\/p>\n<p>Miguel \u00c1ngel L\u00f3pez Velasco era conocido como \u201cMilo Vela\u201d porque \u00e9se era el pseud\u00f3nimo con que firmaba sus columnas en Notiver, el peri\u00f3dico m\u00e1s influyente de la zona conurbada de Veracruz y Boca del R\u00edo.<\/p>\n<p>La columna de Milo Vela era una referencia obligada para saber qu\u00e9 pasaba en los entresijos del mundo delictivo que, en los tiempos de su asesinato, manten\u00eda asolada la zona urbana m\u00e1s grande de Veracruz. El crimen de la familia Velasco sacudi\u00f3 al gremio de periodistas.<\/p>\n<p>El Tribunal celebr\u00f3 una Audiencia Final sobre el caso a unos metros de Notiver y de la redacci\u00f3n donde Milo Vela trabaj\u00f3 durante pr\u00e1cticamente toda su vida profesional.<\/p>\n<p>Durante la Audiencia Final del Tribunal Permanente de los Pueblos sobre el Asesinato de Periodistas se analizaron tres casos de asesinatos de periodistas en M\u00e9xico, Sri Lanka y Siria.<\/p>\n<p>La jueza del Tribunal de los Pueblos para los Periodistas Asesinados, Marina Forti, se\u00f1al\u00f3 que en situaciones de tanta violencia se gener\u00f3 una reacci\u00f3n muy efectiva por parte de redes de periodistas que se organizaron para visibilizar la violencia y -dijo- se deben de formar redes y alianzas.<\/p>\n<p>\u201cCu\u00e1ntos grupos y la red de periodistas empezaron a trabajar desde hace muchos a\u00f1os. Empezaron a trabajar y ayudarse para intentar resistir a la violencia, a las amenazas, asesinatos, etc\u00e9tera, y trabajan conjuntamente para que su trabajo sea m\u00e1s efectivo y visible\u201d, destac\u00f3 la jueza.<\/p>\n<p>Forti afirm\u00f3 que se habla de leyes en torno a la protecci\u00f3n a los periodistas, pero consider\u00f3 que se tendr\u00eda que pensar en los instrumentos para fortalecer todas las experiencias \u2013 con un enfoque de abajo hacia arriba \u2013 para trabajar en conjunto y formar redes de contacto.<\/p>\n<p>El Tribunal envi\u00f3 adem\u00e1s 20 recomendaciones al Estado Mexicano. la m\u00e1s urgente es el cese inmediato de la complicidad y participaci\u00f3n de los organismos gubernamentales y autoridades p\u00fablicas en el acoso, persecuci\u00f3n y asesinato de periodistas.<\/p>\n<p>\u00abEl tribunal como tal no es vinculante se basa en los derechos fundamentales descritos en los tratados que firm\u00f3 M\u00e9xico, una de las formas que se puede seguir haciendo presi\u00f3n es dejar claro que cada d\u00eda que no se resuelven estos casos el Estado Mexicano viola la jurisprudencia internacional que s\u00ed es vinculante\u00bb, indic\u00f3 el representante del Comit\u00e9 para la Protecci\u00f3n de los Periodistas (CPJ), Jean Albert Hootsen, quien estuvo presente en la Audiencia.<\/p>\n<p>\u201cMilo Vela\u201d, es uno de los 156 periodistas asesinados entre 2000-2022 en M\u00e9xico.<\/p>\n<p>La periodista mexicana Marcela Turati, representante de Tribunal de Periodistas Asesinados estuvo tambi\u00e9n en la audiencia. Cuando tom\u00f3 la palabra dijo que el crimen de Milo Vela fue el punto de partida hacia una ola de violencia contra el periodismo que se ha vuelto \u201cemblem\u00e1tico\u201d.<\/p>\n<p>\u201cEl crimen contra la familia L\u00f3pez no s\u00f3lo inaugura una ola de terror sino que es una muestra de desprotecci\u00f3n estatal porque hab\u00eda habido amenazas previas contra Milo y su familia y el caso es emblem\u00e1tico porque fallan los mecanismos y porque muestra c\u00f3mo act\u00faa el mecanismo de impunidad en M\u00e9xico contra periodistas\u201d, explic\u00f3 Turati.<\/p>\n<p>El caso de Milo Vela y su familia est\u00e1 en la \u201ccongeladora\u201d, dijo, por su parte, Miguel \u00c1ngel L\u00f3pez Solana, hijo de Milo Vela, quien fuera fotoperiodista de Notiver hasta que mataron a su familia y tuvo que exiliarse en el extranjero.<\/p>\n<p>\u201cSiguen en la congeladora, debemos estar unidos porque hay generaciones que hoy laboran en la calle y generaciones que apenas vienen, el periodismo no debe morir, debemos de continuar con este maravilloso oficio que nos da mucha alegr\u00eda, yo quisiera realmente que todos ustedes contin\u00faen\u201d, afirm\u00f3 L\u00f3pez Solana durante un evento que se realiz\u00f3 en el memorial que se construy\u00f3 para su padre, en el centro hist\u00f3rico del puerto de Veracruz, en la Plaza Atarazanas.<\/p>\n<p>Balbina Flores es representante en M\u00e9xico de la Organizaci\u00f3n Reporteros sin fronteras (RSF). Ella, tambi\u00e9n presente en la Audiencia, consider\u00f3 que el pa\u00eds debe tomar las medidas que sean necesarias para garantizar la libertad de expresi\u00f3n y una vida libre de violencia para los periodistas A\u00f1adi\u00f3 que enviar\u00e1n una copia de la sentencia del Tribunal de los Pueblos para los Periodistas Asesinado al Presidente Andr\u00e9s Manuel L\u00f3pez con el objetivo de que impulse medidas para cumplir con las exigencias de la Sentencia hacia el Estado Mexicano.<\/p>\n<p>Aqu\u00ed puedes ver la audiencia completa:<\/p>\n<div class=\"jetpack-video-wrapper\"><iframe loading=\"lazy\" title=\"Audiencia final del Tribunal Permanente de los Pueblos sobre el Asesinato de Periodistas\" width=\"1170\" height=\"658\" src=\"https:\/\/www.youtube.com\/embed\/402J2hSPi3g?feature=oembed\" frameborder=\"0\" allow=\"accelerometer; autoplay; clipboard-write; encrypted-media; gyroscope; picture-in-picture; web-share\" referrerpolicy=\"strict-origin-when-cross-origin\" allowfullscreen><\/iframe><\/div>\n<p><a href=\"https:\/\/piedepagina.mx\/tribunal-de-los-pueblos-sentencia-a-mexico-por-crimen-contra-el-periodista-milo-vela-y-su-familia\/\" rel=\"noopener\" target=\"_blank\">https:\/\/piedepagina.mx\/tribunal-de-los-pueblos-sentencia-a-mexico-por-crimen-contra-el-periodista-milo-vela-y-su-familia\/<\/a><\/p>\n","protected":false},"excerpt":{"rendered":"<p>Se celebr\u00f3 la Audiencia Final del Tribunal de los Pueblos para los Periodistas Asesinados en el centro hist\u00f3rico de Veracruz, donde el Estado Mexicano fue sentenciado. Martina Forti dijo que &hellip; <a href=\"https:\/\/www.grieta.org.mx\/index.php\/2022\/09\/19\/tribunal-de-los-pueblos-sentencia-a-mexico-por-crimen-contra-el-periodista-milo-vela-y-su-familia-veracruz\/\" class=\"more-link\">Leer m\u00e1s<\/a><\/p>\n","protected":false},"author":2,"featured_media":65407,"comment_status":"closed","ping_status":"closed","sticky":false,"template":"","format":"standard","meta":{"ngg_post_thumbnail":0,"_jetpack_newsletter_access":"","_jetpack_dont_email_post_to_subs":false,"_jetpack_newsletter_tier_id":0,"_jetpack_memberships_contains_paywalled_content":false,"_jetpack_memberships_contains_paid_content":false,"footnotes":""},"categories":[80,2,1936,35],"tags":[1180,1310],"class_list":["post-65406","post","type-post","status-publish","format-standard","has-post-thumbnail","hentry","category-cintillo","category-noticias-nacionales","category-protestas-por-violencia-en-contra-de-periodistas-en-veracruz","category-veracruz","tag-asesinato-de-periodistas","tag-protestas-contra-el-asesinato-de-periodistas","entry"],"jetpack_featured_media_url":"https:\/\/www.grieta.org.mx\/wp-content\/uploads\/2022\/10\/tribunal-de-los-pueblosindigenas_LaMarea-.jpg","jetpack_sharing_enabled":true,"jetpack_shortlink":"https:\/\/wp.me\/p7ZJR4-h0W","jetpack_likes_enabled":false,"jetpack-related-posts":[{"id":69047,"url":"https:\/\/www.grieta.org.mx\/index.php\/2024\/05\/23\/familiares-de-periodistas-asesinados-denunciaron-a-funcionario-estatal-veracruz\/","url_meta":{"origin":65406,"position":0},"title":"Familiares de periodistas asesinados denunciaron a funcionario estatal (Veracruz)","author":"grieta","date":"23 mayo, 2024","format":false,"excerpt":"Miguel Salazar \/ Diario de Xalapa De acuerdo con Jorge S\u00e1nchez, hijo de Mois\u00e9s S\u00e1nchez Cerezo, periodista asesinado el 2 de enero de 2015 en el municipio de Medell\u00edn, \"la denuncia se present\u00f3 hace unos d\u00edas ante la Feadle Xalapa, Ver.-Integrantes de la Red en Memoria y Lucha de Periodistas\u2026","rel":"","context":"En &quot;CINTILLO&quot;","block_context":{"text":"CINTILLO","link":"https:\/\/www.grieta.org.mx\/index.php\/category\/cintillo\/"},"img":{"alt_text":"","src":"https:\/\/i0.wp.com\/www.grieta.org.mx\/wp-content\/uploads\/2024\/05\/Screenshot-2024-05-30-at-20-12-01-Familiares-de-periodistas-asesinados-denunciaron-a-funcionario-estatal-1.png?resize=350%2C200&ssl=1","width":350,"height":200,"srcset":"https:\/\/i0.wp.com\/www.grieta.org.mx\/wp-content\/uploads\/2024\/05\/Screenshot-2024-05-30-at-20-12-01-Familiares-de-periodistas-asesinados-denunciaron-a-funcionario-estatal-1.png?resize=350%2C200&ssl=1 1x, https:\/\/i0.wp.com\/www.grieta.org.mx\/wp-content\/uploads\/2024\/05\/Screenshot-2024-05-30-at-20-12-01-Familiares-de-periodistas-asesinados-denunciaron-a-funcionario-estatal-1.png?resize=525%2C300&ssl=1 1.5x, https:\/\/i0.wp.com\/www.grieta.org.mx\/wp-content\/uploads\/2024\/05\/Screenshot-2024-05-30-at-20-12-01-Familiares-de-periodistas-asesinados-denunciaron-a-funcionario-estatal-1.png?resize=700%2C400&ssl=1 2x"},"classes":[]},{"id":6129,"url":"https:\/\/www.grieta.org.mx\/index.php\/2016\/08\/18\/violencia-contra-periodistas-en-veracruz\/","url_meta":{"origin":65406,"position":1},"title":"Violencia contra periodistas en Veracruz","author":"Admin","date":"18 agosto, 2016","format":false,"excerpt":"No\u00e9 Zavaleta es hostigado por publicaci\u00f3n de libro 18\/08\/16. Tras amenazas y acoso, periodista mexicano abandona el estado de Veracruz El Heraldo de Saltillo 13\/08\/16. Aumentan las amenazas contra reportero No\u00e9 Zavaleta El Mundo de C\u00f3rdoba 07\/08\/16. El periodista No\u00e9 Zavaleta, corresponsal de Proceso, es amenazado en Veracruz por su\u2026","rel":"","context":"En &quot;NOTICIAS NACIONALES&quot;","block_context":{"text":"NOTICIAS NACIONALES","link":"https:\/\/www.grieta.org.mx\/index.php\/category\/noticias-nacionales\/"},"img":{"alt_text":"","src":"https:\/\/i0.wp.com\/www.grieta.org.mx\/wp-content\/uploads\/2018\/03\/14524434_1106112876131411_958039263622046936_o.jpg?resize=350%2C200&ssl=1","width":350,"height":200,"srcset":"https:\/\/i0.wp.com\/www.grieta.org.mx\/wp-content\/uploads\/2018\/03\/14524434_1106112876131411_958039263622046936_o.jpg?resize=350%2C200&ssl=1 1x, https:\/\/i0.wp.com\/www.grieta.org.mx\/wp-content\/uploads\/2018\/03\/14524434_1106112876131411_958039263622046936_o.jpg?resize=525%2C300&ssl=1 1.5x, https:\/\/i0.wp.com\/www.grieta.org.mx\/wp-content\/uploads\/2018\/03\/14524434_1106112876131411_958039263622046936_o.jpg?resize=700%2C400&ssl=1 2x"},"classes":[]},{"id":28272,"url":"https:\/\/www.grieta.org.mx\/index.php\/2018\/11\/12\/reclama-colectivo-a-yunes-por-asesinato-de-hijo-de-periodista-veracruzano\/","url_meta":{"origin":65406,"position":2},"title":"Reclama Colectivo a Yunes por asesinato de hijo de periodista veracruzano","author":"grieta","date":"12 noviembre, 2018","format":false,"excerpt":"Eduardo Andrade \/ El Dictamen Integrantes del Colectivo Nacional Alerta Temprana de Periodistas & Activistas, expresaron su repudio al actuar del gobernador ante el crimen del hijo de Cecilio Baltazar Integrantes del Colectivo Nacional Alerta Temprana de Periodistas & Activistas, expresaron su repudio al actuar del gobernador de Veracruz, Miguel\u2026","rel":"","context":"En &quot;NOTICIAS NACIONALES&quot;","block_context":{"text":"NOTICIAS NACIONALES","link":"https:\/\/www.grieta.org.mx\/index.php\/category\/noticias-nacionales\/"},"img":{"alt_text":"","src":"https:\/\/i0.wp.com\/www.grieta.org.mx\/wp-content\/uploads\/2019\/01\/muerto-2-1.jpg?resize=350%2C200&ssl=1","width":350,"height":200,"srcset":"https:\/\/i0.wp.com\/www.grieta.org.mx\/wp-content\/uploads\/2019\/01\/muerto-2-1.jpg?resize=350%2C200&ssl=1 1x, https:\/\/i0.wp.com\/www.grieta.org.mx\/wp-content\/uploads\/2019\/01\/muerto-2-1.jpg?resize=525%2C300&ssl=1 1.5x, https:\/\/i0.wp.com\/www.grieta.org.mx\/wp-content\/uploads\/2019\/01\/muerto-2-1.jpg?resize=700%2C400&ssl=1 2x"},"classes":[]},{"id":47373,"url":"https:\/\/www.grieta.org.mx\/index.php\/2020\/03\/31\/exigen-un-alto-a-violencia-contra-periodistas-tras-asesinato-en-veracruz-video\/","url_meta":{"origin":65406,"position":3},"title":"Exigen un alto a violencia contra periodistas tras asesinato en Veracruz | Video","author":"Admin","date":"31 marzo, 2020","format":false,"excerpt":"Redacci\u00f3n \/ Aristegui Noticias El periodista \u00c9dgar Escamilla informa que Mar\u00eda Elena Ferral ten\u00eda 30 a\u00f1os informando en los municipios de la zona totonaca, donde se dedic\u00f3 a la cobertura de las manifestaciones y exigencias que se registraban en la zona. Informa desde la protesta por el asesinato de la\u2026","rel":"","context":"En &quot;CINTILLO&quot;","block_context":{"text":"CINTILLO","link":"https:\/\/www.grieta.org.mx\/index.php\/category\/cintillo\/"},"img":{"alt_text":"","src":"https:\/\/i0.wp.com\/www.grieta.org.mx\/wp-content\/uploads\/2020\/04\/Screenshot_2020-04-07-Exigen-un-alto-a-violencia-contra-periodistas-tras-asesinato-en-Veracruz-Video.png?resize=350%2C200&ssl=1","width":350,"height":200,"srcset":"https:\/\/i0.wp.com\/www.grieta.org.mx\/wp-content\/uploads\/2020\/04\/Screenshot_2020-04-07-Exigen-un-alto-a-violencia-contra-periodistas-tras-asesinato-en-Veracruz-Video.png?resize=350%2C200&ssl=1 1x, https:\/\/i0.wp.com\/www.grieta.org.mx\/wp-content\/uploads\/2020\/04\/Screenshot_2020-04-07-Exigen-un-alto-a-violencia-contra-periodistas-tras-asesinato-en-Veracruz-Video.png?resize=525%2C300&ssl=1 1.5x"},"classes":[]},{"id":27973,"url":"https:\/\/www.grieta.org.mx\/index.php\/2019\/01\/02\/exigen-justicia-para-el-periodista-moises-sanchez-asesinado-hace-cuatro-anos-veracruz\/","url_meta":{"origin":65406,"position":4},"title":"Exigen justicia para el periodista Mois\u00e9s S\u00e1nchez asesinado hace cuatro a\u00f1os (Veracruz)","author":"grieta","date":"2 enero, 2019","format":false,"excerpt":"Jos\u00e9 Morales | Diario de Xalapa Jorge S\u00e1nchez asegur\u00f3 que hay irregularidades en la investigaci\u00f3n Xalapa.- Jorge S\u00e1nchez, hijo del periodista Mois\u00e9s S\u00e1nchez acompa\u00f1ado de otras personas realizaron a primeras horas de este mi\u00e9rcoles una pinta sobre la plaza Lerdo donde se puede leer la palabra impunidad. Aunque no hubo\u2026","rel":"","context":"En &quot;CINTILLO&quot;","block_context":{"text":"CINTILLO","link":"https:\/\/www.grieta.org.mx\/index.php\/category\/cintillo\/"},"img":{"alt_text":"","src":"https:\/\/i0.wp.com\/www.grieta.org.mx\/wp-content\/uploads\/2019\/01\/protesta-DIARIO-DE-XALAPA.2.jpg?resize=350%2C200&ssl=1","width":350,"height":200,"srcset":"https:\/\/i0.wp.com\/www.grieta.org.mx\/wp-content\/uploads\/2019\/01\/protesta-DIARIO-DE-XALAPA.2.jpg?resize=350%2C200&ssl=1 1x, https:\/\/i0.wp.com\/www.grieta.org.mx\/wp-content\/uploads\/2019\/01\/protesta-DIARIO-DE-XALAPA.2.jpg?resize=525%2C300&ssl=1 1.5x, https:\/\/i0.wp.com\/www.grieta.org.mx\/wp-content\/uploads\/2019\/01\/protesta-DIARIO-DE-XALAPA.2.jpg?resize=700%2C400&ssl=1 2x"},"classes":[]},{"id":24388,"url":"https:\/\/www.grieta.org.mx\/index.php\/2018\/03\/22\/asesinan-a-tiros-a-un-periodista-mexicano-en-el-estado-de-veracruz\/","url_meta":{"origin":65406,"position":5},"title":"Asesinan a tiros a un periodista mexicano en el estado de Veracruz","author":"grieta","date":"22 marzo, 2018","format":false,"excerpt":"Redacci\u00f3n \/ La Vanguardia Leobardo V\u00e1zquez Atzin fue tiroteado por causas desconocidas | Se trata del 21 reportero asesinado en siete a\u00f1os en el estado, uno de los m\u00e1s peligrosos para los comunicadores El periodista mexicano Leobardo V\u00e1zquez Atzin, del sitio de noticias digitales Enlace de Guti\u00e9rrez Zamora, fue asesinado\u2026","rel":"","context":"En &quot;CINTILLO&quot;","block_context":{"text":"CINTILLO","link":"https:\/\/www.grieta.org.mx\/index.php\/category\/cintillo\/"},"img":{"alt_text":"","src":"https:\/\/i0.wp.com\/www.grieta.org.mx\/wp-content\/uploads\/2018\/07\/la-vanguardia-periodistas.jpg?resize=350%2C200&ssl=1","width":350,"height":200,"srcset":"https:\/\/i0.wp.com\/www.grieta.org.mx\/wp-content\/uploads\/2018\/07\/la-vanguardia-periodistas.jpg?resize=350%2C200&ssl=1 1x, https:\/\/i0.wp.com\/www.grieta.org.mx\/wp-content\/uploads\/2018\/07\/la-vanguardia-periodistas.jpg?resize=525%2C300&ssl=1 1.5x, https:\/\/i0.wp.com\/www.grieta.org.mx\/wp-content\/uploads\/2018\/07\/la-vanguardia-periodistas.jpg?resize=700%2C400&ssl=1 2x"},"classes":[]}],"_links":{"self":[{"href":"https:\/\/www.grieta.org.mx\/index.php\/wp-json\/wp\/v2\/posts\/65406","targetHints":{"allow":["GET"]}}],"collection":[{"href":"https:\/\/www.grieta.org.mx\/index.php\/wp-json\/wp\/v2\/posts"}],"about":[{"href":"https:\/\/www.grieta.org.mx\/index.php\/wp-json\/wp\/v2\/types\/post"}],"author":[{"embeddable":true,"href":"https:\/\/www.grieta.org.mx\/index.php\/wp-json\/wp\/v2\/users\/2"}],"replies":[{"embeddable":true,"href":"https:\/\/www.grieta.org.mx\/index.php\/wp-json\/wp\/v2\/comments?post=65406"}],"version-history":[{"count":1,"href":"https:\/\/www.grieta.org.mx\/index.php\/wp-json\/wp\/v2\/posts\/65406\/revisions"}],"predecessor-version":[{"id":65408,"href":"https:\/\/www.grieta.org.mx\/index.php\/wp-json\/wp\/v2\/posts\/65406\/revisions\/65408"}],"wp:featuredmedia":[{"embeddable":true,"href":"https:\/\/www.grieta.org.mx\/index.php\/wp-json\/wp\/v2\/media\/65407"}],"wp:attachment":[{"href":"https:\/\/www.grieta.org.mx\/index.php\/wp-json\/wp\/v2\/media?parent=65406"}],"wp:term":[{"taxonomy":"category","embeddable":true,"href":"https:\/\/www.grieta.org.mx\/index.php\/wp-json\/wp\/v2\/categories?post=65406"},{"taxonomy":"post_tag","embeddable":true,"href":"https:\/\/www.grieta.org.mx\/index.php\/wp-json\/wp\/v2\/tags?post=65406"}],"curies":[{"name":"wp","href":"https:\/\/api.w.org\/{rel}","templated":true}]}}