{"id":65371,"date":"2022-09-27T12:20:59","date_gmt":"2022-09-27T17:20:59","guid":{"rendered":"https:\/\/www.grieta.org.mx\/?p=65371"},"modified":"2022-10-03T12:26:41","modified_gmt":"2022-10-03T17:26:41","slug":"viven-en-hacinamiento-cientos-de-migrantes-haitianos-en-reynosa-tamaulipas","status":"publish","type":"post","link":"https:\/\/www.grieta.org.mx\/index.php\/2022\/09\/27\/viven-en-hacinamiento-cientos-de-migrantes-haitianos-en-reynosa-tamaulipas\/","title":{"rendered":"Viven en hacinamiento cientos de migrantes haitianos en Reynosa (Tamaulipas)"},"content":{"rendered":"<p>Rosal\u00eda Quint\u00e1\/Hoy Tamaulipas<br \/>\n27 septiembre 2022<\/p>\n<p>Reynosa, Tamaulipas. \u2013 Cientos de migrantes haitianos viven en las calles aleda\u00f1as al albergue Senda de Vida, mientras esperan poder cruzar legalmente a Estados Unidos.<\/p>\n<p>Sin poder ingresar al albergue, porque no hay cupo seg\u00fan sus directivos, los migrantes han colocado peque\u00f1as carpas para pasar la noche y durante el d\u00eda buscan la sombra de \u00e1rboles y bardas para protegerse de los intensos rayos solares que a\u00fan se presentan en Reynosa, pese a que ya estamos en \u00e9poca de oto\u00f1o.<\/p>\n<p>Adem\u00e1s, para sobrevivir han implementado puestos de ventas de comidas, agua, paletas y otras mercanc\u00edas, para obtener recursos y poder comprar sus necesidades b\u00e1sicas.<\/p>\n<p>La situaci\u00f3n en la que se encuentran es de hacinamiento y sin servicios donde hacer sus necesidades o ba\u00f1arse, en donde conviven adultos y menores de edad.<\/p>\n<p>Mientras se mantienen al tanto de las noticias que puedan generarse en torno a su situaci\u00f3n, sobre todo ser llamados para poder cruzar la frontera e iniciar sus tr\u00e1mites para obtener una visa ya sea pol\u00edtica o humanitaria.<\/p>\n<p><a href=\"https:\/\/www.hoytamaulipas.net\/notas\/509836\/Viven-en-hacinamiento-cientos-de-migrantes-haitianos-en-Reynosa-.html?utm_source=pocket_mylist\" rel=\"noopener\" target=\"_blank\">https:\/\/www.hoytamaulipas.net\/notas\/509836\/Viven-en-hacinamiento-cientos-de-migrantes-haitianos-en-Reynosa-.html?utm_source=pocket_mylist<\/a><\/p>\n","protected":false},"excerpt":{"rendered":"<p>Rosal\u00eda Quint\u00e1\/Hoy Tamaulipas 27 septiembre 2022 Reynosa, Tamaulipas. \u2013 Cientos de migrantes haitianos viven en las calles aleda\u00f1as al albergue Senda de Vida, mientras esperan poder cruzar legalmente a Estados &hellip; <a href=\"https:\/\/www.grieta.org.mx\/index.php\/2022\/09\/27\/viven-en-hacinamiento-cientos-de-migrantes-haitianos-en-reynosa-tamaulipas\/\" class=\"more-link\">Leer m\u00e1s<\/a><\/p>\n","protected":false},"author":2,"featured_media":65373,"comment_status":"closed","ping_status":"closed","sticky":false,"template":"","format":"standard","meta":{"ngg_post_thumbnail":0,"_jetpack_newsletter_access":"","_jetpack_dont_email_post_to_subs":false,"_jetpack_newsletter_tier_id":0,"_jetpack_memberships_contains_paywalled_content":false,"_jetpack_memberships_contains_paid_content":false,"footnotes":""},"categories":[80,86,2124,2,33,83],"tags":[3575,3849,2650,2940],"class_list":["post-65371","post","type-post","status-publish","format-standard","has-post-thumbnail","hentry","category-cintillo","category-migrantes","category-migrantes-en-tamaulipas","category-noticias-nacionales","category-tamaulipas","category-temas-nacionales","tag-campamentos-de-migrantes","tag-hacinamiento","tag-migrantes-en-la-frontera-norte","tag-migrantes-haitianos","entry"],"jetpack_featured_media_url":"https:\/\/www.grieta.org.mx\/wp-content\/uploads\/2022\/09\/Viven-en-hacinamiento-cientos-de-migrantes-haitianos-en-Reynosa.jpg","jetpack_sharing_enabled":true,"jetpack_shortlink":"https:\/\/wp.me\/p7ZJR4-h0n","jetpack_likes_enabled":false,"jetpack-related-posts":[{"id":65154,"url":"https:\/\/www.grieta.org.mx\/index.php\/2022\/09\/05\/se-manifiestan-migrantes-en-senda-de-vida-en-reynosa-quieren-respuesta-de-abogados-tamaulipas\/","url_meta":{"origin":65371,"position":0},"title":"Se manifiestan migrantes en Senda de Vida en Reynosa; quieren respuesta de abogados (Tamaulipas)","author":"grieta","date":"5 septiembre, 2022","format":false,"excerpt":"Rosal\u00eda Quint\u00e1\/Hoy Tamaulipas 5 septiembre 2022 Reynosa, Tamaulipas. - Migrantes haitianos se manifestaron en la entrada del Albergue Senda de Vida en Reynosa, en demanda de una respuesta r\u00e1pida para que puedan cruzar hacia los Estados Unidos. Uno de los manifestantes coment\u00f3 que desde hace una semana est\u00e1n solicitando al\u2026","rel":"","context":"En &quot;CINTILLO&quot;","block_context":{"text":"CINTILLO","link":"https:\/\/www.grieta.org.mx\/index.php\/category\/cintillo\/"},"img":{"alt_text":"","src":"https:\/\/i0.wp.com\/www.grieta.org.mx\/wp-content\/uploads\/2022\/09\/Se-manifiestan-migrantes-en-Senda-de-Vida-en-Reynosa-quieren-respuesta-de-abogados.jpg?resize=350%2C200&ssl=1","width":350,"height":200,"srcset":"https:\/\/i0.wp.com\/www.grieta.org.mx\/wp-content\/uploads\/2022\/09\/Se-manifiestan-migrantes-en-Senda-de-Vida-en-Reynosa-quieren-respuesta-de-abogados.jpg?resize=350%2C200&ssl=1 1x, https:\/\/i0.wp.com\/www.grieta.org.mx\/wp-content\/uploads\/2022\/09\/Se-manifiestan-migrantes-en-Senda-de-Vida-en-Reynosa-quieren-respuesta-de-abogados.jpg?resize=525%2C300&ssl=1 1.5x, https:\/\/i0.wp.com\/www.grieta.org.mx\/wp-content\/uploads\/2022\/09\/Se-manifiestan-migrantes-en-Senda-de-Vida-en-Reynosa-quieren-respuesta-de-abogados.jpg?resize=700%2C400&ssl=1 2x"},"classes":[]},{"id":32454,"url":"https:\/\/www.grieta.org.mx\/index.php\/2019\/04\/23\/por-saturacion-cierran-albergue-senda-de-vida-a-mas-migrantes-en-reynosa-tamaulipas\/","url_meta":{"origin":65371,"position":1},"title":"Por saturaci\u00f3n, cierran albergue Senda de Vida a m\u00e1s migrantes en Reynosa (Tamaulipas)","author":"grieta","date":"23 abril, 2019","format":false,"excerpt":"Viviana Cervantes \/ El Ma\u00f1ana Siguen llegando y les niegan acceso; les piden se vayan a Nuevo Laredo Reynosa, Tam.- Debido a la saturaci\u00f3n del albergue \"Senda de Vida\" los directivos han decidido no recibir a m\u00e1s migrantes. Llegan migrantes y les niegan el acceso por falta de espacio; les\u2026","rel":"","context":"En &quot;CINTILLO&quot;","block_context":{"text":"CINTILLO","link":"https:\/\/www.grieta.org.mx\/index.php\/category\/cintillo\/"},"img":{"alt_text":"","src":"https:\/\/i0.wp.com\/www.grieta.org.mx\/wp-content\/uploads\/2019\/04\/Por-saturaci%C3%B3n-cierran-albergue-Senda-de-Vida-a-m%C3%A1s-migrantes-en-Reynosa-tama-abr.jpg?resize=350%2C200&ssl=1","width":350,"height":200,"srcset":"https:\/\/i0.wp.com\/www.grieta.org.mx\/wp-content\/uploads\/2019\/04\/Por-saturaci%C3%B3n-cierran-albergue-Senda-de-Vida-a-m%C3%A1s-migrantes-en-Reynosa-tama-abr.jpg?resize=350%2C200&ssl=1 1x, https:\/\/i0.wp.com\/www.grieta.org.mx\/wp-content\/uploads\/2019\/04\/Por-saturaci%C3%B3n-cierran-albergue-Senda-de-Vida-a-m%C3%A1s-migrantes-en-Reynosa-tama-abr.jpg?resize=525%2C300&ssl=1 1.5x"},"classes":[]},{"id":33151,"url":"https:\/\/www.grieta.org.mx\/index.php\/2019\/05\/07\/saturado-albergue-de-migrantes-en-reynosa-tamaulipas\/","url_meta":{"origin":65371,"position":2},"title":"Saturado albergue de migrantes en Reynosa (Tamaulipas)","author":"grieta","date":"7 mayo, 2019","format":false,"excerpt":"Carolina Garza \/ Milenio El inmueble tiene una capacidad para 150 y actualmente atiende a cerca de 400 personas que esperan ser llamados por Estados Unidos. Con casas de campa\u00f1a y colchonetas, y la comida al l\u00edmite de sus posibilidades, el Albergue Senda de Vida en la frontera de Reynosa,\u2026","rel":"","context":"En &quot;CINTILLO&quot;","block_context":{"text":"CINTILLO","link":"https:\/\/www.grieta.org.mx\/index.php\/category\/cintillo\/"},"img":{"alt_text":"","src":"https:\/\/i0.wp.com\/www.grieta.org.mx\/wp-content\/uploads\/2019\/05\/Saturado-albergue-de-migrantes-en-Reynosa-tama-may.jpeg?resize=350%2C200&ssl=1","width":350,"height":200,"srcset":"https:\/\/i0.wp.com\/www.grieta.org.mx\/wp-content\/uploads\/2019\/05\/Saturado-albergue-de-migrantes-en-Reynosa-tama-may.jpeg?resize=350%2C200&ssl=1 1x, https:\/\/i0.wp.com\/www.grieta.org.mx\/wp-content\/uploads\/2019\/05\/Saturado-albergue-de-migrantes-en-Reynosa-tama-may.jpeg?resize=525%2C300&ssl=1 1.5x, https:\/\/i0.wp.com\/www.grieta.org.mx\/wp-content\/uploads\/2019\/05\/Saturado-albergue-de-migrantes-en-Reynosa-tama-may.jpeg?resize=700%2C400&ssl=1 2x"},"classes":[]},{"id":32448,"url":"https:\/\/www.grieta.org.mx\/index.php\/2019\/04\/23\/saturan-albergue-para-migrantes-en-reynosa-tamaulipas\/","url_meta":{"origin":65371,"position":3},"title":"Saturan albergue para migrantes en Reynosa (Tamaulipas)","author":"grieta","date":"23 abril, 2019","format":false,"excerpt":"Carolina Garza \/ Milenio Derivado a la reciente crisis migratoria en la frontera entre M\u00e9xico y Estados Unidos. El albergue Nuestra Se\u00f1ora de Guadalupe en Reynosa tambi\u00e9n se ha visto afectado por la reciente crisis migratoria en la frontera entre M\u00e9xico y Estados Unidos, dejando como resultado que en promedio\u2026","rel":"","context":"En &quot;CINTILLO&quot;","block_context":{"text":"CINTILLO","link":"https:\/\/www.grieta.org.mx\/index.php\/category\/cintillo\/"},"img":{"alt_text":"","src":"https:\/\/i0.wp.com\/www.grieta.org.mx\/wp-content\/uploads\/2019\/04\/Saturan-albergue-para-migrantes-en-Reynosa-tama-abr.jpg?resize=350%2C200&ssl=1","width":350,"height":200,"srcset":"https:\/\/i0.wp.com\/www.grieta.org.mx\/wp-content\/uploads\/2019\/04\/Saturan-albergue-para-migrantes-en-Reynosa-tama-abr.jpg?resize=350%2C200&ssl=1 1x, https:\/\/i0.wp.com\/www.grieta.org.mx\/wp-content\/uploads\/2019\/04\/Saturan-albergue-para-migrantes-en-Reynosa-tama-abr.jpg?resize=525%2C300&ssl=1 1.5x, https:\/\/i0.wp.com\/www.grieta.org.mx\/wp-content\/uploads\/2019\/04\/Saturan-albergue-para-migrantes-en-Reynosa-tama-abr.jpg?resize=700%2C400&ssl=1 2x"},"classes":[]},{"id":61760,"url":"https:\/\/www.grieta.org.mx\/index.php\/2021\/09\/16\/migrantes-haitianos-bloquean-carretera-en-altamira-tamaulipas\/","url_meta":{"origin":65371,"position":4},"title":"Migrantes haitianos bloquean carretera en Altamira, Tamaulipas","author":"grieta","date":"16 septiembre, 2021","format":false,"excerpt":"Roberto Aguilar\/El Universal 16 septiembre 2021 El bloqueo se registr\u00f3 a la altura del puente Las Pi\u00f1as, en la carretera Tampico \u2013 Mante; se acord\u00f3 liberar la vialidad y que los migrantes siguieran su camino Ciudad Victoria, Tamaulipas.- Con palos y llantas, la noche del mi\u00e9rcoles, migrantes haitianos realizaron un\u2026","rel":"","context":"En &quot;CINTILLO&quot;","block_context":{"text":"CINTILLO","link":"https:\/\/www.grieta.org.mx\/index.php\/category\/cintillo\/"},"img":{"alt_text":"","src":"https:\/\/i0.wp.com\/www.grieta.org.mx\/wp-content\/uploads\/2021\/09\/haitianos.png?resize=350%2C200&ssl=1","width":350,"height":200,"srcset":"https:\/\/i0.wp.com\/www.grieta.org.mx\/wp-content\/uploads\/2021\/09\/haitianos.png?resize=350%2C200&ssl=1 1x, https:\/\/i0.wp.com\/www.grieta.org.mx\/wp-content\/uploads\/2021\/09\/haitianos.png?resize=525%2C300&ssl=1 1.5x, https:\/\/i0.wp.com\/www.grieta.org.mx\/wp-content\/uploads\/2021\/09\/haitianos.png?resize=700%2C400&ssl=1 2x, https:\/\/i0.wp.com\/www.grieta.org.mx\/wp-content\/uploads\/2021\/09\/haitianos.png?resize=1050%2C600&ssl=1 3x"},"classes":[]},{"id":34058,"url":"https:\/\/www.grieta.org.mx\/index.php\/2019\/05\/29\/rescatan-a-19-migrantes-en-reynosa-tamaulipas\/","url_meta":{"origin":65371,"position":5},"title":"Rescatan a 19 migrantes en Reynosa, Tamaulipas","author":"grieta","date":"29 mayo, 2019","format":false,"excerpt":"Tamaulipas en l\u00ednea Reynosa, Tamaulipas.- La Secretar\u00eda de Seguridad P\u00fablica inform\u00f3 que la tarde de este martes rescat\u00f3 a 19 migrantes, tres de ellos menores de edad y cuatro mujeres, cuya intenci\u00f3n era cruzar hacia Estados Unidos. De acuerdo con reportes policiales, cerca de las 16:55 horas, tiempo local, elementos\u2026","rel":"","context":"En &quot;CINTILLO&quot;","block_context":{"text":"CINTILLO","link":"https:\/\/www.grieta.org.mx\/index.php\/category\/cintillo\/"},"img":{"alt_text":"","src":"https:\/\/i0.wp.com\/www.grieta.org.mx\/wp-content\/uploads\/2019\/06\/Rescatan-a-19-migrantes-en-Reynosa-Tamaulipas-jun.jpg?resize=350%2C200&ssl=1","width":350,"height":200,"srcset":"https:\/\/i0.wp.com\/www.grieta.org.mx\/wp-content\/uploads\/2019\/06\/Rescatan-a-19-migrantes-en-Reynosa-Tamaulipas-jun.jpg?resize=350%2C200&ssl=1 1x, https:\/\/i0.wp.com\/www.grieta.org.mx\/wp-content\/uploads\/2019\/06\/Rescatan-a-19-migrantes-en-Reynosa-Tamaulipas-jun.jpg?resize=525%2C300&ssl=1 1.5x, https:\/\/i0.wp.com\/www.grieta.org.mx\/wp-content\/uploads\/2019\/06\/Rescatan-a-19-migrantes-en-Reynosa-Tamaulipas-jun.jpg?resize=700%2C400&ssl=1 2x"},"classes":[]}],"_links":{"self":[{"href":"https:\/\/www.grieta.org.mx\/index.php\/wp-json\/wp\/v2\/posts\/65371","targetHints":{"allow":["GET"]}}],"collection":[{"href":"https:\/\/www.grieta.org.mx\/index.php\/wp-json\/wp\/v2\/posts"}],"about":[{"href":"https:\/\/www.grieta.org.mx\/index.php\/wp-json\/wp\/v2\/types\/post"}],"author":[{"embeddable":true,"href":"https:\/\/www.grieta.org.mx\/index.php\/wp-json\/wp\/v2\/users\/2"}],"replies":[{"embeddable":true,"href":"https:\/\/www.grieta.org.mx\/index.php\/wp-json\/wp\/v2\/comments?post=65371"}],"version-history":[{"count":1,"href":"https:\/\/www.grieta.org.mx\/index.php\/wp-json\/wp\/v2\/posts\/65371\/revisions"}],"predecessor-version":[{"id":65372,"href":"https:\/\/www.grieta.org.mx\/index.php\/wp-json\/wp\/v2\/posts\/65371\/revisions\/65372"}],"wp:featuredmedia":[{"embeddable":true,"href":"https:\/\/www.grieta.org.mx\/index.php\/wp-json\/wp\/v2\/media\/65373"}],"wp:attachment":[{"href":"https:\/\/www.grieta.org.mx\/index.php\/wp-json\/wp\/v2\/media?parent=65371"}],"wp:term":[{"taxonomy":"category","embeddable":true,"href":"https:\/\/www.grieta.org.mx\/index.php\/wp-json\/wp\/v2\/categories?post=65371"},{"taxonomy":"post_tag","embeddable":true,"href":"https:\/\/www.grieta.org.mx\/index.php\/wp-json\/wp\/v2\/tags?post=65371"}],"curies":[{"name":"wp","href":"https:\/\/api.w.org\/{rel}","templated":true}]}}