{"id":65361,"date":"2022-09-26T11:29:03","date_gmt":"2022-09-26T16:29:03","guid":{"rendered":"https:\/\/www.grieta.org.mx\/?p=65361"},"modified":"2022-10-03T11:58:05","modified_gmt":"2022-10-03T16:58:05","slug":"justicia-exigen-normalistas-de-aguascalientes-en-manifestacion-por-los-43-de-ayotzinapa","status":"publish","type":"post","link":"https:\/\/www.grieta.org.mx\/index.php\/2022\/09\/26\/justicia-exigen-normalistas-de-aguascalientes-en-manifestacion-por-los-43-de-ayotzinapa\/","title":{"rendered":"\u201c\u00a1Justicia!\u201d, exigen normalistas de Aguascalientes en manifestaci\u00f3n por los 43 de Ayotzinapa"},"content":{"rendered":"<p>Daniela Lomel\u00ed\/Newsweek en Espa\u00f1ol<br \/>\n26 septiembre 2022<\/p>\n<p>Estudiantes de la Escuela Normal Rural \u201cJusto Sierra M\u00e9ndez\u201d, mejor conocida como Ca\u00f1ada Honda, se manifestaron durante la tarde de este lunes en el centro de la ciudad para conmemorar el octavo aniversario de los hechos ocurridos en Ayotzinapa, en septiembre del 2014.<\/p>\n<p>Alrededor de 250 alumnas de la instituci\u00f3n educativa recorrieron las calles de Aguascalientes, partiendo de la carretera 45 Norte, a la altura del centro comercial Altaria hasta la Plaza de la Patria, en el municipio capital. Las j\u00f3venes estaban acompa\u00f1adas de los retratos de los 43 normalistas, as\u00ed como de lonas y pancartas que hac\u00edan referencia a su desaparici\u00f3n.<\/p>\n<p>\u201cNo estamos aqu\u00ed porque no tengamos nada que hacer, estamos aqu\u00ed para reclamar y exigir justicia a 43 sue\u00f1os, 43 ilusiones, son 43 hogares destruidos desde hace 8 a\u00f1os; \u00bfC\u00f3mo es posible? Los compa\u00f1eros solo hac\u00edan actividades para reclutar autobuses para conmemorar la marcha del 2 de octubre en la Ciudad de M\u00e9xico, otro hecho, otra injusticia, otro acto impune por el gobierno\u201d, expres\u00f3 en un momento una de las estudiantes.<\/p>\n<p>\u201cSer normalista no es ser revoltoso, delincuente, o alguna otra idea que el gobierno quiera imponernos. Ser normalista nos caracteriza por ser personas de lucha, de justicia por parte de \u00e9ste, que lo \u00fanico que hace es reprimirnos, desaparecernos sin importar la escuela de cada persona, el sacrificio de abandonar tu hogar con la meta de superarnos c\u00f3mo persona\u201d, reclam\u00f3 otra de las participantes ante el micr\u00f3fono.<\/p>\n<p>Minutos despu\u00e9s, las manifestantes permanecieron gritando consignas a modo de reclamo por las acciones violentas ejercidas en contra de los 43 estudiantes de la Normal Rural de Ayotzinapa y a la vez, manifestaron su solidaridad con el instituto de Iguala. Posteriormente, declararon un peque\u00f1o receso y luego, por grupos, presentaron algunas expresiones art\u00edsticas.<\/p>\n<p>Cabe mencionar que la manifestaci\u00f3n fue vigilada por elementos de las secretar\u00edas de Seguridad P\u00fablica Municipal y Estatal, la cual dispuso el helic\u00f3ptero \u00c1guila 1 para sobrevolar la zona centro de la ciudad. En ning\u00fan momento se presentaron actos violentos.<\/p>\n<p>Las alumnas de la normal tambi\u00e9n estuvieron acompa\u00f1adas por representantes de asociaciones civiles, como el Observatorio de Violencia Social y de G\u00e9nero en Aguascalientes y la Coalici\u00f3n de Jubilados y Pensionados del ISSSTE, representada por Mar\u00eda de Jes\u00fas Rangel, quien tambi\u00e9n fue estudiante de Ca\u00f1ada Honda.<\/p>\n<p><a href=\"https:\/\/newsweekespanol.com\/2022\/09\/justicia-exigen-normalistas-de-aguascalientes-en-manifestacion-por-los-43-de-ayotzinapa\/\" rel=\"noopener\" target=\"_blank\">https:\/\/newsweekespanol.com\/2022\/09\/justicia-exigen-normalistas-de-aguascalientes-en-manifestacion-por-los-43-de-ayotzinapa\/<\/a><\/p>\n","protected":false},"excerpt":{"rendered":"<p>Daniela Lomel\u00ed\/Newsweek en Espa\u00f1ol 26 septiembre 2022 Estudiantes de la Escuela Normal Rural \u201cJusto Sierra M\u00e9ndez\u201d, mejor conocida como Ca\u00f1ada Honda, se manifestaron durante la tarde de este lunes en &hellip; <a href=\"https:\/\/www.grieta.org.mx\/index.php\/2022\/09\/26\/justicia-exigen-normalistas-de-aguascalientes-en-manifestacion-por-los-43-de-ayotzinapa\/\" class=\"more-link\">Leer m\u00e1s<\/a><\/p>\n","protected":false},"author":2,"featured_media":65363,"comment_status":"closed","ping_status":"closed","sticky":false,"template":"","format":"standard","meta":{"ngg_post_thumbnail":0,"_jetpack_newsletter_access":"","_jetpack_dont_email_post_to_subs":false,"_jetpack_newsletter_tier_id":0,"_jetpack_memberships_contains_paywalled_content":false,"_jetpack_memberships_contains_paid_content":false,"footnotes":""},"categories":[4,80,2545,2],"tags":[4118,4117,225,229],"class_list":["post-65361","post","type-post","status-publish","format-standard","has-post-thumbnail","hentry","category-aguascalientes","category-cintillo","category-conflictos-y-resistencia-de-las-escuelas-normales-rurales-en-aguascalientes","category-noticias-nacionales","tag-movilizaciones-de-normalistas","tag-normales-rurales","tag-normalistas","tag-solidaridad-con-ayotzinapa","entry"],"jetpack_featured_media_url":"https:\/\/www.grieta.org.mx\/wp-content\/uploads\/2022\/09\/WhatsApp-Image-2022-09-26-at-8.11.01-PM-1140x570-1.jpeg","jetpack_sharing_enabled":true,"jetpack_shortlink":"https:\/\/wp.me\/p7ZJR4-h0d","jetpack_likes_enabled":false,"jetpack-related-posts":[{"id":6031,"url":"https:\/\/www.grieta.org.mx\/index.php\/2015\/09\/27\/movilizaciones-por-ayotzinapa-en-aguascalientes\/","url_meta":{"origin":65361,"position":0},"title":"Movilizaciones por Ayotzinapa en Aguascalientes","author":"grieta","date":"27 septiembre, 2015","format":false,"excerpt":"27\/09\/15. Exigen Justicia a un a\u00f1o de la Desaparici\u00f3n de los 43 Estudiantes Normalistas de AyotzinapaP\u00e1gina 24 27\/03\/15. Exigen Justicia a Seis Meses de la Desaparici\u00f3n Forzada de los Normalistas de Ayotzinapa P\u00e1gina 24 27\/02\/15. Despu\u00e9s de Ayotzinapa \u201cSigue Reinando la Corrupci\u00f3n y la Impunidad\u201d en M\u00e9xico P\u00e1gina 24","rel":"","context":"En &quot;Aguascalientes&quot;","block_context":{"text":"Aguascalientes","link":"https:\/\/www.grieta.org.mx\/index.php\/category\/noticias-nacionales\/aguascalientes\/"},"img":{"alt_text":"","src":"https:\/\/i0.wp.com\/www.grieta.org.mx\/wp-content\/uploads\/2018\/03\/14524434_1106112876131411_958039263622046936_o.jpg?resize=350%2C200&ssl=1","width":350,"height":200,"srcset":"https:\/\/i0.wp.com\/www.grieta.org.mx\/wp-content\/uploads\/2018\/03\/14524434_1106112876131411_958039263622046936_o.jpg?resize=350%2C200&ssl=1 1x, https:\/\/i0.wp.com\/www.grieta.org.mx\/wp-content\/uploads\/2018\/03\/14524434_1106112876131411_958039263622046936_o.jpg?resize=525%2C300&ssl=1 1.5x, https:\/\/i0.wp.com\/www.grieta.org.mx\/wp-content\/uploads\/2018\/03\/14524434_1106112876131411_958039263622046936_o.jpg?resize=700%2C400&ssl=1 2x"},"classes":[]},{"id":6041,"url":"https:\/\/www.grieta.org.mx\/index.php\/2015\/09\/27\/en-aguascalientes-exigen-justicia-a-un-ano-de-la-desaparicion-de-los-43-estudiantes-normalistas-de-ayotzinapa\/","url_meta":{"origin":65361,"position":1},"title":"En Aguascalientes exigen Justicia a un a\u00f1o de la Desaparici\u00f3n de los 43 Estudiantes Normalistas de Ayotzinapa","author":"grieta","date":"27 septiembre, 2015","format":false,"excerpt":"Cristina Zareth Hern\u00e1ndez Guti\u00e9rrez En el primer aniversario de la desaparici\u00f3n de los normalistas de Ayotzinapa, estudiantes, maestros y activistas realizaron una marcha de protesta para exigir al igual que hace un a\u00f1o, \u201cjusticia por los 43\u201d. El contingente de cerca de 400 personas que se integr\u00f3 por estudiantes del\u2026","rel":"","context":"En &quot;aguascalientes&quot;","block_context":{"text":"aguascalientes","link":"https:\/\/www.grieta.org.mx\/index.php\/category\/aguascalientes\/"},"img":{"alt_text":"","src":"https:\/\/i0.wp.com\/www.grieta.org.mx\/wp-content\/uploads\/2018\/03\/14524434_1106112876131411_958039263622046936_o.jpg?resize=350%2C200&ssl=1","width":350,"height":200,"srcset":"https:\/\/i0.wp.com\/www.grieta.org.mx\/wp-content\/uploads\/2018\/03\/14524434_1106112876131411_958039263622046936_o.jpg?resize=350%2C200&ssl=1 1x, https:\/\/i0.wp.com\/www.grieta.org.mx\/wp-content\/uploads\/2018\/03\/14524434_1106112876131411_958039263622046936_o.jpg?resize=525%2C300&ssl=1 1.5x, https:\/\/i0.wp.com\/www.grieta.org.mx\/wp-content\/uploads\/2018\/03\/14524434_1106112876131411_958039263622046936_o.jpg?resize=700%2C400&ssl=1 2x"},"classes":[]},{"id":5619,"url":"https:\/\/www.grieta.org.mx\/index.php\/2016\/07\/15\/movilizaciones-de-normalistas-en-aguascalientes\/","url_meta":{"origin":65361,"position":2},"title":"Movilizaciones de normalistas en Aguascalientes","author":"grieta","date":"15 julio, 2016","format":false,"excerpt":"15\/07\/16. Normalista de Ca\u00f1ada Honda atropellada en Michoac\u00e1n El Sol del Centro 20\/06\/16. \u00a1Paro laboral en escuelas normales! Hidroc\u00e1lido 03\/06\/16. Se manifiestan normalistas de Ca\u00f1ada Honda La Jornada Aguascalientes 13\/01\/16. Paro de maestros en el CRENA Al Chile Aguascalientes 04\/01\/16. Piden normalistas elevar la transparencia en el sistema educativo La\u2026","rel":"","context":"En &quot;Aguascalientes&quot;","block_context":{"text":"Aguascalientes","link":"https:\/\/www.grieta.org.mx\/index.php\/category\/noticias-nacionales\/aguascalientes\/"},"img":{"alt_text":"","src":"https:\/\/i0.wp.com\/www.grieta.org.mx\/wp-content\/uploads\/2018\/03\/14524434_1106112876131411_958039263622046936_o.jpg?resize=350%2C200&ssl=1","width":350,"height":200,"srcset":"https:\/\/i0.wp.com\/www.grieta.org.mx\/wp-content\/uploads\/2018\/03\/14524434_1106112876131411_958039263622046936_o.jpg?resize=350%2C200&ssl=1 1x, https:\/\/i0.wp.com\/www.grieta.org.mx\/wp-content\/uploads\/2018\/03\/14524434_1106112876131411_958039263622046936_o.jpg?resize=525%2C300&ssl=1 1.5x, https:\/\/i0.wp.com\/www.grieta.org.mx\/wp-content\/uploads\/2018\/03\/14524434_1106112876131411_958039263622046936_o.jpg?resize=700%2C400&ssl=1 2x"},"classes":[]},{"id":15166,"url":"https:\/\/www.grieta.org.mx\/index.php\/2016\/06\/18\/entraran-en-paro-normalistas-de-aguascalientes\/","url_meta":{"origin":65361,"position":3},"title":"Entrar\u00e1n en paro normalistas de Aguascalientes","author":"grieta","date":"18 junio, 2016","format":false,"excerpt":"Karla M\u00e9ndez, Aguascalientes Todas las Escuelas Normales del estado de Aguascalientes entrar\u00e1n en un paro de labores el pr\u00f3ximo lunes, inform\u00f3 el l\u00edder del Sindicato de Trabajadores de la Educaci\u00f3n Secci\u00f3n 1, Mario Armando Valdez. \"En todas las normales del estado por la situaci\u00f3n de los corrimientos que est\u00e1 detenido\u2026","rel":"","context":"En &quot;aguascalientes&quot;","block_context":{"text":"aguascalientes","link":"https:\/\/www.grieta.org.mx\/index.php\/category\/aguascalientes\/"},"img":{"alt_text":"","src":"https:\/\/i0.wp.com\/www.grieta.org.mx\/wp-content\/uploads\/2018\/03\/14524434_1106112876131411_958039263622046936_o.jpg?resize=350%2C200&ssl=1","width":350,"height":200,"srcset":"https:\/\/i0.wp.com\/www.grieta.org.mx\/wp-content\/uploads\/2018\/03\/14524434_1106112876131411_958039263622046936_o.jpg?resize=350%2C200&ssl=1 1x, https:\/\/i0.wp.com\/www.grieta.org.mx\/wp-content\/uploads\/2018\/03\/14524434_1106112876131411_958039263622046936_o.jpg?resize=525%2C300&ssl=1 1.5x, https:\/\/i0.wp.com\/www.grieta.org.mx\/wp-content\/uploads\/2018\/03\/14524434_1106112876131411_958039263622046936_o.jpg?resize=700%2C400&ssl=1 2x"},"classes":[]},{"id":5647,"url":"https:\/\/www.grieta.org.mx\/index.php\/2015\/12\/14\/se-manifiestan-normalistas-en-el-iea-exigen-audiencia-con-director\/","url_meta":{"origin":65361,"position":4},"title":"Se manifiestan normalistas en el IEA, exigen audiencia con director","author":"grieta","date":"14 diciembre, 2015","format":false,"excerpt":"M\u00f3nica Cerb\u00f3n, Aguascalientes. \u201cLas estudiantes de la Escuela Normal Rural Justo Sierra M\u00e9ndez de Ca\u00f1ada Honda, Aguascalientes; se han estado presentando ante las autoridades educativas de Aguascalientes (IEA), puesto que no se ha dado apertura a la audiencia solicitada hace tiempo. Se gir\u00f3 un oficio de car\u00e1cter resolutivo con la\u2026","rel":"","context":"En &quot;aguascalientes&quot;","block_context":{"text":"aguascalientes","link":"https:\/\/www.grieta.org.mx\/index.php\/category\/aguascalientes\/"},"img":{"alt_text":"","src":"https:\/\/i0.wp.com\/www.grieta.org.mx\/wp-content\/uploads\/2018\/03\/14524434_1106112876131411_958039263622046936_o.jpg?resize=350%2C200&ssl=1","width":350,"height":200,"srcset":"https:\/\/i0.wp.com\/www.grieta.org.mx\/wp-content\/uploads\/2018\/03\/14524434_1106112876131411_958039263622046936_o.jpg?resize=350%2C200&ssl=1 1x, https:\/\/i0.wp.com\/www.grieta.org.mx\/wp-content\/uploads\/2018\/03\/14524434_1106112876131411_958039263622046936_o.jpg?resize=525%2C300&ssl=1 1.5x, https:\/\/i0.wp.com\/www.grieta.org.mx\/wp-content\/uploads\/2018\/03\/14524434_1106112876131411_958039263622046936_o.jpg?resize=700%2C400&ssl=1 2x"},"classes":[]},{"id":8951,"url":"https:\/\/www.grieta.org.mx\/index.php\/2015\/02\/01\/normalistas-de-michoacan-alertas-a-caso-ayotzinapa\/","url_meta":{"origin":65361,"position":5},"title":"Normalistas de Michoac\u00e1n, alertas a caso Ayotzinapa","author":"Admin","date":"1 febrero, 2015","format":false,"excerpt":"MORELIA, Mich., 1 de febrero de 2015.- Luego de continuas movilizaciones y acciones donde se exig\u00eda la aparici\u00f3n con vida de los 43 normalistas de Ayotzinapa Guerrero, y tras las declaraciones hechas por Jes\u00fas Murillo Karam, procurador General de la Rep\u00fablica, en torno al caso, estudiantes normalistas de la entidad\u2026","rel":"","context":"En &quot;CINTILLO&quot;","block_context":{"text":"CINTILLO","link":"https:\/\/www.grieta.org.mx\/index.php\/category\/cintillo\/"},"img":{"alt_text":"","src":"https:\/\/i0.wp.com\/www.grieta.org.mx\/wp-content\/uploads\/2018\/03\/14524434_1106112876131411_958039263622046936_o.jpg?resize=350%2C200&ssl=1","width":350,"height":200,"srcset":"https:\/\/i0.wp.com\/www.grieta.org.mx\/wp-content\/uploads\/2018\/03\/14524434_1106112876131411_958039263622046936_o.jpg?resize=350%2C200&ssl=1 1x, https:\/\/i0.wp.com\/www.grieta.org.mx\/wp-content\/uploads\/2018\/03\/14524434_1106112876131411_958039263622046936_o.jpg?resize=525%2C300&ssl=1 1.5x, https:\/\/i0.wp.com\/www.grieta.org.mx\/wp-content\/uploads\/2018\/03\/14524434_1106112876131411_958039263622046936_o.jpg?resize=700%2C400&ssl=1 2x"},"classes":[]}],"_links":{"self":[{"href":"https:\/\/www.grieta.org.mx\/index.php\/wp-json\/wp\/v2\/posts\/65361","targetHints":{"allow":["GET"]}}],"collection":[{"href":"https:\/\/www.grieta.org.mx\/index.php\/wp-json\/wp\/v2\/posts"}],"about":[{"href":"https:\/\/www.grieta.org.mx\/index.php\/wp-json\/wp\/v2\/types\/post"}],"author":[{"embeddable":true,"href":"https:\/\/www.grieta.org.mx\/index.php\/wp-json\/wp\/v2\/users\/2"}],"replies":[{"embeddable":true,"href":"https:\/\/www.grieta.org.mx\/index.php\/wp-json\/wp\/v2\/comments?post=65361"}],"version-history":[{"count":1,"href":"https:\/\/www.grieta.org.mx\/index.php\/wp-json\/wp\/v2\/posts\/65361\/revisions"}],"predecessor-version":[{"id":65362,"href":"https:\/\/www.grieta.org.mx\/index.php\/wp-json\/wp\/v2\/posts\/65361\/revisions\/65362"}],"wp:featuredmedia":[{"embeddable":true,"href":"https:\/\/www.grieta.org.mx\/index.php\/wp-json\/wp\/v2\/media\/65363"}],"wp:attachment":[{"href":"https:\/\/www.grieta.org.mx\/index.php\/wp-json\/wp\/v2\/media?parent=65361"}],"wp:term":[{"taxonomy":"category","embeddable":true,"href":"https:\/\/www.grieta.org.mx\/index.php\/wp-json\/wp\/v2\/categories?post=65361"},{"taxonomy":"post_tag","embeddable":true,"href":"https:\/\/www.grieta.org.mx\/index.php\/wp-json\/wp\/v2\/tags?post=65361"}],"curies":[{"name":"wp","href":"https:\/\/api.w.org\/{rel}","templated":true}]}}