{"id":65331,"date":"2022-09-18T10:44:10","date_gmt":"2022-09-18T15:44:10","guid":{"rendered":"https:\/\/www.grieta.org.mx\/?p=65331"},"modified":"2022-09-26T10:50:10","modified_gmt":"2022-09-26T15:50:10","slug":"usan-cuotas-escolares-a-discrecion-durante-pandemia-en-nuevo-laredo-tamaulipas","status":"publish","type":"post","link":"https:\/\/www.grieta.org.mx\/index.php\/2022\/09\/18\/usan-cuotas-escolares-a-discrecion-durante-pandemia-en-nuevo-laredo-tamaulipas\/","title":{"rendered":"Usan cuotas escolares a discreci\u00f3n durante pandemia en Nuevo Laredo (Tamaulipas)"},"content":{"rendered":"<p>Cyntia Castillejos-Magdiel Hern\u00e1ndez\/Pie de P\u00e1gina<br \/>\n18 septiembre 2022<br \/>\nIlustraci\u00f3n: Carlos Mendoza<\/p>\n<blockquote><p>Las familias de12 mil estudiantes de secundaria de Nuevo Laredo, Tamaulipas, pagaron aportaciones \u201cvoluntarias\u201d de 250 y mil 500 pesos durante dos ciclos escolares en pandemia a pesar de que la comunidad estudiantil estuvo fuera de las aulas<\/p>\n<p>TAMAULIPAS.- A pesar de que la Secretar\u00eda de Educaci\u00f3n P\u00fablica (SEP), y la del estado de Tamaulipas, publicaron a trav\u00e9s de medios oficiales que, durante el ciclo escolar 2020-2021, no se deber\u00edan cobrar cuotas voluntarias (<a href=\"https:\/\/www.tamaulipas.gob.mx\/educacion\/wp-content\/uploads\/sites\/3\/2020\/08\/comunicado_no_cobro-de-cuotas-escolares.pdf\">https:\/\/www.tamaulipas.gob.mx\/educacion\/wp-content\/uploads\/sites\/3\/2020\/08\/comunicado_no_cobro-de-cuotas-escolares.pdf<\/a>)\u00a0 debido al impacto econ\u00f3mico que ocasion\u00f3 la pandemia por Covid-19, esto no impidi\u00f3 que las 24 secundarias que existen en Nuevo Laredo, Tamaulipas, recaudaran aproximadamente 11 millones de pesos gracias a estas \u201caportaciones\u201d en periodo pand\u00e9mico. Pero poco o nada se sabe del destino de estos fondos, que supuestamente tendr\u00edan que ser administrados por las Asociaciones de Padres de Familia de cada centro escolar y que, de acuerdo con familias de diferentes instituciones, no se invirti\u00f3 en mejoras, sino que se ha mantenido en completa opacidad.<\/p>\n<p>Seg\u00fan los datos recopilados a trav\u00e9s de entrevistas con padres de familia, las cuotas van desde los 250 hasta los mil 500 pesos por alumno, lo que se traduce en que las familias de m\u00e1s de 12 mil estudiantes que cursaron el nivel medio en Nuevo Laredo, pagaron, en promedio, 720 pesos,\u00a0 esto a pesar de que sus hijos dejaron de asistir a las aulas de manera presencial durante todo el periodo 2020-2021 y parte del ciclo escolar 2021-2022. Ante esto, ninguna autoridad ha dado a conocer el destino de este recurso. \u201cLa recaudaci\u00f3n de cuotas voluntarias son acuerdos internos entre la Sociedad de Padres de Familia de cada instituci\u00f3n\u201d, respondi\u00f3 a una solicitud de transparencia Juan Alberto V\u00e1zquez Garc\u00eda, director Jur\u00eddico y de Acceso a la Informaci\u00f3n P\u00fablica de la Secretar\u00eda de Educaci\u00f3n de Tamaulipas (SET).<\/p>\n<figure class=\"wp-block-image\"><img decoding=\"async\" src=\"https:\/\/lh5.googleusercontent.com\/68dIvjm9dxFpUk6IWQdyL2jYihp4qb3_BZG3JhEinjUTbC0Qt_vUQjXSEZC7ftfcYgLd_fGDMKvekuWcL-BCEbr_r6heUC7k9xf6BJ9NJbEYG6R_LhtM5-GiAiX9_EBPU4zxHB9FQd-ngBOb-uw_smjDfB3vCHbL2xgvCN2GWkDlLmj7ZcQeg14w9Xk4sDqFBMBj_w\" alt=\"\" \/><figcaption><strong>En la secundaria 4 Francisco I. Madero se cobraron cuotas de 900 pesos por alumno durante el periodo de pandemia por covid-19 que abarc\u00f3 el ciclo escolar 2020-2021 y la mitad del ciclo 2021-2022, en la que los estudiantes no acudieron de manera presencial a las escuelas.\u00a0Foto: Cynthia Castillejos<\/strong><\/figcaption><\/figure>\n<p>Pero esto es contrario a lo que establece el Reglamento para la Constituci\u00f3n, Registro, Organizaci\u00f3n y Funcionamiento de las Asociaciones de Padres de Familia del Estado de Tamaulipas, en donde se afirma que \u201cla aplicaci\u00f3n y vigilancia del cumplimiento del presente Reglamento es competencia del Poder Ejecutivo del Estado por conducto de la Secretar\u00eda de Educaci\u00f3n\u201d, es decir, que s\u00ed est\u00e1n obligados a velar por este recurso.<\/p>\n<p>Esta vieja pr\u00e1ctica supuestamente se elimin\u00f3 desde abril de 2013, a\u00f1o en el que el pleno del Senado de la Rep\u00fablica aval\u00f3 una reforma a la Ley General de Educaci\u00f3n en la que especificaron que las cuotas escolares dejar\u00edan de ser obligatorias y se convertir\u00edan en una aportaci\u00f3n \u201cvoluntaria\u201d, adem\u00e1s, se especific\u00f3 que la entrega de esta no podr\u00eda condicionar la aplicaci\u00f3n de un servicio educativo, ingreso, permanencia, ex\u00e1menes o documentos de cualquier persona.<\/p>\n<p>Pero en Nuevo Laredo se viven dos realidades, por un lado, diversos padres de familia consultados para este reportaje aseguran que esta tradici\u00f3n no solo contin\u00faa en las secundarias del municipio, sino que tambi\u00e9n se les han negado la entrega de documentos sino cubren sus saldos pendientes. Y, contrario a esto, Miguel J\u00e1uregui Salazar, titular del Centro Regional para el Desarrollo Educativo (Crede), en Nuevo Laredo, justific\u00f3 estos cobros y asegur\u00f3 que las aportaciones voluntarias son pagadas por padres de familia sin que hayan sido presionados.<\/p>\n<figure class=\"wp-block-image size-full\"><img loading=\"lazy\" decoding=\"async\" class=\"wp-image-104830\" src=\"https:\/\/piedepagina.mx\/wp-content\/uploads\/2022\/09\/borderhub_cuotasescuelas_migueljaureguisalazar.jpg\" sizes=\"auto, (max-width: 1200px) 100vw, 1200px\" srcset=\"https:\/\/piedepagina.mx\/wp-content\/uploads\/2022\/09\/borderhub_cuotasescuelas_migueljaureguisalazar.jpg 1200w, https:\/\/piedepagina.mx\/wp-content\/uploads\/2022\/09\/borderhub_cuotasescuelas_migueljaureguisalazar-500x281.jpg 500w, https:\/\/piedepagina.mx\/wp-content\/uploads\/2022\/09\/borderhub_cuotasescuelas_migueljaureguisalazar-768x432.jpg 768w\" alt=\"\" width=\"1200\" height=\"675\" \/><figcaption>Miguel J\u00e1uregui Salazar, jefe del Centro Regional para el Desarrollo Educativo (Crede) en Nuevo Laredo, justific\u00f3 el cobro de \u201caportaciones voluntarias\u201d en Nuevo Laredo durante el periodo pand\u00e9mico. Foto: Miguel J\u00e1uregui Salazar<\/figcaption><\/figure>\n<h3>La SET evade responsabilidad de vigilar el recurso<\/h3>\n<p>La Secretar\u00eda de Educaci\u00f3n en Tamaulipas (SET) es la encargada de vigilar a las Asociaciones de Padres de Familia de cada plantel, pero de acuerdo con el titular de Educaci\u00f3n en Tamaulipas, Mario G\u00f3mez Monroy, la dependencia s\u00f3lo se encarga de regular y supervisar la formaci\u00f3n de cada mesa directiva, la dependencia no toca, ni revisa, los temas econ\u00f3micos.<\/p>\n<p>\u201cEn las facultades de las mesas directivas no intervenimos, mucho menos en la recaudaci\u00f3n, eso es facultad exclusiva de ellos y los padres de familia nombraron esa mesa directiva precisamente para que los representaran. Es con ellos con quienes tienen que abordar el tema de las cuotas, quitarlas, bajarlas, subirlas, exigir el buen manejo y ver que se apliquen para lo que se est\u00e1n solicitando esos recursos\u201d, declar\u00f3 G\u00f3mez Monroy.<\/p>\n<figure class=\"wp-block-image size-full\"><img loading=\"lazy\" decoding=\"async\" class=\"wp-image-104829\" src=\"https:\/\/piedepagina.mx\/wp-content\/uploads\/2022\/09\/borderhub_cuotasescuelas_set.jpg\" sizes=\"auto, (max-width: 1200px) 100vw, 1200px\" srcset=\"https:\/\/piedepagina.mx\/wp-content\/uploads\/2022\/09\/borderhub_cuotasescuelas_set.jpg 1200w, https:\/\/piedepagina.mx\/wp-content\/uploads\/2022\/09\/borderhub_cuotasescuelas_set-500x283.jpg 500w, https:\/\/piedepagina.mx\/wp-content\/uploads\/2022\/09\/borderhub_cuotasescuelas_set-768x435.jpg 768w\" alt=\"\" width=\"1200\" height=\"680\" \/><figcaption>La Secretar\u00eda de Educaci\u00f3n en Tamaulipas tiene la obligaci\u00f3n de vigilar los recursos provenientes de las \u201caportaciones voluntarias\u201d que realizan los padres de familia, sin embargo, su titular asegura que no cuentan con la capacidad para hacerlo. Foto: SET<\/figcaption><\/figure>\n<p>El art\u00edculo 32 del Reglamento para la Constituci\u00f3n, Registro, Organizaci\u00f3n y Funcionamiento de las Asociaciones de Padres de Familia del Estado de Tamaulipas establece que las autoridades escolares y educativas fungir\u00e1n como asesores de las asociaciones de padres de familia para el mejor cumplimiento de su objeto, pero cubrir todo esto le parece imposible al titular de la Secretar\u00eda de Educaci\u00f3n, quien asegura que la dependencia a su cargo conoce la problem\u00e1tica que viven cada inicio de ciclo escolar los padres de familia, pero que no es viable vigilar a cada una de los centros educativos que hay en la entidad.<\/p>\n<p>\u201cAl fin de cuentas son los padres de familia los que deben hacer llegar esas solicitudes a sus mesas directivas, porque son ellos los que fijan esa cuota que debe de ser voluntaria. En el caso de nosotros, como Secretar\u00eda de Educaci\u00f3n, no podemos permitir, por ning\u00fan motivo, que se limiten las inscripciones, la entrega de alg\u00fan papel oficial o darles clases a los ni\u00f1os por no haber pagado la cuota escolar de la Sociedad de Padres de Familia [\u2026]supervisamos la formaci\u00f3n, pero no el manejo de los recursos, no tendr\u00edamos la capacidad humana para hacerlo, son 4 mil 500 escuelas, tendr\u00edamos que estar revisando las cajas chicas de cada Mesa Directiva y es muy complicado\u201d, asegur\u00f3 G\u00f3mez Monroy.<\/p>\n<p>La problem\u00e1tica de estas \u201ccuotas voluntarias\u201d no solo est\u00e1 en su falta de vigilancia, sino en su origen mismo. G\u00f3mez Monroy asegur\u00f3 que la dependencia a su cargo no cuenta con una participaci\u00f3n presupuestal para las escuelas de nivel b\u00e1sico del estado, es decir, no existe ninguna partida asignada a la manutenci\u00f3n de las escuelas p\u00fablicas de la entidad, lo cual provoca que el cobro de las aportaciones se agudice en los centros escolares.<\/p>\n<figure class=\"wp-block-image size-full\"><img loading=\"lazy\" decoding=\"async\" class=\"wp-image-104828\" src=\"https:\/\/piedepagina.mx\/wp-content\/uploads\/2022\/09\/borderhub_cuotasescuelas_magdielhernandez.jpg\" sizes=\"auto, (max-width: 1200px) 100vw, 1200px\" srcset=\"https:\/\/piedepagina.mx\/wp-content\/uploads\/2022\/09\/borderhub_cuotasescuelas_magdielhernandez.jpg 1200w, https:\/\/piedepagina.mx\/wp-content\/uploads\/2022\/09\/borderhub_cuotasescuelas_magdielhernandez-500x281.jpg 500w, https:\/\/piedepagina.mx\/wp-content\/uploads\/2022\/09\/borderhub_cuotasescuelas_magdielhernandez-768x432.jpg 768w\" alt=\"\" width=\"1200\" height=\"675\" \/><figcaption>El titular de la Secretar\u00eda de Educaci\u00f3n en Tamaulipas, Mario G\u00f3mez Monroy, se deslind\u00f3 de la responsabilidad a su cargo de vigilar el destino y transparencia de las \u201caportaciones voluntarias\u201d en las secundarias de Nuevo Laredo. Foto: Mario G\u00f3mez Monroy<\/figcaption><\/figure>\n<p>\u201cMuchas veces las asociaciones de padres de familia ocupan parte de ese dinero para hacer mejoras en las escuelas, entonces eso es algo que le ayuda a la Secretar\u00eda [\u2026] Y si hay recursos que est\u00e1n llegando por parte de la federaci\u00f3n, estamos en un programa de mantenimientos de escuelas, viendo el arreglo de ba\u00f1os y que haya agua corriente, pero lo estamos haciendo en las escuelas de m\u00e1s alta marginaci\u00f3n porque es para lo que nos alcanza ahorita\u201d, explic\u00f3 el titular de la Secretar\u00eda de Educaci\u00f3n en Tamaulipas.<\/p>\n<p>El programa federal al que hace referencia G\u00f3mez Monroy es \u201cLa Escuela Nuestra\u201d e incluso la SEP desconoce c\u00f3mo se han usado los m\u00e1s de 23 mil millones de pesos p\u00fablicos del presupuesto, los cuales han llegado \u00fanicamente al 36% de los planteles del pa\u00eds. En Tamaulipas se han otorgado apoyos a 1,132 escuelas con un monto de 341 millones de pesos, de acuerdo con informaci\u00f3n publicada por Animal Pol\u00edtico.<\/p>\n<h3>Cuestiona ASF destino de m\u00e1s de 81 mdp<\/h3>\n<p>Padres de familia de diferentes centros escolares de Nuevo Laredo no entienden el cobro de estas cuotas y, al mismo tiempo, las pocas mejoras que se han hecho en las escuelas. Esto no es nuevo ante la lupa de las autoridades, la Auditor\u00eda Superior de la Federaci\u00f3n (ASF) inform\u00f3 que Tamaulipas no ejerci\u00f3 m\u00e1s de 80 millones de pesos de la cuenta p\u00fablica del 2021, monto que se debi\u00f3 haber aplicado en la mejora de la infraestructura de escuelas de nivel b\u00e1sico del estado.<\/p>\n<p>De acuerdo con la ASF, Tamaulipas recibi\u00f3 cerca de 48 millones de pesos de recursos remanentes del ejercicio fiscal del a\u00f1o 2021 y recursos de ejercicios fiscales de a\u00f1os anteriores por aproximadamente 50 millones de pesos. En total se le dio un recurso de m\u00e1s de 99.6 millones de pesos, de los cuales, \u00fanicamente utiliz\u00f3 17 millones de pesos.<\/p>\n<p>Esto llev\u00f3 a la ASF a emitir una recomendaci\u00f3n para que el gobierno de Tamaulipas, en particular el Instituto Tamaulipeco de Infraestructura F\u00edsica y Educativa (Itife) elabore un un programa de ejecuci\u00f3n de obras y adquisiciones para la aplicaci\u00f3n de los recursos disponibles al 31 de diciembre del 2021 de los remanentes del Fondo de Aportaciones M\u00faltiples, con objeto de garantizar el ejercicio de los recursos en los objetivos del fondo.<\/p>\n<p>Esta informaci\u00f3n contrasta con lo declarado por el secretario de Educaci\u00f3n de Tamaulipas, Mario G\u00f3mez Monroy, quien declar\u00f3 que no exist\u00edan fondos destinados para la mejora de la infraestructura educativa del estado.<\/p>\n<p>A pesar de estos recursos que no fueron ejercidos y que los estudiantes asistieron 100% en l\u00ednea a clases, las secundarias de Nuevo Laredo continuaron cobrando, con puntualidad, las cuotas escolares del ciclo 2020-2021, ya que las autoridades aseguran que, aunque los alumnos no usaban las instalaciones, este recurso era necesario para cubrir los servicios de renta de copiadoras, internet y material educativo de los docentes.<\/p>\n<p>\u201cEs cierto que estos casi dos a\u00f1os no se utilizaron los edificios escolares por las y los alumnos, sin embargo, s\u00ed asistieron los directores, las maestras y los maestros. Incluso, muchos de ellos tuvieron sus Consejos T\u00e9cnicos Escolares dentro de la escuela y tambi\u00e9n\u00a0 asist\u00edan a la escuela y desde ah\u00ed transmit\u00edan sus clases en vivo y por supuesto que siguen utilizando los materiales e insumos de la escuela para la reproducci\u00f3n de fotocopias, la entrega de cuadernillos, el internet\u201d, explic\u00f3 el jefe del Crede, Miguel J\u00e1uregui Salazar.<\/p>\n<h3>Piden cuotas, pero aseguran que no tienen recursos<\/h3>\n<p>Durante una visita a la secundaria 3, Belisario Dom\u00ednguez, el director del plantel, Francisco Javier Moreno Medina, asegur\u00f3 que quienes no cumplieran con la \u201caportaci\u00f3n voluntaria\u201d no tendr\u00edan problemas al recoger los documentos de sus hijos, sin embargo, los reporteros a cargo de este reportaje presenciaron cuando el plantel le neg\u00f3 los documentos a una madre de familia argumentando que no hab\u00eda pagado la \u201caportaci\u00f3n voluntaria\u201d y que para entregarle los documentos del menor ten\u00eda que realizar al menos un abono del pago que no hab\u00eda cubierto.<\/p>\n<figure class=\"wp-block-image size-full\"><img loading=\"lazy\" decoding=\"async\" class=\"wp-image-104827\" src=\"https:\/\/piedepagina.mx\/wp-content\/uploads\/2022\/09\/borderhub_cuotasescuelas_cyntiacastillejos02.jpg\" sizes=\"auto, (max-width: 1200px) 100vw, 1200px\" srcset=\"https:\/\/piedepagina.mx\/wp-content\/uploads\/2022\/09\/borderhub_cuotasescuelas_cyntiacastillejos02.jpg 1200w, https:\/\/piedepagina.mx\/wp-content\/uploads\/2022\/09\/borderhub_cuotasescuelas_cyntiacastillejos02-500x281.jpg 500w, https:\/\/piedepagina.mx\/wp-content\/uploads\/2022\/09\/borderhub_cuotasescuelas_cyntiacastillejos02-768x432.jpg 768w\" alt=\"\" width=\"1200\" height=\"675\" \/><figcaption>Pie de foto: Francisco Javier Moreno Medina, director de la secundaria 3 Belisario Dom\u00ednguez, asegur\u00f3 que a los padres de familia no se les condiciona la entrega de los documentos de sus hijos por las \u201caportaciones voluntarias\u201d, sin embargo, las secretarias le negaron los documentos a una madre. Foto: Antonio Alcaraz<\/figcaption><\/figure>\n<p>\u201cMe dijeron que ten\u00eda que pagar el adeudo de unos cuadernillos y tengo que pagar (adem\u00e1s) la inscripci\u00f3n en la otra escuela, pero me est\u00e1n pidiendo la constancia y ahorita no tengo dinero por la pandemia\u201d, declar\u00f3 la madre de familia.<\/p>\n<p>La mujer, quien prefiri\u00f3 que no se publicara su nombre por temor a represalias, asegur\u00f3 que el argumento que le dieron las secretarias es que los documentos son enviados desde Ciudad Victoria y por esa raz\u00f3n ten\u00edan costo. Sin embargo no le dieron un total de lo que deb\u00eda cubrir, pues le aseguraron que ten\u00eda distintos adeudos.<\/p>\n<p>En la secundaria n\u00famero 4 Francisco I. Madero, la cual cuenta con mil 371 alumnos, de acuerdo con datos de la SEP, se cobraron alrededor de 900 pesos por cada estudiante durante el ciclo escolar 2020-2021, es decir, la escuela obtuvo un aproximado de un mill\u00f3n 233 mil pesos por concepto de \u201ccuotas escolares\u201d, fondo del que se desconoce su uso, ya que durante esos dos a\u00f1os nadie dio informaci\u00f3n sobre el uso del dinero ni se inform\u00f3 por ninguna v\u00eda (personal o electr\u00f3nica) a los padres de familia en qu\u00e9 se utiliz\u00f3 el recurso.<\/p>\n<p>En un recorrido hecho para este reportaje se pudo observar el deterioro de las instalaciones: ba\u00f1os sin jab\u00f3n para lavarse las manos, b\u00e1sico en \u00e9poca de COVID,\u00a0 tampoco tienen papel, una fuente que lleva a\u00f1os sin habilitarse, jardines erosionados, bancos rayoneados y salones sin mantenimiento. Y, a pesar de contar con estas aportaciones en periodo pand\u00e9mico, la escuela asegura no tener recursos para mejoras, esto se hizo m\u00e1s notable despu\u00e9s de la tormenta que azot\u00f3 a la ciudad en mayo del 2021, cuando el colegio incluso tuvo que recurrir a la ayuda municipal para las labores de limpieza.<\/p>\n<p>Manuel Zavala S\u00e1nchez, director de este plantel desde 1997, asegur\u00f3 que no todos los padres de familia cubren la \u201caportaci\u00f3n voluntaria\u201d y, por ejemplo, el a\u00f1o pasado apenas lograron captar 400 mil pesos por este concepto. Aunque este monto parecer\u00eda alto, el director explic\u00f3 que la manutenci\u00f3n de los edificios es cara y a esto se le tiene que sumar la compra de pintura y otros insumos como impermeabilizante.<\/p>\n<figure class=\"wp-block-image size-full\"><img loading=\"lazy\" decoding=\"async\" class=\"wp-image-104827\" src=\"https:\/\/piedepagina.mx\/wp-content\/uploads\/2022\/09\/borderhub_cuotasescuelas_cyntiacastillejos02.jpg\" sizes=\"auto, (max-width: 1200px) 100vw, 1200px\" srcset=\"https:\/\/piedepagina.mx\/wp-content\/uploads\/2022\/09\/borderhub_cuotasescuelas_cyntiacastillejos02.jpg 1200w, https:\/\/piedepagina.mx\/wp-content\/uploads\/2022\/09\/borderhub_cuotasescuelas_cyntiacastillejos02-500x281.jpg 500w, https:\/\/piedepagina.mx\/wp-content\/uploads\/2022\/09\/borderhub_cuotasescuelas_cyntiacastillejos02-768x432.jpg 768w\" alt=\"\" width=\"1200\" height=\"675\" \/><figcaption>Manuel Zavala S\u00e1nchez, director de la secundaria 4 Francisco I. Madero, asegur\u00f3 que no todos los padres de familia dieron las \u201caportaciones voluntarias\u201d y que a los padres de familia les informaron en qu\u00e9 se utiliz\u00f3 el dinero, pero los tutores de los alumnos aseguraron que no fue as\u00ed. Foto: Cyntia Castillejos<\/figcaption><\/figure>\n<p>La secundaria 10 tambi\u00e9n se une a esta lista, ya que para que los alumnos pudieran tomar sus clases a distancia se les solicit\u00f3 una \u201ccooperaci\u00f3n voluntaria\u201d de 800 pesos, esto quiere decir un ingreso de 472 mil 800 pesos, de acuerdo con el n\u00famero de estudiantes que estaban inscritos en el ciclo escolar 2020-2021, un costo que madres de familia como Mar\u00eda a\u00fan no entienden su finalidad.<\/p>\n<p>\u201cSabemos que se dice que es una cuota voluntaria, pero en ciertas escuelas, no digo que en todas, pero en la mayor\u00eda dec\u00edan que no entregar\u00eda los documentos a final de a\u00f1o si no pagabas la cuota\u201d, narr\u00f3.<\/p>\n<figure class=\"wp-block-image size-full\"><img loading=\"lazy\" decoding=\"async\" class=\"wp-image-104826\" src=\"https:\/\/piedepagina.mx\/wp-content\/uploads\/2022\/09\/borderhub_cuotasescuelas_antonioalcaraz.jpg\" sizes=\"auto, (max-width: 1200px) 100vw, 1200px\" srcset=\"https:\/\/piedepagina.mx\/wp-content\/uploads\/2022\/09\/borderhub_cuotasescuelas_antonioalcaraz.jpg 1200w, https:\/\/piedepagina.mx\/wp-content\/uploads\/2022\/09\/borderhub_cuotasescuelas_antonioalcaraz-450x300.jpg 450w, https:\/\/piedepagina.mx\/wp-content\/uploads\/2022\/09\/borderhub_cuotasescuelas_antonioalcaraz-768x512.jpg 768w\" alt=\"\" width=\"1200\" height=\"800\" \/><figcaption>Pie de foto: Oscar Palomo Rodr\u00edguez, director de la secundaria 10 Antonio \u00c1ngel Carmona Anzald\u00faa, declar\u00f3 que las \u201caportaciones voluntarias\u201d fueron necesarias para pagar los servicios de internet, renta de copiadoras, entre otros. Foto: Antonio Alcaraz<\/figcaption><\/figure>\n<p>El director del plantel, Oscar Palomo Rodr\u00edguez, justific\u00f3 este apoyo al especificar que, al igual que otros planteles, deb\u00edan cubrir el pago de tel\u00e9fono, entre otros gastos corrientes que no son otorgados por el gobierno, adem\u00e1s de que colocaron malla cicl\u00f3nica a manera de soluci\u00f3n temporal por la barda derrumbada.<\/p>\n<p>S\u00f3lo una secundaria, la n\u00famero #9 Siempre con la Patria, fue la \u00fanica instituci\u00f3n que durante el primer a\u00f1o de pandemia, no cobr\u00f3 aportaci\u00f3n alguna a los padres de familia, fue hasta este ciclo escolar que volvieron a las aulas que solicitaron el apoyo de los padres, para resarcir los da\u00f1os por la tormenta del 2021.<\/p>\n<p>\u201cNo se cobr\u00f3 para nada, nada m\u00e1s este a\u00f1o, nosotros cobramos voluntariamente 400 pesos al a\u00f1o, y los puede pagar en abonos y con eso nos apoyamos para cubrir los gastos principalmente ahorita de los vidrios, sufrimos problemitas de que se quebraron los vidrios cuando aquella tormenta fuerte que se vino y cayeron varios ventanales y tuvimos que hacer gasto, se nos cay\u00f3 un pedazo de barda y tambi\u00e9n lo hicimos con padres de familia\u201d, declar\u00f3 el director del plantel Arnoldo Escamilla Montemayor.<\/p>\n<h3>Cobros no tienen sentido<\/h3>\n<p>Para diferentes especialistas, estas cuotas o aportaciones voluntarias no ten\u00edan sentido en un periodo en el que los estudiantes se vieron obligados a tomar clases desde casa. \u201cEl objetivo de las cuotas escolares es para el mejoramiento de la comunidad acad\u00e9mica y de las instalaciones y mejoramiento de las escuelas, sin embargo, si los menores no estaban acudiendo a tomar su educaci\u00f3n, pues evidentemente no se est\u00e1 haciendo un gasto, ni hay un desgaste en el uso de las instalaciones, pero es una pr\u00e1ctica que ya est\u00e1 muy arraigada\u201d, dijo Braulio Hern\u00e1ndez Hern\u00e1ndez, presidente de la Barra Colegiada de Abogados.<\/p>\n<p>El problema no se reduce al pago de estas cuotas, sino que su uso es totalmente opaco. Aunque en el papel est\u00e1 detallado que las escuelas y las asociaciones tienen que registrar las aportaciones y su uso, en la vida diaria es algo que no solo no se hace, sino que se esconde, agreg\u00f3 el experto legal.<\/p>\n<figure class=\"wp-block-image size-full\"><img loading=\"lazy\" decoding=\"async\" class=\"wp-image-104823\" src=\"https:\/\/piedepagina.mx\/wp-content\/uploads\/2022\/09\/borderhub_cuotasescuelas_cytiacastillejos03.jpg\" sizes=\"auto, (max-width: 1200px) 100vw, 1200px\" srcset=\"https:\/\/piedepagina.mx\/wp-content\/uploads\/2022\/09\/borderhub_cuotasescuelas_cytiacastillejos03.jpg 1200w, https:\/\/piedepagina.mx\/wp-content\/uploads\/2022\/09\/borderhub_cuotasescuelas_cytiacastillejos03-479x300.jpg 479w, https:\/\/piedepagina.mx\/wp-content\/uploads\/2022\/09\/borderhub_cuotasescuelas_cytiacastillejos03-768x481.jpg 768w\" alt=\"\" width=\"1200\" height=\"752\" \/><figcaption>Braulio Hern\u00e1ndez, presidente de la Barra Colegiada de Abogados de Nuevo Laredo, dijo que el cobro de las \u201caportaciones voluntarias\u201d no es transparente. Foto: Cyntia Castillejos<\/figcaption><\/figure>\n<p>Por ejemplo, todos los \u201cRecibos de Ingresos para los Planteles Educativos\u201d, documento que la autoridad escolar tiene que expedir al momento de recibir las aportaciones, de acuerdo con el Reglamento que rige a las Asociaciones de Padres de Familia del Estado de Tamaulipas, son datos de lo que poco o nada se sabe.<\/p>\n<p>Mediante diferentes solicitudes de transparencia se pidi\u00f3 un informe y desglose de los montos que ingresan a las arcas escolares por este concepto, sin embargo la respuesta de las autoridades fue que al ser un acuerdo entre particulares este asunto no es de su competencia.<\/p>\n<p>Jorge Omar Moreno Trevi\u00f1o, profesor investigador de la Facultad de Econom\u00eda de la Universidad Aut\u00f3noma de Nuevo Le\u00f3n (UANL), explic\u00f3 que este cobro hecho por los centros escolares durante la pandemia responde a una crisis ante la que no estaban preparados para hacer frente. \u201cEstas cuotas no eran obligatorias, es muy cierto, pero ya que se cobraron, ya que se instauraron de manera no legal desafortunadamente, valdr\u00eda la pena transparentar el uso de esas cuotas a nivel escuela\u201d, asegur\u00f3 Moreno Trevi\u00f1o.<\/p>\n<h3>Las cuotas no alcanzan para el nivel de carencias<\/h3>\n<p>La tormenta que azot\u00f3 Nuevo Laredo el 17 de mayo del 2021 dej\u00f3 en evidencia las carencias que no s\u00f3lo la ciudad, sino las escuelas padecen, pues la mayor\u00eda de ellas resultaron con da\u00f1os considerables en su infraestructura y en sus subestaciones el\u00e9ctricas.<\/p>\n<p>La secundaria #79 Eugenio Hern\u00e1ndez Balboa tard\u00f3 un a\u00f1o completo en componer la subestaci\u00f3n el\u00e9ctrica que qued\u00f3 derribada con las lluvias, apenas a finales de mayo fue que se pudo tener energ\u00eda al 100% en los salones, pero por m\u00e1s de cinco meses los alumnos asistieron a las instalaciones en donde ni los ventiladores ni los aires acondicionados pod\u00edan ser encendidos, de acuerdo con lo informado por el director del plantel, Carlos Banda Rodr\u00edguez.<\/p>\n<p>Aunque la instituci\u00f3n recibi\u00f3 las \u201caportaciones voluntarias\u201d de los padres en el ciclo escolar 2020-2021, Banda asegura que eso es insuficiente, pues solo reparar el transformador tiene un costo de alrededor de 100 mil pesos, dinero con el que no cuenta la escuela.<\/p>\n<figure class=\"wp-block-image size-full\"><img loading=\"lazy\" decoding=\"async\" class=\"wp-image-104824\" src=\"https:\/\/piedepagina.mx\/wp-content\/uploads\/2022\/09\/borderhub_cuotasescuelas_02.jpg\" sizes=\"auto, (max-width: 1200px) 100vw, 1200px\" srcset=\"https:\/\/piedepagina.mx\/wp-content\/uploads\/2022\/09\/borderhub_cuotasescuelas_02.jpg 1200w, https:\/\/piedepagina.mx\/wp-content\/uploads\/2022\/09\/borderhub_cuotasescuelas_02-450x300.jpg 450w, https:\/\/piedepagina.mx\/wp-content\/uploads\/2022\/09\/borderhub_cuotasescuelas_02-768x512.jpg 768w\" alt=\"\" width=\"1200\" height=\"800\" \/><figcaption>La subestaci\u00f3n el\u00e9ctrica de la secundaria 79 Eugenio Hern\u00e1ndez Balboa tard\u00f3 un a\u00f1o en ser reparado, debido a que las aportaciones de los padres no fueron suficientes para solventar ese gasto. Foto: Sec. 79<\/figcaption><\/figure>\n<p>Otro caso, a\u00fan m\u00e1s grave, es el de la secundaria #11 Jos\u00e9 Hern\u00e1ndez Contreras, enclavada en uno de los sectores m\u00e1s marginados de Nuevo Laredo. Esta escuela qued\u00f3 semidestruida despu\u00e9s de la tormenta de 2021 y el gobierno estatal tard\u00f3 un a\u00f1o en solventar un poco de las carencias. En un primer recorrido, en abril de 2022, el colegio ten\u00eda las huellas del periodo de pandemia y del desastre natural: una barda perimetral derribada, ventanas rotas, aires acondicionados descompuestos, impermeabilizaci\u00f3n destruida, son algunos de los detalles que se observaron en esa ocasi\u00f3n.<\/p>\n<p>La directora del plantel, Liliana Aguilar, asegura que ha seguido todos los lineamientos para obtener alg\u00fan tipo de apoyo por parte del gobierno, pero al final se ha quedado en papeles. Y como en muchas otras escuelas, el \u00fanico recurso que queda es el que aporten los padres de familia.\u00a0 \u201cEs muy dif\u00edcil para todos y yo lo entiendo, genuinamente yo lo entiendo, pero esta es una escuela p\u00fablica que pertenece al gobierno yo soy directora y soy la encargada de esta instituci\u00f3n y soy solamente gestora, el recurso de los padres de familia no nos alcanza de verdad para cubrir para las necesidades que tenemos\u201d, explic\u00f3 Aguilar.<\/p>\n<h3>Asegura Estado no hay presupuesto para educaci\u00f3n<\/h3>\n<p>Se hicieron m\u00e1s de 50 solicitudes de transparencia para determinar a d\u00f3nde van las cuotas \u201cvoluntarias\u201d que pagan los padres de familia cada inicio de ciclo escolar y conocer los recursos con los que cuenta la Secretar\u00eda de Educaci\u00f3n del Estado (SET) para los planteles de secundaria de Nuevo Laredo, pero sobre este punto, la SET afirm\u00f3 que no cuenta con ning\u00fan presupuesto destinado a los planteles de la localidad.<\/p>\n<p>A pesar de esto, en el Presupuesto de Egresos de Tamaulipas, tan s\u00f3lo de este a\u00f1o, para el rubro destinado a educaci\u00f3n es de m\u00e1s de\u00a0<strong><a href=\"http:\/\/finanzas.tamaulipas.gob.mx\/uploads\/2022\/convocatoria\/04\/Anexo%203%20Decreto%20de%20Autorizacion.pdf\">26 mil 366 millones de pesos<\/a><\/strong>, pero los directores de los planteles educativos aseguran que el \u00fanico apoyo que reciben,\u00a0 tanto del estado como la federaci\u00f3n, es para pagos de agua, luz, sueldos de docentes y parte de la plantilla administrativa \u00fanicamente.<\/p>\n<p>Y adem\u00e1s, el titular de la SET en Tamaulipas tambi\u00e9n asegur\u00f3 en entrevista que la dependencia a su cargo no tiene un presupuesto establecido, pero en el Presupuesto de Egresos de Tamaulipas, para el ejercicio fiscal 2021-2022, hay un monto de m\u00e1s de 26 mil millones de pesos en educaci\u00f3n.<\/p>\n<p>Gabriela Regalado Fuentes, diputada local por el Distrito I por el Movimiento de Regeneraci\u00f3n Nacional (Morena), asegur\u00f3 que van a revisar por qu\u00e9 no se est\u00e1 reflejando el recurso en las escuelas municipales o del estado y rechaz\u00f3 las declaraciones del secretario de Educaci\u00f3n, Mario G\u00f3mez Monroy, quien asegur\u00f3 que no ten\u00edan presupuesto designado para las escuelas de nivel b\u00e1sico. \u201cSabemos que el presupuesto ha llegado y no se les ha cortado ni un solo peso, se han quitado programas, pero el recurso ha llegado y aparte se les ha incrementado, entonces es una mentira\u201d, enfatiz\u00f3 Regalado Fuentes.<\/p>\n<p>Al final, las escuelas aseguran que viven sin recursos, el gobierno que si los etiqueta y los que est\u00e1n obligados a pagar de manera puntual sus cuotas son los padres de familia. Miguel J\u00e1uregui, jefe del Centro Regional para el Desarrollo Educativo (Crede), organismo encargado de supervisar que no se cometan delitos como la retenci\u00f3n de documentos, hace hincapi\u00e9 en no llamarle \u201ccobro de cuotas\u201d, porque efectivamente es algo que est\u00e1 prohibido, tanto a nivel federal como estatal, pero se deslinda de la fiscalizaci\u00f3n de los recursos que se obtienen en cada centro educativo bajo esta etiqueta. \u201cEllos fueron electos por la comunidad de padres de familia, por quienes desearon participar y asistieron a la Asamblea y votaron para que estos padres los representen, y son ellos, en\u00a0 algunas escuelas, los que acuerdan y votan un monto para \u201caportar\u201d, pero siempre de manera voluntaria y para apoyar en el sostenimiento de la escuela\u201d, asegur\u00f3.<\/p>\n<h3>Sin las cuotas \u201cvoluntarias\u201d, las escuelas no sobrevivir\u00edan: directores<\/h3>\n<p>Directores de 22 de las 24 secundarias de Nuevo Laredo afirmaron que de no ser por las aportaciones de los padres de familia ser\u00eda imposible mantener la infraestructura de las escuelas, adem\u00e1s de pagar sueldos a conserjes y servicios como el tel\u00e9fono e Internet, compra de mesabancos y con la reciente pandemia, jab\u00f3n, gel antibacterial, cloro, desinfectantes l\u00edquidos y en aerosol.<\/p>\n<p>Juan Jos\u00e9 Gracia de la Garza, director de la escuela secundaria t\u00e9cnica 69, ubicada en la colonia Alianza para la Producci\u00f3n, al poniente de Nuevo Laredo, destac\u00f3 que ni el estado ni la federaci\u00f3n les brindan recurso para la inversi\u00f3n y mejoras de las escuelas. \u201c\u201cLas escuelas pr\u00e1cticamente son sostenidas por los padres de familia, el gobierno del estado no quiere a veces ni pagarle a los maestros, el gobierno municipal tampoco quiere pagarle mucho a los maestros, entonces casi todo lo que conlleva el gasto de una escuela, es sostenido por los padres de familia, para eso se usan las cuotas escolares\u201d, declar\u00f3 Gracia de la Garza.<\/p>\n<p>El funcionario destac\u00f3 que, si antes de la pandemia usaban 100 litros de limpiador l\u00edquido, esto se increment\u00f3 al doble a ra\u00edz del regreso a clases y la nueva normalidad y agreg\u00f3 que el gobierno de Tamaulipas s\u00f3lo les ha enviado una botella de un litro de gel, cuando tienen que atender a m\u00e1s de mil estudiantes en dos turnos.<\/p>\n<p>\u201cCon el apoyo de los padres, al interior, tenemos todo lo dem\u00e1s, porque aqu\u00ed nadie m\u00e1s nos da. Me han preguntado muchas veces \u00bfY qu\u00e9 hace con el dinero que les manda el Estado?\u2026 solo d\u00edgame \u00bfcu\u00e1l dinero?\u201d, detall\u00f3 el director de la secundaria 1, Javier Lugo Garc\u00eda.<\/p>\n<p>El director de la secundaria #7\u00a0 Emiliano Zapata, Estuardo Ram\u00edrez Ram\u00edrez, declar\u00f3 que desde el regreso a clases presenciales no han recibido ning\u00fan apoyo por parte de ning\u00fan orden de gobierno y han vivido con lo que los padres de familia pagaron durante la pandemia, mil 500 pesos por alumno, por concepto de las \u201caportaciones voluntarias\u201d.<\/p>\n<p>\u201cS\u00ed, pagaron las cuotas los padres de manera voluntaria para invertir en las escuelas, si no hay esas cuotas \u00bfqui\u00e9n nos apoya? Ahora, nos han dejado solos, ni el gel nos han entregado, nadie nos ha entregado nada, la escuela lo ha hecho todo. Las aportaciones las manejan los padres de familia para las necesidades propias de la escuela y que son muchas, todo el mantenimiento que tiene que darse a la escuela no cuesta barato, aqu\u00ed en la ma\u00f1ana por ejemplo yo tengo un intendente que se le dan 2 mil pesos por semana \u00bfqui\u00e9n lo paga? los padres de familia, \u00e9chele en un a\u00f1o \u00bfcu\u00e1nto es? Son m\u00e1s de 100 mil pesos, que se junten 300 mil o 200 mil pesos, se le tiene que quitar 100 mil por intendente\u201d, detall\u00f3 Ram\u00edrez Ram\u00edrez.<\/p>\n<p>Sin embargo, aunque la escuela luce impecable, el mismo jefe del Crede, Miguel J\u00e1uregui Salazar asegur\u00f3 que, adem\u00e1s de esta cuota anual, se les est\u00e1 solicitando de manera semanal 100 pesos m\u00e1s por alumno de cada sal\u00f3n para mantenerlo limpio, con lo que parecer\u00eda que no se tienen recursos para la limpieza. Al final, estos recursos se quedan en el limbo para los padres, a ellos simplemente se les \u201cinvita\u201d a dar sus cuotas voluntarias.<\/p>\n<p>Aunque algunos padres aseguran que de poco en poco les terminan cobrando todo, el director Ram\u00edrez Ram\u00edrez es claro \u201cla educaci\u00f3n de los hijos cuesta\u201d, asegura. \u201cQuieren una escuela en buenas condiciones materiales y acad\u00e9micas pues eso cuesta un poquito, hay escuelas que no tienen ni condiciones acad\u00e9micas ni condiciones materiales, aqu\u00ed hay las dos cosas. Es un solo turno, el matutino nada m\u00e1s, son 487 alumnos, de estos el 75 u 80% de los padres de familia s\u00ed apoyan, otro 20% por necesidad no y un 5% que no quiere pagar, que se acomodan, no soy nadie para juzgar, pero todo el tiempo he dicho que la educaci\u00f3n cuesta\u201d, justific\u00f3 Ram\u00edrez Ram\u00edrez.<\/p>\n<p>En la secundaria #12 Bicentenario de la Independencia, ubicada en la colonia Colinas del Sur, la directora de la escuela, Norma Fabela Garay, declar\u00f3 lo mismo: de no ser por el apoyo de los padres de familia, la escuela no estar\u00eda en las condiciones en las que se encuentra, pues tras la tormenta parte de la barda perimetral se cay\u00f3 y fue con las aportaciones de los padres que lograron ponerla en pie, gasto que seg\u00fan dijo, ascendi\u00f3 a 30 mil pesos.<\/p>\n<p>\u201cEs muy poca la aportaci\u00f3n (del gobierno estatal ), no quiero hablar mal, pero simplemente el apoyo para el regreso a clases fueron dos escobas y dos trapeadores\u201d, asegur\u00f3 Fabela Garay.<\/p>\n<p><em>*Este reportaje es parte del Hub de Periodismo de Investigaci\u00f3n de la Frontera Norte, un proyecto del International Center for Journalists en alianza con el Border Center for Journalists and Bloggers.<\/em><\/p><\/blockquote>\n<p><a href=\"https:\/\/piedepagina.mx\/usan-cuotas-escolares-a-discrecion-durante-pandemia-en-nuevo-laredo\/?utm_source=pocket_mylist\" rel=\"noopener\" target=\"_blank\">https:\/\/piedepagina.mx\/usan-cuotas-escolares-a-discrecion-durante-pandemia-en-nuevo-laredo\/?utm_source=pocket_mylist<\/a><\/p>\n","protected":false},"excerpt":{"rendered":"<p>Cyntia Castillejos-Magdiel Hern\u00e1ndez\/Pie de P\u00e1gina 18 septiembre 2022 Ilustraci\u00f3n: Carlos Mendoza Las familias de12 mil estudiantes de secundaria de Nuevo Laredo, Tamaulipas, pagaron aportaciones \u201cvoluntarias\u201d de 250 y mil 500 &hellip; <a href=\"https:\/\/www.grieta.org.mx\/index.php\/2022\/09\/18\/usan-cuotas-escolares-a-discrecion-durante-pandemia-en-nuevo-laredo-tamaulipas\/\" class=\"more-link\">Leer m\u00e1s<\/a><\/p>\n","protected":false},"author":2,"featured_media":65332,"comment_status":"closed","ping_status":"closed","sticky":false,"template":"","format":"standard","meta":{"ngg_post_thumbnail":0,"_jetpack_newsletter_access":"","_jetpack_dont_email_post_to_subs":false,"_jetpack_newsletter_tier_id":0,"_jetpack_memberships_contains_paywalled_content":false,"_jetpack_memberships_contains_paid_content":false,"footnotes":""},"categories":[80,916,2888,2,33,83],"tags":[410,3454,110,4112],"class_list":["post-65331","post","type-post","status-publish","format-standard","has-post-thumbnail","hentry","category-cintillo","category-privatizacion-del-la-educacion-publica","category-crisis-de-la-educacion-publica-en-tamaulipas","category-noticias-nacionales","category-tamaulipas","category-temas-nacionales","tag-corrupcion","tag-crisis-de-la-educacion-publica","tag-cuotas","tag-robo-de-recursos","entry"],"jetpack_featured_media_url":"https:\/\/www.grieta.org.mx\/wp-content\/uploads\/2022\/09\/borderhub_cuotasescuelas_carlosmendoza.jpg","jetpack_sharing_enabled":true,"jetpack_shortlink":"https:\/\/wp.me\/p7ZJR4-gZJ","jetpack_likes_enabled":false,"jetpack-related-posts":[{"id":41638,"url":"https:\/\/www.grieta.org.mx\/index.php\/2019\/11\/19\/sep-desaparecera-escuelas-de-tiempo-completo-tamaulipas\/","url_meta":{"origin":65331,"position":0},"title":"SEP desaparecer\u00e1 Escuelas de tiempo completo (Tamaulipas)","author":"grieta","date":"19 noviembre, 2019","format":false,"excerpt":"Esta medida afecta directamente a 849 planteles que atienden a unos 200 mil estudiantes. Antonio Hern\u00e1ndez\/Milenio 19 noviembre 2019 La Secretar\u00eda de Educaci\u00f3n de Tamaulipas, inform\u00f3 que el Gobierno Federal decidi\u00f3 culminar con el esquema de Escuelas de Tiempo Completo, el cual ser\u00e1 un duro golpe para la educaci\u00f3n y\u2026","rel":"","context":"En &quot;CINTILLO&quot;","block_context":{"text":"CINTILLO","link":"https:\/\/www.grieta.org.mx\/index.php\/category\/cintillo\/"},"img":{"alt_text":"","src":"https:\/\/i0.wp.com\/www.grieta.org.mx\/wp-content\/uploads\/2019\/11\/alumnos-en-escuelas-de-tamaulipas.jpeg?resize=350%2C200&ssl=1","width":350,"height":200,"srcset":"https:\/\/i0.wp.com\/www.grieta.org.mx\/wp-content\/uploads\/2019\/11\/alumnos-en-escuelas-de-tamaulipas.jpeg?resize=350%2C200&ssl=1 1x, https:\/\/i0.wp.com\/www.grieta.org.mx\/wp-content\/uploads\/2019\/11\/alumnos-en-escuelas-de-tamaulipas.jpeg?resize=525%2C300&ssl=1 1.5x, https:\/\/i0.wp.com\/www.grieta.org.mx\/wp-content\/uploads\/2019\/11\/alumnos-en-escuelas-de-tamaulipas.jpeg?resize=700%2C400&ssl=1 2x"},"classes":[]},{"id":41765,"url":"https:\/\/www.grieta.org.mx\/index.php\/2019\/11\/20\/adeudan-salarios-a-5-mil-maestros-en-tamaulipas\/","url_meta":{"origin":65331,"position":1},"title":"Adeudan salarios a 5 mil maestros en Tamaulipas","author":"grieta","date":"20 noviembre, 2019","format":false,"excerpt":"Pertenecen a escuelas de tiempo completo y desde el mes de septiembre no reciben sueldos, destac\u00f3 el SNTE. Jes\u00fas Alberto Garc\u00eda\/Milenio 20 noviembre 2019 En Tamaulipas son m\u00e1s de 5 mil maestros a los que se les deben salarios desde el mes de septiembre, asegur\u00f3 el SNTE, y que corresponde\u2026","rel":"","context":"En &quot;CINTILLO&quot;","block_context":{"text":"CINTILLO","link":"https:\/\/www.grieta.org.mx\/index.php\/category\/cintillo\/"},"img":{"alt_text":"","src":"https:\/\/i0.wp.com\/www.grieta.org.mx\/wp-content\/uploads\/2019\/12\/auditoria-superior-federacion-programa-completo_0_1_1024_637.jpg?resize=350%2C200&ssl=1","width":350,"height":200,"srcset":"https:\/\/i0.wp.com\/www.grieta.org.mx\/wp-content\/uploads\/2019\/12\/auditoria-superior-federacion-programa-completo_0_1_1024_637.jpg?resize=350%2C200&ssl=1 1x, https:\/\/i0.wp.com\/www.grieta.org.mx\/wp-content\/uploads\/2019\/12\/auditoria-superior-federacion-programa-completo_0_1_1024_637.jpg?resize=525%2C300&ssl=1 1.5x, https:\/\/i0.wp.com\/www.grieta.org.mx\/wp-content\/uploads\/2019\/12\/auditoria-superior-federacion-programa-completo_0_1_1024_637.jpg?resize=700%2C400&ssl=1 2x"},"classes":[]},{"id":55020,"url":"https:\/\/www.grieta.org.mx\/index.php\/2020\/08\/17\/snte-exige-pago-de-adeudos-a-mas-de-300-maestros-en-tamaulipas\/","url_meta":{"origin":65331,"position":2},"title":"SNTE exige pago de adeudos a m\u00e1s de 300 maestros en Tamaulipas","author":"grieta","date":"17 agosto, 2020","format":false,"excerpt":"Edith \u00c1lvarez\/Milenio 17 agosto 2020 La Secci\u00f3n 30 del Sindicato Nacional de Trabajadores de la Educaci\u00f3n (SNTE) exigi\u00f3 el pago de adeudos a poco m\u00e1s de 300 maestros de educaci\u00f3n b\u00e1sica que cubrieron grupos de forma temporal por necesidades del servicio y a quienes la Unidad del Sistema para la\u2026","rel":"","context":"En &quot;CINTILLO&quot;","block_context":{"text":"CINTILLO","link":"https:\/\/www.grieta.org.mx\/index.php\/category\/cintillo\/"},"img":{"alt_text":"","src":"https:\/\/i0.wp.com\/www.grieta.org.mx\/wp-content\/uploads\/2020\/11\/snte.jpg?resize=350%2C200","width":350,"height":200},"classes":[]},{"id":52214,"url":"https:\/\/www.grieta.org.mx\/index.php\/2020\/07\/31\/directores-centaveros-cobran-cuotas-escolares-en-nayarit-las-autoridades-ausentes\/","url_meta":{"origin":65331,"position":3},"title":"Directores centaveros cobran cuotas escolares en Nayarit, las autoridades ausentes","author":"grieta","date":"31 julio, 2020","format":false,"excerpt":"Foto: Realidades de Nayarit Ver\u00f3nica Ram\u00edrez Tepic, Nayarit. Viernes 31 de julio del 2020.- Inaudito, directivos centaveros cobran cuotas escolares voluntariamente a fuerzas en las escuelas p\u00fablicas de Nayarit en plena pandemia del Covid-19 sin que haya clases presenciales. A\u00fan no hay fecha para el arranque del ciclo escolar 2020-2021\u2026","rel":"","context":"En &quot;CINTILLO&quot;","block_context":{"text":"CINTILLO","link":"https:\/\/www.grieta.org.mx\/index.php\/category\/cintillo\/"},"img":{"alt_text":"","src":"https:\/\/i0.wp.com\/www.grieta.org.mx\/wp-content\/uploads\/2018\/03\/14524434_1106112876131411_958039263622046936_o.jpg?resize=350%2C200&ssl=1","width":350,"height":200,"srcset":"https:\/\/i0.wp.com\/www.grieta.org.mx\/wp-content\/uploads\/2018\/03\/14524434_1106112876131411_958039263622046936_o.jpg?resize=350%2C200&ssl=1 1x, https:\/\/i0.wp.com\/www.grieta.org.mx\/wp-content\/uploads\/2018\/03\/14524434_1106112876131411_958039263622046936_o.jpg?resize=525%2C300&ssl=1 1.5x, https:\/\/i0.wp.com\/www.grieta.org.mx\/wp-content\/uploads\/2018\/03\/14524434_1106112876131411_958039263622046936_o.jpg?resize=700%2C400&ssl=1 2x"},"classes":[]},{"id":28982,"url":"https:\/\/www.grieta.org.mx\/index.php\/2019\/02\/14\/intentan-apagar-brotes-del-20-32-en-nuevo-laredo-y-reynosa-tamaulipas\/","url_meta":{"origin":65331,"position":4},"title":"Intentan apagar brotes del 20\/32 en Nuevo Laredo y Reynosa (Tamaulipas)","author":"grieta","date":"14 febrero, 2019","format":false,"excerpt":"Daisy Ver\u00f3nica Herrera Medrano \/ MinutoUnoTamaulipas Luego de identificar \u201cfocos rojos\u201d motivados por el 20\/32 en Nuevo Laredo y Reynosa, la Secretar\u00eda del Trabajo intenta \u201capagarlos\u201d alertando a industriales y obreros sobre el grave problema social que representan los despidos masivos, el cierre de fuentes de empleos y la fuga\u2026","rel":"","context":"En &quot;CINTILLO&quot;","block_context":{"text":"CINTILLO","link":"https:\/\/www.grieta.org.mx\/index.php\/category\/cintillo\/"},"img":{"alt_text":"","src":"https:\/\/i0.wp.com\/www.grieta.org.mx\/wp-content\/uploads\/2019\/02\/Intentan-apagar-brotes-del-20-32-en-Nuevo-Laredo-y-Reynosa-tama-feb.jpeg?resize=350%2C200&ssl=1","width":350,"height":200,"srcset":"https:\/\/i0.wp.com\/www.grieta.org.mx\/wp-content\/uploads\/2019\/02\/Intentan-apagar-brotes-del-20-32-en-Nuevo-Laredo-y-Reynosa-tama-feb.jpeg?resize=350%2C200&ssl=1 1x, https:\/\/i0.wp.com\/www.grieta.org.mx\/wp-content\/uploads\/2019\/02\/Intentan-apagar-brotes-del-20-32-en-Nuevo-Laredo-y-Reynosa-tama-feb.jpeg?resize=525%2C300&ssl=1 1.5x, https:\/\/i0.wp.com\/www.grieta.org.mx\/wp-content\/uploads\/2019\/02\/Intentan-apagar-brotes-del-20-32-en-Nuevo-Laredo-y-Reynosa-tama-feb.jpeg?resize=700%2C400&ssl=1 2x"},"classes":[]},{"id":41403,"url":"https:\/\/www.grieta.org.mx\/index.php\/2019\/11\/11\/deja-federacion-sin-sueldo-a-asesores-de-prepa-en-linea-de-tamaulipas\/","url_meta":{"origin":65331,"position":5},"title":"Deja federaci\u00f3n sin sueldo a asesores de Prepa en L\u00ednea de Tamaulipas","author":"grieta","date":"11 noviembre, 2019","format":false,"excerpt":"Lupita \u00c1lvarez\/Gaceta 11 noviembre 2019 Cd. Victoria, Tamaulipas.- La Subsecretar\u00eda de Educaci\u00f3n Media Superior y Superior del estado lament\u00f3 que la federaci\u00f3n tenga suspendido los sueldos a los asesores de la Prepa en L\u00ednea, no obstante que en esta materia la matr\u00edcula en Tamaulipas creci\u00f3 en casi un 300 por\u2026","rel":"","context":"En &quot;CINTILLO&quot;","block_context":{"text":"CINTILLO","link":"https:\/\/www.grieta.org.mx\/index.php\/category\/cintillo\/"},"img":{"alt_text":"","src":"https:\/\/i0.wp.com\/www.grieta.org.mx\/wp-content\/uploads\/2019\/11\/TINOCO-300x173.jpg?resize=350%2C200","width":350,"height":200},"classes":[]}],"_links":{"self":[{"href":"https:\/\/www.grieta.org.mx\/index.php\/wp-json\/wp\/v2\/posts\/65331","targetHints":{"allow":["GET"]}}],"collection":[{"href":"https:\/\/www.grieta.org.mx\/index.php\/wp-json\/wp\/v2\/posts"}],"about":[{"href":"https:\/\/www.grieta.org.mx\/index.php\/wp-json\/wp\/v2\/types\/post"}],"author":[{"embeddable":true,"href":"https:\/\/www.grieta.org.mx\/index.php\/wp-json\/wp\/v2\/users\/2"}],"replies":[{"embeddable":true,"href":"https:\/\/www.grieta.org.mx\/index.php\/wp-json\/wp\/v2\/comments?post=65331"}],"version-history":[{"count":1,"href":"https:\/\/www.grieta.org.mx\/index.php\/wp-json\/wp\/v2\/posts\/65331\/revisions"}],"predecessor-version":[{"id":65333,"href":"https:\/\/www.grieta.org.mx\/index.php\/wp-json\/wp\/v2\/posts\/65331\/revisions\/65333"}],"wp:featuredmedia":[{"embeddable":true,"href":"https:\/\/www.grieta.org.mx\/index.php\/wp-json\/wp\/v2\/media\/65332"}],"wp:attachment":[{"href":"https:\/\/www.grieta.org.mx\/index.php\/wp-json\/wp\/v2\/media?parent=65331"}],"wp:term":[{"taxonomy":"category","embeddable":true,"href":"https:\/\/www.grieta.org.mx\/index.php\/wp-json\/wp\/v2\/categories?post=65331"},{"taxonomy":"post_tag","embeddable":true,"href":"https:\/\/www.grieta.org.mx\/index.php\/wp-json\/wp\/v2\/tags?post=65331"}],"curies":[{"name":"wp","href":"https:\/\/api.w.org\/{rel}","templated":true}]}}